{"id":74478,"date":"2011-11-22T15:15:28","date_gmt":"2011-11-22T14:15:28","guid":{"rendered":"http:\/\/b.bati-journal.com\/la-filiere-foret-bois-presente-au-salon-des-maires\/74478"},"modified":"2020-07-17T13:47:04","modified_gmt":"2020-07-17T11:47:04","slug":"la-filiere-foret-bois-presente-au-salon-des-maires","status":"publish","type":"post","link":"https:\/\/batijournal.com\/index.php\/la-filiere-foret-bois-presente-au-salon-des-maires\/74478\/","title":{"rendered":"La fili\u00e8re for\u00eat-bois pr\u00e9sente au Salon des Maires"},"content":{"rendered":"<p>Le Salon des Maires et des Collectivit\u00e9s Locales s&rsquo;installe du 22 au 24 novembre, porte de Versailles, \u00e0 Paris. Ce rendez-vous est l&rsquo;occasion pour les entreprises bois de se pr\u00e9senter aux \u00e9lus, notamment par l&rsquo;interm\u00e9diaire du Pavillon Bois (hall 2.2 stand F23\/F24) mis en place par le CNDB et ses partenaires (ADIB, Chartes21.com, France Bois For\u00eat, Gascogne Habitat Bois \/Gascogne Wood Product, Mathis, Piveteau Bois). Les acteurs de la fili\u00e8re for\u00eat-bois accueilleront les ma\u00eetres d&rsquo;ouvrage publics dans cet espace de 220 m2 o\u00f9 se d\u00e9rouleront aussi de nombreuses animations et conf\u00e9rences.<\/p>\n","protected":false},"excerpt":{"rendered":"<p>Le Salon des Maires et des Collectivit\u00e9s Locales s&rsquo;installe du 22 au 24 novembre, porte de Versailles, \u00e0 Paris. Ce rendez-vous est l&rsquo;occasion pour les entreprises bois de se pr\u00e9senter aux \u00e9lus, notamment par l&rsquo;interm\u00e9diaire du Pavillon Bois (hall 2.2 stand F23\/F24) mis en place par le CNDB et ses partenaires (ADIB, Chartes21.com, France Bois [&hellip;]<\/p>\n","protected":false},"author":1,"featured_media":74479,"comment_status":"open","ping_status":"closed","sticky":false,"template":"","format":"standard","meta":{"_et_pb_use_builder":"","_et_pb_old_content":"","_et_gb_content_width":"","footnotes":""},"categories":[6340],"tags":[11046,4122],"class_list":["post-74478","post","type-post","status-publish","format-standard","has-post-thumbnail","hentry","category-architecture-conception","tag-cndb","tag-piveteaubois"],"yoast_head":"<!-- This site is optimized with the Yoast SEO plugin v27.4 - https:\/\/yoast.com\/product\/yoast-seo-wordpress\/ -->\n<title>La fili\u00e8re for\u00eat-bois pr\u00e9sente au Salon des Maires<\/title>\n<meta name=\"robots\" content=\"index, follow, max-snippet:-1, max-image-preview:large, max-video-preview:-1\" \/>\n<link rel=\"canonical\" href=\"https:\/\/batijournal.com\/index.php\/la-filiere-foret-bois-presente-au-salon-des-maires\/74478\/\" \/>\n<meta property=\"og:locale\" content=\"fr_FR\" \/>\n<meta property=\"og:type\" content=\"article\" \/>\n<meta property=\"og:title\" content=\"La fili\u00e8re for\u00eat-bois pr\u00e9sente au Salon des Maires\" \/>\n<meta property=\"og:description\" content=\"Le Salon des Maires et des Collectivit\u00e9s Locales s&rsquo;installe du 22 au 24 novembre, porte de Versailles, \u00e0 Paris. Ce rendez-vous est l&rsquo;occasion pour les entreprises bois de se pr\u00e9senter aux \u00e9lus, notamment par l&rsquo;interm\u00e9diaire du Pavillon Bois (hall 2.2 stand F23\/F24) mis en place par le CNDB et ses partenaires (ADIB, Chartes21.com, France Bois [&hellip;]\" \/>\n<meta property=\"og:url\" content=\"https:\/\/batijournal.com\/index.php\/la-filiere-foret-bois-presente-au-salon-des-maires\/74478\/\" \/>\n<meta property=\"og:site_name\" content=\"Batijournal\" \/>\n<meta property=\"article:published_time\" content=\"2011-11-22T14:15:28+00:00\" \/>\n<meta property=\"article:modified_time\" content=\"2020-07-17T11:47:04+00:00\" \/>\n<meta property=\"og:image\" content=\"https:\/\/batijournal.com\/wp-content\/uploads\/2015\/03\/33918568.jpg\" \/>\n\t<meta property=\"og:image:width\" content=\"600\" \/>\n\t<meta property=\"og:image:height\" content=\"250\" \/>\n\t<meta property=\"og:image:type\" content=\"image\/jpeg\" \/>\n<meta name=\"author\" content=\"Bati-journal\" \/>\n<meta name=\"twitter:card\" content=\"summary_large_image\" \/>\n<meta name=\"twitter:creator\" content=\"@bati_journal\" \/>\n<meta name=\"twitter:site\" content=\"@bati_journal\" \/>\n<meta name=\"twitter:label1\" content=\"\u00c9crit par\" \/>\n\t<meta name=\"twitter:data1\" content=\"Bati-journal\" \/>\n<script type=\"application\/ld+json\" class=\"yoast-schema-graph\">{\"@context\":\"https:\\\/\\\/schema.org\",\"@graph\":[{\"@type\":\"Article\",\"@id\":\"https:\\\/\\\/batijournal.com\\\/index.php\\\/la-filiere-foret-bois-presente-au-salon-des-maires\\\/74478\\\/#article\",\"isPartOf\":{\"@id\":\"https:\\\/\\\/batijournal.com\\\/index.php\\\/la-filiere-foret-bois-presente-au-salon-des-maires\\\/74478\\\/\"},\"author\":{\"name\":\"Bati-journal\",\"@id\":\"https:\\\/\\\/batijournal.com\\\/#\\\/schema\\\/person\\\/6a657e8967569e1b299972574848aa76\"},\"headline\":\"La fili\u00e8re for\u00eat-bois pr\u00e9sente au Salon des Maires\",\"datePublished\":\"2011-11-22T14:15:28+00:00\",\"dateModified\":\"2020-07-17T11:47:04+00:00\",\"mainEntityOfPage\":{\"@id\":\"https:\\\/\\\/batijournal.com\\\/index.php\\\/la-filiere-foret-bois-presente-au-salon-des-maires\\\/74478\\\/\"},\"wordCount\":112,\"commentCount\":0,\"image\":{\"@id\":\"https:\\\/\\\/batijournal.com\\\/index.php\\\/la-filiere-foret-bois-presente-au-salon-des-maires\\\/74478\\\/#primaryimage\"},\"thumbnailUrl\":\"https:\\\/\\\/batijournal.com\\\/wp-content\\\/uploads\\\/2015\\\/03\\\/33918568.jpg\",\"keywords\":[\"CNDB\",\"PiveteauBois\"],\"articleSection\":[\"Architecture &amp; Conception\"],\"inLanguage\":\"fr-FR\",\"potentialAction\":[{\"@type\":\"CommentAction\",\"name\":\"Comment\",\"target\":[\"https:\\\/\\\/batijournal.com\\\/index.php\\\/la-filiere-foret-bois-presente-au-salon-des-maires\\\/74478\\\/#respond\"]}]},{\"@type\":\"WebPage\",\"@id\":\"https:\\\/\\\/batijournal.com\\\/index.php\\\/la-filiere-foret-bois-presente-au-salon-des-maires\\\/74478\\\/\",\"url\":\"https:\\\/\\\/batijournal.com\\\/index.php\\\/la-filiere-foret-bois-presente-au-salon-des-maires\\\/74478\\\/\",\"name\":\"La fili\u00e8re for\u00eat-bois pr\u00e9sente au Salon des Maires\",\"isPartOf\":{\"@id\":\"https:\\\/\\\/batijournal.com\\\/#website\"},\"primaryImageOfPage\":{\"@id\":\"https:\\\/\\\/batijournal.com\\\/index.php\\\/la-filiere-foret-bois-presente-au-salon-des-maires\\\/74478\\\/#primaryimage\"},\"image\":{\"@id\":\"https:\\\/\\\/batijournal.com\\\/index.php\\\/la-filiere-foret-bois-presente-au-salon-des-maires\\\/74478\\\/#primaryimage\"},\"thumbnailUrl\":\"https:\\\/\\\/batijournal.com\\\/wp-content\\\/uploads\\\/2015\\\/03\\\/33918568.jpg\",\"datePublished\":\"2011-11-22T14:15:28+00:00\",\"dateModified\":\"2020-07-17T11:47:04+00:00\",\"author\":{\"@id\":\"https:\\\/\\\/batijournal.com\\\/#\\\/schema\\\/person\\\/6a657e8967569e1b299972574848aa76\"},\"breadcrumb\":{\"@id\":\"https:\\\/\\\/batijournal.com\\\/index.php\\\/la-filiere-foret-bois-presente-au-salon-des-maires\\\/74478\\\/#breadcrumb\"},\"inLanguage\":\"fr-FR\",\"potentialAction\":[{\"@type\":\"ReadAction\",\"target\":[\"https:\\\/\\\/batijournal.com\\\/index.php\\\/la-filiere-foret-bois-presente-au-salon-des-maires\\\/74478\\\/\"]}]},{\"@type\":\"ImageObject\",\"inLanguage\":\"fr-FR\",\"@id\":\"https:\\\/\\\/batijournal.com\\\/index.php\\\/la-filiere-foret-bois-presente-au-salon-des-maires\\\/74478\\\/#primaryimage\",\"url\":\"https:\\\/\\\/batijournal.com\\\/wp-content\\\/uploads\\\/2015\\\/03\\\/33918568.jpg\",\"contentUrl\":\"https:\\\/\\\/batijournal.com\\\/wp-content\\\/uploads\\\/2015\\\/03\\\/33918568.jpg\",\"width\":600,\"height\":250},{\"@type\":\"BreadcrumbList\",\"@id\":\"https:\\\/\\\/batijournal.com\\\/index.php\\\/la-filiere-foret-bois-presente-au-salon-des-maires\\\/74478\\\/#breadcrumb\",\"itemListElement\":[{\"@type\":\"ListItem\",\"position\":1,\"name\":\"Accueil\",\"item\":\"https:\\\/\\\/batijournal.com\\\/\"},{\"@type\":\"ListItem\",\"position\":2,\"name\":\"Actualit\u00e9s\",\"item\":\"https:\\\/\\\/batijournal.com\\\/index.php\\\/category\\\/actualites\\\/\"},{\"@type\":\"ListItem\",\"position\":3,\"name\":\"Architecture &amp; Conception\",\"item\":\"https:\\\/\\\/batijournal.com\\\/index.php\\\/category\\\/actualites\\\/architecture-conception\\\/\"},{\"@type\":\"ListItem\",\"position\":4,\"name\":\"La fili\u00e8re for\u00eat-bois pr\u00e9sente au Salon des Maires\"}]},{\"@type\":\"WebSite\",\"@id\":\"https:\\\/\\\/batijournal.com\\\/#website\",\"url\":\"https:\\\/\\\/batijournal.com\\\/\",\"name\":\"Batijournal\",\"description\":\"L&#039;actualit\u00e9 du b\u00e2timent\",\"potentialAction\":[{\"@type\":\"SearchAction\",\"target\":{\"@type\":\"EntryPoint\",\"urlTemplate\":\"https:\\\/\\\/batijournal.com\\\/?s={search_term_string}\"},\"query-input\":{\"@type\":\"PropertyValueSpecification\",\"valueRequired\":true,\"valueName\":\"search_term_string\"}}],\"inLanguage\":\"fr-FR\"},{\"@type\":\"Person\",\"@id\":\"https:\\\/\\\/batijournal.com\\\/#\\\/schema\\\/person\\\/6a657e8967569e1b299972574848aa76\",\"name\":\"Bati-journal\",\"image\":{\"@type\":\"ImageObject\",\"inLanguage\":\"fr-FR\",\"@id\":\"https:\\\/\\\/secure.gravatar.com\\\/avatar\\\/a64364ea26392f9b4dd47e017ddaec74ff03aefc073b49e492e847201258f777?s=96&d=mm&r=g\",\"url\":\"https:\\\/\\\/secure.gravatar.com\\\/avatar\\\/a64364ea26392f9b4dd47e017ddaec74ff03aefc073b49e492e847201258f777?s=96&d=mm&r=g\",\"contentUrl\":\"https:\\\/\\\/secure.gravatar.com\\\/avatar\\\/a64364ea26392f9b4dd47e017ddaec74ff03aefc073b49e492e847201258f777?s=96&d=mm&r=g\",\"caption\":\"Bati-journal\"},\"url\":\"https:\\\/\\\/batijournal.com\\\/index.php\\\/author\\\/elodie\\\/\"}]}<\/script>\n<!-- \/ Yoast SEO plugin. -->","yoast_head_json":{"title":"La fili\u00e8re for\u00eat-bois pr\u00e9sente au Salon des Maires","robots":{"index":"index","follow":"follow","max-snippet":"max-snippet:-1","max-image-preview":"max-image-preview:large","max-video-preview":"max-video-preview:-1"},"canonical":"https:\/\/batijournal.com\/index.php\/la-filiere-foret-bois-presente-au-salon-des-maires\/74478\/","og_locale":"fr_FR","og_type":"article","og_title":"La fili\u00e8re for\u00eat-bois pr\u00e9sente au Salon des Maires","og_description":"Le Salon des Maires et des Collectivit\u00e9s Locales s&rsquo;installe du 22 au 24 novembre, porte de Versailles, \u00e0 Paris. Ce rendez-vous est l&rsquo;occasion pour les entreprises bois de se pr\u00e9senter aux \u00e9lus, notamment par l&rsquo;interm\u00e9diaire du Pavillon Bois (hall 2.2 stand F23\/F24) mis en place par le CNDB et ses partenaires (ADIB, Chartes21.com, France Bois [&hellip;]","og_url":"https:\/\/batijournal.com\/index.php\/la-filiere-foret-bois-presente-au-salon-des-maires\/74478\/","og_site_name":"Batijournal","article_published_time":"2011-11-22T14:15:28+00:00","article_modified_time":"2020-07-17T11:47:04+00:00","og_image":[{"width":600,"height":250,"url":"https:\/\/batijournal.com\/wp-content\/uploads\/2015\/03\/33918568.jpg","type":"image\/jpeg"}],"author":"Bati-journal","twitter_card":"summary_large_image","twitter_creator":"@bati_journal","twitter_site":"@bati_journal","twitter_misc":{"\u00c9crit par":"Bati-journal"},"schema":{"@context":"https:\/\/schema.org","@graph":[{"@type":"Article","@id":"https:\/\/batijournal.com\/index.php\/la-filiere-foret-bois-presente-au-salon-des-maires\/74478\/#article","isPartOf":{"@id":"https:\/\/batijournal.com\/index.php\/la-filiere-foret-bois-presente-au-salon-des-maires\/74478\/"},"author":{"name":"Bati-journal","@id":"https:\/\/batijournal.com\/#\/schema\/person\/6a657e8967569e1b299972574848aa76"},"headline":"La fili\u00e8re for\u00eat-bois pr\u00e9sente au Salon des Maires","datePublished":"2011-11-22T14:15:28+00:00","dateModified":"2020-07-17T11:47:04+00:00","mainEntityOfPage":{"@id":"https:\/\/batijournal.com\/index.php\/la-filiere-foret-bois-presente-au-salon-des-maires\/74478\/"},"wordCount":112,"commentCount":0,"image":{"@id":"https:\/\/batijournal.com\/index.php\/la-filiere-foret-bois-presente-au-salon-des-maires\/74478\/#primaryimage"},"thumbnailUrl":"https:\/\/batijournal.com\/wp-content\/uploads\/2015\/03\/33918568.jpg","keywords":["CNDB","PiveteauBois"],"articleSection":["Architecture &amp; Conception"],"inLanguage":"fr-FR","potentialAction":[{"@type":"CommentAction","name":"Comment","target":["https:\/\/batijournal.com\/index.php\/la-filiere-foret-bois-presente-au-salon-des-maires\/74478\/#respond"]}]},{"@type":"WebPage","@id":"https:\/\/batijournal.com\/index.php\/la-filiere-foret-bois-presente-au-salon-des-maires\/74478\/","url":"https:\/\/batijournal.com\/index.php\/la-filiere-foret-bois-presente-au-salon-des-maires\/74478\/","name":"La fili\u00e8re for\u00eat-bois pr\u00e9sente au Salon des Maires","isPartOf":{"@id":"https:\/\/batijournal.com\/#website"},"primaryImageOfPage":{"@id":"https:\/\/batijournal.com\/index.php\/la-filiere-foret-bois-presente-au-salon-des-maires\/74478\/#primaryimage"},"image":{"@id":"https:\/\/batijournal.com\/index.php\/la-filiere-foret-bois-presente-au-salon-des-maires\/74478\/#primaryimage"},"thumbnailUrl":"https:\/\/batijournal.com\/wp-content\/uploads\/2015\/03\/33918568.jpg","datePublished":"2011-11-22T14:15:28+00:00","dateModified":"2020-07-17T11:47:04+00:00","author":{"@id":"https:\/\/batijournal.com\/#\/schema\/person\/6a657e8967569e1b299972574848aa76"},"breadcrumb":{"@id":"https:\/\/batijournal.com\/index.php\/la-filiere-foret-bois-presente-au-salon-des-maires\/74478\/#breadcrumb"},"inLanguage":"fr-FR","potentialAction":[{"@type":"ReadAction","target":["https:\/\/batijournal.com\/index.php\/la-filiere-foret-bois-presente-au-salon-des-maires\/74478\/"]}]},{"@type":"ImageObject","inLanguage":"fr-FR","@id":"https:\/\/batijournal.com\/index.php\/la-filiere-foret-bois-presente-au-salon-des-maires\/74478\/#primaryimage","url":"https:\/\/batijournal.com\/wp-content\/uploads\/2015\/03\/33918568.jpg","contentUrl":"https:\/\/batijournal.com\/wp-content\/uploads\/2015\/03\/33918568.jpg","width":600,"height":250},{"@type":"BreadcrumbList","@id":"https:\/\/batijournal.com\/index.php\/la-filiere-foret-bois-presente-au-salon-des-maires\/74478\/#breadcrumb","itemListElement":[{"@type":"ListItem","position":1,"name":"Accueil","item":"https:\/\/batijournal.com\/"},{"@type":"ListItem","position":2,"name":"Actualit\u00e9s","item":"https:\/\/batijournal.com\/index.php\/category\/actualites\/"},{"@type":"ListItem","position":3,"name":"Architecture &amp; Conception","item":"https:\/\/batijournal.com\/index.php\/category\/actualites\/architecture-conception\/"},{"@type":"ListItem","position":4,"name":"La fili\u00e8re for\u00eat-bois pr\u00e9sente au Salon des Maires"}]},{"@type":"WebSite","@id":"https:\/\/batijournal.com\/#website","url":"https:\/\/batijournal.com\/","name":"Batijournal","description":"L&#039;actualit\u00e9 du b\u00e2timent","potentialAction":[{"@type":"SearchAction","target":{"@type":"EntryPoint","urlTemplate":"https:\/\/batijournal.com\/?s={search_term_string}"},"query-input":{"@type":"PropertyValueSpecification","valueRequired":true,"valueName":"search_term_string"}}],"inLanguage":"fr-FR"},{"@type":"Person","@id":"https:\/\/batijournal.com\/#\/schema\/person\/6a657e8967569e1b299972574848aa76","name":"Bati-journal","image":{"@type":"ImageObject","inLanguage":"fr-FR","@id":"https:\/\/secure.gravatar.com\/avatar\/a64364ea26392f9b4dd47e017ddaec74ff03aefc073b49e492e847201258f777?s=96&d=mm&r=g","url":"https:\/\/secure.gravatar.com\/avatar\/a64364ea26392f9b4dd47e017ddaec74ff03aefc073b49e492e847201258f777?s=96&d=mm&r=g","contentUrl":"https:\/\/secure.gravatar.com\/avatar\/a64364ea26392f9b4dd47e017ddaec74ff03aefc073b49e492e847201258f777?s=96&d=mm&r=g","caption":"Bati-journal"},"url":"https:\/\/batijournal.com\/index.php\/author\/elodie\/"}]}},"_links":{"self":[{"href":"https:\/\/batijournal.com\/index.php\/wp-json\/wp\/v2\/posts\/74478","targetHints":{"allow":["GET"]}}],"collection":[{"href":"https:\/\/batijournal.com\/index.php\/wp-json\/wp\/v2\/posts"}],"about":[{"href":"https:\/\/batijournal.com\/index.php\/wp-json\/wp\/v2\/types\/post"}],"author":[{"embeddable":true,"href":"https:\/\/batijournal.com\/index.php\/wp-json\/wp\/v2\/users\/1"}],"replies":[{"embeddable":true,"href":"https:\/\/batijournal.com\/index.php\/wp-json\/wp\/v2\/comments?post=74478"}],"version-history":[{"count":0,"href":"https:\/\/batijournal.com\/index.php\/wp-json\/wp\/v2\/posts\/74478\/revisions"}],"wp:featuredmedia":[{"embeddable":true,"href":"https:\/\/batijournal.com\/index.php\/wp-json\/wp\/v2\/media\/74479"}],"wp:attachment":[{"href":"https:\/\/batijournal.com\/index.php\/wp-json\/wp\/v2\/media?parent=74478"}],"wp:term":[{"taxonomy":"category","embeddable":true,"href":"https:\/\/batijournal.com\/index.php\/wp-json\/wp\/v2\/categories?post=74478"},{"taxonomy":"post_tag","embeddable":true,"href":"https:\/\/batijournal.com\/index.php\/wp-json\/wp\/v2\/tags?post=74478"}],"curies":[{"name":"wp","href":"https:\/\/api.w.org\/{rel}","templated":true}]}}