{"id":74497,"date":"2011-12-21T00:00:00","date_gmt":"2011-12-20T23:00:00","guid":{"rendered":"http:\/\/b.bati-journal.com\/francois-loos-est-le-nouveau-president-de-lademe\/74497"},"modified":"2019-07-15T11:35:36","modified_gmt":"2019-07-15T09:35:36","slug":"francois-loos-est-le-nouveau-president-de-lademe","status":"publish","type":"post","link":"https:\/\/batijournal.com\/index.php\/francois-loos-est-le-nouveau-president-de-lademe\/74497\/","title":{"rendered":"Fran\u00e7ois Loos est le nouveau pr\u00e9sident de l&rsquo;ADEME"},"content":{"rendered":"<p>Le Conseil des Ministres du 21 d\u00e9cembre 2011 a d\u00e9sign\u00e9 Fran\u00e7ois Loos pour succ\u00e9der \u00e0 Philippe Van de Maele \u00e0 la pr\u00e9sidence du conseil d&rsquo;administration de l&rsquo;ADEME. Ag\u00e9 de 58 ans, Fran\u00e7ois Loos est polytechnicien et ing\u00e9nieur du Corps des Mines. Il a entam\u00e9 sa carri\u00e8re en tant qu&rsquo;ing\u00e9nieur dans plusieurs entreprises, en France comme en Allemagne. Puis, comme conseiller technique aupr\u00e8s du pr\u00e9sident du Parlement europ\u00e9en et aupr\u00e8s du ministre de la Recherche et de la Technologie Hubert Curien. Il s&rsquo;est vu confier des fonctions minist\u00e9rielles \u00e0 partir de 2002, d&rsquo;abord comme ministre d\u00e9l\u00e9gu\u00e9 \u00e0 l&rsquo;Enseignement sup\u00e9rieur et \u00e0 la Recherche, puis ministre d\u00e9l\u00e9gu\u00e9 au Commerce ext\u00e9rieur et enfin, ministre d\u00e9l\u00e9gu\u00e9 \u00e0 l&rsquo;Industrie. Il a \u00e9t\u00e9 d\u00e9sign\u00e9 membre du conseil d&rsquo;administration de l&rsquo;ADEME par d\u00e9cret du 28 novembre 2011, avant d&rsquo;en prendre la pr\u00e9sidence gr\u00e2ce \u00e0 sa double exp\u00e9rience, \u00e0 la fois des collectivit\u00e9s et du monde de l&rsquo;industrie. Cette nomination a \u00e9t\u00e9 approuv\u00e9e par les commissions comp\u00e9tentes de l&rsquo;Assembl\u00e9e nationale et du S\u00e9nat.<\/p>\n","protected":false},"excerpt":{"rendered":"<p>Le Conseil des Ministres du 21 d\u00e9cembre 2011 a d\u00e9sign\u00e9 Fran\u00e7ois Loos pour succ\u00e9der \u00e0 Philippe Van de Maele \u00e0 la pr\u00e9sidence du conseil d&rsquo;administration de l&rsquo;ADEME. Ag\u00e9 de 58 ans, Fran\u00e7ois Loos est polytechnicien et ing\u00e9nieur du Corps des Mines. Il a entam\u00e9 sa carri\u00e8re en tant qu&rsquo;ing\u00e9nieur dans plusieurs entreprises, en France comme [&hellip;]<\/p>\n","protected":false},"author":1,"featured_media":74498,"comment_status":"open","ping_status":"closed","sticky":false,"template":"","format":"standard","meta":{"_et_pb_use_builder":"","_et_pb_old_content":"","_et_gb_content_width":"","footnotes":""},"categories":[6340],"tags":[],"class_list":["post-74497","post","type-post","status-publish","format-standard","has-post-thumbnail","hentry","category-architecture-conception"],"yoast_head":"<!-- This site is optimized with the Yoast SEO plugin v27.4 - https:\/\/yoast.com\/product\/yoast-seo-wordpress\/ -->\n<title>Fran\u00e7ois Loos est le nouveau pr\u00e9sident de l&#039;ADEME<\/title>\n<meta name=\"robots\" content=\"index, follow, max-snippet:-1, max-image-preview:large, max-video-preview:-1\" \/>\n<link rel=\"canonical\" href=\"https:\/\/batijournal.com\/index.php\/francois-loos-est-le-nouveau-president-de-lademe\/74497\/\" \/>\n<meta property=\"og:locale\" content=\"fr_FR\" \/>\n<meta property=\"og:type\" content=\"article\" \/>\n<meta property=\"og:title\" content=\"Fran\u00e7ois Loos est le nouveau pr\u00e9sident de l&#039;ADEME\" \/>\n<meta property=\"og:description\" content=\"Le Conseil des Ministres du 21 d\u00e9cembre 2011 a d\u00e9sign\u00e9 Fran\u00e7ois Loos pour succ\u00e9der \u00e0 Philippe Van de Maele \u00e0 la pr\u00e9sidence du conseil d&rsquo;administration de l&rsquo;ADEME. Ag\u00e9 de 58 ans, Fran\u00e7ois Loos est polytechnicien et ing\u00e9nieur du Corps des Mines. Il a entam\u00e9 sa carri\u00e8re en tant qu&rsquo;ing\u00e9nieur dans plusieurs entreprises, en France comme [&hellip;]\" \/>\n<meta property=\"og:url\" content=\"https:\/\/batijournal.com\/index.php\/francois-loos-est-le-nouveau-president-de-lademe\/74497\/\" \/>\n<meta property=\"og:site_name\" content=\"Batijournal\" \/>\n<meta property=\"article:published_time\" content=\"2011-12-20T23:00:00+00:00\" \/>\n<meta property=\"article:modified_time\" content=\"2019-07-15T09:35:36+00:00\" \/>\n<meta property=\"og:image\" content=\"https:\/\/batijournal.com\/wp-content\/uploads\/2015\/03\/36281714.jpg\" \/>\n\t<meta property=\"og:image:width\" content=\"450\" \/>\n\t<meta property=\"og:image:height\" content=\"600\" \/>\n\t<meta property=\"og:image:type\" content=\"image\/jpeg\" \/>\n<meta name=\"author\" content=\"Bati-journal\" \/>\n<meta name=\"twitter:card\" content=\"summary_large_image\" \/>\n<meta name=\"twitter:creator\" content=\"@bati_journal\" \/>\n<meta name=\"twitter:site\" content=\"@bati_journal\" \/>\n<meta name=\"twitter:label1\" content=\"\u00c9crit par\" \/>\n\t<meta name=\"twitter:data1\" content=\"Bati-journal\" \/>\n\t<meta name=\"twitter:label2\" content=\"Dur\u00e9e de lecture estim\u00e9e\" \/>\n\t<meta name=\"twitter:data2\" content=\"1 minute\" \/>\n<script type=\"application\/ld+json\" class=\"yoast-schema-graph\">{\"@context\":\"https:\\\/\\\/schema.org\",\"@graph\":[{\"@type\":\"Article\",\"@id\":\"https:\\\/\\\/batijournal.com\\\/index.php\\\/francois-loos-est-le-nouveau-president-de-lademe\\\/74497\\\/#article\",\"isPartOf\":{\"@id\":\"https:\\\/\\\/batijournal.com\\\/index.php\\\/francois-loos-est-le-nouveau-president-de-lademe\\\/74497\\\/\"},\"author\":{\"name\":\"Bati-journal\",\"@id\":\"https:\\\/\\\/batijournal.com\\\/#\\\/schema\\\/person\\\/6a657e8967569e1b299972574848aa76\"},\"headline\":\"Fran\u00e7ois Loos est le nouveau pr\u00e9sident de l&rsquo;ADEME\",\"datePublished\":\"2011-12-20T23:00:00+00:00\",\"dateModified\":\"2019-07-15T09:35:36+00:00\",\"mainEntityOfPage\":{\"@id\":\"https:\\\/\\\/batijournal.com\\\/index.php\\\/francois-loos-est-le-nouveau-president-de-lademe\\\/74497\\\/\"},\"wordCount\":206,\"commentCount\":0,\"image\":{\"@id\":\"https:\\\/\\\/batijournal.com\\\/index.php\\\/francois-loos-est-le-nouveau-president-de-lademe\\\/74497\\\/#primaryimage\"},\"thumbnailUrl\":\"https:\\\/\\\/batijournal.com\\\/wp-content\\\/uploads\\\/2015\\\/03\\\/36281714.jpg\",\"articleSection\":[\"Architecture &amp; Conception\"],\"inLanguage\":\"fr-FR\",\"potentialAction\":[{\"@type\":\"CommentAction\",\"name\":\"Comment\",\"target\":[\"https:\\\/\\\/batijournal.com\\\/index.php\\\/francois-loos-est-le-nouveau-president-de-lademe\\\/74497\\\/#respond\"]}]},{\"@type\":\"WebPage\",\"@id\":\"https:\\\/\\\/batijournal.com\\\/index.php\\\/francois-loos-est-le-nouveau-president-de-lademe\\\/74497\\\/\",\"url\":\"https:\\\/\\\/batijournal.com\\\/index.php\\\/francois-loos-est-le-nouveau-president-de-lademe\\\/74497\\\/\",\"name\":\"Fran\u00e7ois Loos est le nouveau pr\u00e9sident de l'ADEME\",\"isPartOf\":{\"@id\":\"https:\\\/\\\/batijournal.com\\\/#website\"},\"primaryImageOfPage\":{\"@id\":\"https:\\\/\\\/batijournal.com\\\/index.php\\\/francois-loos-est-le-nouveau-president-de-lademe\\\/74497\\\/#primaryimage\"},\"image\":{\"@id\":\"https:\\\/\\\/batijournal.com\\\/index.php\\\/francois-loos-est-le-nouveau-president-de-lademe\\\/74497\\\/#primaryimage\"},\"thumbnailUrl\":\"https:\\\/\\\/batijournal.com\\\/wp-content\\\/uploads\\\/2015\\\/03\\\/36281714.jpg\",\"datePublished\":\"2011-12-20T23:00:00+00:00\",\"dateModified\":\"2019-07-15T09:35:36+00:00\",\"author\":{\"@id\":\"https:\\\/\\\/batijournal.com\\\/#\\\/schema\\\/person\\\/6a657e8967569e1b299972574848aa76\"},\"breadcrumb\":{\"@id\":\"https:\\\/\\\/batijournal.com\\\/index.php\\\/francois-loos-est-le-nouveau-president-de-lademe\\\/74497\\\/#breadcrumb\"},\"inLanguage\":\"fr-FR\",\"potentialAction\":[{\"@type\":\"ReadAction\",\"target\":[\"https:\\\/\\\/batijournal.com\\\/index.php\\\/francois-loos-est-le-nouveau-president-de-lademe\\\/74497\\\/\"]}]},{\"@type\":\"ImageObject\",\"inLanguage\":\"fr-FR\",\"@id\":\"https:\\\/\\\/batijournal.com\\\/index.php\\\/francois-loos-est-le-nouveau-president-de-lademe\\\/74497\\\/#primaryimage\",\"url\":\"https:\\\/\\\/batijournal.com\\\/wp-content\\\/uploads\\\/2015\\\/03\\\/36281714.jpg\",\"contentUrl\":\"https:\\\/\\\/batijournal.com\\\/wp-content\\\/uploads\\\/2015\\\/03\\\/36281714.jpg\",\"width\":450,\"height\":600},{\"@type\":\"BreadcrumbList\",\"@id\":\"https:\\\/\\\/batijournal.com\\\/index.php\\\/francois-loos-est-le-nouveau-president-de-lademe\\\/74497\\\/#breadcrumb\",\"itemListElement\":[{\"@type\":\"ListItem\",\"position\":1,\"name\":\"Accueil\",\"item\":\"https:\\\/\\\/batijournal.com\\\/\"},{\"@type\":\"ListItem\",\"position\":2,\"name\":\"Actualit\u00e9s\",\"item\":\"https:\\\/\\\/batijournal.com\\\/index.php\\\/category\\\/actualites\\\/\"},{\"@type\":\"ListItem\",\"position\":3,\"name\":\"Architecture &amp; Conception\",\"item\":\"https:\\\/\\\/batijournal.com\\\/index.php\\\/category\\\/actualites\\\/architecture-conception\\\/\"},{\"@type\":\"ListItem\",\"position\":4,\"name\":\"Fran\u00e7ois Loos est le nouveau pr\u00e9sident de l&rsquo;ADEME\"}]},{\"@type\":\"WebSite\",\"@id\":\"https:\\\/\\\/batijournal.com\\\/#website\",\"url\":\"https:\\\/\\\/batijournal.com\\\/\",\"name\":\"Batijournal\",\"description\":\"L&#039;actualit\u00e9 du b\u00e2timent\",\"potentialAction\":[{\"@type\":\"SearchAction\",\"target\":{\"@type\":\"EntryPoint\",\"urlTemplate\":\"https:\\\/\\\/batijournal.com\\\/?s={search_term_string}\"},\"query-input\":{\"@type\":\"PropertyValueSpecification\",\"valueRequired\":true,\"valueName\":\"search_term_string\"}}],\"inLanguage\":\"fr-FR\"},{\"@type\":\"Person\",\"@id\":\"https:\\\/\\\/batijournal.com\\\/#\\\/schema\\\/person\\\/6a657e8967569e1b299972574848aa76\",\"name\":\"Bati-journal\",\"image\":{\"@type\":\"ImageObject\",\"inLanguage\":\"fr-FR\",\"@id\":\"https:\\\/\\\/secure.gravatar.com\\\/avatar\\\/a64364ea26392f9b4dd47e017ddaec74ff03aefc073b49e492e847201258f777?s=96&d=mm&r=g\",\"url\":\"https:\\\/\\\/secure.gravatar.com\\\/avatar\\\/a64364ea26392f9b4dd47e017ddaec74ff03aefc073b49e492e847201258f777?s=96&d=mm&r=g\",\"contentUrl\":\"https:\\\/\\\/secure.gravatar.com\\\/avatar\\\/a64364ea26392f9b4dd47e017ddaec74ff03aefc073b49e492e847201258f777?s=96&d=mm&r=g\",\"caption\":\"Bati-journal\"},\"url\":\"https:\\\/\\\/batijournal.com\\\/index.php\\\/author\\\/elodie\\\/\"}]}<\/script>\n<!-- \/ Yoast SEO plugin. -->","yoast_head_json":{"title":"Fran\u00e7ois Loos est le nouveau pr\u00e9sident de l'ADEME","robots":{"index":"index","follow":"follow","max-snippet":"max-snippet:-1","max-image-preview":"max-image-preview:large","max-video-preview":"max-video-preview:-1"},"canonical":"https:\/\/batijournal.com\/index.php\/francois-loos-est-le-nouveau-president-de-lademe\/74497\/","og_locale":"fr_FR","og_type":"article","og_title":"Fran\u00e7ois Loos est le nouveau pr\u00e9sident de l'ADEME","og_description":"Le Conseil des Ministres du 21 d\u00e9cembre 2011 a d\u00e9sign\u00e9 Fran\u00e7ois Loos pour succ\u00e9der \u00e0 Philippe Van de Maele \u00e0 la pr\u00e9sidence du conseil d&rsquo;administration de l&rsquo;ADEME. Ag\u00e9 de 58 ans, Fran\u00e7ois Loos est polytechnicien et ing\u00e9nieur du Corps des Mines. Il a entam\u00e9 sa carri\u00e8re en tant qu&rsquo;ing\u00e9nieur dans plusieurs entreprises, en France comme [&hellip;]","og_url":"https:\/\/batijournal.com\/index.php\/francois-loos-est-le-nouveau-president-de-lademe\/74497\/","og_site_name":"Batijournal","article_published_time":"2011-12-20T23:00:00+00:00","article_modified_time":"2019-07-15T09:35:36+00:00","og_image":[{"width":450,"height":600,"url":"https:\/\/batijournal.com\/wp-content\/uploads\/2015\/03\/36281714.jpg","type":"image\/jpeg"}],"author":"Bati-journal","twitter_card":"summary_large_image","twitter_creator":"@bati_journal","twitter_site":"@bati_journal","twitter_misc":{"\u00c9crit par":"Bati-journal","Dur\u00e9e de lecture estim\u00e9e":"1 minute"},"schema":{"@context":"https:\/\/schema.org","@graph":[{"@type":"Article","@id":"https:\/\/batijournal.com\/index.php\/francois-loos-est-le-nouveau-president-de-lademe\/74497\/#article","isPartOf":{"@id":"https:\/\/batijournal.com\/index.php\/francois-loos-est-le-nouveau-president-de-lademe\/74497\/"},"author":{"name":"Bati-journal","@id":"https:\/\/batijournal.com\/#\/schema\/person\/6a657e8967569e1b299972574848aa76"},"headline":"Fran\u00e7ois Loos est le nouveau pr\u00e9sident de l&rsquo;ADEME","datePublished":"2011-12-20T23:00:00+00:00","dateModified":"2019-07-15T09:35:36+00:00","mainEntityOfPage":{"@id":"https:\/\/batijournal.com\/index.php\/francois-loos-est-le-nouveau-president-de-lademe\/74497\/"},"wordCount":206,"commentCount":0,"image":{"@id":"https:\/\/batijournal.com\/index.php\/francois-loos-est-le-nouveau-president-de-lademe\/74497\/#primaryimage"},"thumbnailUrl":"https:\/\/batijournal.com\/wp-content\/uploads\/2015\/03\/36281714.jpg","articleSection":["Architecture &amp; Conception"],"inLanguage":"fr-FR","potentialAction":[{"@type":"CommentAction","name":"Comment","target":["https:\/\/batijournal.com\/index.php\/francois-loos-est-le-nouveau-president-de-lademe\/74497\/#respond"]}]},{"@type":"WebPage","@id":"https:\/\/batijournal.com\/index.php\/francois-loos-est-le-nouveau-president-de-lademe\/74497\/","url":"https:\/\/batijournal.com\/index.php\/francois-loos-est-le-nouveau-president-de-lademe\/74497\/","name":"Fran\u00e7ois Loos est le nouveau pr\u00e9sident de l'ADEME","isPartOf":{"@id":"https:\/\/batijournal.com\/#website"},"primaryImageOfPage":{"@id":"https:\/\/batijournal.com\/index.php\/francois-loos-est-le-nouveau-president-de-lademe\/74497\/#primaryimage"},"image":{"@id":"https:\/\/batijournal.com\/index.php\/francois-loos-est-le-nouveau-president-de-lademe\/74497\/#primaryimage"},"thumbnailUrl":"https:\/\/batijournal.com\/wp-content\/uploads\/2015\/03\/36281714.jpg","datePublished":"2011-12-20T23:00:00+00:00","dateModified":"2019-07-15T09:35:36+00:00","author":{"@id":"https:\/\/batijournal.com\/#\/schema\/person\/6a657e8967569e1b299972574848aa76"},"breadcrumb":{"@id":"https:\/\/batijournal.com\/index.php\/francois-loos-est-le-nouveau-president-de-lademe\/74497\/#breadcrumb"},"inLanguage":"fr-FR","potentialAction":[{"@type":"ReadAction","target":["https:\/\/batijournal.com\/index.php\/francois-loos-est-le-nouveau-president-de-lademe\/74497\/"]}]},{"@type":"ImageObject","inLanguage":"fr-FR","@id":"https:\/\/batijournal.com\/index.php\/francois-loos-est-le-nouveau-president-de-lademe\/74497\/#primaryimage","url":"https:\/\/batijournal.com\/wp-content\/uploads\/2015\/03\/36281714.jpg","contentUrl":"https:\/\/batijournal.com\/wp-content\/uploads\/2015\/03\/36281714.jpg","width":450,"height":600},{"@type":"BreadcrumbList","@id":"https:\/\/batijournal.com\/index.php\/francois-loos-est-le-nouveau-president-de-lademe\/74497\/#breadcrumb","itemListElement":[{"@type":"ListItem","position":1,"name":"Accueil","item":"https:\/\/batijournal.com\/"},{"@type":"ListItem","position":2,"name":"Actualit\u00e9s","item":"https:\/\/batijournal.com\/index.php\/category\/actualites\/"},{"@type":"ListItem","position":3,"name":"Architecture &amp; Conception","item":"https:\/\/batijournal.com\/index.php\/category\/actualites\/architecture-conception\/"},{"@type":"ListItem","position":4,"name":"Fran\u00e7ois Loos est le nouveau pr\u00e9sident de l&rsquo;ADEME"}]},{"@type":"WebSite","@id":"https:\/\/batijournal.com\/#website","url":"https:\/\/batijournal.com\/","name":"Batijournal","description":"L&#039;actualit\u00e9 du b\u00e2timent","potentialAction":[{"@type":"SearchAction","target":{"@type":"EntryPoint","urlTemplate":"https:\/\/batijournal.com\/?s={search_term_string}"},"query-input":{"@type":"PropertyValueSpecification","valueRequired":true,"valueName":"search_term_string"}}],"inLanguage":"fr-FR"},{"@type":"Person","@id":"https:\/\/batijournal.com\/#\/schema\/person\/6a657e8967569e1b299972574848aa76","name":"Bati-journal","image":{"@type":"ImageObject","inLanguage":"fr-FR","@id":"https:\/\/secure.gravatar.com\/avatar\/a64364ea26392f9b4dd47e017ddaec74ff03aefc073b49e492e847201258f777?s=96&d=mm&r=g","url":"https:\/\/secure.gravatar.com\/avatar\/a64364ea26392f9b4dd47e017ddaec74ff03aefc073b49e492e847201258f777?s=96&d=mm&r=g","contentUrl":"https:\/\/secure.gravatar.com\/avatar\/a64364ea26392f9b4dd47e017ddaec74ff03aefc073b49e492e847201258f777?s=96&d=mm&r=g","caption":"Bati-journal"},"url":"https:\/\/batijournal.com\/index.php\/author\/elodie\/"}]}},"_links":{"self":[{"href":"https:\/\/batijournal.com\/index.php\/wp-json\/wp\/v2\/posts\/74497","targetHints":{"allow":["GET"]}}],"collection":[{"href":"https:\/\/batijournal.com\/index.php\/wp-json\/wp\/v2\/posts"}],"about":[{"href":"https:\/\/batijournal.com\/index.php\/wp-json\/wp\/v2\/types\/post"}],"author":[{"embeddable":true,"href":"https:\/\/batijournal.com\/index.php\/wp-json\/wp\/v2\/users\/1"}],"replies":[{"embeddable":true,"href":"https:\/\/batijournal.com\/index.php\/wp-json\/wp\/v2\/comments?post=74497"}],"version-history":[{"count":0,"href":"https:\/\/batijournal.com\/index.php\/wp-json\/wp\/v2\/posts\/74497\/revisions"}],"wp:featuredmedia":[{"embeddable":true,"href":"https:\/\/batijournal.com\/index.php\/wp-json\/wp\/v2\/media\/74498"}],"wp:attachment":[{"href":"https:\/\/batijournal.com\/index.php\/wp-json\/wp\/v2\/media?parent=74497"}],"wp:term":[{"taxonomy":"category","embeddable":true,"href":"https:\/\/batijournal.com\/index.php\/wp-json\/wp\/v2\/categories?post=74497"},{"taxonomy":"post_tag","embeddable":true,"href":"https:\/\/batijournal.com\/index.php\/wp-json\/wp\/v2\/tags?post=74497"}],"curies":[{"name":"wp","href":"https:\/\/api.w.org\/{rel}","templated":true}]}}