{"id":74505,"date":"2012-01-12T16:24:48","date_gmt":"2012-01-12T15:24:48","guid":{"rendered":"http:\/\/b.bati-journal.com\/aprovalbois-30-ans-deja\/74505"},"modified":"2019-07-15T11:35:35","modified_gmt":"2019-07-15T09:35:35","slug":"aprovalbois-30-ans-deja","status":"publish","type":"post","link":"https:\/\/batijournal.com\/index.php\/aprovalbois-30-ans-deja\/74505\/","title":{"rendered":"Aprovalbois, 30 ans d\u00e9j\u00e0 !"},"content":{"rendered":"<p>Aprovalbois, Association pour la promotion et la valorisation de la fili\u00e8re for\u00eat-bois bourguignonne, f\u00eatera ses 30 ans le vendredi 13 janvier prochain au Conseil r\u00e9gional de Bourgogne. L&rsquo;interprofession bourguignonne de la for\u00eat et du bois a \u00e9t\u00e9 la deuxi\u00e8me \u00e0 se cr\u00e9er en France, en juillet 1981, deux ans apr\u00e8s celle de la Lorraine, Gipeblor. Cette association est n\u00e9e \u00e0 l&rsquo;initiative des professionnels de la for\u00eat et du bois des quatre d\u00e9partements bourguignons et de leurs partenaires institutionnels au premier rang desquels le Conseil r\u00e9gional de Bourgogne qui soutient Aprovalbois depuis ces trente ann\u00e9es. Il existe aujourd&rsquo;hui une interprofession dans chaque r\u00e9gion de France. Aprovalbois est, depuis trois d\u00e9cennies, \u00e0 l&rsquo;origine ou partie prenante d&rsquo;une multitude d&rsquo;actions concernant la fili\u00e8re dans son ensemble. Pour n&rsquo;en citer que quelques-unes : le Congr\u00e8s national Bois et For\u00eats, la foire foresti\u00e8re europ\u00e9enne Euroforest (avec la Coop\u00e9rative foresti\u00e8re Bourgogne Limousin), \u00fbcodesign Bois Bourgogne pour l&rsquo;ameublement, les Itin\u00e9raires bois et les Palmar\u00e8s de la construction bois pour le b\u00e2timent, le Club export et le stand Bourgogne au Carrefour international du bois de Nantes, le simulateur d\u00ac\u00ebabattage, les Semaines de la for\u00eat et du bois, et tant d&rsquo;autres&#8230;Jean-Philippe Bazot, nouveau pr\u00e9sident d&rsquo;Aprovalbois, et Jacques Ducerf, pr\u00e9sident durant 17 ans, se rem\u00e9moreront ces trente ann\u00e9es \u00e9coul\u00e9es et envisageront l&rsquo;avenir en compagnie du pr\u00e9sident du conseil r\u00e9gional de Bourgogne Fran\u00e7ois Patriat, du pr\u00e9fet de r\u00e9gion Pascal Mailhos et de tous ceux qui ont fait, font et feront Aprovalbois.<\/p>\n<p><span style=\"font-size: medium;\"><a href=\"http:\/\/www.aprovalbois.com\" target=\"_blank\" rel=\"noopener noreferrer\">www.aprovalbois.com<\/a><\/span><\/p>\n","protected":false},"excerpt":{"rendered":"<p>Aprovalbois, Association pour la promotion et la valorisation de la fili\u00e8re for\u00eat-bois bourguignonne, f\u00eatera ses 30 ans le vendredi 13 janvier prochain au Conseil r\u00e9gional de Bourgogne. L&rsquo;interprofession bourguignonne de la for\u00eat et du bois a \u00e9t\u00e9 la deuxi\u00e8me \u00e0 se cr\u00e9er en France, en juillet 1981, deux ans apr\u00e8s celle de la Lorraine, Gipeblor. [&hellip;]<\/p>\n","protected":false},"author":1,"featured_media":74506,"comment_status":"open","ping_status":"closed","sticky":false,"template":"","format":"standard","meta":{"_et_pb_use_builder":"","_et_pb_old_content":"","_et_gb_content_width":"","footnotes":""},"categories":[6340],"tags":[4015,698],"class_list":["post-74505","post","type-post","status-publish","format-standard","has-post-thumbnail","hentry","category-architecture-conception","tag-bourgogne","tag-interprofession"],"yoast_head":"<!-- This site is optimized with the Yoast SEO plugin v27.4 - https:\/\/yoast.com\/product\/yoast-seo-wordpress\/ -->\n<title>Aprovalbois, 30 ans d\u00e9j\u00e0 !<\/title>\n<meta name=\"robots\" content=\"index, follow, max-snippet:-1, max-image-preview:large, max-video-preview:-1\" \/>\n<link rel=\"canonical\" href=\"https:\/\/batijournal.com\/index.php\/aprovalbois-30-ans-deja\/74505\/\" \/>\n<meta property=\"og:locale\" content=\"fr_FR\" \/>\n<meta property=\"og:type\" content=\"article\" \/>\n<meta property=\"og:title\" content=\"Aprovalbois, 30 ans d\u00e9j\u00e0 !\" \/>\n<meta property=\"og:description\" content=\"Aprovalbois, Association pour la promotion et la valorisation de la fili\u00e8re for\u00eat-bois bourguignonne, f\u00eatera ses 30 ans le vendredi 13 janvier prochain au Conseil r\u00e9gional de Bourgogne. L&rsquo;interprofession bourguignonne de la for\u00eat et du bois a \u00e9t\u00e9 la deuxi\u00e8me \u00e0 se cr\u00e9er en France, en juillet 1981, deux ans apr\u00e8s celle de la Lorraine, Gipeblor. [&hellip;]\" \/>\n<meta property=\"og:url\" content=\"https:\/\/batijournal.com\/index.php\/aprovalbois-30-ans-deja\/74505\/\" \/>\n<meta property=\"og:site_name\" content=\"Batijournal\" \/>\n<meta property=\"article:published_time\" content=\"2012-01-12T15:24:48+00:00\" \/>\n<meta property=\"article:modified_time\" content=\"2019-07-15T09:35:35+00:00\" \/>\n<meta property=\"og:image\" content=\"https:\/\/batijournal.com\/wp-content\/uploads\/2015\/03\/37526864.jpg\" \/>\n\t<meta property=\"og:image:width\" content=\"498\" \/>\n\t<meta property=\"og:image:height\" content=\"599\" \/>\n\t<meta property=\"og:image:type\" content=\"image\/jpeg\" \/>\n<meta name=\"author\" content=\"Bati-journal\" \/>\n<meta name=\"twitter:card\" content=\"summary_large_image\" \/>\n<meta name=\"twitter:creator\" content=\"@bati_journal\" \/>\n<meta name=\"twitter:site\" content=\"@bati_journal\" \/>\n<meta name=\"twitter:label1\" content=\"\u00c9crit par\" \/>\n\t<meta name=\"twitter:data1\" content=\"Bati-journal\" \/>\n\t<meta name=\"twitter:label2\" content=\"Dur\u00e9e de lecture estim\u00e9e\" \/>\n\t<meta name=\"twitter:data2\" content=\"1 minute\" \/>\n<script type=\"application\/ld+json\" class=\"yoast-schema-graph\">{\"@context\":\"https:\\\/\\\/schema.org\",\"@graph\":[{\"@type\":\"Article\",\"@id\":\"https:\\\/\\\/batijournal.com\\\/index.php\\\/aprovalbois-30-ans-deja\\\/74505\\\/#article\",\"isPartOf\":{\"@id\":\"https:\\\/\\\/batijournal.com\\\/index.php\\\/aprovalbois-30-ans-deja\\\/74505\\\/\"},\"author\":{\"name\":\"Bati-journal\",\"@id\":\"https:\\\/\\\/batijournal.com\\\/#\\\/schema\\\/person\\\/6a657e8967569e1b299972574848aa76\"},\"headline\":\"Aprovalbois, 30 ans d\u00e9j\u00e0 !\",\"datePublished\":\"2012-01-12T15:24:48+00:00\",\"dateModified\":\"2019-07-15T09:35:35+00:00\",\"mainEntityOfPage\":{\"@id\":\"https:\\\/\\\/batijournal.com\\\/index.php\\\/aprovalbois-30-ans-deja\\\/74505\\\/\"},\"wordCount\":288,\"commentCount\":0,\"image\":{\"@id\":\"https:\\\/\\\/batijournal.com\\\/index.php\\\/aprovalbois-30-ans-deja\\\/74505\\\/#primaryimage\"},\"thumbnailUrl\":\"https:\\\/\\\/batijournal.com\\\/wp-content\\\/uploads\\\/2015\\\/03\\\/37526864.jpg\",\"keywords\":[\"bourgogne\",\"interprofession\"],\"articleSection\":[\"Architecture &amp; Conception\"],\"inLanguage\":\"fr-FR\",\"potentialAction\":[{\"@type\":\"CommentAction\",\"name\":\"Comment\",\"target\":[\"https:\\\/\\\/batijournal.com\\\/index.php\\\/aprovalbois-30-ans-deja\\\/74505\\\/#respond\"]}]},{\"@type\":\"WebPage\",\"@id\":\"https:\\\/\\\/batijournal.com\\\/index.php\\\/aprovalbois-30-ans-deja\\\/74505\\\/\",\"url\":\"https:\\\/\\\/batijournal.com\\\/index.php\\\/aprovalbois-30-ans-deja\\\/74505\\\/\",\"name\":\"Aprovalbois, 30 ans d\u00e9j\u00e0 !\",\"isPartOf\":{\"@id\":\"https:\\\/\\\/batijournal.com\\\/#website\"},\"primaryImageOfPage\":{\"@id\":\"https:\\\/\\\/batijournal.com\\\/index.php\\\/aprovalbois-30-ans-deja\\\/74505\\\/#primaryimage\"},\"image\":{\"@id\":\"https:\\\/\\\/batijournal.com\\\/index.php\\\/aprovalbois-30-ans-deja\\\/74505\\\/#primaryimage\"},\"thumbnailUrl\":\"https:\\\/\\\/batijournal.com\\\/wp-content\\\/uploads\\\/2015\\\/03\\\/37526864.jpg\",\"datePublished\":\"2012-01-12T15:24:48+00:00\",\"dateModified\":\"2019-07-15T09:35:35+00:00\",\"author\":{\"@id\":\"https:\\\/\\\/batijournal.com\\\/#\\\/schema\\\/person\\\/6a657e8967569e1b299972574848aa76\"},\"breadcrumb\":{\"@id\":\"https:\\\/\\\/batijournal.com\\\/index.php\\\/aprovalbois-30-ans-deja\\\/74505\\\/#breadcrumb\"},\"inLanguage\":\"fr-FR\",\"potentialAction\":[{\"@type\":\"ReadAction\",\"target\":[\"https:\\\/\\\/batijournal.com\\\/index.php\\\/aprovalbois-30-ans-deja\\\/74505\\\/\"]}]},{\"@type\":\"ImageObject\",\"inLanguage\":\"fr-FR\",\"@id\":\"https:\\\/\\\/batijournal.com\\\/index.php\\\/aprovalbois-30-ans-deja\\\/74505\\\/#primaryimage\",\"url\":\"https:\\\/\\\/batijournal.com\\\/wp-content\\\/uploads\\\/2015\\\/03\\\/37526864.jpg\",\"contentUrl\":\"https:\\\/\\\/batijournal.com\\\/wp-content\\\/uploads\\\/2015\\\/03\\\/37526864.jpg\",\"width\":498,\"height\":599},{\"@type\":\"BreadcrumbList\",\"@id\":\"https:\\\/\\\/batijournal.com\\\/index.php\\\/aprovalbois-30-ans-deja\\\/74505\\\/#breadcrumb\",\"itemListElement\":[{\"@type\":\"ListItem\",\"position\":1,\"name\":\"Accueil\",\"item\":\"https:\\\/\\\/batijournal.com\\\/\"},{\"@type\":\"ListItem\",\"position\":2,\"name\":\"Actualit\u00e9s\",\"item\":\"https:\\\/\\\/batijournal.com\\\/index.php\\\/category\\\/actualites\\\/\"},{\"@type\":\"ListItem\",\"position\":3,\"name\":\"Architecture &amp; Conception\",\"item\":\"https:\\\/\\\/batijournal.com\\\/index.php\\\/category\\\/actualites\\\/architecture-conception\\\/\"},{\"@type\":\"ListItem\",\"position\":4,\"name\":\"Aprovalbois, 30 ans d\u00e9j\u00e0 !\"}]},{\"@type\":\"WebSite\",\"@id\":\"https:\\\/\\\/batijournal.com\\\/#website\",\"url\":\"https:\\\/\\\/batijournal.com\\\/\",\"name\":\"Batijournal\",\"description\":\"L&#039;actualit\u00e9 du b\u00e2timent\",\"potentialAction\":[{\"@type\":\"SearchAction\",\"target\":{\"@type\":\"EntryPoint\",\"urlTemplate\":\"https:\\\/\\\/batijournal.com\\\/?s={search_term_string}\"},\"query-input\":{\"@type\":\"PropertyValueSpecification\",\"valueRequired\":true,\"valueName\":\"search_term_string\"}}],\"inLanguage\":\"fr-FR\"},{\"@type\":\"Person\",\"@id\":\"https:\\\/\\\/batijournal.com\\\/#\\\/schema\\\/person\\\/6a657e8967569e1b299972574848aa76\",\"name\":\"Bati-journal\",\"image\":{\"@type\":\"ImageObject\",\"inLanguage\":\"fr-FR\",\"@id\":\"https:\\\/\\\/secure.gravatar.com\\\/avatar\\\/a64364ea26392f9b4dd47e017ddaec74ff03aefc073b49e492e847201258f777?s=96&d=mm&r=g\",\"url\":\"https:\\\/\\\/secure.gravatar.com\\\/avatar\\\/a64364ea26392f9b4dd47e017ddaec74ff03aefc073b49e492e847201258f777?s=96&d=mm&r=g\",\"contentUrl\":\"https:\\\/\\\/secure.gravatar.com\\\/avatar\\\/a64364ea26392f9b4dd47e017ddaec74ff03aefc073b49e492e847201258f777?s=96&d=mm&r=g\",\"caption\":\"Bati-journal\"},\"url\":\"https:\\\/\\\/batijournal.com\\\/index.php\\\/author\\\/elodie\\\/\"}]}<\/script>\n<!-- \/ Yoast SEO plugin. -->","yoast_head_json":{"title":"Aprovalbois, 30 ans d\u00e9j\u00e0 !","robots":{"index":"index","follow":"follow","max-snippet":"max-snippet:-1","max-image-preview":"max-image-preview:large","max-video-preview":"max-video-preview:-1"},"canonical":"https:\/\/batijournal.com\/index.php\/aprovalbois-30-ans-deja\/74505\/","og_locale":"fr_FR","og_type":"article","og_title":"Aprovalbois, 30 ans d\u00e9j\u00e0 !","og_description":"Aprovalbois, Association pour la promotion et la valorisation de la fili\u00e8re for\u00eat-bois bourguignonne, f\u00eatera ses 30 ans le vendredi 13 janvier prochain au Conseil r\u00e9gional de Bourgogne. L&rsquo;interprofession bourguignonne de la for\u00eat et du bois a \u00e9t\u00e9 la deuxi\u00e8me \u00e0 se cr\u00e9er en France, en juillet 1981, deux ans apr\u00e8s celle de la Lorraine, Gipeblor. [&hellip;]","og_url":"https:\/\/batijournal.com\/index.php\/aprovalbois-30-ans-deja\/74505\/","og_site_name":"Batijournal","article_published_time":"2012-01-12T15:24:48+00:00","article_modified_time":"2019-07-15T09:35:35+00:00","og_image":[{"width":498,"height":599,"url":"https:\/\/batijournal.com\/wp-content\/uploads\/2015\/03\/37526864.jpg","type":"image\/jpeg"}],"author":"Bati-journal","twitter_card":"summary_large_image","twitter_creator":"@bati_journal","twitter_site":"@bati_journal","twitter_misc":{"\u00c9crit par":"Bati-journal","Dur\u00e9e de lecture estim\u00e9e":"1 minute"},"schema":{"@context":"https:\/\/schema.org","@graph":[{"@type":"Article","@id":"https:\/\/batijournal.com\/index.php\/aprovalbois-30-ans-deja\/74505\/#article","isPartOf":{"@id":"https:\/\/batijournal.com\/index.php\/aprovalbois-30-ans-deja\/74505\/"},"author":{"name":"Bati-journal","@id":"https:\/\/batijournal.com\/#\/schema\/person\/6a657e8967569e1b299972574848aa76"},"headline":"Aprovalbois, 30 ans d\u00e9j\u00e0 !","datePublished":"2012-01-12T15:24:48+00:00","dateModified":"2019-07-15T09:35:35+00:00","mainEntityOfPage":{"@id":"https:\/\/batijournal.com\/index.php\/aprovalbois-30-ans-deja\/74505\/"},"wordCount":288,"commentCount":0,"image":{"@id":"https:\/\/batijournal.com\/index.php\/aprovalbois-30-ans-deja\/74505\/#primaryimage"},"thumbnailUrl":"https:\/\/batijournal.com\/wp-content\/uploads\/2015\/03\/37526864.jpg","keywords":["bourgogne","interprofession"],"articleSection":["Architecture &amp; Conception"],"inLanguage":"fr-FR","potentialAction":[{"@type":"CommentAction","name":"Comment","target":["https:\/\/batijournal.com\/index.php\/aprovalbois-30-ans-deja\/74505\/#respond"]}]},{"@type":"WebPage","@id":"https:\/\/batijournal.com\/index.php\/aprovalbois-30-ans-deja\/74505\/","url":"https:\/\/batijournal.com\/index.php\/aprovalbois-30-ans-deja\/74505\/","name":"Aprovalbois, 30 ans d\u00e9j\u00e0 !","isPartOf":{"@id":"https:\/\/batijournal.com\/#website"},"primaryImageOfPage":{"@id":"https:\/\/batijournal.com\/index.php\/aprovalbois-30-ans-deja\/74505\/#primaryimage"},"image":{"@id":"https:\/\/batijournal.com\/index.php\/aprovalbois-30-ans-deja\/74505\/#primaryimage"},"thumbnailUrl":"https:\/\/batijournal.com\/wp-content\/uploads\/2015\/03\/37526864.jpg","datePublished":"2012-01-12T15:24:48+00:00","dateModified":"2019-07-15T09:35:35+00:00","author":{"@id":"https:\/\/batijournal.com\/#\/schema\/person\/6a657e8967569e1b299972574848aa76"},"breadcrumb":{"@id":"https:\/\/batijournal.com\/index.php\/aprovalbois-30-ans-deja\/74505\/#breadcrumb"},"inLanguage":"fr-FR","potentialAction":[{"@type":"ReadAction","target":["https:\/\/batijournal.com\/index.php\/aprovalbois-30-ans-deja\/74505\/"]}]},{"@type":"ImageObject","inLanguage":"fr-FR","@id":"https:\/\/batijournal.com\/index.php\/aprovalbois-30-ans-deja\/74505\/#primaryimage","url":"https:\/\/batijournal.com\/wp-content\/uploads\/2015\/03\/37526864.jpg","contentUrl":"https:\/\/batijournal.com\/wp-content\/uploads\/2015\/03\/37526864.jpg","width":498,"height":599},{"@type":"BreadcrumbList","@id":"https:\/\/batijournal.com\/index.php\/aprovalbois-30-ans-deja\/74505\/#breadcrumb","itemListElement":[{"@type":"ListItem","position":1,"name":"Accueil","item":"https:\/\/batijournal.com\/"},{"@type":"ListItem","position":2,"name":"Actualit\u00e9s","item":"https:\/\/batijournal.com\/index.php\/category\/actualites\/"},{"@type":"ListItem","position":3,"name":"Architecture &amp; Conception","item":"https:\/\/batijournal.com\/index.php\/category\/actualites\/architecture-conception\/"},{"@type":"ListItem","position":4,"name":"Aprovalbois, 30 ans d\u00e9j\u00e0 !"}]},{"@type":"WebSite","@id":"https:\/\/batijournal.com\/#website","url":"https:\/\/batijournal.com\/","name":"Batijournal","description":"L&#039;actualit\u00e9 du b\u00e2timent","potentialAction":[{"@type":"SearchAction","target":{"@type":"EntryPoint","urlTemplate":"https:\/\/batijournal.com\/?s={search_term_string}"},"query-input":{"@type":"PropertyValueSpecification","valueRequired":true,"valueName":"search_term_string"}}],"inLanguage":"fr-FR"},{"@type":"Person","@id":"https:\/\/batijournal.com\/#\/schema\/person\/6a657e8967569e1b299972574848aa76","name":"Bati-journal","image":{"@type":"ImageObject","inLanguage":"fr-FR","@id":"https:\/\/secure.gravatar.com\/avatar\/a64364ea26392f9b4dd47e017ddaec74ff03aefc073b49e492e847201258f777?s=96&d=mm&r=g","url":"https:\/\/secure.gravatar.com\/avatar\/a64364ea26392f9b4dd47e017ddaec74ff03aefc073b49e492e847201258f777?s=96&d=mm&r=g","contentUrl":"https:\/\/secure.gravatar.com\/avatar\/a64364ea26392f9b4dd47e017ddaec74ff03aefc073b49e492e847201258f777?s=96&d=mm&r=g","caption":"Bati-journal"},"url":"https:\/\/batijournal.com\/index.php\/author\/elodie\/"}]}},"_links":{"self":[{"href":"https:\/\/batijournal.com\/index.php\/wp-json\/wp\/v2\/posts\/74505","targetHints":{"allow":["GET"]}}],"collection":[{"href":"https:\/\/batijournal.com\/index.php\/wp-json\/wp\/v2\/posts"}],"about":[{"href":"https:\/\/batijournal.com\/index.php\/wp-json\/wp\/v2\/types\/post"}],"author":[{"embeddable":true,"href":"https:\/\/batijournal.com\/index.php\/wp-json\/wp\/v2\/users\/1"}],"replies":[{"embeddable":true,"href":"https:\/\/batijournal.com\/index.php\/wp-json\/wp\/v2\/comments?post=74505"}],"version-history":[{"count":0,"href":"https:\/\/batijournal.com\/index.php\/wp-json\/wp\/v2\/posts\/74505\/revisions"}],"wp:featuredmedia":[{"embeddable":true,"href":"https:\/\/batijournal.com\/index.php\/wp-json\/wp\/v2\/media\/74506"}],"wp:attachment":[{"href":"https:\/\/batijournal.com\/index.php\/wp-json\/wp\/v2\/media?parent=74505"}],"wp:term":[{"taxonomy":"category","embeddable":true,"href":"https:\/\/batijournal.com\/index.php\/wp-json\/wp\/v2\/categories?post=74505"},{"taxonomy":"post_tag","embeddable":true,"href":"https:\/\/batijournal.com\/index.php\/wp-json\/wp\/v2\/tags?post=74505"}],"curies":[{"name":"wp","href":"https:\/\/api.w.org\/{rel}","templated":true}]}}