{"id":74509,"date":"2012-01-31T16:22:05","date_gmt":"2012-01-31T15:22:05","guid":{"rendered":"http:\/\/b.bati-journal.com\/plateaux-detudes-du-materiau-bois-en-aquitaine\/74509"},"modified":"2019-07-15T11:35:35","modified_gmt":"2019-07-15T09:35:35","slug":"plateaux-detudes-du-materiau-bois-en-aquitaine","status":"publish","type":"post","link":"https:\/\/batijournal.com\/index.php\/plateaux-detudes-du-materiau-bois-en-aquitaine\/74509\/","title":{"rendered":"Plateaux d&rsquo;\u00e9tudes du mat\u00e9riau bois en Aquitaine"},"content":{"rendered":"<p>Le 26 Janvier 2012, l&rsquo;Inra et l&rsquo;Institut Technologique For\u00eat Cellulose Bois-Construction Ameublement (FCBA) ont inaugur\u00e9, sur le site de Cestas-Pierroton, le P\u00f4le de Recherche et Innovation For\u00eat-Bois. Ce p\u00f4le d&rsquo;envergure internationale a pour objectif de contribuer \u00e0 la gestion durable des for\u00eats et \u00e0 une valorisation accrue de l&rsquo;\u00e9co-mat\u00e9riau bois. Il permettra de mobiliser sur un m\u00eame site les comp\u00e9tences scientifiques et les capacit\u00e9s d&rsquo;innovation sur la diversit\u00e9 biologique des for\u00eats, le fonctionnement et la mod\u00e9lisation de ces \u00e9cosyst\u00e8mes, et la qualit\u00e9 et l&rsquo;am\u00e9lioration du bois.<\/p>\n<p>Le p\u00f4le regroupe les activit\u00e9s de recherche For\u00eat-Bois de l&rsquo;Inra en Aquitaine ainsi que celles d&rsquo;un laboratoire du FCBA et de l&rsquo;office r\u00e9gional atlantique de l&rsquo;Institut Europ\u00e9en des For\u00eats. Le p\u00f4le rassemble divers plateaux techniques et exp\u00e9rimentaux d\u00e9di\u00e9s au g\u00e9notypage haut-d\u00e9bit des arbres, au ph\u00e9notypage des caract\u00e9ristiques physico-chimiques du bois, et aux itin\u00e9raires sylvicoles innovants, ainsi que des dispositifs de mesures des \u00e9changes avec l&rsquo;atmosph\u00e8re avec une tour \u00e0 flux en cours de mise en place. Depuis 2011, ces plateaux techniques b\u00e9n\u00e9ficient du programme Investissements d&rsquo;Avenir dans le cadre de l&rsquo;Equipex Xyloforest.<\/p>\n<p>Les enjeux scientifiques li\u00e9s au projet sont l&rsquo;am\u00e9lioration des connaissances sur l&rsquo;\u00e9volution des ressources foresti\u00e8res r\u00e9gionales au plan quantitatif et qualitatif et sur les risques qui les menacent afin de contribuer \u00e0 leur gestion et leur utilisation durables. Outre le travail scientifique sur le milieu forestier, la qualit\u00e9 du bois et son am\u00e9lioration sont un des points d&rsquo;\u00e9tude essentiels du p\u00f4le. Des \u00e9tudes importantes sont actuellement conduites sur la compr\u00e9hension et le caract\u00e9risation des composantes de la qualit\u00e9 du bois (branchaison, densit\u00e9, composition chimique et propri\u00e9t\u00e9 m\u00e9canique) et l&rsquo;introduction de crit\u00e8res de qualit\u00e9 du bois dans les prochaines vari\u00e9t\u00e9s am\u00e9lior\u00e9es. Au niveau des acteurs de la fili\u00e8re for\u00eat-bois d&rsquo;Aquitaine, l&rsquo;am\u00e9lioration de la qualit\u00e9 du bois d&rsquo;oeuvre ou d&rsquo;industrie dans les vari\u00e9t\u00e9s du futur constitue un enjeu strat\u00e9gique majeur qui conditionnera \u00e0 l&rsquo;avenir le d\u00e9veloppement durable de ce secteur.<\/p>\n<p>Parmi les six plateaux techniques qui vont \u00eatre install\u00e9s d&rsquo;ici 2013, deux concernent particuli\u00e8rement le mat\u00e9riau bois. Xyloplate, une plateforme de recherche d\u00e9di\u00e9e \u00e0 l&rsquo;analyse fiabiliste et m\u00e9cano-biom\u00e9trique des syst\u00e8mes \u00e0 base de bois qui \u00e0 l&rsquo;aide de mod\u00e8les num\u00e9riques \u00e9tudiera les comportements des syst\u00e8mes structuraux complexes de grandes dimensions. Xylomat sera d\u00e9di\u00e9e \u00e0 la production des panneaux et des composites \u00e0 partir de bois et de liants naturels. Un autre plateau, Xylochem, sera consacr\u00e9 \u00e0 la chimie et \u00e0 la bio-raffinerie du bois pour la production de fibres cellulosiques, l&rsquo;extraction de mol\u00e9cules et la synth\u00e8se de nouveaux polym\u00e8res biosourc\u00e9s.<\/p>\n","protected":false},"excerpt":{"rendered":"<p>Le 26 Janvier 2012, l&rsquo;Inra et l&rsquo;Institut Technologique For\u00eat Cellulose Bois-Construction Ameublement (FCBA) ont inaugur\u00e9, sur le site de Cestas-Pierroton, le P\u00f4le de Recherche et Innovation For\u00eat-Bois. Ce p\u00f4le d&rsquo;envergure internationale a pour objectif de contribuer \u00e0 la gestion durable des for\u00eats et \u00e0 une valorisation accrue de l&rsquo;\u00e9co-mat\u00e9riau bois. Il permettra de mobiliser sur [&hellip;]<\/p>\n","protected":false},"author":1,"featured_media":74510,"comment_status":"open","ping_status":"closed","sticky":false,"template":"","format":"standard","meta":{"_et_pb_use_builder":"","_et_pb_old_content":"","_et_gb_content_width":"","footnotes":""},"categories":[6340],"tags":[],"class_list":["post-74509","post","type-post","status-publish","format-standard","has-post-thumbnail","hentry","category-architecture-conception"],"yoast_head":"<!-- This site is optimized with the Yoast SEO plugin v27.4 - https:\/\/yoast.com\/product\/yoast-seo-wordpress\/ -->\n<title>Plateaux d&#039;\u00e9tudes du mat\u00e9riau bois en Aquitaine<\/title>\n<meta name=\"robots\" content=\"index, follow, max-snippet:-1, max-image-preview:large, max-video-preview:-1\" \/>\n<link rel=\"canonical\" href=\"https:\/\/batijournal.com\/index.php\/plateaux-detudes-du-materiau-bois-en-aquitaine\/74509\/\" \/>\n<meta property=\"og:locale\" content=\"fr_FR\" \/>\n<meta property=\"og:type\" content=\"article\" \/>\n<meta property=\"og:title\" content=\"Plateaux d&#039;\u00e9tudes du mat\u00e9riau bois en Aquitaine\" \/>\n<meta property=\"og:description\" content=\"Le 26 Janvier 2012, l&rsquo;Inra et l&rsquo;Institut Technologique For\u00eat Cellulose Bois-Construction Ameublement (FCBA) ont inaugur\u00e9, sur le site de Cestas-Pierroton, le P\u00f4le de Recherche et Innovation For\u00eat-Bois. Ce p\u00f4le d&rsquo;envergure internationale a pour objectif de contribuer \u00e0 la gestion durable des for\u00eats et \u00e0 une valorisation accrue de l&rsquo;\u00e9co-mat\u00e9riau bois. Il permettra de mobiliser sur [&hellip;]\" \/>\n<meta property=\"og:url\" content=\"https:\/\/batijournal.com\/index.php\/plateaux-detudes-du-materiau-bois-en-aquitaine\/74509\/\" \/>\n<meta property=\"og:site_name\" content=\"Batijournal\" \/>\n<meta property=\"article:published_time\" content=\"2012-01-31T15:22:05+00:00\" \/>\n<meta property=\"article:modified_time\" content=\"2019-07-15T09:35:35+00:00\" \/>\n<meta property=\"og:image\" content=\"https:\/\/batijournal.com\/wp-content\/uploads\/2015\/03\/38819991.jpg\" \/>\n\t<meta property=\"og:image:width\" content=\"599\" \/>\n\t<meta property=\"og:image:height\" content=\"396\" \/>\n\t<meta property=\"og:image:type\" content=\"image\/jpeg\" \/>\n<meta name=\"author\" content=\"Bati-journal\" \/>\n<meta name=\"twitter:card\" content=\"summary_large_image\" \/>\n<meta name=\"twitter:creator\" content=\"@bati_journal\" \/>\n<meta name=\"twitter:site\" content=\"@bati_journal\" \/>\n<meta name=\"twitter:label1\" content=\"\u00c9crit par\" \/>\n\t<meta name=\"twitter:data1\" content=\"Bati-journal\" \/>\n\t<meta name=\"twitter:label2\" content=\"Dur\u00e9e de lecture estim\u00e9e\" \/>\n\t<meta name=\"twitter:data2\" content=\"2 minutes\" \/>\n<script type=\"application\/ld+json\" class=\"yoast-schema-graph\">{\"@context\":\"https:\\\/\\\/schema.org\",\"@graph\":[{\"@type\":\"Article\",\"@id\":\"https:\\\/\\\/batijournal.com\\\/index.php\\\/plateaux-detudes-du-materiau-bois-en-aquitaine\\\/74509\\\/#article\",\"isPartOf\":{\"@id\":\"https:\\\/\\\/batijournal.com\\\/index.php\\\/plateaux-detudes-du-materiau-bois-en-aquitaine\\\/74509\\\/\"},\"author\":{\"name\":\"Bati-journal\",\"@id\":\"https:\\\/\\\/batijournal.com\\\/#\\\/schema\\\/person\\\/6a657e8967569e1b299972574848aa76\"},\"headline\":\"Plateaux d&rsquo;\u00e9tudes du mat\u00e9riau bois en Aquitaine\",\"datePublished\":\"2012-01-31T15:22:05+00:00\",\"dateModified\":\"2019-07-15T09:35:35+00:00\",\"mainEntityOfPage\":{\"@id\":\"https:\\\/\\\/batijournal.com\\\/index.php\\\/plateaux-detudes-du-materiau-bois-en-aquitaine\\\/74509\\\/\"},\"wordCount\":505,\"commentCount\":0,\"image\":{\"@id\":\"https:\\\/\\\/batijournal.com\\\/index.php\\\/plateaux-detudes-du-materiau-bois-en-aquitaine\\\/74509\\\/#primaryimage\"},\"thumbnailUrl\":\"https:\\\/\\\/batijournal.com\\\/wp-content\\\/uploads\\\/2015\\\/03\\\/38819991.jpg\",\"articleSection\":[\"Architecture &amp; Conception\"],\"inLanguage\":\"fr-FR\",\"potentialAction\":[{\"@type\":\"CommentAction\",\"name\":\"Comment\",\"target\":[\"https:\\\/\\\/batijournal.com\\\/index.php\\\/plateaux-detudes-du-materiau-bois-en-aquitaine\\\/74509\\\/#respond\"]}]},{\"@type\":\"WebPage\",\"@id\":\"https:\\\/\\\/batijournal.com\\\/index.php\\\/plateaux-detudes-du-materiau-bois-en-aquitaine\\\/74509\\\/\",\"url\":\"https:\\\/\\\/batijournal.com\\\/index.php\\\/plateaux-detudes-du-materiau-bois-en-aquitaine\\\/74509\\\/\",\"name\":\"Plateaux d'\u00e9tudes du mat\u00e9riau bois en Aquitaine\",\"isPartOf\":{\"@id\":\"https:\\\/\\\/batijournal.com\\\/#website\"},\"primaryImageOfPage\":{\"@id\":\"https:\\\/\\\/batijournal.com\\\/index.php\\\/plateaux-detudes-du-materiau-bois-en-aquitaine\\\/74509\\\/#primaryimage\"},\"image\":{\"@id\":\"https:\\\/\\\/batijournal.com\\\/index.php\\\/plateaux-detudes-du-materiau-bois-en-aquitaine\\\/74509\\\/#primaryimage\"},\"thumbnailUrl\":\"https:\\\/\\\/batijournal.com\\\/wp-content\\\/uploads\\\/2015\\\/03\\\/38819991.jpg\",\"datePublished\":\"2012-01-31T15:22:05+00:00\",\"dateModified\":\"2019-07-15T09:35:35+00:00\",\"author\":{\"@id\":\"https:\\\/\\\/batijournal.com\\\/#\\\/schema\\\/person\\\/6a657e8967569e1b299972574848aa76\"},\"breadcrumb\":{\"@id\":\"https:\\\/\\\/batijournal.com\\\/index.php\\\/plateaux-detudes-du-materiau-bois-en-aquitaine\\\/74509\\\/#breadcrumb\"},\"inLanguage\":\"fr-FR\",\"potentialAction\":[{\"@type\":\"ReadAction\",\"target\":[\"https:\\\/\\\/batijournal.com\\\/index.php\\\/plateaux-detudes-du-materiau-bois-en-aquitaine\\\/74509\\\/\"]}]},{\"@type\":\"ImageObject\",\"inLanguage\":\"fr-FR\",\"@id\":\"https:\\\/\\\/batijournal.com\\\/index.php\\\/plateaux-detudes-du-materiau-bois-en-aquitaine\\\/74509\\\/#primaryimage\",\"url\":\"https:\\\/\\\/batijournal.com\\\/wp-content\\\/uploads\\\/2015\\\/03\\\/38819991.jpg\",\"contentUrl\":\"https:\\\/\\\/batijournal.com\\\/wp-content\\\/uploads\\\/2015\\\/03\\\/38819991.jpg\",\"width\":599,\"height\":396},{\"@type\":\"BreadcrumbList\",\"@id\":\"https:\\\/\\\/batijournal.com\\\/index.php\\\/plateaux-detudes-du-materiau-bois-en-aquitaine\\\/74509\\\/#breadcrumb\",\"itemListElement\":[{\"@type\":\"ListItem\",\"position\":1,\"name\":\"Accueil\",\"item\":\"https:\\\/\\\/batijournal.com\\\/\"},{\"@type\":\"ListItem\",\"position\":2,\"name\":\"Actualit\u00e9s\",\"item\":\"https:\\\/\\\/batijournal.com\\\/index.php\\\/category\\\/actualites\\\/\"},{\"@type\":\"ListItem\",\"position\":3,\"name\":\"Architecture &amp; Conception\",\"item\":\"https:\\\/\\\/batijournal.com\\\/index.php\\\/category\\\/actualites\\\/architecture-conception\\\/\"},{\"@type\":\"ListItem\",\"position\":4,\"name\":\"Plateaux d&rsquo;\u00e9tudes du mat\u00e9riau bois en Aquitaine\"}]},{\"@type\":\"WebSite\",\"@id\":\"https:\\\/\\\/batijournal.com\\\/#website\",\"url\":\"https:\\\/\\\/batijournal.com\\\/\",\"name\":\"Batijournal\",\"description\":\"L&#039;actualit\u00e9 du b\u00e2timent\",\"potentialAction\":[{\"@type\":\"SearchAction\",\"target\":{\"@type\":\"EntryPoint\",\"urlTemplate\":\"https:\\\/\\\/batijournal.com\\\/?s={search_term_string}\"},\"query-input\":{\"@type\":\"PropertyValueSpecification\",\"valueRequired\":true,\"valueName\":\"search_term_string\"}}],\"inLanguage\":\"fr-FR\"},{\"@type\":\"Person\",\"@id\":\"https:\\\/\\\/batijournal.com\\\/#\\\/schema\\\/person\\\/6a657e8967569e1b299972574848aa76\",\"name\":\"Bati-journal\",\"image\":{\"@type\":\"ImageObject\",\"inLanguage\":\"fr-FR\",\"@id\":\"https:\\\/\\\/secure.gravatar.com\\\/avatar\\\/a64364ea26392f9b4dd47e017ddaec74ff03aefc073b49e492e847201258f777?s=96&d=mm&r=g\",\"url\":\"https:\\\/\\\/secure.gravatar.com\\\/avatar\\\/a64364ea26392f9b4dd47e017ddaec74ff03aefc073b49e492e847201258f777?s=96&d=mm&r=g\",\"contentUrl\":\"https:\\\/\\\/secure.gravatar.com\\\/avatar\\\/a64364ea26392f9b4dd47e017ddaec74ff03aefc073b49e492e847201258f777?s=96&d=mm&r=g\",\"caption\":\"Bati-journal\"},\"url\":\"https:\\\/\\\/batijournal.com\\\/index.php\\\/author\\\/elodie\\\/\"}]}<\/script>\n<!-- \/ Yoast SEO plugin. -->","yoast_head_json":{"title":"Plateaux d'\u00e9tudes du mat\u00e9riau bois en Aquitaine","robots":{"index":"index","follow":"follow","max-snippet":"max-snippet:-1","max-image-preview":"max-image-preview:large","max-video-preview":"max-video-preview:-1"},"canonical":"https:\/\/batijournal.com\/index.php\/plateaux-detudes-du-materiau-bois-en-aquitaine\/74509\/","og_locale":"fr_FR","og_type":"article","og_title":"Plateaux d'\u00e9tudes du mat\u00e9riau bois en Aquitaine","og_description":"Le 26 Janvier 2012, l&rsquo;Inra et l&rsquo;Institut Technologique For\u00eat Cellulose Bois-Construction Ameublement (FCBA) ont inaugur\u00e9, sur le site de Cestas-Pierroton, le P\u00f4le de Recherche et Innovation For\u00eat-Bois. Ce p\u00f4le d&rsquo;envergure internationale a pour objectif de contribuer \u00e0 la gestion durable des for\u00eats et \u00e0 une valorisation accrue de l&rsquo;\u00e9co-mat\u00e9riau bois. Il permettra de mobiliser sur [&hellip;]","og_url":"https:\/\/batijournal.com\/index.php\/plateaux-detudes-du-materiau-bois-en-aquitaine\/74509\/","og_site_name":"Batijournal","article_published_time":"2012-01-31T15:22:05+00:00","article_modified_time":"2019-07-15T09:35:35+00:00","og_image":[{"width":599,"height":396,"url":"https:\/\/batijournal.com\/wp-content\/uploads\/2015\/03\/38819991.jpg","type":"image\/jpeg"}],"author":"Bati-journal","twitter_card":"summary_large_image","twitter_creator":"@bati_journal","twitter_site":"@bati_journal","twitter_misc":{"\u00c9crit par":"Bati-journal","Dur\u00e9e de lecture estim\u00e9e":"2 minutes"},"schema":{"@context":"https:\/\/schema.org","@graph":[{"@type":"Article","@id":"https:\/\/batijournal.com\/index.php\/plateaux-detudes-du-materiau-bois-en-aquitaine\/74509\/#article","isPartOf":{"@id":"https:\/\/batijournal.com\/index.php\/plateaux-detudes-du-materiau-bois-en-aquitaine\/74509\/"},"author":{"name":"Bati-journal","@id":"https:\/\/batijournal.com\/#\/schema\/person\/6a657e8967569e1b299972574848aa76"},"headline":"Plateaux d&rsquo;\u00e9tudes du mat\u00e9riau bois en Aquitaine","datePublished":"2012-01-31T15:22:05+00:00","dateModified":"2019-07-15T09:35:35+00:00","mainEntityOfPage":{"@id":"https:\/\/batijournal.com\/index.php\/plateaux-detudes-du-materiau-bois-en-aquitaine\/74509\/"},"wordCount":505,"commentCount":0,"image":{"@id":"https:\/\/batijournal.com\/index.php\/plateaux-detudes-du-materiau-bois-en-aquitaine\/74509\/#primaryimage"},"thumbnailUrl":"https:\/\/batijournal.com\/wp-content\/uploads\/2015\/03\/38819991.jpg","articleSection":["Architecture &amp; Conception"],"inLanguage":"fr-FR","potentialAction":[{"@type":"CommentAction","name":"Comment","target":["https:\/\/batijournal.com\/index.php\/plateaux-detudes-du-materiau-bois-en-aquitaine\/74509\/#respond"]}]},{"@type":"WebPage","@id":"https:\/\/batijournal.com\/index.php\/plateaux-detudes-du-materiau-bois-en-aquitaine\/74509\/","url":"https:\/\/batijournal.com\/index.php\/plateaux-detudes-du-materiau-bois-en-aquitaine\/74509\/","name":"Plateaux d'\u00e9tudes du mat\u00e9riau bois en Aquitaine","isPartOf":{"@id":"https:\/\/batijournal.com\/#website"},"primaryImageOfPage":{"@id":"https:\/\/batijournal.com\/index.php\/plateaux-detudes-du-materiau-bois-en-aquitaine\/74509\/#primaryimage"},"image":{"@id":"https:\/\/batijournal.com\/index.php\/plateaux-detudes-du-materiau-bois-en-aquitaine\/74509\/#primaryimage"},"thumbnailUrl":"https:\/\/batijournal.com\/wp-content\/uploads\/2015\/03\/38819991.jpg","datePublished":"2012-01-31T15:22:05+00:00","dateModified":"2019-07-15T09:35:35+00:00","author":{"@id":"https:\/\/batijournal.com\/#\/schema\/person\/6a657e8967569e1b299972574848aa76"},"breadcrumb":{"@id":"https:\/\/batijournal.com\/index.php\/plateaux-detudes-du-materiau-bois-en-aquitaine\/74509\/#breadcrumb"},"inLanguage":"fr-FR","potentialAction":[{"@type":"ReadAction","target":["https:\/\/batijournal.com\/index.php\/plateaux-detudes-du-materiau-bois-en-aquitaine\/74509\/"]}]},{"@type":"ImageObject","inLanguage":"fr-FR","@id":"https:\/\/batijournal.com\/index.php\/plateaux-detudes-du-materiau-bois-en-aquitaine\/74509\/#primaryimage","url":"https:\/\/batijournal.com\/wp-content\/uploads\/2015\/03\/38819991.jpg","contentUrl":"https:\/\/batijournal.com\/wp-content\/uploads\/2015\/03\/38819991.jpg","width":599,"height":396},{"@type":"BreadcrumbList","@id":"https:\/\/batijournal.com\/index.php\/plateaux-detudes-du-materiau-bois-en-aquitaine\/74509\/#breadcrumb","itemListElement":[{"@type":"ListItem","position":1,"name":"Accueil","item":"https:\/\/batijournal.com\/"},{"@type":"ListItem","position":2,"name":"Actualit\u00e9s","item":"https:\/\/batijournal.com\/index.php\/category\/actualites\/"},{"@type":"ListItem","position":3,"name":"Architecture &amp; Conception","item":"https:\/\/batijournal.com\/index.php\/category\/actualites\/architecture-conception\/"},{"@type":"ListItem","position":4,"name":"Plateaux d&rsquo;\u00e9tudes du mat\u00e9riau bois en Aquitaine"}]},{"@type":"WebSite","@id":"https:\/\/batijournal.com\/#website","url":"https:\/\/batijournal.com\/","name":"Batijournal","description":"L&#039;actualit\u00e9 du b\u00e2timent","potentialAction":[{"@type":"SearchAction","target":{"@type":"EntryPoint","urlTemplate":"https:\/\/batijournal.com\/?s={search_term_string}"},"query-input":{"@type":"PropertyValueSpecification","valueRequired":true,"valueName":"search_term_string"}}],"inLanguage":"fr-FR"},{"@type":"Person","@id":"https:\/\/batijournal.com\/#\/schema\/person\/6a657e8967569e1b299972574848aa76","name":"Bati-journal","image":{"@type":"ImageObject","inLanguage":"fr-FR","@id":"https:\/\/secure.gravatar.com\/avatar\/a64364ea26392f9b4dd47e017ddaec74ff03aefc073b49e492e847201258f777?s=96&d=mm&r=g","url":"https:\/\/secure.gravatar.com\/avatar\/a64364ea26392f9b4dd47e017ddaec74ff03aefc073b49e492e847201258f777?s=96&d=mm&r=g","contentUrl":"https:\/\/secure.gravatar.com\/avatar\/a64364ea26392f9b4dd47e017ddaec74ff03aefc073b49e492e847201258f777?s=96&d=mm&r=g","caption":"Bati-journal"},"url":"https:\/\/batijournal.com\/index.php\/author\/elodie\/"}]}},"_links":{"self":[{"href":"https:\/\/batijournal.com\/index.php\/wp-json\/wp\/v2\/posts\/74509","targetHints":{"allow":["GET"]}}],"collection":[{"href":"https:\/\/batijournal.com\/index.php\/wp-json\/wp\/v2\/posts"}],"about":[{"href":"https:\/\/batijournal.com\/index.php\/wp-json\/wp\/v2\/types\/post"}],"author":[{"embeddable":true,"href":"https:\/\/batijournal.com\/index.php\/wp-json\/wp\/v2\/users\/1"}],"replies":[{"embeddable":true,"href":"https:\/\/batijournal.com\/index.php\/wp-json\/wp\/v2\/comments?post=74509"}],"version-history":[{"count":0,"href":"https:\/\/batijournal.com\/index.php\/wp-json\/wp\/v2\/posts\/74509\/revisions"}],"wp:featuredmedia":[{"embeddable":true,"href":"https:\/\/batijournal.com\/index.php\/wp-json\/wp\/v2\/media\/74510"}],"wp:attachment":[{"href":"https:\/\/batijournal.com\/index.php\/wp-json\/wp\/v2\/media?parent=74509"}],"wp:term":[{"taxonomy":"category","embeddable":true,"href":"https:\/\/batijournal.com\/index.php\/wp-json\/wp\/v2\/categories?post=74509"},{"taxonomy":"post_tag","embeddable":true,"href":"https:\/\/batijournal.com\/index.php\/wp-json\/wp\/v2\/tags?post=74509"}],"curies":[{"name":"wp","href":"https:\/\/api.w.org\/{rel}","templated":true}]}}