{"id":74519,"date":"2012-02-21T00:00:00","date_gmt":"2012-02-20T23:00:00","guid":{"rendered":"http:\/\/b.bati-journal.com\/yves-lion-nomme-commissaire-du-pavillon-francais-a-la-prochaine-exposition-internationale-darchitecture\/74519"},"modified":"2019-07-15T11:35:34","modified_gmt":"2019-07-15T09:35:34","slug":"yves-lion-nomme-commissaire-du-pavillon-francais-a-la-prochaine-exposition-internationale-darchitecture","status":"publish","type":"post","link":"https:\/\/batijournal.com\/index.php\/yves-lion-nomme-commissaire-du-pavillon-francais-a-la-prochaine-exposition-internationale-darchitecture\/74519\/","title":{"rendered":"Yves Lion nomm\u00e9 commissaire du pavillon fran\u00e7ais \u00e0 la prochaine exposition internationale d&rsquo;architecture"},"content":{"rendered":"<p>L&rsquo;Institut fran\u00e7ais et la direction g\u00e9n\u00e9rale des patrimoines du minist\u00e8re de la Culture et de la Communication ont confi\u00e9 \u00e0 l&rsquo;architecte-urbaniste Yves Lion le commissariat du Pavillon fran\u00e7ais de la prochaine Exposition internationale d&rsquo;architecture de Venise. Pour sa treizi\u00e8me \u00e9dition, la Biennale d&rsquo;architecture de Venise est plac\u00e9e sous la direction g\u00e9n\u00e9rale de l&rsquo;architecte britannique David Chipperfield. Elle a pour th\u00e8me \u00ab Common Ground \u00bb. Yves Lion d\u00e9clinera ce th\u00e8me dans le Pavillon fran\u00e7ais et proposera une r\u00e9flexion \u00e0 partir des grands ensembles, de leur transformation et de leur r\u00f4le dans la constitution des villes. Il d\u00e9veloppera son propos \u00e0 partir de l&rsquo;\u00e9tude d&rsquo;un territoire de l&rsquo;Est parisien, v\u00e9ritable laboratoire de la m\u00e9tropole. L&rsquo;\u00e9cole nationale sup\u00e9rieure d&rsquo;architecture de la ville et des territoires de Marne-la-Vall\u00e9e sera associ\u00e9e \u00e0 sa d\u00e9marche. N\u00e9 \u00e0 Casablanca en 1945, Yves Lion est architecte-urbaniste et professeur. Il participe \u00e0 l&rsquo;\u00e9mergence d&rsquo;une \u00abarchitecture urbaine\u00bb depuis la cr\u00e9ation de son agence en 1974, avec pr\u00e8s de 6.000 logements sociaux ou priv\u00e9s \u00e0 ce jour. Militant de la ville, il r\u00e9alise des projets urbains sur de nombreux territoires en France (la Plaine Saint-Denis, le quartier du Neuhof \u00e0 Strasbourg, la cit\u00e9 de la M\u00e9diterran\u00e9e \u00e0 Marseille, le quartier Mass\u00e9na- Bruneseau \u00e0 Paris Rive Gauche, la recomposition de la Villeneuve de Grenoble) comme \u00e0 l&rsquo;\u00e9tranger, et collabore \u00e0 de nombreuses consultations internationales (Anvers, B\u00e2le, Berlin, Beyrouth, Casablanca, T\u00e9touan, Tokyo, S\u00e9oul&#8230;). Avec le groupe Descartes, il participe \u00e0 la consultation du Grand Paris en 2009. Ses r\u00e9alisations, notamment d&rsquo;\u00e9quipements publics, sont jalonn\u00e9es de nombreux prix (mention sp\u00e9ciale \u00e9querre d&rsquo;argent 1983 pour le palais de Justice de Draguignan, \u00e9querre d&rsquo;argent en 1989 pour le mus\u00e9e franco-am\u00e9ricain de Bl\u00e9rancourt, puis en 2003 pour l&rsquo;Ambassade de France \u00e0 Beyrouth). Grand Prix de l&rsquo;urbanisme 2007, Yves Lion a par ailleurs occup\u00e9 la fonction de vice-pr\u00e9sident du groupe Climat et Energie du Grenelle de l&rsquo;Environnement et est professeur \u00e0 l&rsquo;\u00e9cole nationale sup\u00e9rieure d&rsquo;architecture de la ville et des territoires de Marne-la-Vall\u00e9e, qu&rsquo;il a fond\u00e9e avec un groupe d&rsquo;enseignants et dirig\u00e9e de 1997 \u00e0 2001. Cette ann\u00e9e, 41 pays participeront \u00e0 cet \u00e9v\u00e9nement majeur, avec, pour la premi\u00e8re fois, la pr\u00e9sence du Kosovo, du Kowe\u00eft et du P\u00e9rou.<\/p>\n","protected":false},"excerpt":{"rendered":"<p>L&rsquo;Institut fran\u00e7ais et la direction g\u00e9n\u00e9rale des patrimoines du minist\u00e8re de la Culture et de la Communication ont confi\u00e9 \u00e0 l&rsquo;architecte-urbaniste Yves Lion le commissariat du Pavillon fran\u00e7ais de la prochaine Exposition internationale d&rsquo;architecture de Venise. Pour sa treizi\u00e8me \u00e9dition, la Biennale d&rsquo;architecture de Venise est plac\u00e9e sous la direction g\u00e9n\u00e9rale de l&rsquo;architecte britannique David [&hellip;]<\/p>\n","protected":false},"author":1,"featured_media":0,"comment_status":"open","ping_status":"closed","sticky":false,"template":"","format":"standard","meta":{"_et_pb_use_builder":"","_et_pb_old_content":"","_et_gb_content_width":"","footnotes":""},"categories":[6340],"tags":[],"class_list":["post-74519","post","type-post","status-publish","format-standard","hentry","category-architecture-conception"],"yoast_head":"<!-- This site is optimized with the Yoast SEO plugin v27.4 - https:\/\/yoast.com\/product\/yoast-seo-wordpress\/ -->\n<title>Yves Lion nomm\u00e9 commissaire du pavillon fran\u00e7ais \u00e0 la prochaine exposition internationale d&#039;architecture<\/title>\n<meta name=\"robots\" content=\"index, follow, max-snippet:-1, max-image-preview:large, max-video-preview:-1\" \/>\n<link rel=\"canonical\" href=\"https:\/\/batijournal.com\/index.php\/yves-lion-nomme-commissaire-du-pavillon-francais-a-la-prochaine-exposition-internationale-darchitecture\/74519\/\" \/>\n<meta property=\"og:locale\" content=\"fr_FR\" \/>\n<meta property=\"og:type\" content=\"article\" \/>\n<meta property=\"og:title\" content=\"Yves Lion nomm\u00e9 commissaire du pavillon fran\u00e7ais \u00e0 la prochaine exposition internationale d&#039;architecture\" \/>\n<meta property=\"og:description\" content=\"L&rsquo;Institut fran\u00e7ais et la direction g\u00e9n\u00e9rale des patrimoines du minist\u00e8re de la Culture et de la Communication ont confi\u00e9 \u00e0 l&rsquo;architecte-urbaniste Yves Lion le commissariat du Pavillon fran\u00e7ais de la prochaine Exposition internationale d&rsquo;architecture de Venise. Pour sa treizi\u00e8me \u00e9dition, la Biennale d&rsquo;architecture de Venise est plac\u00e9e sous la direction g\u00e9n\u00e9rale de l&rsquo;architecte britannique David [&hellip;]\" \/>\n<meta property=\"og:url\" content=\"https:\/\/batijournal.com\/index.php\/yves-lion-nomme-commissaire-du-pavillon-francais-a-la-prochaine-exposition-internationale-darchitecture\/74519\/\" \/>\n<meta property=\"og:site_name\" content=\"Batijournal\" \/>\n<meta property=\"article:published_time\" content=\"2012-02-20T23:00:00+00:00\" \/>\n<meta property=\"article:modified_time\" content=\"2019-07-15T09:35:34+00:00\" \/>\n<meta name=\"author\" content=\"Bati-journal\" \/>\n<meta name=\"twitter:card\" content=\"summary_large_image\" \/>\n<meta name=\"twitter:creator\" content=\"@bati_journal\" \/>\n<meta name=\"twitter:site\" content=\"@bati_journal\" \/>\n<meta name=\"twitter:label1\" content=\"\u00c9crit par\" \/>\n\t<meta name=\"twitter:data1\" content=\"Bati-journal\" \/>\n\t<meta name=\"twitter:label2\" content=\"Dur\u00e9e de lecture estim\u00e9e\" \/>\n\t<meta name=\"twitter:data2\" content=\"2 minutes\" \/>\n<script type=\"application\/ld+json\" class=\"yoast-schema-graph\">{\"@context\":\"https:\\\/\\\/schema.org\",\"@graph\":[{\"@type\":\"Article\",\"@id\":\"https:\\\/\\\/batijournal.com\\\/index.php\\\/yves-lion-nomme-commissaire-du-pavillon-francais-a-la-prochaine-exposition-internationale-darchitecture\\\/74519\\\/#article\",\"isPartOf\":{\"@id\":\"https:\\\/\\\/batijournal.com\\\/index.php\\\/yves-lion-nomme-commissaire-du-pavillon-francais-a-la-prochaine-exposition-internationale-darchitecture\\\/74519\\\/\"},\"author\":{\"name\":\"Bati-journal\",\"@id\":\"https:\\\/\\\/batijournal.com\\\/#\\\/schema\\\/person\\\/6a657e8967569e1b299972574848aa76\"},\"headline\":\"Yves Lion nomm\u00e9 commissaire du pavillon fran\u00e7ais \u00e0 la prochaine exposition internationale d&rsquo;architecture\",\"datePublished\":\"2012-02-20T23:00:00+00:00\",\"dateModified\":\"2019-07-15T09:35:34+00:00\",\"mainEntityOfPage\":{\"@id\":\"https:\\\/\\\/batijournal.com\\\/index.php\\\/yves-lion-nomme-commissaire-du-pavillon-francais-a-la-prochaine-exposition-internationale-darchitecture\\\/74519\\\/\"},\"wordCount\":417,\"commentCount\":0,\"articleSection\":[\"Architecture &amp; Conception\"],\"inLanguage\":\"fr-FR\",\"potentialAction\":[{\"@type\":\"CommentAction\",\"name\":\"Comment\",\"target\":[\"https:\\\/\\\/batijournal.com\\\/index.php\\\/yves-lion-nomme-commissaire-du-pavillon-francais-a-la-prochaine-exposition-internationale-darchitecture\\\/74519\\\/#respond\"]}]},{\"@type\":\"WebPage\",\"@id\":\"https:\\\/\\\/batijournal.com\\\/index.php\\\/yves-lion-nomme-commissaire-du-pavillon-francais-a-la-prochaine-exposition-internationale-darchitecture\\\/74519\\\/\",\"url\":\"https:\\\/\\\/batijournal.com\\\/index.php\\\/yves-lion-nomme-commissaire-du-pavillon-francais-a-la-prochaine-exposition-internationale-darchitecture\\\/74519\\\/\",\"name\":\"Yves Lion nomm\u00e9 commissaire du pavillon fran\u00e7ais \u00e0 la prochaine exposition internationale d'architecture\",\"isPartOf\":{\"@id\":\"https:\\\/\\\/batijournal.com\\\/#website\"},\"datePublished\":\"2012-02-20T23:00:00+00:00\",\"dateModified\":\"2019-07-15T09:35:34+00:00\",\"author\":{\"@id\":\"https:\\\/\\\/batijournal.com\\\/#\\\/schema\\\/person\\\/6a657e8967569e1b299972574848aa76\"},\"breadcrumb\":{\"@id\":\"https:\\\/\\\/batijournal.com\\\/index.php\\\/yves-lion-nomme-commissaire-du-pavillon-francais-a-la-prochaine-exposition-internationale-darchitecture\\\/74519\\\/#breadcrumb\"},\"inLanguage\":\"fr-FR\",\"potentialAction\":[{\"@type\":\"ReadAction\",\"target\":[\"https:\\\/\\\/batijournal.com\\\/index.php\\\/yves-lion-nomme-commissaire-du-pavillon-francais-a-la-prochaine-exposition-internationale-darchitecture\\\/74519\\\/\"]}]},{\"@type\":\"BreadcrumbList\",\"@id\":\"https:\\\/\\\/batijournal.com\\\/index.php\\\/yves-lion-nomme-commissaire-du-pavillon-francais-a-la-prochaine-exposition-internationale-darchitecture\\\/74519\\\/#breadcrumb\",\"itemListElement\":[{\"@type\":\"ListItem\",\"position\":1,\"name\":\"Accueil\",\"item\":\"https:\\\/\\\/batijournal.com\\\/\"},{\"@type\":\"ListItem\",\"position\":2,\"name\":\"Actualit\u00e9s\",\"item\":\"https:\\\/\\\/batijournal.com\\\/index.php\\\/category\\\/actualites\\\/\"},{\"@type\":\"ListItem\",\"position\":3,\"name\":\"Architecture &amp; Conception\",\"item\":\"https:\\\/\\\/batijournal.com\\\/index.php\\\/category\\\/actualites\\\/architecture-conception\\\/\"},{\"@type\":\"ListItem\",\"position\":4,\"name\":\"Yves Lion nomm\u00e9 commissaire du pavillon fran\u00e7ais \u00e0 la prochaine exposition internationale d&rsquo;architecture\"}]},{\"@type\":\"WebSite\",\"@id\":\"https:\\\/\\\/batijournal.com\\\/#website\",\"url\":\"https:\\\/\\\/batijournal.com\\\/\",\"name\":\"Batijournal\",\"description\":\"L&#039;actualit\u00e9 du b\u00e2timent\",\"potentialAction\":[{\"@type\":\"SearchAction\",\"target\":{\"@type\":\"EntryPoint\",\"urlTemplate\":\"https:\\\/\\\/batijournal.com\\\/?s={search_term_string}\"},\"query-input\":{\"@type\":\"PropertyValueSpecification\",\"valueRequired\":true,\"valueName\":\"search_term_string\"}}],\"inLanguage\":\"fr-FR\"},{\"@type\":\"Person\",\"@id\":\"https:\\\/\\\/batijournal.com\\\/#\\\/schema\\\/person\\\/6a657e8967569e1b299972574848aa76\",\"name\":\"Bati-journal\",\"image\":{\"@type\":\"ImageObject\",\"inLanguage\":\"fr-FR\",\"@id\":\"https:\\\/\\\/secure.gravatar.com\\\/avatar\\\/a64364ea26392f9b4dd47e017ddaec74ff03aefc073b49e492e847201258f777?s=96&d=mm&r=g\",\"url\":\"https:\\\/\\\/secure.gravatar.com\\\/avatar\\\/a64364ea26392f9b4dd47e017ddaec74ff03aefc073b49e492e847201258f777?s=96&d=mm&r=g\",\"contentUrl\":\"https:\\\/\\\/secure.gravatar.com\\\/avatar\\\/a64364ea26392f9b4dd47e017ddaec74ff03aefc073b49e492e847201258f777?s=96&d=mm&r=g\",\"caption\":\"Bati-journal\"},\"url\":\"https:\\\/\\\/batijournal.com\\\/index.php\\\/author\\\/elodie\\\/\"}]}<\/script>\n<!-- \/ Yoast SEO plugin. -->","yoast_head_json":{"title":"Yves Lion nomm\u00e9 commissaire du pavillon fran\u00e7ais \u00e0 la prochaine exposition internationale d'architecture","robots":{"index":"index","follow":"follow","max-snippet":"max-snippet:-1","max-image-preview":"max-image-preview:large","max-video-preview":"max-video-preview:-1"},"canonical":"https:\/\/batijournal.com\/index.php\/yves-lion-nomme-commissaire-du-pavillon-francais-a-la-prochaine-exposition-internationale-darchitecture\/74519\/","og_locale":"fr_FR","og_type":"article","og_title":"Yves Lion nomm\u00e9 commissaire du pavillon fran\u00e7ais \u00e0 la prochaine exposition internationale d'architecture","og_description":"L&rsquo;Institut fran\u00e7ais et la direction g\u00e9n\u00e9rale des patrimoines du minist\u00e8re de la Culture et de la Communication ont confi\u00e9 \u00e0 l&rsquo;architecte-urbaniste Yves Lion le commissariat du Pavillon fran\u00e7ais de la prochaine Exposition internationale d&rsquo;architecture de Venise. Pour sa treizi\u00e8me \u00e9dition, la Biennale d&rsquo;architecture de Venise est plac\u00e9e sous la direction g\u00e9n\u00e9rale de l&rsquo;architecte britannique David [&hellip;]","og_url":"https:\/\/batijournal.com\/index.php\/yves-lion-nomme-commissaire-du-pavillon-francais-a-la-prochaine-exposition-internationale-darchitecture\/74519\/","og_site_name":"Batijournal","article_published_time":"2012-02-20T23:00:00+00:00","article_modified_time":"2019-07-15T09:35:34+00:00","author":"Bati-journal","twitter_card":"summary_large_image","twitter_creator":"@bati_journal","twitter_site":"@bati_journal","twitter_misc":{"\u00c9crit par":"Bati-journal","Dur\u00e9e de lecture estim\u00e9e":"2 minutes"},"schema":{"@context":"https:\/\/schema.org","@graph":[{"@type":"Article","@id":"https:\/\/batijournal.com\/index.php\/yves-lion-nomme-commissaire-du-pavillon-francais-a-la-prochaine-exposition-internationale-darchitecture\/74519\/#article","isPartOf":{"@id":"https:\/\/batijournal.com\/index.php\/yves-lion-nomme-commissaire-du-pavillon-francais-a-la-prochaine-exposition-internationale-darchitecture\/74519\/"},"author":{"name":"Bati-journal","@id":"https:\/\/batijournal.com\/#\/schema\/person\/6a657e8967569e1b299972574848aa76"},"headline":"Yves Lion nomm\u00e9 commissaire du pavillon fran\u00e7ais \u00e0 la prochaine exposition internationale d&rsquo;architecture","datePublished":"2012-02-20T23:00:00+00:00","dateModified":"2019-07-15T09:35:34+00:00","mainEntityOfPage":{"@id":"https:\/\/batijournal.com\/index.php\/yves-lion-nomme-commissaire-du-pavillon-francais-a-la-prochaine-exposition-internationale-darchitecture\/74519\/"},"wordCount":417,"commentCount":0,"articleSection":["Architecture &amp; Conception"],"inLanguage":"fr-FR","potentialAction":[{"@type":"CommentAction","name":"Comment","target":["https:\/\/batijournal.com\/index.php\/yves-lion-nomme-commissaire-du-pavillon-francais-a-la-prochaine-exposition-internationale-darchitecture\/74519\/#respond"]}]},{"@type":"WebPage","@id":"https:\/\/batijournal.com\/index.php\/yves-lion-nomme-commissaire-du-pavillon-francais-a-la-prochaine-exposition-internationale-darchitecture\/74519\/","url":"https:\/\/batijournal.com\/index.php\/yves-lion-nomme-commissaire-du-pavillon-francais-a-la-prochaine-exposition-internationale-darchitecture\/74519\/","name":"Yves Lion nomm\u00e9 commissaire du pavillon fran\u00e7ais \u00e0 la prochaine exposition internationale d'architecture","isPartOf":{"@id":"https:\/\/batijournal.com\/#website"},"datePublished":"2012-02-20T23:00:00+00:00","dateModified":"2019-07-15T09:35:34+00:00","author":{"@id":"https:\/\/batijournal.com\/#\/schema\/person\/6a657e8967569e1b299972574848aa76"},"breadcrumb":{"@id":"https:\/\/batijournal.com\/index.php\/yves-lion-nomme-commissaire-du-pavillon-francais-a-la-prochaine-exposition-internationale-darchitecture\/74519\/#breadcrumb"},"inLanguage":"fr-FR","potentialAction":[{"@type":"ReadAction","target":["https:\/\/batijournal.com\/index.php\/yves-lion-nomme-commissaire-du-pavillon-francais-a-la-prochaine-exposition-internationale-darchitecture\/74519\/"]}]},{"@type":"BreadcrumbList","@id":"https:\/\/batijournal.com\/index.php\/yves-lion-nomme-commissaire-du-pavillon-francais-a-la-prochaine-exposition-internationale-darchitecture\/74519\/#breadcrumb","itemListElement":[{"@type":"ListItem","position":1,"name":"Accueil","item":"https:\/\/batijournal.com\/"},{"@type":"ListItem","position":2,"name":"Actualit\u00e9s","item":"https:\/\/batijournal.com\/index.php\/category\/actualites\/"},{"@type":"ListItem","position":3,"name":"Architecture &amp; Conception","item":"https:\/\/batijournal.com\/index.php\/category\/actualites\/architecture-conception\/"},{"@type":"ListItem","position":4,"name":"Yves Lion nomm\u00e9 commissaire du pavillon fran\u00e7ais \u00e0 la prochaine exposition internationale d&rsquo;architecture"}]},{"@type":"WebSite","@id":"https:\/\/batijournal.com\/#website","url":"https:\/\/batijournal.com\/","name":"Batijournal","description":"L&#039;actualit\u00e9 du b\u00e2timent","potentialAction":[{"@type":"SearchAction","target":{"@type":"EntryPoint","urlTemplate":"https:\/\/batijournal.com\/?s={search_term_string}"},"query-input":{"@type":"PropertyValueSpecification","valueRequired":true,"valueName":"search_term_string"}}],"inLanguage":"fr-FR"},{"@type":"Person","@id":"https:\/\/batijournal.com\/#\/schema\/person\/6a657e8967569e1b299972574848aa76","name":"Bati-journal","image":{"@type":"ImageObject","inLanguage":"fr-FR","@id":"https:\/\/secure.gravatar.com\/avatar\/a64364ea26392f9b4dd47e017ddaec74ff03aefc073b49e492e847201258f777?s=96&d=mm&r=g","url":"https:\/\/secure.gravatar.com\/avatar\/a64364ea26392f9b4dd47e017ddaec74ff03aefc073b49e492e847201258f777?s=96&d=mm&r=g","contentUrl":"https:\/\/secure.gravatar.com\/avatar\/a64364ea26392f9b4dd47e017ddaec74ff03aefc073b49e492e847201258f777?s=96&d=mm&r=g","caption":"Bati-journal"},"url":"https:\/\/batijournal.com\/index.php\/author\/elodie\/"}]}},"_links":{"self":[{"href":"https:\/\/batijournal.com\/index.php\/wp-json\/wp\/v2\/posts\/74519","targetHints":{"allow":["GET"]}}],"collection":[{"href":"https:\/\/batijournal.com\/index.php\/wp-json\/wp\/v2\/posts"}],"about":[{"href":"https:\/\/batijournal.com\/index.php\/wp-json\/wp\/v2\/types\/post"}],"author":[{"embeddable":true,"href":"https:\/\/batijournal.com\/index.php\/wp-json\/wp\/v2\/users\/1"}],"replies":[{"embeddable":true,"href":"https:\/\/batijournal.com\/index.php\/wp-json\/wp\/v2\/comments?post=74519"}],"version-history":[{"count":0,"href":"https:\/\/batijournal.com\/index.php\/wp-json\/wp\/v2\/posts\/74519\/revisions"}],"wp:attachment":[{"href":"https:\/\/batijournal.com\/index.php\/wp-json\/wp\/v2\/media?parent=74519"}],"wp:term":[{"taxonomy":"category","embeddable":true,"href":"https:\/\/batijournal.com\/index.php\/wp-json\/wp\/v2\/categories?post=74519"},{"taxonomy":"post_tag","embeddable":true,"href":"https:\/\/batijournal.com\/index.php\/wp-json\/wp\/v2\/tags?post=74519"}],"curies":[{"name":"wp","href":"https:\/\/api.w.org\/{rel}","templated":true}]}}