{"id":74530,"date":"2012-03-21T00:00:00","date_gmt":"2012-03-20T23:00:00","guid":{"rendered":"http:\/\/b.bati-journal.com\/le-ministere-de-la-culture-presente-restaurer-lexcellence-a-loeuvre\/74530"},"modified":"2019-07-15T11:35:33","modified_gmt":"2019-07-15T09:35:33","slug":"le-ministere-de-la-culture-presente-restaurer-lexcellence-a-loeuvre","status":"publish","type":"post","link":"https:\/\/batijournal.com\/index.php\/le-ministere-de-la-culture-presente-restaurer-lexcellence-a-loeuvre\/74530\/","title":{"rendered":"Le minist\u00e8re de la Culture pr\u00e9sente : Restaurer : l&rsquo;excellence \u00e0 l&rsquo;oeuvre"},"content":{"rendered":"<p>Du 30 mars au 8 mai 2012, le minist\u00e8re de la Culture et de la Communication accueille une exposition d\u00e9di\u00e9e au d\u00e9partement des restaurateurs de l&rsquo;Institut national du patrimoine (Inp). Cette exposition s&rsquo;inscrit dans le cycle initi\u00e9 par le minist\u00e8re autour de la transmission des savoir-faire d&rsquo;excellence. Cette exposition est l&rsquo;occasion de c\u00e9l\u00e9brer le trenti\u00e8me anniversaire du premier dipl\u00f4me de restaurateur du patrimoine, d\u00e9livr\u00e9 \u00e0 l&rsquo;\u00e9poque par l&rsquo;Institut fran\u00e7ais de restauration des oeuvres d&rsquo;art (IFROA). Cr\u00e9\u00e9 en 1977, l&rsquo;Institut Fran\u00e7ais de Restauration des \u00bbuvres d&rsquo;Art (IFROA) s&rsquo;est int\u00e9gr\u00e9 \u00e0 l&rsquo;Inp en 1996, le dipl\u00f4me devenant un Master en 5 ans en 2005. L&rsquo;exposition mettra en valeur le partenariat p\u00e9dagogique tout \u00e0 fait sp\u00e9cifique nou\u00e9 entre Air France et l&rsquo;Inp. Air France, qui poss\u00e8de des collections patrimoniales importantes et diversifi\u00e9es, et l&rsquo;Inp ont sign\u00e9 en 2010 une convention, dont l&rsquo;objet est de d\u00e9velopper un partenariat centr\u00e9 sur la formation. Dans ce cadre, Air France accueille des stages, des s\u00e9minaires ou des chantiers-\u00e9cole effectu\u00e9s par les \u00e9l\u00e8ves restaurateurs et conservateurs. De son c\u00f4t\u00e9, l&rsquo;Inp propose au personnel en charge des collections d&rsquo;Air France des modules de formation, des prestations de conseil ou d&rsquo;assistance technique, selon un programme annuel \u00e9tabli conjointement.Vitrines du p\u00e9ristyle et de la galerie de Valois &#8211; Acc\u00e8s libre tous les jours de la semaine de 7h30 \u00e0 20h30.<\/p>\n","protected":false},"excerpt":{"rendered":"<p>Du 30 mars au 8 mai 2012, le minist\u00e8re de la Culture et de la Communication accueille une exposition d\u00e9di\u00e9e au d\u00e9partement des restaurateurs de l&rsquo;Institut national du patrimoine (Inp). Cette exposition s&rsquo;inscrit dans le cycle initi\u00e9 par le minist\u00e8re autour de la transmission des savoir-faire d&rsquo;excellence. Cette exposition est l&rsquo;occasion de c\u00e9l\u00e9brer le trenti\u00e8me [&hellip;]<\/p>\n","protected":false},"author":1,"featured_media":0,"comment_status":"open","ping_status":"closed","sticky":false,"template":"","format":"standard","meta":{"_et_pb_use_builder":"","_et_pb_old_content":"","_et_gb_content_width":"","footnotes":""},"categories":[6340],"tags":[6004],"class_list":["post-74530","post","type-post","status-publish","format-standard","hentry","category-architecture-conception","tag-ministere-de-la-culture"],"yoast_head":"<!-- This site is optimized with the Yoast SEO plugin v27.4 - https:\/\/yoast.com\/product\/yoast-seo-wordpress\/ -->\n<title>Le minist\u00e8re de la Culture pr\u00e9sente : Restaurer : l&#039;excellence \u00e0 l&#039;oeuvre<\/title>\n<meta name=\"robots\" content=\"index, follow, max-snippet:-1, max-image-preview:large, max-video-preview:-1\" \/>\n<link rel=\"canonical\" href=\"https:\/\/batijournal.com\/index.php\/le-ministere-de-la-culture-presente-restaurer-lexcellence-a-loeuvre\/74530\/\" \/>\n<meta property=\"og:locale\" content=\"fr_FR\" \/>\n<meta property=\"og:type\" content=\"article\" \/>\n<meta property=\"og:title\" content=\"Le minist\u00e8re de la Culture pr\u00e9sente : Restaurer : l&#039;excellence \u00e0 l&#039;oeuvre\" \/>\n<meta property=\"og:description\" content=\"Du 30 mars au 8 mai 2012, le minist\u00e8re de la Culture et de la Communication accueille une exposition d\u00e9di\u00e9e au d\u00e9partement des restaurateurs de l&rsquo;Institut national du patrimoine (Inp). Cette exposition s&rsquo;inscrit dans le cycle initi\u00e9 par le minist\u00e8re autour de la transmission des savoir-faire d&rsquo;excellence. Cette exposition est l&rsquo;occasion de c\u00e9l\u00e9brer le trenti\u00e8me [&hellip;]\" \/>\n<meta property=\"og:url\" content=\"https:\/\/batijournal.com\/index.php\/le-ministere-de-la-culture-presente-restaurer-lexcellence-a-loeuvre\/74530\/\" \/>\n<meta property=\"og:site_name\" content=\"Batijournal\" \/>\n<meta property=\"article:published_time\" content=\"2012-03-20T23:00:00+00:00\" \/>\n<meta property=\"article:modified_time\" content=\"2019-07-15T09:35:33+00:00\" \/>\n<meta name=\"author\" content=\"Bati-journal\" \/>\n<meta name=\"twitter:card\" content=\"summary_large_image\" \/>\n<meta name=\"twitter:creator\" content=\"@bati_journal\" \/>\n<meta name=\"twitter:site\" content=\"@bati_journal\" \/>\n<meta name=\"twitter:label1\" content=\"\u00c9crit par\" \/>\n\t<meta name=\"twitter:data1\" content=\"Bati-journal\" \/>\n\t<meta name=\"twitter:label2\" content=\"Dur\u00e9e de lecture estim\u00e9e\" \/>\n\t<meta name=\"twitter:data2\" content=\"1 minute\" \/>\n<script type=\"application\/ld+json\" class=\"yoast-schema-graph\">{\"@context\":\"https:\\\/\\\/schema.org\",\"@graph\":[{\"@type\":\"Article\",\"@id\":\"https:\\\/\\\/batijournal.com\\\/index.php\\\/le-ministere-de-la-culture-presente-restaurer-lexcellence-a-loeuvre\\\/74530\\\/#article\",\"isPartOf\":{\"@id\":\"https:\\\/\\\/batijournal.com\\\/index.php\\\/le-ministere-de-la-culture-presente-restaurer-lexcellence-a-loeuvre\\\/74530\\\/\"},\"author\":{\"name\":\"Bati-journal\",\"@id\":\"https:\\\/\\\/batijournal.com\\\/#\\\/schema\\\/person\\\/6a657e8967569e1b299972574848aa76\"},\"headline\":\"Le minist\u00e8re de la Culture pr\u00e9sente : Restaurer : l&rsquo;excellence \u00e0 l&rsquo;oeuvre\",\"datePublished\":\"2012-03-20T23:00:00+00:00\",\"dateModified\":\"2019-07-15T09:35:33+00:00\",\"mainEntityOfPage\":{\"@id\":\"https:\\\/\\\/batijournal.com\\\/index.php\\\/le-ministere-de-la-culture-presente-restaurer-lexcellence-a-loeuvre\\\/74530\\\/\"},\"wordCount\":265,\"commentCount\":0,\"keywords\":[\"minist\u00e8re de la culture\"],\"articleSection\":[\"Architecture &amp; Conception\"],\"inLanguage\":\"fr-FR\",\"potentialAction\":[{\"@type\":\"CommentAction\",\"name\":\"Comment\",\"target\":[\"https:\\\/\\\/batijournal.com\\\/index.php\\\/le-ministere-de-la-culture-presente-restaurer-lexcellence-a-loeuvre\\\/74530\\\/#respond\"]}]},{\"@type\":\"WebPage\",\"@id\":\"https:\\\/\\\/batijournal.com\\\/index.php\\\/le-ministere-de-la-culture-presente-restaurer-lexcellence-a-loeuvre\\\/74530\\\/\",\"url\":\"https:\\\/\\\/batijournal.com\\\/index.php\\\/le-ministere-de-la-culture-presente-restaurer-lexcellence-a-loeuvre\\\/74530\\\/\",\"name\":\"Le minist\u00e8re de la Culture pr\u00e9sente : Restaurer : l'excellence \u00e0 l'oeuvre\",\"isPartOf\":{\"@id\":\"https:\\\/\\\/batijournal.com\\\/#website\"},\"datePublished\":\"2012-03-20T23:00:00+00:00\",\"dateModified\":\"2019-07-15T09:35:33+00:00\",\"author\":{\"@id\":\"https:\\\/\\\/batijournal.com\\\/#\\\/schema\\\/person\\\/6a657e8967569e1b299972574848aa76\"},\"breadcrumb\":{\"@id\":\"https:\\\/\\\/batijournal.com\\\/index.php\\\/le-ministere-de-la-culture-presente-restaurer-lexcellence-a-loeuvre\\\/74530\\\/#breadcrumb\"},\"inLanguage\":\"fr-FR\",\"potentialAction\":[{\"@type\":\"ReadAction\",\"target\":[\"https:\\\/\\\/batijournal.com\\\/index.php\\\/le-ministere-de-la-culture-presente-restaurer-lexcellence-a-loeuvre\\\/74530\\\/\"]}]},{\"@type\":\"BreadcrumbList\",\"@id\":\"https:\\\/\\\/batijournal.com\\\/index.php\\\/le-ministere-de-la-culture-presente-restaurer-lexcellence-a-loeuvre\\\/74530\\\/#breadcrumb\",\"itemListElement\":[{\"@type\":\"ListItem\",\"position\":1,\"name\":\"Accueil\",\"item\":\"https:\\\/\\\/batijournal.com\\\/\"},{\"@type\":\"ListItem\",\"position\":2,\"name\":\"Actualit\u00e9s\",\"item\":\"https:\\\/\\\/batijournal.com\\\/index.php\\\/category\\\/actualites\\\/\"},{\"@type\":\"ListItem\",\"position\":3,\"name\":\"Architecture &amp; Conception\",\"item\":\"https:\\\/\\\/batijournal.com\\\/index.php\\\/category\\\/actualites\\\/architecture-conception\\\/\"},{\"@type\":\"ListItem\",\"position\":4,\"name\":\"Le minist\u00e8re de la Culture pr\u00e9sente : Restaurer : l&rsquo;excellence \u00e0 l&rsquo;oeuvre\"}]},{\"@type\":\"WebSite\",\"@id\":\"https:\\\/\\\/batijournal.com\\\/#website\",\"url\":\"https:\\\/\\\/batijournal.com\\\/\",\"name\":\"Batijournal\",\"description\":\"L&#039;actualit\u00e9 du b\u00e2timent\",\"potentialAction\":[{\"@type\":\"SearchAction\",\"target\":{\"@type\":\"EntryPoint\",\"urlTemplate\":\"https:\\\/\\\/batijournal.com\\\/?s={search_term_string}\"},\"query-input\":{\"@type\":\"PropertyValueSpecification\",\"valueRequired\":true,\"valueName\":\"search_term_string\"}}],\"inLanguage\":\"fr-FR\"},{\"@type\":\"Person\",\"@id\":\"https:\\\/\\\/batijournal.com\\\/#\\\/schema\\\/person\\\/6a657e8967569e1b299972574848aa76\",\"name\":\"Bati-journal\",\"image\":{\"@type\":\"ImageObject\",\"inLanguage\":\"fr-FR\",\"@id\":\"https:\\\/\\\/secure.gravatar.com\\\/avatar\\\/a64364ea26392f9b4dd47e017ddaec74ff03aefc073b49e492e847201258f777?s=96&d=mm&r=g\",\"url\":\"https:\\\/\\\/secure.gravatar.com\\\/avatar\\\/a64364ea26392f9b4dd47e017ddaec74ff03aefc073b49e492e847201258f777?s=96&d=mm&r=g\",\"contentUrl\":\"https:\\\/\\\/secure.gravatar.com\\\/avatar\\\/a64364ea26392f9b4dd47e017ddaec74ff03aefc073b49e492e847201258f777?s=96&d=mm&r=g\",\"caption\":\"Bati-journal\"},\"url\":\"https:\\\/\\\/batijournal.com\\\/index.php\\\/author\\\/elodie\\\/\"}]}<\/script>\n<!-- \/ Yoast SEO plugin. -->","yoast_head_json":{"title":"Le minist\u00e8re de la Culture pr\u00e9sente : Restaurer : l'excellence \u00e0 l'oeuvre","robots":{"index":"index","follow":"follow","max-snippet":"max-snippet:-1","max-image-preview":"max-image-preview:large","max-video-preview":"max-video-preview:-1"},"canonical":"https:\/\/batijournal.com\/index.php\/le-ministere-de-la-culture-presente-restaurer-lexcellence-a-loeuvre\/74530\/","og_locale":"fr_FR","og_type":"article","og_title":"Le minist\u00e8re de la Culture pr\u00e9sente : Restaurer : l'excellence \u00e0 l'oeuvre","og_description":"Du 30 mars au 8 mai 2012, le minist\u00e8re de la Culture et de la Communication accueille une exposition d\u00e9di\u00e9e au d\u00e9partement des restaurateurs de l&rsquo;Institut national du patrimoine (Inp). Cette exposition s&rsquo;inscrit dans le cycle initi\u00e9 par le minist\u00e8re autour de la transmission des savoir-faire d&rsquo;excellence. Cette exposition est l&rsquo;occasion de c\u00e9l\u00e9brer le trenti\u00e8me [&hellip;]","og_url":"https:\/\/batijournal.com\/index.php\/le-ministere-de-la-culture-presente-restaurer-lexcellence-a-loeuvre\/74530\/","og_site_name":"Batijournal","article_published_time":"2012-03-20T23:00:00+00:00","article_modified_time":"2019-07-15T09:35:33+00:00","author":"Bati-journal","twitter_card":"summary_large_image","twitter_creator":"@bati_journal","twitter_site":"@bati_journal","twitter_misc":{"\u00c9crit par":"Bati-journal","Dur\u00e9e de lecture estim\u00e9e":"1 minute"},"schema":{"@context":"https:\/\/schema.org","@graph":[{"@type":"Article","@id":"https:\/\/batijournal.com\/index.php\/le-ministere-de-la-culture-presente-restaurer-lexcellence-a-loeuvre\/74530\/#article","isPartOf":{"@id":"https:\/\/batijournal.com\/index.php\/le-ministere-de-la-culture-presente-restaurer-lexcellence-a-loeuvre\/74530\/"},"author":{"name":"Bati-journal","@id":"https:\/\/batijournal.com\/#\/schema\/person\/6a657e8967569e1b299972574848aa76"},"headline":"Le minist\u00e8re de la Culture pr\u00e9sente : Restaurer : l&rsquo;excellence \u00e0 l&rsquo;oeuvre","datePublished":"2012-03-20T23:00:00+00:00","dateModified":"2019-07-15T09:35:33+00:00","mainEntityOfPage":{"@id":"https:\/\/batijournal.com\/index.php\/le-ministere-de-la-culture-presente-restaurer-lexcellence-a-loeuvre\/74530\/"},"wordCount":265,"commentCount":0,"keywords":["minist\u00e8re de la culture"],"articleSection":["Architecture &amp; Conception"],"inLanguage":"fr-FR","potentialAction":[{"@type":"CommentAction","name":"Comment","target":["https:\/\/batijournal.com\/index.php\/le-ministere-de-la-culture-presente-restaurer-lexcellence-a-loeuvre\/74530\/#respond"]}]},{"@type":"WebPage","@id":"https:\/\/batijournal.com\/index.php\/le-ministere-de-la-culture-presente-restaurer-lexcellence-a-loeuvre\/74530\/","url":"https:\/\/batijournal.com\/index.php\/le-ministere-de-la-culture-presente-restaurer-lexcellence-a-loeuvre\/74530\/","name":"Le minist\u00e8re de la Culture pr\u00e9sente : Restaurer : l'excellence \u00e0 l'oeuvre","isPartOf":{"@id":"https:\/\/batijournal.com\/#website"},"datePublished":"2012-03-20T23:00:00+00:00","dateModified":"2019-07-15T09:35:33+00:00","author":{"@id":"https:\/\/batijournal.com\/#\/schema\/person\/6a657e8967569e1b299972574848aa76"},"breadcrumb":{"@id":"https:\/\/batijournal.com\/index.php\/le-ministere-de-la-culture-presente-restaurer-lexcellence-a-loeuvre\/74530\/#breadcrumb"},"inLanguage":"fr-FR","potentialAction":[{"@type":"ReadAction","target":["https:\/\/batijournal.com\/index.php\/le-ministere-de-la-culture-presente-restaurer-lexcellence-a-loeuvre\/74530\/"]}]},{"@type":"BreadcrumbList","@id":"https:\/\/batijournal.com\/index.php\/le-ministere-de-la-culture-presente-restaurer-lexcellence-a-loeuvre\/74530\/#breadcrumb","itemListElement":[{"@type":"ListItem","position":1,"name":"Accueil","item":"https:\/\/batijournal.com\/"},{"@type":"ListItem","position":2,"name":"Actualit\u00e9s","item":"https:\/\/batijournal.com\/index.php\/category\/actualites\/"},{"@type":"ListItem","position":3,"name":"Architecture &amp; Conception","item":"https:\/\/batijournal.com\/index.php\/category\/actualites\/architecture-conception\/"},{"@type":"ListItem","position":4,"name":"Le minist\u00e8re de la Culture pr\u00e9sente : Restaurer : l&rsquo;excellence \u00e0 l&rsquo;oeuvre"}]},{"@type":"WebSite","@id":"https:\/\/batijournal.com\/#website","url":"https:\/\/batijournal.com\/","name":"Batijournal","description":"L&#039;actualit\u00e9 du b\u00e2timent","potentialAction":[{"@type":"SearchAction","target":{"@type":"EntryPoint","urlTemplate":"https:\/\/batijournal.com\/?s={search_term_string}"},"query-input":{"@type":"PropertyValueSpecification","valueRequired":true,"valueName":"search_term_string"}}],"inLanguage":"fr-FR"},{"@type":"Person","@id":"https:\/\/batijournal.com\/#\/schema\/person\/6a657e8967569e1b299972574848aa76","name":"Bati-journal","image":{"@type":"ImageObject","inLanguage":"fr-FR","@id":"https:\/\/secure.gravatar.com\/avatar\/a64364ea26392f9b4dd47e017ddaec74ff03aefc073b49e492e847201258f777?s=96&d=mm&r=g","url":"https:\/\/secure.gravatar.com\/avatar\/a64364ea26392f9b4dd47e017ddaec74ff03aefc073b49e492e847201258f777?s=96&d=mm&r=g","contentUrl":"https:\/\/secure.gravatar.com\/avatar\/a64364ea26392f9b4dd47e017ddaec74ff03aefc073b49e492e847201258f777?s=96&d=mm&r=g","caption":"Bati-journal"},"url":"https:\/\/batijournal.com\/index.php\/author\/elodie\/"}]}},"_links":{"self":[{"href":"https:\/\/batijournal.com\/index.php\/wp-json\/wp\/v2\/posts\/74530","targetHints":{"allow":["GET"]}}],"collection":[{"href":"https:\/\/batijournal.com\/index.php\/wp-json\/wp\/v2\/posts"}],"about":[{"href":"https:\/\/batijournal.com\/index.php\/wp-json\/wp\/v2\/types\/post"}],"author":[{"embeddable":true,"href":"https:\/\/batijournal.com\/index.php\/wp-json\/wp\/v2\/users\/1"}],"replies":[{"embeddable":true,"href":"https:\/\/batijournal.com\/index.php\/wp-json\/wp\/v2\/comments?post=74530"}],"version-history":[{"count":0,"href":"https:\/\/batijournal.com\/index.php\/wp-json\/wp\/v2\/posts\/74530\/revisions"}],"wp:attachment":[{"href":"https:\/\/batijournal.com\/index.php\/wp-json\/wp\/v2\/media?parent=74530"}],"wp:term":[{"taxonomy":"category","embeddable":true,"href":"https:\/\/batijournal.com\/index.php\/wp-json\/wp\/v2\/categories?post=74530"},{"taxonomy":"post_tag","embeddable":true,"href":"https:\/\/batijournal.com\/index.php\/wp-json\/wp\/v2\/tags?post=74530"}],"curies":[{"name":"wp","href":"https:\/\/api.w.org\/{rel}","templated":true}]}}