{"id":74563,"date":"2012-07-13T16:06:37","date_gmt":"2012-07-13T14:06:37","guid":{"rendered":"http:\/\/b.bati-journal.com\/chene-de-france-panaget-lance-sa-premiere-collection-de-bois-mural\/74563"},"modified":"2019-07-15T11:35:30","modified_gmt":"2019-07-15T09:35:30","slug":"chene-de-france-panaget-lance-sa-premiere-collection-de-bois-mural","status":"publish","type":"post","link":"https:\/\/batijournal.com\/index.php\/chene-de-france-panaget-lance-sa-premiere-collection-de-bois-mural\/74563\/","title":{"rendered":"Ch\u00eane de France : Panaget lance sa premi\u00e8re collection de bois mural"},"content":{"rendered":"<p>Sp\u00e9cialiste du parquet, Panaget lancera en septembre sa premi\u00e8re collection de bois mural d\u00e9coratif et a choisi le ch\u00eane de France, ce qui limite en plus les d\u00e9gagements de CO<sub>2<\/sub> li\u00e9s \u00e0 son transport d&rsquo;approvisionnement. Certifi\u00e9 PEFC, Bois Mural a re\u00e7u une finition huil\u00e9e sans solvant. Ces lames d\u00e9coratives offrent des lignes r\u00e9guli\u00e8res, douces, accentu\u00e9es par les coloris huile blanche, huile automne ou huile bois flott\u00e9. Elles ne n\u00e9cessitent aucun pon\u00e7age ni autre finition. Leur pose se fait \u00e0 l&rsquo;horizontale ou \u00e0 la verticale, sur ossature m\u00e9tallique de type F530 ou S47, en partant du haut du mur, par des attaches de d\u00e9part et clips de montage brevet\u00e9s par le fabricant. La pose sur ossature pr\u00e9sente l&rsquo;avantage d&rsquo;ins\u00e9rer les isolants habituels pour un doublage thermique et\/ou phonique. Avec un appui interm\u00e9diaire (de type Optima chez Isover), ces performances sont modulables en fonction des \u00e9paisseurs d&rsquo;isolant appliqu\u00e9es. Dimensions : L 2 005 mm x l 141 mm x \u00e9p. 10 mm ; composition des lames : parement de 2 mm en ch\u00eane massif avec chanfrein longitudinal, milieu HDF, contrebalancement bois, \u00e9l\u00e9gi de 2,5 mm entre les lames.<\/p>\n<p><span style=\"font-size: medium;\"><a href=\"http:\/\/www.panaget.com\" target=\"_blank\" rel=\"noopener noreferrer\">www.panaget.com<\/a><\/span><\/p>\n","protected":false},"excerpt":{"rendered":"<p>Sp\u00e9cialiste du parquet, Panaget lancera en septembre sa premi\u00e8re collection de bois mural d\u00e9coratif et a choisi le ch\u00eane de France, ce qui limite en plus les d\u00e9gagements de CO2 li\u00e9s \u00e0 son transport d&rsquo;approvisionnement. Certifi\u00e9 PEFC, Bois Mural a re\u00e7u une finition huil\u00e9e sans solvant. Ces lames d\u00e9coratives offrent des lignes r\u00e9guli\u00e8res, douces, accentu\u00e9es [&hellip;]<\/p>\n","protected":false},"author":1,"featured_media":74564,"comment_status":"open","ping_status":"closed","sticky":false,"template":"","format":"standard","meta":{"_et_pb_use_builder":"","_et_pb_old_content":"","_et_gb_content_width":"","footnotes":""},"categories":[6340],"tags":[],"class_list":["post-74563","post","type-post","status-publish","format-standard","has-post-thumbnail","hentry","category-architecture-conception"],"yoast_head":"<!-- This site is optimized with the Yoast SEO plugin v27.4 - https:\/\/yoast.com\/product\/yoast-seo-wordpress\/ -->\n<title>Ch\u00eane de France : Panaget lance sa premi\u00e8re collection de bois mural<\/title>\n<meta name=\"robots\" content=\"index, follow, max-snippet:-1, max-image-preview:large, max-video-preview:-1\" \/>\n<link rel=\"canonical\" href=\"https:\/\/batijournal.com\/index.php\/chene-de-france-panaget-lance-sa-premiere-collection-de-bois-mural\/74563\/\" \/>\n<meta property=\"og:locale\" content=\"fr_FR\" \/>\n<meta property=\"og:type\" content=\"article\" \/>\n<meta property=\"og:title\" content=\"Ch\u00eane de France : Panaget lance sa premi\u00e8re collection de bois mural\" \/>\n<meta property=\"og:description\" content=\"Sp\u00e9cialiste du parquet, Panaget lancera en septembre sa premi\u00e8re collection de bois mural d\u00e9coratif et a choisi le ch\u00eane de France, ce qui limite en plus les d\u00e9gagements de CO2 li\u00e9s \u00e0 son transport d&rsquo;approvisionnement. Certifi\u00e9 PEFC, Bois Mural a re\u00e7u une finition huil\u00e9e sans solvant. Ces lames d\u00e9coratives offrent des lignes r\u00e9guli\u00e8res, douces, accentu\u00e9es [&hellip;]\" \/>\n<meta property=\"og:url\" content=\"https:\/\/batijournal.com\/index.php\/chene-de-france-panaget-lance-sa-premiere-collection-de-bois-mural\/74563\/\" \/>\n<meta property=\"og:site_name\" content=\"Batijournal\" \/>\n<meta property=\"article:published_time\" content=\"2012-07-13T14:06:37+00:00\" \/>\n<meta property=\"article:modified_time\" content=\"2019-07-15T09:35:30+00:00\" \/>\n<meta property=\"og:image\" content=\"https:\/\/batijournal.com\/wp-content\/uploads\/2015\/03\/48232897.jpg\" \/>\n\t<meta property=\"og:image:width\" content=\"425\" \/>\n\t<meta property=\"og:image:height\" content=\"599\" \/>\n\t<meta property=\"og:image:type\" content=\"image\/jpeg\" \/>\n<meta name=\"author\" content=\"Bati-journal\" \/>\n<meta name=\"twitter:card\" content=\"summary_large_image\" \/>\n<meta name=\"twitter:creator\" content=\"@bati_journal\" \/>\n<meta name=\"twitter:site\" content=\"@bati_journal\" \/>\n<meta name=\"twitter:label1\" content=\"\u00c9crit par\" \/>\n\t<meta name=\"twitter:data1\" content=\"Bati-journal\" \/>\n\t<meta name=\"twitter:label2\" content=\"Dur\u00e9e de lecture estim\u00e9e\" \/>\n\t<meta name=\"twitter:data2\" content=\"1 minute\" \/>\n<script type=\"application\/ld+json\" class=\"yoast-schema-graph\">{\"@context\":\"https:\\\/\\\/schema.org\",\"@graph\":[{\"@type\":\"Article\",\"@id\":\"https:\\\/\\\/batijournal.com\\\/index.php\\\/chene-de-france-panaget-lance-sa-premiere-collection-de-bois-mural\\\/74563\\\/#article\",\"isPartOf\":{\"@id\":\"https:\\\/\\\/batijournal.com\\\/index.php\\\/chene-de-france-panaget-lance-sa-premiere-collection-de-bois-mural\\\/74563\\\/\"},\"author\":{\"name\":\"Bati-journal\",\"@id\":\"https:\\\/\\\/batijournal.com\\\/#\\\/schema\\\/person\\\/6a657e8967569e1b299972574848aa76\"},\"headline\":\"Ch\u00eane de France : Panaget lance sa premi\u00e8re collection de bois mural\",\"datePublished\":\"2012-07-13T14:06:37+00:00\",\"dateModified\":\"2019-07-15T09:35:30+00:00\",\"mainEntityOfPage\":{\"@id\":\"https:\\\/\\\/batijournal.com\\\/index.php\\\/chene-de-france-panaget-lance-sa-premiere-collection-de-bois-mural\\\/74563\\\/\"},\"wordCount\":219,\"commentCount\":0,\"image\":{\"@id\":\"https:\\\/\\\/batijournal.com\\\/index.php\\\/chene-de-france-panaget-lance-sa-premiere-collection-de-bois-mural\\\/74563\\\/#primaryimage\"},\"thumbnailUrl\":\"https:\\\/\\\/batijournal.com\\\/wp-content\\\/uploads\\\/2015\\\/03\\\/48232897.jpg\",\"articleSection\":[\"Architecture &amp; Conception\"],\"inLanguage\":\"fr-FR\",\"potentialAction\":[{\"@type\":\"CommentAction\",\"name\":\"Comment\",\"target\":[\"https:\\\/\\\/batijournal.com\\\/index.php\\\/chene-de-france-panaget-lance-sa-premiere-collection-de-bois-mural\\\/74563\\\/#respond\"]}]},{\"@type\":\"WebPage\",\"@id\":\"https:\\\/\\\/batijournal.com\\\/index.php\\\/chene-de-france-panaget-lance-sa-premiere-collection-de-bois-mural\\\/74563\\\/\",\"url\":\"https:\\\/\\\/batijournal.com\\\/index.php\\\/chene-de-france-panaget-lance-sa-premiere-collection-de-bois-mural\\\/74563\\\/\",\"name\":\"Ch\u00eane de France : Panaget lance sa premi\u00e8re collection de bois mural\",\"isPartOf\":{\"@id\":\"https:\\\/\\\/batijournal.com\\\/#website\"},\"primaryImageOfPage\":{\"@id\":\"https:\\\/\\\/batijournal.com\\\/index.php\\\/chene-de-france-panaget-lance-sa-premiere-collection-de-bois-mural\\\/74563\\\/#primaryimage\"},\"image\":{\"@id\":\"https:\\\/\\\/batijournal.com\\\/index.php\\\/chene-de-france-panaget-lance-sa-premiere-collection-de-bois-mural\\\/74563\\\/#primaryimage\"},\"thumbnailUrl\":\"https:\\\/\\\/batijournal.com\\\/wp-content\\\/uploads\\\/2015\\\/03\\\/48232897.jpg\",\"datePublished\":\"2012-07-13T14:06:37+00:00\",\"dateModified\":\"2019-07-15T09:35:30+00:00\",\"author\":{\"@id\":\"https:\\\/\\\/batijournal.com\\\/#\\\/schema\\\/person\\\/6a657e8967569e1b299972574848aa76\"},\"breadcrumb\":{\"@id\":\"https:\\\/\\\/batijournal.com\\\/index.php\\\/chene-de-france-panaget-lance-sa-premiere-collection-de-bois-mural\\\/74563\\\/#breadcrumb\"},\"inLanguage\":\"fr-FR\",\"potentialAction\":[{\"@type\":\"ReadAction\",\"target\":[\"https:\\\/\\\/batijournal.com\\\/index.php\\\/chene-de-france-panaget-lance-sa-premiere-collection-de-bois-mural\\\/74563\\\/\"]}]},{\"@type\":\"ImageObject\",\"inLanguage\":\"fr-FR\",\"@id\":\"https:\\\/\\\/batijournal.com\\\/index.php\\\/chene-de-france-panaget-lance-sa-premiere-collection-de-bois-mural\\\/74563\\\/#primaryimage\",\"url\":\"https:\\\/\\\/batijournal.com\\\/wp-content\\\/uploads\\\/2015\\\/03\\\/48232897.jpg\",\"contentUrl\":\"https:\\\/\\\/batijournal.com\\\/wp-content\\\/uploads\\\/2015\\\/03\\\/48232897.jpg\",\"width\":425,\"height\":599},{\"@type\":\"BreadcrumbList\",\"@id\":\"https:\\\/\\\/batijournal.com\\\/index.php\\\/chene-de-france-panaget-lance-sa-premiere-collection-de-bois-mural\\\/74563\\\/#breadcrumb\",\"itemListElement\":[{\"@type\":\"ListItem\",\"position\":1,\"name\":\"Accueil\",\"item\":\"https:\\\/\\\/batijournal.com\\\/\"},{\"@type\":\"ListItem\",\"position\":2,\"name\":\"Actualit\u00e9s\",\"item\":\"https:\\\/\\\/batijournal.com\\\/index.php\\\/category\\\/actualites\\\/\"},{\"@type\":\"ListItem\",\"position\":3,\"name\":\"Architecture &amp; Conception\",\"item\":\"https:\\\/\\\/batijournal.com\\\/index.php\\\/category\\\/actualites\\\/architecture-conception\\\/\"},{\"@type\":\"ListItem\",\"position\":4,\"name\":\"Ch\u00eane de France : Panaget lance sa premi\u00e8re collection de bois mural\"}]},{\"@type\":\"WebSite\",\"@id\":\"https:\\\/\\\/batijournal.com\\\/#website\",\"url\":\"https:\\\/\\\/batijournal.com\\\/\",\"name\":\"Batijournal\",\"description\":\"L&#039;actualit\u00e9 du b\u00e2timent\",\"potentialAction\":[{\"@type\":\"SearchAction\",\"target\":{\"@type\":\"EntryPoint\",\"urlTemplate\":\"https:\\\/\\\/batijournal.com\\\/?s={search_term_string}\"},\"query-input\":{\"@type\":\"PropertyValueSpecification\",\"valueRequired\":true,\"valueName\":\"search_term_string\"}}],\"inLanguage\":\"fr-FR\"},{\"@type\":\"Person\",\"@id\":\"https:\\\/\\\/batijournal.com\\\/#\\\/schema\\\/person\\\/6a657e8967569e1b299972574848aa76\",\"name\":\"Bati-journal\",\"image\":{\"@type\":\"ImageObject\",\"inLanguage\":\"fr-FR\",\"@id\":\"https:\\\/\\\/secure.gravatar.com\\\/avatar\\\/a64364ea26392f9b4dd47e017ddaec74ff03aefc073b49e492e847201258f777?s=96&d=mm&r=g\",\"url\":\"https:\\\/\\\/secure.gravatar.com\\\/avatar\\\/a64364ea26392f9b4dd47e017ddaec74ff03aefc073b49e492e847201258f777?s=96&d=mm&r=g\",\"contentUrl\":\"https:\\\/\\\/secure.gravatar.com\\\/avatar\\\/a64364ea26392f9b4dd47e017ddaec74ff03aefc073b49e492e847201258f777?s=96&d=mm&r=g\",\"caption\":\"Bati-journal\"},\"url\":\"https:\\\/\\\/batijournal.com\\\/index.php\\\/author\\\/elodie\\\/\"}]}<\/script>\n<!-- \/ Yoast SEO plugin. -->","yoast_head_json":{"title":"Ch\u00eane de France : Panaget lance sa premi\u00e8re collection de bois mural","robots":{"index":"index","follow":"follow","max-snippet":"max-snippet:-1","max-image-preview":"max-image-preview:large","max-video-preview":"max-video-preview:-1"},"canonical":"https:\/\/batijournal.com\/index.php\/chene-de-france-panaget-lance-sa-premiere-collection-de-bois-mural\/74563\/","og_locale":"fr_FR","og_type":"article","og_title":"Ch\u00eane de France : Panaget lance sa premi\u00e8re collection de bois mural","og_description":"Sp\u00e9cialiste du parquet, Panaget lancera en septembre sa premi\u00e8re collection de bois mural d\u00e9coratif et a choisi le ch\u00eane de France, ce qui limite en plus les d\u00e9gagements de CO2 li\u00e9s \u00e0 son transport d&rsquo;approvisionnement. Certifi\u00e9 PEFC, Bois Mural a re\u00e7u une finition huil\u00e9e sans solvant. Ces lames d\u00e9coratives offrent des lignes r\u00e9guli\u00e8res, douces, accentu\u00e9es [&hellip;]","og_url":"https:\/\/batijournal.com\/index.php\/chene-de-france-panaget-lance-sa-premiere-collection-de-bois-mural\/74563\/","og_site_name":"Batijournal","article_published_time":"2012-07-13T14:06:37+00:00","article_modified_time":"2019-07-15T09:35:30+00:00","og_image":[{"width":425,"height":599,"url":"https:\/\/batijournal.com\/wp-content\/uploads\/2015\/03\/48232897.jpg","type":"image\/jpeg"}],"author":"Bati-journal","twitter_card":"summary_large_image","twitter_creator":"@bati_journal","twitter_site":"@bati_journal","twitter_misc":{"\u00c9crit par":"Bati-journal","Dur\u00e9e de lecture estim\u00e9e":"1 minute"},"schema":{"@context":"https:\/\/schema.org","@graph":[{"@type":"Article","@id":"https:\/\/batijournal.com\/index.php\/chene-de-france-panaget-lance-sa-premiere-collection-de-bois-mural\/74563\/#article","isPartOf":{"@id":"https:\/\/batijournal.com\/index.php\/chene-de-france-panaget-lance-sa-premiere-collection-de-bois-mural\/74563\/"},"author":{"name":"Bati-journal","@id":"https:\/\/batijournal.com\/#\/schema\/person\/6a657e8967569e1b299972574848aa76"},"headline":"Ch\u00eane de France : Panaget lance sa premi\u00e8re collection de bois mural","datePublished":"2012-07-13T14:06:37+00:00","dateModified":"2019-07-15T09:35:30+00:00","mainEntityOfPage":{"@id":"https:\/\/batijournal.com\/index.php\/chene-de-france-panaget-lance-sa-premiere-collection-de-bois-mural\/74563\/"},"wordCount":219,"commentCount":0,"image":{"@id":"https:\/\/batijournal.com\/index.php\/chene-de-france-panaget-lance-sa-premiere-collection-de-bois-mural\/74563\/#primaryimage"},"thumbnailUrl":"https:\/\/batijournal.com\/wp-content\/uploads\/2015\/03\/48232897.jpg","articleSection":["Architecture &amp; Conception"],"inLanguage":"fr-FR","potentialAction":[{"@type":"CommentAction","name":"Comment","target":["https:\/\/batijournal.com\/index.php\/chene-de-france-panaget-lance-sa-premiere-collection-de-bois-mural\/74563\/#respond"]}]},{"@type":"WebPage","@id":"https:\/\/batijournal.com\/index.php\/chene-de-france-panaget-lance-sa-premiere-collection-de-bois-mural\/74563\/","url":"https:\/\/batijournal.com\/index.php\/chene-de-france-panaget-lance-sa-premiere-collection-de-bois-mural\/74563\/","name":"Ch\u00eane de France : Panaget lance sa premi\u00e8re collection de bois mural","isPartOf":{"@id":"https:\/\/batijournal.com\/#website"},"primaryImageOfPage":{"@id":"https:\/\/batijournal.com\/index.php\/chene-de-france-panaget-lance-sa-premiere-collection-de-bois-mural\/74563\/#primaryimage"},"image":{"@id":"https:\/\/batijournal.com\/index.php\/chene-de-france-panaget-lance-sa-premiere-collection-de-bois-mural\/74563\/#primaryimage"},"thumbnailUrl":"https:\/\/batijournal.com\/wp-content\/uploads\/2015\/03\/48232897.jpg","datePublished":"2012-07-13T14:06:37+00:00","dateModified":"2019-07-15T09:35:30+00:00","author":{"@id":"https:\/\/batijournal.com\/#\/schema\/person\/6a657e8967569e1b299972574848aa76"},"breadcrumb":{"@id":"https:\/\/batijournal.com\/index.php\/chene-de-france-panaget-lance-sa-premiere-collection-de-bois-mural\/74563\/#breadcrumb"},"inLanguage":"fr-FR","potentialAction":[{"@type":"ReadAction","target":["https:\/\/batijournal.com\/index.php\/chene-de-france-panaget-lance-sa-premiere-collection-de-bois-mural\/74563\/"]}]},{"@type":"ImageObject","inLanguage":"fr-FR","@id":"https:\/\/batijournal.com\/index.php\/chene-de-france-panaget-lance-sa-premiere-collection-de-bois-mural\/74563\/#primaryimage","url":"https:\/\/batijournal.com\/wp-content\/uploads\/2015\/03\/48232897.jpg","contentUrl":"https:\/\/batijournal.com\/wp-content\/uploads\/2015\/03\/48232897.jpg","width":425,"height":599},{"@type":"BreadcrumbList","@id":"https:\/\/batijournal.com\/index.php\/chene-de-france-panaget-lance-sa-premiere-collection-de-bois-mural\/74563\/#breadcrumb","itemListElement":[{"@type":"ListItem","position":1,"name":"Accueil","item":"https:\/\/batijournal.com\/"},{"@type":"ListItem","position":2,"name":"Actualit\u00e9s","item":"https:\/\/batijournal.com\/index.php\/category\/actualites\/"},{"@type":"ListItem","position":3,"name":"Architecture &amp; Conception","item":"https:\/\/batijournal.com\/index.php\/category\/actualites\/architecture-conception\/"},{"@type":"ListItem","position":4,"name":"Ch\u00eane de France : Panaget lance sa premi\u00e8re collection de bois mural"}]},{"@type":"WebSite","@id":"https:\/\/batijournal.com\/#website","url":"https:\/\/batijournal.com\/","name":"Batijournal","description":"L&#039;actualit\u00e9 du b\u00e2timent","potentialAction":[{"@type":"SearchAction","target":{"@type":"EntryPoint","urlTemplate":"https:\/\/batijournal.com\/?s={search_term_string}"},"query-input":{"@type":"PropertyValueSpecification","valueRequired":true,"valueName":"search_term_string"}}],"inLanguage":"fr-FR"},{"@type":"Person","@id":"https:\/\/batijournal.com\/#\/schema\/person\/6a657e8967569e1b299972574848aa76","name":"Bati-journal","image":{"@type":"ImageObject","inLanguage":"fr-FR","@id":"https:\/\/secure.gravatar.com\/avatar\/a64364ea26392f9b4dd47e017ddaec74ff03aefc073b49e492e847201258f777?s=96&d=mm&r=g","url":"https:\/\/secure.gravatar.com\/avatar\/a64364ea26392f9b4dd47e017ddaec74ff03aefc073b49e492e847201258f777?s=96&d=mm&r=g","contentUrl":"https:\/\/secure.gravatar.com\/avatar\/a64364ea26392f9b4dd47e017ddaec74ff03aefc073b49e492e847201258f777?s=96&d=mm&r=g","caption":"Bati-journal"},"url":"https:\/\/batijournal.com\/index.php\/author\/elodie\/"}]}},"_links":{"self":[{"href":"https:\/\/batijournal.com\/index.php\/wp-json\/wp\/v2\/posts\/74563","targetHints":{"allow":["GET"]}}],"collection":[{"href":"https:\/\/batijournal.com\/index.php\/wp-json\/wp\/v2\/posts"}],"about":[{"href":"https:\/\/batijournal.com\/index.php\/wp-json\/wp\/v2\/types\/post"}],"author":[{"embeddable":true,"href":"https:\/\/batijournal.com\/index.php\/wp-json\/wp\/v2\/users\/1"}],"replies":[{"embeddable":true,"href":"https:\/\/batijournal.com\/index.php\/wp-json\/wp\/v2\/comments?post=74563"}],"version-history":[{"count":0,"href":"https:\/\/batijournal.com\/index.php\/wp-json\/wp\/v2\/posts\/74563\/revisions"}],"wp:featuredmedia":[{"embeddable":true,"href":"https:\/\/batijournal.com\/index.php\/wp-json\/wp\/v2\/media\/74564"}],"wp:attachment":[{"href":"https:\/\/batijournal.com\/index.php\/wp-json\/wp\/v2\/media?parent=74563"}],"wp:term":[{"taxonomy":"category","embeddable":true,"href":"https:\/\/batijournal.com\/index.php\/wp-json\/wp\/v2\/categories?post=74563"},{"taxonomy":"post_tag","embeddable":true,"href":"https:\/\/batijournal.com\/index.php\/wp-json\/wp\/v2\/tags?post=74563"}],"curies":[{"name":"wp","href":"https:\/\/api.w.org\/{rel}","templated":true}]}}