{"id":74565,"date":"2012-08-29T00:00:00","date_gmt":"2012-08-28T22:00:00","guid":{"rendered":"http:\/\/b.bati-journal.com\/la-ffb-est-partenaire-des-journees-du-patrimoine\/74565"},"modified":"2019-07-15T11:35:29","modified_gmt":"2019-07-15T09:35:29","slug":"la-ffb-est-partenaire-des-journees-du-patrimoine","status":"publish","type":"post","link":"https:\/\/batijournal.com\/index.php\/la-ffb-est-partenaire-des-journees-du-patrimoine\/74565\/","title":{"rendered":"La FFB est partenaire des Journ\u00e9es du patrimoine"},"content":{"rendered":"<p>La F\u00e9d\u00e9ration Fran\u00e7aise du B\u00e2timent vient de signer un partenariat pour trois ans avec le minist\u00e8re de la Culture et de la Communication dans le cadre des Journ\u00e9es europ\u00e9ennes du Patrimoine. Depuis plusieurs ann\u00e9es, la FFB m\u00e8ne une politique active en faveur du patrimoine pour redynamiser l&rsquo;activit\u00e9 locale et promouvoir, aupr\u00e8s des propri\u00e9taires publics et priv\u00e9s, les savoir-faire de ses adh\u00e9rents. Le Groupement Fran\u00e7ais des Entreprises de Restauration de Monuments Historiques (GMH), cr\u00e9\u00e9 en 1959, qui a pour mission de f\u00e9d\u00e9rer les diff\u00e9rents intervenants de la restauration du patrimoine, de favoriser la concertation entre les entreprises et les diff\u00e9rents donneurs d&rsquo;ouvrages, de d\u00e9fendre les int\u00e9r\u00eats des professionnels de la fili\u00e8re et ainsi de p\u00e9renniser les entreprises de restauration du patrimoine ancien ainsi que le patrimoine vivant, r\u00e9unit plus de 180 entreprises et 9 000 compagnons. Les 15 et 16 septembre, la FFB mettra en avant le savoir-faire des artisans et entrepreneurs en mati\u00e8re de restauration du patrimoine et fera d\u00e9couvrir les techniques des chantiers.<\/p>\n","protected":false},"excerpt":{"rendered":"<p>La F\u00e9d\u00e9ration Fran\u00e7aise du B\u00e2timent vient de signer un partenariat pour trois ans avec le minist\u00e8re de la Culture et de la Communication dans le cadre des Journ\u00e9es europ\u00e9ennes du Patrimoine. Depuis plusieurs ann\u00e9es, la FFB m\u00e8ne une politique active en faveur du patrimoine pour redynamiser l&rsquo;activit\u00e9 locale et promouvoir, aupr\u00e8s des propri\u00e9taires publics et [&hellip;]<\/p>\n","protected":false},"author":1,"featured_media":74566,"comment_status":"open","ping_status":"closed","sticky":false,"template":"","format":"standard","meta":{"_et_pb_use_builder":"","_et_pb_old_content":"","_et_gb_content_width":"","footnotes":""},"categories":[6340],"tags":[373,1307],"class_list":["post-74565","post","type-post","status-publish","format-standard","has-post-thumbnail","hentry","category-architecture-conception","tag-ffb","tag-journees-du-patrimoine"],"yoast_head":"<!-- This site is optimized with the Yoast SEO plugin v27.4 - https:\/\/yoast.com\/product\/yoast-seo-wordpress\/ -->\n<title>La FFB est partenaire des Journ\u00e9es du patrimoine<\/title>\n<meta name=\"robots\" content=\"index, follow, max-snippet:-1, max-image-preview:large, max-video-preview:-1\" \/>\n<link rel=\"canonical\" href=\"https:\/\/batijournal.com\/index.php\/la-ffb-est-partenaire-des-journees-du-patrimoine\/74565\/\" \/>\n<meta property=\"og:locale\" content=\"fr_FR\" \/>\n<meta property=\"og:type\" content=\"article\" \/>\n<meta property=\"og:title\" content=\"La FFB est partenaire des Journ\u00e9es du patrimoine\" \/>\n<meta property=\"og:description\" content=\"La F\u00e9d\u00e9ration Fran\u00e7aise du B\u00e2timent vient de signer un partenariat pour trois ans avec le minist\u00e8re de la Culture et de la Communication dans le cadre des Journ\u00e9es europ\u00e9ennes du Patrimoine. Depuis plusieurs ann\u00e9es, la FFB m\u00e8ne une politique active en faveur du patrimoine pour redynamiser l&rsquo;activit\u00e9 locale et promouvoir, aupr\u00e8s des propri\u00e9taires publics et [&hellip;]\" \/>\n<meta property=\"og:url\" content=\"https:\/\/batijournal.com\/index.php\/la-ffb-est-partenaire-des-journees-du-patrimoine\/74565\/\" \/>\n<meta property=\"og:site_name\" content=\"Batijournal\" \/>\n<meta property=\"article:published_time\" content=\"2012-08-28T22:00:00+00:00\" \/>\n<meta property=\"article:modified_time\" content=\"2019-07-15T09:35:29+00:00\" \/>\n<meta property=\"og:image\" content=\"https:\/\/batijournal.com\/wp-content\/uploads\/2015\/03\/50551499.jpg\" \/>\n\t<meta property=\"og:image:width\" content=\"600\" \/>\n\t<meta property=\"og:image:height\" content=\"552\" \/>\n\t<meta property=\"og:image:type\" content=\"image\/jpeg\" \/>\n<meta name=\"author\" content=\"Bati-journal\" \/>\n<meta name=\"twitter:card\" content=\"summary_large_image\" \/>\n<meta name=\"twitter:creator\" content=\"@bati_journal\" \/>\n<meta name=\"twitter:site\" content=\"@bati_journal\" \/>\n<meta name=\"twitter:label1\" content=\"\u00c9crit par\" \/>\n\t<meta name=\"twitter:data1\" content=\"Bati-journal\" \/>\n\t<meta name=\"twitter:label2\" content=\"Dur\u00e9e de lecture estim\u00e9e\" \/>\n\t<meta name=\"twitter:data2\" content=\"1 minute\" \/>\n<script type=\"application\/ld+json\" class=\"yoast-schema-graph\">{\"@context\":\"https:\\\/\\\/schema.org\",\"@graph\":[{\"@type\":\"Article\",\"@id\":\"https:\\\/\\\/batijournal.com\\\/index.php\\\/la-ffb-est-partenaire-des-journees-du-patrimoine\\\/74565\\\/#article\",\"isPartOf\":{\"@id\":\"https:\\\/\\\/batijournal.com\\\/index.php\\\/la-ffb-est-partenaire-des-journees-du-patrimoine\\\/74565\\\/\"},\"author\":{\"name\":\"Bati-journal\",\"@id\":\"https:\\\/\\\/batijournal.com\\\/#\\\/schema\\\/person\\\/6a657e8967569e1b299972574848aa76\"},\"headline\":\"La FFB est partenaire des Journ\u00e9es du patrimoine\",\"datePublished\":\"2012-08-28T22:00:00+00:00\",\"dateModified\":\"2019-07-15T09:35:29+00:00\",\"mainEntityOfPage\":{\"@id\":\"https:\\\/\\\/batijournal.com\\\/index.php\\\/la-ffb-est-partenaire-des-journees-du-patrimoine\\\/74565\\\/\"},\"wordCount\":195,\"commentCount\":0,\"image\":{\"@id\":\"https:\\\/\\\/batijournal.com\\\/index.php\\\/la-ffb-est-partenaire-des-journees-du-patrimoine\\\/74565\\\/#primaryimage\"},\"thumbnailUrl\":\"https:\\\/\\\/batijournal.com\\\/wp-content\\\/uploads\\\/2015\\\/03\\\/50551499.jpg\",\"keywords\":[\"ffb\",\"journ\u00e9es du patrimoine\"],\"articleSection\":[\"Architecture &amp; Conception\"],\"inLanguage\":\"fr-FR\",\"potentialAction\":[{\"@type\":\"CommentAction\",\"name\":\"Comment\",\"target\":[\"https:\\\/\\\/batijournal.com\\\/index.php\\\/la-ffb-est-partenaire-des-journees-du-patrimoine\\\/74565\\\/#respond\"]}]},{\"@type\":\"WebPage\",\"@id\":\"https:\\\/\\\/batijournal.com\\\/index.php\\\/la-ffb-est-partenaire-des-journees-du-patrimoine\\\/74565\\\/\",\"url\":\"https:\\\/\\\/batijournal.com\\\/index.php\\\/la-ffb-est-partenaire-des-journees-du-patrimoine\\\/74565\\\/\",\"name\":\"La FFB est partenaire des Journ\u00e9es du patrimoine\",\"isPartOf\":{\"@id\":\"https:\\\/\\\/batijournal.com\\\/#website\"},\"primaryImageOfPage\":{\"@id\":\"https:\\\/\\\/batijournal.com\\\/index.php\\\/la-ffb-est-partenaire-des-journees-du-patrimoine\\\/74565\\\/#primaryimage\"},\"image\":{\"@id\":\"https:\\\/\\\/batijournal.com\\\/index.php\\\/la-ffb-est-partenaire-des-journees-du-patrimoine\\\/74565\\\/#primaryimage\"},\"thumbnailUrl\":\"https:\\\/\\\/batijournal.com\\\/wp-content\\\/uploads\\\/2015\\\/03\\\/50551499.jpg\",\"datePublished\":\"2012-08-28T22:00:00+00:00\",\"dateModified\":\"2019-07-15T09:35:29+00:00\",\"author\":{\"@id\":\"https:\\\/\\\/batijournal.com\\\/#\\\/schema\\\/person\\\/6a657e8967569e1b299972574848aa76\"},\"breadcrumb\":{\"@id\":\"https:\\\/\\\/batijournal.com\\\/index.php\\\/la-ffb-est-partenaire-des-journees-du-patrimoine\\\/74565\\\/#breadcrumb\"},\"inLanguage\":\"fr-FR\",\"potentialAction\":[{\"@type\":\"ReadAction\",\"target\":[\"https:\\\/\\\/batijournal.com\\\/index.php\\\/la-ffb-est-partenaire-des-journees-du-patrimoine\\\/74565\\\/\"]}]},{\"@type\":\"ImageObject\",\"inLanguage\":\"fr-FR\",\"@id\":\"https:\\\/\\\/batijournal.com\\\/index.php\\\/la-ffb-est-partenaire-des-journees-du-patrimoine\\\/74565\\\/#primaryimage\",\"url\":\"https:\\\/\\\/batijournal.com\\\/wp-content\\\/uploads\\\/2015\\\/03\\\/50551499.jpg\",\"contentUrl\":\"https:\\\/\\\/batijournal.com\\\/wp-content\\\/uploads\\\/2015\\\/03\\\/50551499.jpg\",\"width\":600,\"height\":552},{\"@type\":\"BreadcrumbList\",\"@id\":\"https:\\\/\\\/batijournal.com\\\/index.php\\\/la-ffb-est-partenaire-des-journees-du-patrimoine\\\/74565\\\/#breadcrumb\",\"itemListElement\":[{\"@type\":\"ListItem\",\"position\":1,\"name\":\"Accueil\",\"item\":\"https:\\\/\\\/batijournal.com\\\/\"},{\"@type\":\"ListItem\",\"position\":2,\"name\":\"Actualit\u00e9s\",\"item\":\"https:\\\/\\\/batijournal.com\\\/index.php\\\/category\\\/actualites\\\/\"},{\"@type\":\"ListItem\",\"position\":3,\"name\":\"Architecture &amp; Conception\",\"item\":\"https:\\\/\\\/batijournal.com\\\/index.php\\\/category\\\/actualites\\\/architecture-conception\\\/\"},{\"@type\":\"ListItem\",\"position\":4,\"name\":\"La FFB est partenaire des Journ\u00e9es du patrimoine\"}]},{\"@type\":\"WebSite\",\"@id\":\"https:\\\/\\\/batijournal.com\\\/#website\",\"url\":\"https:\\\/\\\/batijournal.com\\\/\",\"name\":\"Batijournal\",\"description\":\"L&#039;actualit\u00e9 du b\u00e2timent\",\"potentialAction\":[{\"@type\":\"SearchAction\",\"target\":{\"@type\":\"EntryPoint\",\"urlTemplate\":\"https:\\\/\\\/batijournal.com\\\/?s={search_term_string}\"},\"query-input\":{\"@type\":\"PropertyValueSpecification\",\"valueRequired\":true,\"valueName\":\"search_term_string\"}}],\"inLanguage\":\"fr-FR\"},{\"@type\":\"Person\",\"@id\":\"https:\\\/\\\/batijournal.com\\\/#\\\/schema\\\/person\\\/6a657e8967569e1b299972574848aa76\",\"name\":\"Bati-journal\",\"image\":{\"@type\":\"ImageObject\",\"inLanguage\":\"fr-FR\",\"@id\":\"https:\\\/\\\/secure.gravatar.com\\\/avatar\\\/a64364ea26392f9b4dd47e017ddaec74ff03aefc073b49e492e847201258f777?s=96&d=mm&r=g\",\"url\":\"https:\\\/\\\/secure.gravatar.com\\\/avatar\\\/a64364ea26392f9b4dd47e017ddaec74ff03aefc073b49e492e847201258f777?s=96&d=mm&r=g\",\"contentUrl\":\"https:\\\/\\\/secure.gravatar.com\\\/avatar\\\/a64364ea26392f9b4dd47e017ddaec74ff03aefc073b49e492e847201258f777?s=96&d=mm&r=g\",\"caption\":\"Bati-journal\"},\"url\":\"https:\\\/\\\/batijournal.com\\\/index.php\\\/author\\\/elodie\\\/\"}]}<\/script>\n<!-- \/ Yoast SEO plugin. -->","yoast_head_json":{"title":"La FFB est partenaire des Journ\u00e9es du patrimoine","robots":{"index":"index","follow":"follow","max-snippet":"max-snippet:-1","max-image-preview":"max-image-preview:large","max-video-preview":"max-video-preview:-1"},"canonical":"https:\/\/batijournal.com\/index.php\/la-ffb-est-partenaire-des-journees-du-patrimoine\/74565\/","og_locale":"fr_FR","og_type":"article","og_title":"La FFB est partenaire des Journ\u00e9es du patrimoine","og_description":"La F\u00e9d\u00e9ration Fran\u00e7aise du B\u00e2timent vient de signer un partenariat pour trois ans avec le minist\u00e8re de la Culture et de la Communication dans le cadre des Journ\u00e9es europ\u00e9ennes du Patrimoine. Depuis plusieurs ann\u00e9es, la FFB m\u00e8ne une politique active en faveur du patrimoine pour redynamiser l&rsquo;activit\u00e9 locale et promouvoir, aupr\u00e8s des propri\u00e9taires publics et [&hellip;]","og_url":"https:\/\/batijournal.com\/index.php\/la-ffb-est-partenaire-des-journees-du-patrimoine\/74565\/","og_site_name":"Batijournal","article_published_time":"2012-08-28T22:00:00+00:00","article_modified_time":"2019-07-15T09:35:29+00:00","og_image":[{"width":600,"height":552,"url":"https:\/\/batijournal.com\/wp-content\/uploads\/2015\/03\/50551499.jpg","type":"image\/jpeg"}],"author":"Bati-journal","twitter_card":"summary_large_image","twitter_creator":"@bati_journal","twitter_site":"@bati_journal","twitter_misc":{"\u00c9crit par":"Bati-journal","Dur\u00e9e de lecture estim\u00e9e":"1 minute"},"schema":{"@context":"https:\/\/schema.org","@graph":[{"@type":"Article","@id":"https:\/\/batijournal.com\/index.php\/la-ffb-est-partenaire-des-journees-du-patrimoine\/74565\/#article","isPartOf":{"@id":"https:\/\/batijournal.com\/index.php\/la-ffb-est-partenaire-des-journees-du-patrimoine\/74565\/"},"author":{"name":"Bati-journal","@id":"https:\/\/batijournal.com\/#\/schema\/person\/6a657e8967569e1b299972574848aa76"},"headline":"La FFB est partenaire des Journ\u00e9es du patrimoine","datePublished":"2012-08-28T22:00:00+00:00","dateModified":"2019-07-15T09:35:29+00:00","mainEntityOfPage":{"@id":"https:\/\/batijournal.com\/index.php\/la-ffb-est-partenaire-des-journees-du-patrimoine\/74565\/"},"wordCount":195,"commentCount":0,"image":{"@id":"https:\/\/batijournal.com\/index.php\/la-ffb-est-partenaire-des-journees-du-patrimoine\/74565\/#primaryimage"},"thumbnailUrl":"https:\/\/batijournal.com\/wp-content\/uploads\/2015\/03\/50551499.jpg","keywords":["ffb","journ\u00e9es du patrimoine"],"articleSection":["Architecture &amp; Conception"],"inLanguage":"fr-FR","potentialAction":[{"@type":"CommentAction","name":"Comment","target":["https:\/\/batijournal.com\/index.php\/la-ffb-est-partenaire-des-journees-du-patrimoine\/74565\/#respond"]}]},{"@type":"WebPage","@id":"https:\/\/batijournal.com\/index.php\/la-ffb-est-partenaire-des-journees-du-patrimoine\/74565\/","url":"https:\/\/batijournal.com\/index.php\/la-ffb-est-partenaire-des-journees-du-patrimoine\/74565\/","name":"La FFB est partenaire des Journ\u00e9es du patrimoine","isPartOf":{"@id":"https:\/\/batijournal.com\/#website"},"primaryImageOfPage":{"@id":"https:\/\/batijournal.com\/index.php\/la-ffb-est-partenaire-des-journees-du-patrimoine\/74565\/#primaryimage"},"image":{"@id":"https:\/\/batijournal.com\/index.php\/la-ffb-est-partenaire-des-journees-du-patrimoine\/74565\/#primaryimage"},"thumbnailUrl":"https:\/\/batijournal.com\/wp-content\/uploads\/2015\/03\/50551499.jpg","datePublished":"2012-08-28T22:00:00+00:00","dateModified":"2019-07-15T09:35:29+00:00","author":{"@id":"https:\/\/batijournal.com\/#\/schema\/person\/6a657e8967569e1b299972574848aa76"},"breadcrumb":{"@id":"https:\/\/batijournal.com\/index.php\/la-ffb-est-partenaire-des-journees-du-patrimoine\/74565\/#breadcrumb"},"inLanguage":"fr-FR","potentialAction":[{"@type":"ReadAction","target":["https:\/\/batijournal.com\/index.php\/la-ffb-est-partenaire-des-journees-du-patrimoine\/74565\/"]}]},{"@type":"ImageObject","inLanguage":"fr-FR","@id":"https:\/\/batijournal.com\/index.php\/la-ffb-est-partenaire-des-journees-du-patrimoine\/74565\/#primaryimage","url":"https:\/\/batijournal.com\/wp-content\/uploads\/2015\/03\/50551499.jpg","contentUrl":"https:\/\/batijournal.com\/wp-content\/uploads\/2015\/03\/50551499.jpg","width":600,"height":552},{"@type":"BreadcrumbList","@id":"https:\/\/batijournal.com\/index.php\/la-ffb-est-partenaire-des-journees-du-patrimoine\/74565\/#breadcrumb","itemListElement":[{"@type":"ListItem","position":1,"name":"Accueil","item":"https:\/\/batijournal.com\/"},{"@type":"ListItem","position":2,"name":"Actualit\u00e9s","item":"https:\/\/batijournal.com\/index.php\/category\/actualites\/"},{"@type":"ListItem","position":3,"name":"Architecture &amp; Conception","item":"https:\/\/batijournal.com\/index.php\/category\/actualites\/architecture-conception\/"},{"@type":"ListItem","position":4,"name":"La FFB est partenaire des Journ\u00e9es du patrimoine"}]},{"@type":"WebSite","@id":"https:\/\/batijournal.com\/#website","url":"https:\/\/batijournal.com\/","name":"Batijournal","description":"L&#039;actualit\u00e9 du b\u00e2timent","potentialAction":[{"@type":"SearchAction","target":{"@type":"EntryPoint","urlTemplate":"https:\/\/batijournal.com\/?s={search_term_string}"},"query-input":{"@type":"PropertyValueSpecification","valueRequired":true,"valueName":"search_term_string"}}],"inLanguage":"fr-FR"},{"@type":"Person","@id":"https:\/\/batijournal.com\/#\/schema\/person\/6a657e8967569e1b299972574848aa76","name":"Bati-journal","image":{"@type":"ImageObject","inLanguage":"fr-FR","@id":"https:\/\/secure.gravatar.com\/avatar\/a64364ea26392f9b4dd47e017ddaec74ff03aefc073b49e492e847201258f777?s=96&d=mm&r=g","url":"https:\/\/secure.gravatar.com\/avatar\/a64364ea26392f9b4dd47e017ddaec74ff03aefc073b49e492e847201258f777?s=96&d=mm&r=g","contentUrl":"https:\/\/secure.gravatar.com\/avatar\/a64364ea26392f9b4dd47e017ddaec74ff03aefc073b49e492e847201258f777?s=96&d=mm&r=g","caption":"Bati-journal"},"url":"https:\/\/batijournal.com\/index.php\/author\/elodie\/"}]}},"_links":{"self":[{"href":"https:\/\/batijournal.com\/index.php\/wp-json\/wp\/v2\/posts\/74565","targetHints":{"allow":["GET"]}}],"collection":[{"href":"https:\/\/batijournal.com\/index.php\/wp-json\/wp\/v2\/posts"}],"about":[{"href":"https:\/\/batijournal.com\/index.php\/wp-json\/wp\/v2\/types\/post"}],"author":[{"embeddable":true,"href":"https:\/\/batijournal.com\/index.php\/wp-json\/wp\/v2\/users\/1"}],"replies":[{"embeddable":true,"href":"https:\/\/batijournal.com\/index.php\/wp-json\/wp\/v2\/comments?post=74565"}],"version-history":[{"count":0,"href":"https:\/\/batijournal.com\/index.php\/wp-json\/wp\/v2\/posts\/74565\/revisions"}],"wp:featuredmedia":[{"embeddable":true,"href":"https:\/\/batijournal.com\/index.php\/wp-json\/wp\/v2\/media\/74566"}],"wp:attachment":[{"href":"https:\/\/batijournal.com\/index.php\/wp-json\/wp\/v2\/media?parent=74565"}],"wp:term":[{"taxonomy":"category","embeddable":true,"href":"https:\/\/batijournal.com\/index.php\/wp-json\/wp\/v2\/categories?post=74565"},{"taxonomy":"post_tag","embeddable":true,"href":"https:\/\/batijournal.com\/index.php\/wp-json\/wp\/v2\/tags?post=74565"}],"curies":[{"name":"wp","href":"https:\/\/api.w.org\/{rel}","templated":true}]}}