{"id":74591,"date":"2012-10-29T15:57:50","date_gmt":"2012-10-29T14:57:50","guid":{"rendered":"http:\/\/b.bati-journal.com\/signature-du-premier-contrat-daffiliation-au-reseau-onf-energie-bois\/74591"},"modified":"2019-07-15T11:35:26","modified_gmt":"2019-07-15T09:35:26","slug":"signature-du-premier-contrat-daffiliation-au-reseau-onf-energie-bois","status":"publish","type":"post","link":"https:\/\/batijournal.com\/index.php\/signature-du-premier-contrat-daffiliation-au-reseau-onf-energie-bois\/74591\/","title":{"rendered":"Signature du premier contrat d&rsquo;affiliation au r\u00e9seau ONF Energie Bois"},"content":{"rendered":"<p>Le 17 octobre dernier, Pascal Vin\u00e9, directeur g\u00e9n\u00e9ral de l&rsquo;Office national des for\u00eats (ONF), Dominique Masini, g\u00e9rante de la Soci\u00e9t\u00e9 Foresti\u00e8re Bois Energie (SOFEB), ont sign\u00e9 le premier contrat d&rsquo;affiliation au r\u00e9seau ONF Energie Bois. Apr\u00e8s la cr\u00e9ation de dix filiales de production de bois de chauffage, l&rsquo;ONF concr\u00e9tise ainsi une deuxi\u00e8me \u00e9tape du d\u00e9ploiement de la marque ONF Energie Bois, par l&rsquo;interm\u00e9diaire de distributeurs affili\u00e9s, approvisionn\u00e9s en bois par ses filiales. Avec 110 000 st\u00e8res de bois b\u00fbche commercialis\u00e9s en 2011, et un volume pr\u00e9visionnel de 130 000 st\u00e8res en 2012, ONF Energie Bois constitue le premier r\u00e9seau national de distribution de bois de chauffage. Avec la mise en place d&rsquo;un r\u00e9seau d&rsquo;affili\u00e9s et de licenci\u00e9s, l&rsquo;ONF pr\u00e9voit d&rsquo;atteindre 300 000 st\u00e8res \u00e0 horizon 2016.<\/p>\n<p><span style=\"font-size: medium;\"><a href=\"http:\/\/www.onf.fr\" target=\"_blank\" rel=\"noopener noreferrer\">www.onf.fr<\/a><\/span><\/p>\n","protected":false},"excerpt":{"rendered":"<p>Le 17 octobre dernier, Pascal Vin\u00e9, directeur g\u00e9n\u00e9ral de l&rsquo;Office national des for\u00eats (ONF), Dominique Masini, g\u00e9rante de la Soci\u00e9t\u00e9 Foresti\u00e8re Bois Energie (SOFEB), ont sign\u00e9 le premier contrat d&rsquo;affiliation au r\u00e9seau ONF Energie Bois. Apr\u00e8s la cr\u00e9ation de dix filiales de production de bois de chauffage, l&rsquo;ONF concr\u00e9tise ainsi une deuxi\u00e8me \u00e9tape du d\u00e9ploiement [&hellip;]<\/p>\n","protected":false},"author":1,"featured_media":74592,"comment_status":"open","ping_status":"closed","sticky":false,"template":"","format":"standard","meta":{"_et_pb_use_builder":"","_et_pb_old_content":"","_et_gb_content_width":"","footnotes":""},"categories":[6340],"tags":[2122],"class_list":["post-74591","post","type-post","status-publish","format-standard","has-post-thumbnail","hentry","category-architecture-conception","tag-onf"],"yoast_head":"<!-- This site is optimized with the Yoast SEO plugin v27.4 - https:\/\/yoast.com\/product\/yoast-seo-wordpress\/ -->\n<title>Signature du premier contrat d&#039;affiliation au r\u00e9seau ONF Energie Bois<\/title>\n<meta name=\"robots\" content=\"index, follow, max-snippet:-1, max-image-preview:large, max-video-preview:-1\" \/>\n<link rel=\"canonical\" href=\"https:\/\/batijournal.com\/index.php\/signature-du-premier-contrat-daffiliation-au-reseau-onf-energie-bois\/74591\/\" \/>\n<meta property=\"og:locale\" content=\"fr_FR\" \/>\n<meta property=\"og:type\" content=\"article\" \/>\n<meta property=\"og:title\" content=\"Signature du premier contrat d&#039;affiliation au r\u00e9seau ONF Energie Bois\" \/>\n<meta property=\"og:description\" content=\"Le 17 octobre dernier, Pascal Vin\u00e9, directeur g\u00e9n\u00e9ral de l&rsquo;Office national des for\u00eats (ONF), Dominique Masini, g\u00e9rante de la Soci\u00e9t\u00e9 Foresti\u00e8re Bois Energie (SOFEB), ont sign\u00e9 le premier contrat d&rsquo;affiliation au r\u00e9seau ONF Energie Bois. Apr\u00e8s la cr\u00e9ation de dix filiales de production de bois de chauffage, l&rsquo;ONF concr\u00e9tise ainsi une deuxi\u00e8me \u00e9tape du d\u00e9ploiement [&hellip;]\" \/>\n<meta property=\"og:url\" content=\"https:\/\/batijournal.com\/index.php\/signature-du-premier-contrat-daffiliation-au-reseau-onf-energie-bois\/74591\/\" \/>\n<meta property=\"og:site_name\" content=\"Batijournal\" \/>\n<meta property=\"article:published_time\" content=\"2012-10-29T14:57:50+00:00\" \/>\n<meta property=\"article:modified_time\" content=\"2019-07-15T09:35:26+00:00\" \/>\n<meta property=\"og:image\" content=\"https:\/\/batijournal.com\/wp-content\/uploads\/2015\/03\/53287244.jpg\" \/>\n\t<meta property=\"og:image:width\" content=\"599\" \/>\n\t<meta property=\"og:image:height\" content=\"401\" \/>\n\t<meta property=\"og:image:type\" content=\"image\/jpeg\" \/>\n<meta name=\"author\" content=\"Bati-journal\" \/>\n<meta name=\"twitter:card\" content=\"summary_large_image\" \/>\n<meta name=\"twitter:creator\" content=\"@bati_journal\" \/>\n<meta name=\"twitter:site\" content=\"@bati_journal\" \/>\n<meta name=\"twitter:label1\" content=\"\u00c9crit par\" \/>\n\t<meta name=\"twitter:data1\" content=\"Bati-journal\" \/>\n\t<meta name=\"twitter:label2\" content=\"Dur\u00e9e de lecture estim\u00e9e\" \/>\n\t<meta name=\"twitter:data2\" content=\"1 minute\" \/>\n<script type=\"application\/ld+json\" class=\"yoast-schema-graph\">{\"@context\":\"https:\\\/\\\/schema.org\",\"@graph\":[{\"@type\":\"Article\",\"@id\":\"https:\\\/\\\/batijournal.com\\\/index.php\\\/signature-du-premier-contrat-daffiliation-au-reseau-onf-energie-bois\\\/74591\\\/#article\",\"isPartOf\":{\"@id\":\"https:\\\/\\\/batijournal.com\\\/index.php\\\/signature-du-premier-contrat-daffiliation-au-reseau-onf-energie-bois\\\/74591\\\/\"},\"author\":{\"name\":\"Bati-journal\",\"@id\":\"https:\\\/\\\/batijournal.com\\\/#\\\/schema\\\/person\\\/6a657e8967569e1b299972574848aa76\"},\"headline\":\"Signature du premier contrat d&rsquo;affiliation au r\u00e9seau ONF Energie Bois\",\"datePublished\":\"2012-10-29T14:57:50+00:00\",\"dateModified\":\"2019-07-15T09:35:26+00:00\",\"mainEntityOfPage\":{\"@id\":\"https:\\\/\\\/batijournal.com\\\/index.php\\\/signature-du-premier-contrat-daffiliation-au-reseau-onf-energie-bois\\\/74591\\\/\"},\"wordCount\":164,\"commentCount\":0,\"image\":{\"@id\":\"https:\\\/\\\/batijournal.com\\\/index.php\\\/signature-du-premier-contrat-daffiliation-au-reseau-onf-energie-bois\\\/74591\\\/#primaryimage\"},\"thumbnailUrl\":\"https:\\\/\\\/batijournal.com\\\/wp-content\\\/uploads\\\/2015\\\/03\\\/53287244.jpg\",\"keywords\":[\"onf\"],\"articleSection\":[\"Architecture &amp; Conception\"],\"inLanguage\":\"fr-FR\",\"potentialAction\":[{\"@type\":\"CommentAction\",\"name\":\"Comment\",\"target\":[\"https:\\\/\\\/batijournal.com\\\/index.php\\\/signature-du-premier-contrat-daffiliation-au-reseau-onf-energie-bois\\\/74591\\\/#respond\"]}]},{\"@type\":\"WebPage\",\"@id\":\"https:\\\/\\\/batijournal.com\\\/index.php\\\/signature-du-premier-contrat-daffiliation-au-reseau-onf-energie-bois\\\/74591\\\/\",\"url\":\"https:\\\/\\\/batijournal.com\\\/index.php\\\/signature-du-premier-contrat-daffiliation-au-reseau-onf-energie-bois\\\/74591\\\/\",\"name\":\"Signature du premier contrat d'affiliation au r\u00e9seau ONF Energie Bois\",\"isPartOf\":{\"@id\":\"https:\\\/\\\/batijournal.com\\\/#website\"},\"primaryImageOfPage\":{\"@id\":\"https:\\\/\\\/batijournal.com\\\/index.php\\\/signature-du-premier-contrat-daffiliation-au-reseau-onf-energie-bois\\\/74591\\\/#primaryimage\"},\"image\":{\"@id\":\"https:\\\/\\\/batijournal.com\\\/index.php\\\/signature-du-premier-contrat-daffiliation-au-reseau-onf-energie-bois\\\/74591\\\/#primaryimage\"},\"thumbnailUrl\":\"https:\\\/\\\/batijournal.com\\\/wp-content\\\/uploads\\\/2015\\\/03\\\/53287244.jpg\",\"datePublished\":\"2012-10-29T14:57:50+00:00\",\"dateModified\":\"2019-07-15T09:35:26+00:00\",\"author\":{\"@id\":\"https:\\\/\\\/batijournal.com\\\/#\\\/schema\\\/person\\\/6a657e8967569e1b299972574848aa76\"},\"breadcrumb\":{\"@id\":\"https:\\\/\\\/batijournal.com\\\/index.php\\\/signature-du-premier-contrat-daffiliation-au-reseau-onf-energie-bois\\\/74591\\\/#breadcrumb\"},\"inLanguage\":\"fr-FR\",\"potentialAction\":[{\"@type\":\"ReadAction\",\"target\":[\"https:\\\/\\\/batijournal.com\\\/index.php\\\/signature-du-premier-contrat-daffiliation-au-reseau-onf-energie-bois\\\/74591\\\/\"]}]},{\"@type\":\"ImageObject\",\"inLanguage\":\"fr-FR\",\"@id\":\"https:\\\/\\\/batijournal.com\\\/index.php\\\/signature-du-premier-contrat-daffiliation-au-reseau-onf-energie-bois\\\/74591\\\/#primaryimage\",\"url\":\"https:\\\/\\\/batijournal.com\\\/wp-content\\\/uploads\\\/2015\\\/03\\\/53287244.jpg\",\"contentUrl\":\"https:\\\/\\\/batijournal.com\\\/wp-content\\\/uploads\\\/2015\\\/03\\\/53287244.jpg\",\"width\":599,\"height\":401},{\"@type\":\"BreadcrumbList\",\"@id\":\"https:\\\/\\\/batijournal.com\\\/index.php\\\/signature-du-premier-contrat-daffiliation-au-reseau-onf-energie-bois\\\/74591\\\/#breadcrumb\",\"itemListElement\":[{\"@type\":\"ListItem\",\"position\":1,\"name\":\"Accueil\",\"item\":\"https:\\\/\\\/batijournal.com\\\/\"},{\"@type\":\"ListItem\",\"position\":2,\"name\":\"Actualit\u00e9s\",\"item\":\"https:\\\/\\\/batijournal.com\\\/index.php\\\/category\\\/actualites\\\/\"},{\"@type\":\"ListItem\",\"position\":3,\"name\":\"Architecture &amp; Conception\",\"item\":\"https:\\\/\\\/batijournal.com\\\/index.php\\\/category\\\/actualites\\\/architecture-conception\\\/\"},{\"@type\":\"ListItem\",\"position\":4,\"name\":\"Signature du premier contrat d&rsquo;affiliation au r\u00e9seau ONF Energie Bois\"}]},{\"@type\":\"WebSite\",\"@id\":\"https:\\\/\\\/batijournal.com\\\/#website\",\"url\":\"https:\\\/\\\/batijournal.com\\\/\",\"name\":\"Batijournal\",\"description\":\"L&#039;actualit\u00e9 du b\u00e2timent\",\"potentialAction\":[{\"@type\":\"SearchAction\",\"target\":{\"@type\":\"EntryPoint\",\"urlTemplate\":\"https:\\\/\\\/batijournal.com\\\/?s={search_term_string}\"},\"query-input\":{\"@type\":\"PropertyValueSpecification\",\"valueRequired\":true,\"valueName\":\"search_term_string\"}}],\"inLanguage\":\"fr-FR\"},{\"@type\":\"Person\",\"@id\":\"https:\\\/\\\/batijournal.com\\\/#\\\/schema\\\/person\\\/6a657e8967569e1b299972574848aa76\",\"name\":\"Bati-journal\",\"image\":{\"@type\":\"ImageObject\",\"inLanguage\":\"fr-FR\",\"@id\":\"https:\\\/\\\/secure.gravatar.com\\\/avatar\\\/a64364ea26392f9b4dd47e017ddaec74ff03aefc073b49e492e847201258f777?s=96&d=mm&r=g\",\"url\":\"https:\\\/\\\/secure.gravatar.com\\\/avatar\\\/a64364ea26392f9b4dd47e017ddaec74ff03aefc073b49e492e847201258f777?s=96&d=mm&r=g\",\"contentUrl\":\"https:\\\/\\\/secure.gravatar.com\\\/avatar\\\/a64364ea26392f9b4dd47e017ddaec74ff03aefc073b49e492e847201258f777?s=96&d=mm&r=g\",\"caption\":\"Bati-journal\"},\"url\":\"https:\\\/\\\/batijournal.com\\\/index.php\\\/author\\\/elodie\\\/\"}]}<\/script>\n<!-- \/ Yoast SEO plugin. -->","yoast_head_json":{"title":"Signature du premier contrat d'affiliation au r\u00e9seau ONF Energie Bois","robots":{"index":"index","follow":"follow","max-snippet":"max-snippet:-1","max-image-preview":"max-image-preview:large","max-video-preview":"max-video-preview:-1"},"canonical":"https:\/\/batijournal.com\/index.php\/signature-du-premier-contrat-daffiliation-au-reseau-onf-energie-bois\/74591\/","og_locale":"fr_FR","og_type":"article","og_title":"Signature du premier contrat d'affiliation au r\u00e9seau ONF Energie Bois","og_description":"Le 17 octobre dernier, Pascal Vin\u00e9, directeur g\u00e9n\u00e9ral de l&rsquo;Office national des for\u00eats (ONF), Dominique Masini, g\u00e9rante de la Soci\u00e9t\u00e9 Foresti\u00e8re Bois Energie (SOFEB), ont sign\u00e9 le premier contrat d&rsquo;affiliation au r\u00e9seau ONF Energie Bois. Apr\u00e8s la cr\u00e9ation de dix filiales de production de bois de chauffage, l&rsquo;ONF concr\u00e9tise ainsi une deuxi\u00e8me \u00e9tape du d\u00e9ploiement [&hellip;]","og_url":"https:\/\/batijournal.com\/index.php\/signature-du-premier-contrat-daffiliation-au-reseau-onf-energie-bois\/74591\/","og_site_name":"Batijournal","article_published_time":"2012-10-29T14:57:50+00:00","article_modified_time":"2019-07-15T09:35:26+00:00","og_image":[{"width":599,"height":401,"url":"https:\/\/batijournal.com\/wp-content\/uploads\/2015\/03\/53287244.jpg","type":"image\/jpeg"}],"author":"Bati-journal","twitter_card":"summary_large_image","twitter_creator":"@bati_journal","twitter_site":"@bati_journal","twitter_misc":{"\u00c9crit par":"Bati-journal","Dur\u00e9e de lecture estim\u00e9e":"1 minute"},"schema":{"@context":"https:\/\/schema.org","@graph":[{"@type":"Article","@id":"https:\/\/batijournal.com\/index.php\/signature-du-premier-contrat-daffiliation-au-reseau-onf-energie-bois\/74591\/#article","isPartOf":{"@id":"https:\/\/batijournal.com\/index.php\/signature-du-premier-contrat-daffiliation-au-reseau-onf-energie-bois\/74591\/"},"author":{"name":"Bati-journal","@id":"https:\/\/batijournal.com\/#\/schema\/person\/6a657e8967569e1b299972574848aa76"},"headline":"Signature du premier contrat d&rsquo;affiliation au r\u00e9seau ONF Energie Bois","datePublished":"2012-10-29T14:57:50+00:00","dateModified":"2019-07-15T09:35:26+00:00","mainEntityOfPage":{"@id":"https:\/\/batijournal.com\/index.php\/signature-du-premier-contrat-daffiliation-au-reseau-onf-energie-bois\/74591\/"},"wordCount":164,"commentCount":0,"image":{"@id":"https:\/\/batijournal.com\/index.php\/signature-du-premier-contrat-daffiliation-au-reseau-onf-energie-bois\/74591\/#primaryimage"},"thumbnailUrl":"https:\/\/batijournal.com\/wp-content\/uploads\/2015\/03\/53287244.jpg","keywords":["onf"],"articleSection":["Architecture &amp; Conception"],"inLanguage":"fr-FR","potentialAction":[{"@type":"CommentAction","name":"Comment","target":["https:\/\/batijournal.com\/index.php\/signature-du-premier-contrat-daffiliation-au-reseau-onf-energie-bois\/74591\/#respond"]}]},{"@type":"WebPage","@id":"https:\/\/batijournal.com\/index.php\/signature-du-premier-contrat-daffiliation-au-reseau-onf-energie-bois\/74591\/","url":"https:\/\/batijournal.com\/index.php\/signature-du-premier-contrat-daffiliation-au-reseau-onf-energie-bois\/74591\/","name":"Signature du premier contrat d'affiliation au r\u00e9seau ONF Energie Bois","isPartOf":{"@id":"https:\/\/batijournal.com\/#website"},"primaryImageOfPage":{"@id":"https:\/\/batijournal.com\/index.php\/signature-du-premier-contrat-daffiliation-au-reseau-onf-energie-bois\/74591\/#primaryimage"},"image":{"@id":"https:\/\/batijournal.com\/index.php\/signature-du-premier-contrat-daffiliation-au-reseau-onf-energie-bois\/74591\/#primaryimage"},"thumbnailUrl":"https:\/\/batijournal.com\/wp-content\/uploads\/2015\/03\/53287244.jpg","datePublished":"2012-10-29T14:57:50+00:00","dateModified":"2019-07-15T09:35:26+00:00","author":{"@id":"https:\/\/batijournal.com\/#\/schema\/person\/6a657e8967569e1b299972574848aa76"},"breadcrumb":{"@id":"https:\/\/batijournal.com\/index.php\/signature-du-premier-contrat-daffiliation-au-reseau-onf-energie-bois\/74591\/#breadcrumb"},"inLanguage":"fr-FR","potentialAction":[{"@type":"ReadAction","target":["https:\/\/batijournal.com\/index.php\/signature-du-premier-contrat-daffiliation-au-reseau-onf-energie-bois\/74591\/"]}]},{"@type":"ImageObject","inLanguage":"fr-FR","@id":"https:\/\/batijournal.com\/index.php\/signature-du-premier-contrat-daffiliation-au-reseau-onf-energie-bois\/74591\/#primaryimage","url":"https:\/\/batijournal.com\/wp-content\/uploads\/2015\/03\/53287244.jpg","contentUrl":"https:\/\/batijournal.com\/wp-content\/uploads\/2015\/03\/53287244.jpg","width":599,"height":401},{"@type":"BreadcrumbList","@id":"https:\/\/batijournal.com\/index.php\/signature-du-premier-contrat-daffiliation-au-reseau-onf-energie-bois\/74591\/#breadcrumb","itemListElement":[{"@type":"ListItem","position":1,"name":"Accueil","item":"https:\/\/batijournal.com\/"},{"@type":"ListItem","position":2,"name":"Actualit\u00e9s","item":"https:\/\/batijournal.com\/index.php\/category\/actualites\/"},{"@type":"ListItem","position":3,"name":"Architecture &amp; Conception","item":"https:\/\/batijournal.com\/index.php\/category\/actualites\/architecture-conception\/"},{"@type":"ListItem","position":4,"name":"Signature du premier contrat d&rsquo;affiliation au r\u00e9seau ONF Energie Bois"}]},{"@type":"WebSite","@id":"https:\/\/batijournal.com\/#website","url":"https:\/\/batijournal.com\/","name":"Batijournal","description":"L&#039;actualit\u00e9 du b\u00e2timent","potentialAction":[{"@type":"SearchAction","target":{"@type":"EntryPoint","urlTemplate":"https:\/\/batijournal.com\/?s={search_term_string}"},"query-input":{"@type":"PropertyValueSpecification","valueRequired":true,"valueName":"search_term_string"}}],"inLanguage":"fr-FR"},{"@type":"Person","@id":"https:\/\/batijournal.com\/#\/schema\/person\/6a657e8967569e1b299972574848aa76","name":"Bati-journal","image":{"@type":"ImageObject","inLanguage":"fr-FR","@id":"https:\/\/secure.gravatar.com\/avatar\/a64364ea26392f9b4dd47e017ddaec74ff03aefc073b49e492e847201258f777?s=96&d=mm&r=g","url":"https:\/\/secure.gravatar.com\/avatar\/a64364ea26392f9b4dd47e017ddaec74ff03aefc073b49e492e847201258f777?s=96&d=mm&r=g","contentUrl":"https:\/\/secure.gravatar.com\/avatar\/a64364ea26392f9b4dd47e017ddaec74ff03aefc073b49e492e847201258f777?s=96&d=mm&r=g","caption":"Bati-journal"},"url":"https:\/\/batijournal.com\/index.php\/author\/elodie\/"}]}},"_links":{"self":[{"href":"https:\/\/batijournal.com\/index.php\/wp-json\/wp\/v2\/posts\/74591","targetHints":{"allow":["GET"]}}],"collection":[{"href":"https:\/\/batijournal.com\/index.php\/wp-json\/wp\/v2\/posts"}],"about":[{"href":"https:\/\/batijournal.com\/index.php\/wp-json\/wp\/v2\/types\/post"}],"author":[{"embeddable":true,"href":"https:\/\/batijournal.com\/index.php\/wp-json\/wp\/v2\/users\/1"}],"replies":[{"embeddable":true,"href":"https:\/\/batijournal.com\/index.php\/wp-json\/wp\/v2\/comments?post=74591"}],"version-history":[{"count":0,"href":"https:\/\/batijournal.com\/index.php\/wp-json\/wp\/v2\/posts\/74591\/revisions"}],"wp:featuredmedia":[{"embeddable":true,"href":"https:\/\/batijournal.com\/index.php\/wp-json\/wp\/v2\/media\/74592"}],"wp:attachment":[{"href":"https:\/\/batijournal.com\/index.php\/wp-json\/wp\/v2\/media?parent=74591"}],"wp:term":[{"taxonomy":"category","embeddable":true,"href":"https:\/\/batijournal.com\/index.php\/wp-json\/wp\/v2\/categories?post=74591"},{"taxonomy":"post_tag","embeddable":true,"href":"https:\/\/batijournal.com\/index.php\/wp-json\/wp\/v2\/tags?post=74591"}],"curies":[{"name":"wp","href":"https:\/\/api.w.org\/{rel}","templated":true}]}}