{"id":74593,"date":"2012-10-31T15:56:30","date_gmt":"2012-10-31T14:56:30","guid":{"rendered":"http:\/\/b.bati-journal.com\/sene-56-visite-de-chantier-de-logements-collectifs-tout-bois\/74593"},"modified":"2019-07-15T11:35:26","modified_gmt":"2019-07-15T09:35:26","slug":"sene-56-visite-de-chantier-de-logements-collectifs-tout-bois","status":"publish","type":"post","link":"https:\/\/batijournal.com\/index.php\/sene-56-visite-de-chantier-de-logements-collectifs-tout-bois\/74593\/","title":{"rendered":"S\u00e9n\u00e9 (56) : visite de chantier de logements collectifs tout bois"},"content":{"rendered":"<p>Plus de 50 professionnels sont attendus le 8 novembre prochain sur le chantier de deux b\u00e2timents collectifs de logements sociaux \u00e0 S\u00e9n\u00e9 (56). Un des premiers exemples des b\u00e2timents collectifs tout bois en Bretagne o\u00f9 le bois breton est aussi pr\u00e9sent, ce projet est r\u00e9alis\u00e9 pour le compte de Bretagne Sud Habitat. La part de march\u00e9 de la construction bois de maisons individuelles (secteur diffus) a doubl\u00e9 en six ann\u00e9es, passant d&rsquo;environ 5 \u00e0 6 % en 2005 \u00e0 plus de 12 % en 2011. Cependant, au niveau du logement collectif, la construction bois ne repr\u00e9sente encore que 4 %. Les ma\u00eetres d&rsquo;ouvrage ayant quelques r\u00e9ticences en mati\u00e8re de ma\u00eetrise de l&rsquo;acoustique entre logements et des prix consid\u00e9r\u00e9s comme trop \u00e9lev\u00e9s. Les logements de la Zac de Kerfontaine pourraient bien faire changer d&rsquo;optique sur cette question. L&rsquo;entreprise IC Bois a fait appel \u00e0 un acousticien du Critt Bois d&rsquo;Epinal pour d\u00e9finir ses d\u00e9tails constructifs et le prix final de la construction inf\u00e9rieur \u00e0 1 250 euros HT\/m2 Shab au standard BBC, avec un mur bois apparent dans chaque logement. La visite sera l&rsquo;occasion de pr\u00e9senter et d&rsquo;\u00e9changer entre ma\u00eetres d&rsquo;ouvrage et professionnels de la construction autour des choix retenus : le montage en \u00ab conception\/r\u00e9alisation \u00bb, l&#8217;emploi de \u00ab murs massifs contre-clou\u00e9s \u00bb en bois breton, des bardages en bois trait\u00e9s \u00e0 haute temp\u00e9rature avec des finitions garanties, des parois acoustiques bois entre logements, un temps de montage r\u00e9duit \u00e0 trois semaines&#8230;<\/p>\n<p><a href=\"http:\/\/www.abibois.com\/images\/stories\/Images_Agenda_Abibois\/invitation_RC_08nov2012.pdf\" target=\"_blank\" rel=\"noopener noreferrer\"><span style=\"font-size: medium;\">T\u00e9l\u00e9charger le programme de la visite et le bulletin d&rsquo;inscription. <\/span><\/a><\/p>\n","protected":false},"excerpt":{"rendered":"<p>Plus de 50 professionnels sont attendus le 8 novembre prochain sur le chantier de deux b\u00e2timents collectifs de logements sociaux \u00e0 S\u00e9n\u00e9 (56). Un des premiers exemples des b\u00e2timents collectifs tout bois en Bretagne o\u00f9 le bois breton est aussi pr\u00e9sent, ce projet est r\u00e9alis\u00e9 pour le compte de Bretagne Sud Habitat. La part de [&hellip;]<\/p>\n","protected":false},"author":1,"featured_media":74594,"comment_status":"open","ping_status":"closed","sticky":false,"template":"","format":"standard","meta":{"_et_pb_use_builder":"","_et_pb_old_content":"","_et_gb_content_width":"","footnotes":""},"categories":[6340],"tags":[1150,863],"class_list":["post-74593","post","type-post","status-publish","format-standard","has-post-thumbnail","hentry","category-architecture-conception","tag-chantier","tag-visite"],"yoast_head":"<!-- This site is optimized with the Yoast SEO plugin v27.4 - https:\/\/yoast.com\/product\/yoast-seo-wordpress\/ -->\n<title>S\u00e9n\u00e9 (56) : visite de chantier de logements collectifs tout bois<\/title>\n<meta name=\"robots\" content=\"index, follow, max-snippet:-1, max-image-preview:large, max-video-preview:-1\" \/>\n<link rel=\"canonical\" href=\"https:\/\/batijournal.com\/index.php\/sene-56-visite-de-chantier-de-logements-collectifs-tout-bois\/74593\/\" \/>\n<meta property=\"og:locale\" content=\"fr_FR\" \/>\n<meta property=\"og:type\" content=\"article\" \/>\n<meta property=\"og:title\" content=\"S\u00e9n\u00e9 (56) : visite de chantier de logements collectifs tout bois\" \/>\n<meta property=\"og:description\" content=\"Plus de 50 professionnels sont attendus le 8 novembre prochain sur le chantier de deux b\u00e2timents collectifs de logements sociaux \u00e0 S\u00e9n\u00e9 (56). Un des premiers exemples des b\u00e2timents collectifs tout bois en Bretagne o\u00f9 le bois breton est aussi pr\u00e9sent, ce projet est r\u00e9alis\u00e9 pour le compte de Bretagne Sud Habitat. La part de [&hellip;]\" \/>\n<meta property=\"og:url\" content=\"https:\/\/batijournal.com\/index.php\/sene-56-visite-de-chantier-de-logements-collectifs-tout-bois\/74593\/\" \/>\n<meta property=\"og:site_name\" content=\"Batijournal\" \/>\n<meta property=\"article:published_time\" content=\"2012-10-31T14:56:30+00:00\" \/>\n<meta property=\"article:modified_time\" content=\"2019-07-15T09:35:26+00:00\" \/>\n<meta property=\"og:image\" content=\"https:\/\/batijournal.com\/wp-content\/uploads\/2015\/03\/53489812.jpg\" \/>\n\t<meta property=\"og:image:width\" content=\"599\" \/>\n\t<meta property=\"og:image:height\" content=\"424\" \/>\n\t<meta property=\"og:image:type\" content=\"image\/jpeg\" \/>\n<meta name=\"author\" content=\"Bati-journal\" \/>\n<meta name=\"twitter:card\" content=\"summary_large_image\" \/>\n<meta name=\"twitter:creator\" content=\"@bati_journal\" \/>\n<meta name=\"twitter:site\" content=\"@bati_journal\" \/>\n<meta name=\"twitter:label1\" content=\"\u00c9crit par\" \/>\n\t<meta name=\"twitter:data1\" content=\"Bati-journal\" \/>\n\t<meta name=\"twitter:label2\" content=\"Dur\u00e9e de lecture estim\u00e9e\" \/>\n\t<meta name=\"twitter:data2\" content=\"1 minute\" \/>\n<script type=\"application\/ld+json\" class=\"yoast-schema-graph\">{\"@context\":\"https:\\\/\\\/schema.org\",\"@graph\":[{\"@type\":\"Article\",\"@id\":\"https:\\\/\\\/batijournal.com\\\/index.php\\\/sene-56-visite-de-chantier-de-logements-collectifs-tout-bois\\\/74593\\\/#article\",\"isPartOf\":{\"@id\":\"https:\\\/\\\/batijournal.com\\\/index.php\\\/sene-56-visite-de-chantier-de-logements-collectifs-tout-bois\\\/74593\\\/\"},\"author\":{\"name\":\"Bati-journal\",\"@id\":\"https:\\\/\\\/batijournal.com\\\/#\\\/schema\\\/person\\\/6a657e8967569e1b299972574848aa76\"},\"headline\":\"S\u00e9n\u00e9 (56) : visite de chantier de logements collectifs tout bois\",\"datePublished\":\"2012-10-31T14:56:30+00:00\",\"dateModified\":\"2019-07-15T09:35:26+00:00\",\"mainEntityOfPage\":{\"@id\":\"https:\\\/\\\/batijournal.com\\\/index.php\\\/sene-56-visite-de-chantier-de-logements-collectifs-tout-bois\\\/74593\\\/\"},\"wordCount\":275,\"commentCount\":0,\"image\":{\"@id\":\"https:\\\/\\\/batijournal.com\\\/index.php\\\/sene-56-visite-de-chantier-de-logements-collectifs-tout-bois\\\/74593\\\/#primaryimage\"},\"thumbnailUrl\":\"https:\\\/\\\/batijournal.com\\\/wp-content\\\/uploads\\\/2015\\\/03\\\/53489812.jpg\",\"keywords\":[\"chantier\",\"visite\"],\"articleSection\":[\"Architecture &amp; Conception\"],\"inLanguage\":\"fr-FR\",\"potentialAction\":[{\"@type\":\"CommentAction\",\"name\":\"Comment\",\"target\":[\"https:\\\/\\\/batijournal.com\\\/index.php\\\/sene-56-visite-de-chantier-de-logements-collectifs-tout-bois\\\/74593\\\/#respond\"]}]},{\"@type\":\"WebPage\",\"@id\":\"https:\\\/\\\/batijournal.com\\\/index.php\\\/sene-56-visite-de-chantier-de-logements-collectifs-tout-bois\\\/74593\\\/\",\"url\":\"https:\\\/\\\/batijournal.com\\\/index.php\\\/sene-56-visite-de-chantier-de-logements-collectifs-tout-bois\\\/74593\\\/\",\"name\":\"S\u00e9n\u00e9 (56) : visite de chantier de logements collectifs tout bois\",\"isPartOf\":{\"@id\":\"https:\\\/\\\/batijournal.com\\\/#website\"},\"primaryImageOfPage\":{\"@id\":\"https:\\\/\\\/batijournal.com\\\/index.php\\\/sene-56-visite-de-chantier-de-logements-collectifs-tout-bois\\\/74593\\\/#primaryimage\"},\"image\":{\"@id\":\"https:\\\/\\\/batijournal.com\\\/index.php\\\/sene-56-visite-de-chantier-de-logements-collectifs-tout-bois\\\/74593\\\/#primaryimage\"},\"thumbnailUrl\":\"https:\\\/\\\/batijournal.com\\\/wp-content\\\/uploads\\\/2015\\\/03\\\/53489812.jpg\",\"datePublished\":\"2012-10-31T14:56:30+00:00\",\"dateModified\":\"2019-07-15T09:35:26+00:00\",\"author\":{\"@id\":\"https:\\\/\\\/batijournal.com\\\/#\\\/schema\\\/person\\\/6a657e8967569e1b299972574848aa76\"},\"breadcrumb\":{\"@id\":\"https:\\\/\\\/batijournal.com\\\/index.php\\\/sene-56-visite-de-chantier-de-logements-collectifs-tout-bois\\\/74593\\\/#breadcrumb\"},\"inLanguage\":\"fr-FR\",\"potentialAction\":[{\"@type\":\"ReadAction\",\"target\":[\"https:\\\/\\\/batijournal.com\\\/index.php\\\/sene-56-visite-de-chantier-de-logements-collectifs-tout-bois\\\/74593\\\/\"]}]},{\"@type\":\"ImageObject\",\"inLanguage\":\"fr-FR\",\"@id\":\"https:\\\/\\\/batijournal.com\\\/index.php\\\/sene-56-visite-de-chantier-de-logements-collectifs-tout-bois\\\/74593\\\/#primaryimage\",\"url\":\"https:\\\/\\\/batijournal.com\\\/wp-content\\\/uploads\\\/2015\\\/03\\\/53489812.jpg\",\"contentUrl\":\"https:\\\/\\\/batijournal.com\\\/wp-content\\\/uploads\\\/2015\\\/03\\\/53489812.jpg\",\"width\":599,\"height\":424},{\"@type\":\"BreadcrumbList\",\"@id\":\"https:\\\/\\\/batijournal.com\\\/index.php\\\/sene-56-visite-de-chantier-de-logements-collectifs-tout-bois\\\/74593\\\/#breadcrumb\",\"itemListElement\":[{\"@type\":\"ListItem\",\"position\":1,\"name\":\"Accueil\",\"item\":\"https:\\\/\\\/batijournal.com\\\/\"},{\"@type\":\"ListItem\",\"position\":2,\"name\":\"Actualit\u00e9s\",\"item\":\"https:\\\/\\\/batijournal.com\\\/index.php\\\/category\\\/actualites\\\/\"},{\"@type\":\"ListItem\",\"position\":3,\"name\":\"Architecture &amp; Conception\",\"item\":\"https:\\\/\\\/batijournal.com\\\/index.php\\\/category\\\/actualites\\\/architecture-conception\\\/\"},{\"@type\":\"ListItem\",\"position\":4,\"name\":\"S\u00e9n\u00e9 (56) : visite de chantier de logements collectifs tout bois\"}]},{\"@type\":\"WebSite\",\"@id\":\"https:\\\/\\\/batijournal.com\\\/#website\",\"url\":\"https:\\\/\\\/batijournal.com\\\/\",\"name\":\"Batijournal\",\"description\":\"L&#039;actualit\u00e9 du b\u00e2timent\",\"potentialAction\":[{\"@type\":\"SearchAction\",\"target\":{\"@type\":\"EntryPoint\",\"urlTemplate\":\"https:\\\/\\\/batijournal.com\\\/?s={search_term_string}\"},\"query-input\":{\"@type\":\"PropertyValueSpecification\",\"valueRequired\":true,\"valueName\":\"search_term_string\"}}],\"inLanguage\":\"fr-FR\"},{\"@type\":\"Person\",\"@id\":\"https:\\\/\\\/batijournal.com\\\/#\\\/schema\\\/person\\\/6a657e8967569e1b299972574848aa76\",\"name\":\"Bati-journal\",\"image\":{\"@type\":\"ImageObject\",\"inLanguage\":\"fr-FR\",\"@id\":\"https:\\\/\\\/secure.gravatar.com\\\/avatar\\\/a64364ea26392f9b4dd47e017ddaec74ff03aefc073b49e492e847201258f777?s=96&d=mm&r=g\",\"url\":\"https:\\\/\\\/secure.gravatar.com\\\/avatar\\\/a64364ea26392f9b4dd47e017ddaec74ff03aefc073b49e492e847201258f777?s=96&d=mm&r=g\",\"contentUrl\":\"https:\\\/\\\/secure.gravatar.com\\\/avatar\\\/a64364ea26392f9b4dd47e017ddaec74ff03aefc073b49e492e847201258f777?s=96&d=mm&r=g\",\"caption\":\"Bati-journal\"},\"url\":\"https:\\\/\\\/batijournal.com\\\/index.php\\\/author\\\/elodie\\\/\"}]}<\/script>\n<!-- \/ Yoast SEO plugin. -->","yoast_head_json":{"title":"S\u00e9n\u00e9 (56) : visite de chantier de logements collectifs tout bois","robots":{"index":"index","follow":"follow","max-snippet":"max-snippet:-1","max-image-preview":"max-image-preview:large","max-video-preview":"max-video-preview:-1"},"canonical":"https:\/\/batijournal.com\/index.php\/sene-56-visite-de-chantier-de-logements-collectifs-tout-bois\/74593\/","og_locale":"fr_FR","og_type":"article","og_title":"S\u00e9n\u00e9 (56) : visite de chantier de logements collectifs tout bois","og_description":"Plus de 50 professionnels sont attendus le 8 novembre prochain sur le chantier de deux b\u00e2timents collectifs de logements sociaux \u00e0 S\u00e9n\u00e9 (56). Un des premiers exemples des b\u00e2timents collectifs tout bois en Bretagne o\u00f9 le bois breton est aussi pr\u00e9sent, ce projet est r\u00e9alis\u00e9 pour le compte de Bretagne Sud Habitat. La part de [&hellip;]","og_url":"https:\/\/batijournal.com\/index.php\/sene-56-visite-de-chantier-de-logements-collectifs-tout-bois\/74593\/","og_site_name":"Batijournal","article_published_time":"2012-10-31T14:56:30+00:00","article_modified_time":"2019-07-15T09:35:26+00:00","og_image":[{"width":599,"height":424,"url":"https:\/\/batijournal.com\/wp-content\/uploads\/2015\/03\/53489812.jpg","type":"image\/jpeg"}],"author":"Bati-journal","twitter_card":"summary_large_image","twitter_creator":"@bati_journal","twitter_site":"@bati_journal","twitter_misc":{"\u00c9crit par":"Bati-journal","Dur\u00e9e de lecture estim\u00e9e":"1 minute"},"schema":{"@context":"https:\/\/schema.org","@graph":[{"@type":"Article","@id":"https:\/\/batijournal.com\/index.php\/sene-56-visite-de-chantier-de-logements-collectifs-tout-bois\/74593\/#article","isPartOf":{"@id":"https:\/\/batijournal.com\/index.php\/sene-56-visite-de-chantier-de-logements-collectifs-tout-bois\/74593\/"},"author":{"name":"Bati-journal","@id":"https:\/\/batijournal.com\/#\/schema\/person\/6a657e8967569e1b299972574848aa76"},"headline":"S\u00e9n\u00e9 (56) : visite de chantier de logements collectifs tout bois","datePublished":"2012-10-31T14:56:30+00:00","dateModified":"2019-07-15T09:35:26+00:00","mainEntityOfPage":{"@id":"https:\/\/batijournal.com\/index.php\/sene-56-visite-de-chantier-de-logements-collectifs-tout-bois\/74593\/"},"wordCount":275,"commentCount":0,"image":{"@id":"https:\/\/batijournal.com\/index.php\/sene-56-visite-de-chantier-de-logements-collectifs-tout-bois\/74593\/#primaryimage"},"thumbnailUrl":"https:\/\/batijournal.com\/wp-content\/uploads\/2015\/03\/53489812.jpg","keywords":["chantier","visite"],"articleSection":["Architecture &amp; Conception"],"inLanguage":"fr-FR","potentialAction":[{"@type":"CommentAction","name":"Comment","target":["https:\/\/batijournal.com\/index.php\/sene-56-visite-de-chantier-de-logements-collectifs-tout-bois\/74593\/#respond"]}]},{"@type":"WebPage","@id":"https:\/\/batijournal.com\/index.php\/sene-56-visite-de-chantier-de-logements-collectifs-tout-bois\/74593\/","url":"https:\/\/batijournal.com\/index.php\/sene-56-visite-de-chantier-de-logements-collectifs-tout-bois\/74593\/","name":"S\u00e9n\u00e9 (56) : visite de chantier de logements collectifs tout bois","isPartOf":{"@id":"https:\/\/batijournal.com\/#website"},"primaryImageOfPage":{"@id":"https:\/\/batijournal.com\/index.php\/sene-56-visite-de-chantier-de-logements-collectifs-tout-bois\/74593\/#primaryimage"},"image":{"@id":"https:\/\/batijournal.com\/index.php\/sene-56-visite-de-chantier-de-logements-collectifs-tout-bois\/74593\/#primaryimage"},"thumbnailUrl":"https:\/\/batijournal.com\/wp-content\/uploads\/2015\/03\/53489812.jpg","datePublished":"2012-10-31T14:56:30+00:00","dateModified":"2019-07-15T09:35:26+00:00","author":{"@id":"https:\/\/batijournal.com\/#\/schema\/person\/6a657e8967569e1b299972574848aa76"},"breadcrumb":{"@id":"https:\/\/batijournal.com\/index.php\/sene-56-visite-de-chantier-de-logements-collectifs-tout-bois\/74593\/#breadcrumb"},"inLanguage":"fr-FR","potentialAction":[{"@type":"ReadAction","target":["https:\/\/batijournal.com\/index.php\/sene-56-visite-de-chantier-de-logements-collectifs-tout-bois\/74593\/"]}]},{"@type":"ImageObject","inLanguage":"fr-FR","@id":"https:\/\/batijournal.com\/index.php\/sene-56-visite-de-chantier-de-logements-collectifs-tout-bois\/74593\/#primaryimage","url":"https:\/\/batijournal.com\/wp-content\/uploads\/2015\/03\/53489812.jpg","contentUrl":"https:\/\/batijournal.com\/wp-content\/uploads\/2015\/03\/53489812.jpg","width":599,"height":424},{"@type":"BreadcrumbList","@id":"https:\/\/batijournal.com\/index.php\/sene-56-visite-de-chantier-de-logements-collectifs-tout-bois\/74593\/#breadcrumb","itemListElement":[{"@type":"ListItem","position":1,"name":"Accueil","item":"https:\/\/batijournal.com\/"},{"@type":"ListItem","position":2,"name":"Actualit\u00e9s","item":"https:\/\/batijournal.com\/index.php\/category\/actualites\/"},{"@type":"ListItem","position":3,"name":"Architecture &amp; Conception","item":"https:\/\/batijournal.com\/index.php\/category\/actualites\/architecture-conception\/"},{"@type":"ListItem","position":4,"name":"S\u00e9n\u00e9 (56) : visite de chantier de logements collectifs tout bois"}]},{"@type":"WebSite","@id":"https:\/\/batijournal.com\/#website","url":"https:\/\/batijournal.com\/","name":"Batijournal","description":"L&#039;actualit\u00e9 du b\u00e2timent","potentialAction":[{"@type":"SearchAction","target":{"@type":"EntryPoint","urlTemplate":"https:\/\/batijournal.com\/?s={search_term_string}"},"query-input":{"@type":"PropertyValueSpecification","valueRequired":true,"valueName":"search_term_string"}}],"inLanguage":"fr-FR"},{"@type":"Person","@id":"https:\/\/batijournal.com\/#\/schema\/person\/6a657e8967569e1b299972574848aa76","name":"Bati-journal","image":{"@type":"ImageObject","inLanguage":"fr-FR","@id":"https:\/\/secure.gravatar.com\/avatar\/a64364ea26392f9b4dd47e017ddaec74ff03aefc073b49e492e847201258f777?s=96&d=mm&r=g","url":"https:\/\/secure.gravatar.com\/avatar\/a64364ea26392f9b4dd47e017ddaec74ff03aefc073b49e492e847201258f777?s=96&d=mm&r=g","contentUrl":"https:\/\/secure.gravatar.com\/avatar\/a64364ea26392f9b4dd47e017ddaec74ff03aefc073b49e492e847201258f777?s=96&d=mm&r=g","caption":"Bati-journal"},"url":"https:\/\/batijournal.com\/index.php\/author\/elodie\/"}]}},"_links":{"self":[{"href":"https:\/\/batijournal.com\/index.php\/wp-json\/wp\/v2\/posts\/74593","targetHints":{"allow":["GET"]}}],"collection":[{"href":"https:\/\/batijournal.com\/index.php\/wp-json\/wp\/v2\/posts"}],"about":[{"href":"https:\/\/batijournal.com\/index.php\/wp-json\/wp\/v2\/types\/post"}],"author":[{"embeddable":true,"href":"https:\/\/batijournal.com\/index.php\/wp-json\/wp\/v2\/users\/1"}],"replies":[{"embeddable":true,"href":"https:\/\/batijournal.com\/index.php\/wp-json\/wp\/v2\/comments?post=74593"}],"version-history":[{"count":0,"href":"https:\/\/batijournal.com\/index.php\/wp-json\/wp\/v2\/posts\/74593\/revisions"}],"wp:featuredmedia":[{"embeddable":true,"href":"https:\/\/batijournal.com\/index.php\/wp-json\/wp\/v2\/media\/74594"}],"wp:attachment":[{"href":"https:\/\/batijournal.com\/index.php\/wp-json\/wp\/v2\/media?parent=74593"}],"wp:term":[{"taxonomy":"category","embeddable":true,"href":"https:\/\/batijournal.com\/index.php\/wp-json\/wp\/v2\/categories?post=74593"},{"taxonomy":"post_tag","embeddable":true,"href":"https:\/\/batijournal.com\/index.php\/wp-json\/wp\/v2\/tags?post=74593"}],"curies":[{"name":"wp","href":"https:\/\/api.w.org\/{rel}","templated":true}]}}