{"id":74607,"date":"2012-12-10T08:13:43","date_gmt":"2012-12-10T07:13:43","guid":{"rendered":"http:\/\/b.bati-journal.com\/nouveau-president-de-la-fibc\/74607"},"modified":"2019-07-15T11:35:25","modified_gmt":"2019-07-15T09:35:25","slug":"nouveau-president-de-la-fibc","status":"publish","type":"post","link":"https:\/\/batijournal.com\/index.php\/nouveau-president-de-la-fibc\/74607\/","title":{"rendered":"Nouveau pr\u00e9sident de la FIBC"},"content":{"rendered":"<p>Jean-Baptiste Mouli\u00e9, \u00e0 la t\u00eate de Briand Construction Bois et jusqu&rsquo;alors pr\u00e9sident du Syndicat national du bois lamell\u00e9 (SNBL), a \u00e9t\u00e9 nomm\u00e9 \u00e0 la pr\u00e9sidence de la F\u00e9d\u00e9ration de l&rsquo;industrie bois construction (FIBC), le 23 octobre dernier. Il prend ainsi la succession de Luc Charmasson, pr\u00e9sident de la FNIBB depuis 1992, devenue FIBC en 2000. \u00ab\u00a0Mon souhait est de continuer \u00e0 garantir \u00e0 chaque organisation professionnelle de d\u00e9velopper de mani\u00e8re efficace ses propres actions au sein de la FIBC comme cela a toujours \u00e9t\u00e9 le cas, mais aussi de l&rsquo;amener \u00e0 contribuer \u00e0 une vision consensuelle et collective des int\u00e9r\u00eats d&rsquo;une fili\u00e8re souvent per\u00e7ue comme tr\u00e8s atomis\u00e9e\u00a0\u00bb, a d\u00e9clar\u00e9 le nouveau pr\u00e9sident.<\/p>\n<p><span style=\"font-size: medium;\"><a href=\"http:\/\/www.batibois.org\" target=\"_blank\" rel=\"noopener noreferrer\">www.batibois.org<\/a>\u00a0<\/span><\/p>\n","protected":false},"excerpt":{"rendered":"<p>Jean-Baptiste Mouli\u00e9, \u00e0 la t\u00eate de Briand Construction Bois et jusqu&rsquo;alors pr\u00e9sident du Syndicat national du bois lamell\u00e9 (SNBL), a \u00e9t\u00e9 nomm\u00e9 \u00e0 la pr\u00e9sidence de la F\u00e9d\u00e9ration de l&rsquo;industrie bois construction (FIBC), le 23 octobre dernier. Il prend ainsi la succession de Luc Charmasson, pr\u00e9sident de la FNIBB depuis 1992, devenue FIBC en 2000. [&hellip;]<\/p>\n","protected":false},"author":1,"featured_media":74608,"comment_status":"open","ping_status":"closed","sticky":false,"template":"","format":"standard","meta":{"_et_pb_use_builder":"","_et_pb_old_content":"","_et_gb_content_width":"","footnotes":""},"categories":[6340],"tags":[2424,1989],"class_list":["post-74607","post","type-post","status-publish","format-standard","has-post-thumbnail","hentry","category-architecture-conception","tag-fibc","tag-president"],"yoast_head":"<!-- This site is optimized with the Yoast SEO plugin v27.4 - https:\/\/yoast.com\/product\/yoast-seo-wordpress\/ -->\n<title>Nouveau pr\u00e9sident de la FIBC<\/title>\n<meta name=\"robots\" content=\"index, follow, max-snippet:-1, max-image-preview:large, max-video-preview:-1\" \/>\n<link rel=\"canonical\" href=\"https:\/\/batijournal.com\/index.php\/nouveau-president-de-la-fibc\/74607\/\" \/>\n<meta property=\"og:locale\" content=\"fr_FR\" \/>\n<meta property=\"og:type\" content=\"article\" \/>\n<meta property=\"og:title\" content=\"Nouveau pr\u00e9sident de la FIBC\" \/>\n<meta property=\"og:description\" content=\"Jean-Baptiste Mouli\u00e9, \u00e0 la t\u00eate de Briand Construction Bois et jusqu&rsquo;alors pr\u00e9sident du Syndicat national du bois lamell\u00e9 (SNBL), a \u00e9t\u00e9 nomm\u00e9 \u00e0 la pr\u00e9sidence de la F\u00e9d\u00e9ration de l&rsquo;industrie bois construction (FIBC), le 23 octobre dernier. Il prend ainsi la succession de Luc Charmasson, pr\u00e9sident de la FNIBB depuis 1992, devenue FIBC en 2000. [&hellip;]\" \/>\n<meta property=\"og:url\" content=\"https:\/\/batijournal.com\/index.php\/nouveau-president-de-la-fibc\/74607\/\" \/>\n<meta property=\"og:site_name\" content=\"Batijournal\" \/>\n<meta property=\"article:published_time\" content=\"2012-12-10T07:13:43+00:00\" \/>\n<meta property=\"article:modified_time\" content=\"2019-07-15T09:35:25+00:00\" \/>\n<meta property=\"og:image\" content=\"https:\/\/batijournal.com\/wp-content\/uploads\/2015\/03\/55550442.jpg\" \/>\n\t<meta property=\"og:image:width\" content=\"449\" \/>\n\t<meta property=\"og:image:height\" content=\"600\" \/>\n\t<meta property=\"og:image:type\" content=\"image\/jpeg\" \/>\n<meta name=\"author\" content=\"Bati-journal\" \/>\n<meta name=\"twitter:card\" content=\"summary_large_image\" \/>\n<meta name=\"twitter:creator\" content=\"@bati_journal\" \/>\n<meta name=\"twitter:site\" content=\"@bati_journal\" \/>\n<meta name=\"twitter:label1\" content=\"\u00c9crit par\" \/>\n\t<meta name=\"twitter:data1\" content=\"Bati-journal\" \/>\n\t<meta name=\"twitter:label2\" content=\"Dur\u00e9e de lecture estim\u00e9e\" \/>\n\t<meta name=\"twitter:data2\" content=\"1 minute\" \/>\n<script type=\"application\/ld+json\" class=\"yoast-schema-graph\">{\"@context\":\"https:\\\/\\\/schema.org\",\"@graph\":[{\"@type\":\"Article\",\"@id\":\"https:\\\/\\\/batijournal.com\\\/index.php\\\/nouveau-president-de-la-fibc\\\/74607\\\/#article\",\"isPartOf\":{\"@id\":\"https:\\\/\\\/batijournal.com\\\/index.php\\\/nouveau-president-de-la-fibc\\\/74607\\\/\"},\"author\":{\"name\":\"Bati-journal\",\"@id\":\"https:\\\/\\\/batijournal.com\\\/#\\\/schema\\\/person\\\/6a657e8967569e1b299972574848aa76\"},\"headline\":\"Nouveau pr\u00e9sident de la FIBC\",\"datePublished\":\"2012-12-10T07:13:43+00:00\",\"dateModified\":\"2019-07-15T09:35:25+00:00\",\"mainEntityOfPage\":{\"@id\":\"https:\\\/\\\/batijournal.com\\\/index.php\\\/nouveau-president-de-la-fibc\\\/74607\\\/\"},\"wordCount\":132,\"commentCount\":0,\"image\":{\"@id\":\"https:\\\/\\\/batijournal.com\\\/index.php\\\/nouveau-president-de-la-fibc\\\/74607\\\/#primaryimage\"},\"thumbnailUrl\":\"https:\\\/\\\/batijournal.com\\\/wp-content\\\/uploads\\\/2015\\\/03\\\/55550442.jpg\",\"keywords\":[\"FIBC\",\"pr\u00e9sident\"],\"articleSection\":[\"Architecture &amp; Conception\"],\"inLanguage\":\"fr-FR\",\"potentialAction\":[{\"@type\":\"CommentAction\",\"name\":\"Comment\",\"target\":[\"https:\\\/\\\/batijournal.com\\\/index.php\\\/nouveau-president-de-la-fibc\\\/74607\\\/#respond\"]}]},{\"@type\":\"WebPage\",\"@id\":\"https:\\\/\\\/batijournal.com\\\/index.php\\\/nouveau-president-de-la-fibc\\\/74607\\\/\",\"url\":\"https:\\\/\\\/batijournal.com\\\/index.php\\\/nouveau-president-de-la-fibc\\\/74607\\\/\",\"name\":\"Nouveau pr\u00e9sident de la FIBC\",\"isPartOf\":{\"@id\":\"https:\\\/\\\/batijournal.com\\\/#website\"},\"primaryImageOfPage\":{\"@id\":\"https:\\\/\\\/batijournal.com\\\/index.php\\\/nouveau-president-de-la-fibc\\\/74607\\\/#primaryimage\"},\"image\":{\"@id\":\"https:\\\/\\\/batijournal.com\\\/index.php\\\/nouveau-president-de-la-fibc\\\/74607\\\/#primaryimage\"},\"thumbnailUrl\":\"https:\\\/\\\/batijournal.com\\\/wp-content\\\/uploads\\\/2015\\\/03\\\/55550442.jpg\",\"datePublished\":\"2012-12-10T07:13:43+00:00\",\"dateModified\":\"2019-07-15T09:35:25+00:00\",\"author\":{\"@id\":\"https:\\\/\\\/batijournal.com\\\/#\\\/schema\\\/person\\\/6a657e8967569e1b299972574848aa76\"},\"breadcrumb\":{\"@id\":\"https:\\\/\\\/batijournal.com\\\/index.php\\\/nouveau-president-de-la-fibc\\\/74607\\\/#breadcrumb\"},\"inLanguage\":\"fr-FR\",\"potentialAction\":[{\"@type\":\"ReadAction\",\"target\":[\"https:\\\/\\\/batijournal.com\\\/index.php\\\/nouveau-president-de-la-fibc\\\/74607\\\/\"]}]},{\"@type\":\"ImageObject\",\"inLanguage\":\"fr-FR\",\"@id\":\"https:\\\/\\\/batijournal.com\\\/index.php\\\/nouveau-president-de-la-fibc\\\/74607\\\/#primaryimage\",\"url\":\"https:\\\/\\\/batijournal.com\\\/wp-content\\\/uploads\\\/2015\\\/03\\\/55550442.jpg\",\"contentUrl\":\"https:\\\/\\\/batijournal.com\\\/wp-content\\\/uploads\\\/2015\\\/03\\\/55550442.jpg\",\"width\":449,\"height\":600},{\"@type\":\"BreadcrumbList\",\"@id\":\"https:\\\/\\\/batijournal.com\\\/index.php\\\/nouveau-president-de-la-fibc\\\/74607\\\/#breadcrumb\",\"itemListElement\":[{\"@type\":\"ListItem\",\"position\":1,\"name\":\"Accueil\",\"item\":\"https:\\\/\\\/batijournal.com\\\/\"},{\"@type\":\"ListItem\",\"position\":2,\"name\":\"Actualit\u00e9s\",\"item\":\"https:\\\/\\\/batijournal.com\\\/index.php\\\/category\\\/actualites\\\/\"},{\"@type\":\"ListItem\",\"position\":3,\"name\":\"Architecture &amp; Conception\",\"item\":\"https:\\\/\\\/batijournal.com\\\/index.php\\\/category\\\/actualites\\\/architecture-conception\\\/\"},{\"@type\":\"ListItem\",\"position\":4,\"name\":\"Nouveau pr\u00e9sident de la FIBC\"}]},{\"@type\":\"WebSite\",\"@id\":\"https:\\\/\\\/batijournal.com\\\/#website\",\"url\":\"https:\\\/\\\/batijournal.com\\\/\",\"name\":\"Batijournal\",\"description\":\"L&#039;actualit\u00e9 du b\u00e2timent\",\"potentialAction\":[{\"@type\":\"SearchAction\",\"target\":{\"@type\":\"EntryPoint\",\"urlTemplate\":\"https:\\\/\\\/batijournal.com\\\/?s={search_term_string}\"},\"query-input\":{\"@type\":\"PropertyValueSpecification\",\"valueRequired\":true,\"valueName\":\"search_term_string\"}}],\"inLanguage\":\"fr-FR\"},{\"@type\":\"Person\",\"@id\":\"https:\\\/\\\/batijournal.com\\\/#\\\/schema\\\/person\\\/6a657e8967569e1b299972574848aa76\",\"name\":\"Bati-journal\",\"image\":{\"@type\":\"ImageObject\",\"inLanguage\":\"fr-FR\",\"@id\":\"https:\\\/\\\/secure.gravatar.com\\\/avatar\\\/a64364ea26392f9b4dd47e017ddaec74ff03aefc073b49e492e847201258f777?s=96&d=mm&r=g\",\"url\":\"https:\\\/\\\/secure.gravatar.com\\\/avatar\\\/a64364ea26392f9b4dd47e017ddaec74ff03aefc073b49e492e847201258f777?s=96&d=mm&r=g\",\"contentUrl\":\"https:\\\/\\\/secure.gravatar.com\\\/avatar\\\/a64364ea26392f9b4dd47e017ddaec74ff03aefc073b49e492e847201258f777?s=96&d=mm&r=g\",\"caption\":\"Bati-journal\"},\"url\":\"https:\\\/\\\/batijournal.com\\\/index.php\\\/author\\\/elodie\\\/\"}]}<\/script>\n<!-- \/ Yoast SEO plugin. -->","yoast_head_json":{"title":"Nouveau pr\u00e9sident de la FIBC","robots":{"index":"index","follow":"follow","max-snippet":"max-snippet:-1","max-image-preview":"max-image-preview:large","max-video-preview":"max-video-preview:-1"},"canonical":"https:\/\/batijournal.com\/index.php\/nouveau-president-de-la-fibc\/74607\/","og_locale":"fr_FR","og_type":"article","og_title":"Nouveau pr\u00e9sident de la FIBC","og_description":"Jean-Baptiste Mouli\u00e9, \u00e0 la t\u00eate de Briand Construction Bois et jusqu&rsquo;alors pr\u00e9sident du Syndicat national du bois lamell\u00e9 (SNBL), a \u00e9t\u00e9 nomm\u00e9 \u00e0 la pr\u00e9sidence de la F\u00e9d\u00e9ration de l&rsquo;industrie bois construction (FIBC), le 23 octobre dernier. Il prend ainsi la succession de Luc Charmasson, pr\u00e9sident de la FNIBB depuis 1992, devenue FIBC en 2000. [&hellip;]","og_url":"https:\/\/batijournal.com\/index.php\/nouveau-president-de-la-fibc\/74607\/","og_site_name":"Batijournal","article_published_time":"2012-12-10T07:13:43+00:00","article_modified_time":"2019-07-15T09:35:25+00:00","og_image":[{"width":449,"height":600,"url":"https:\/\/batijournal.com\/wp-content\/uploads\/2015\/03\/55550442.jpg","type":"image\/jpeg"}],"author":"Bati-journal","twitter_card":"summary_large_image","twitter_creator":"@bati_journal","twitter_site":"@bati_journal","twitter_misc":{"\u00c9crit par":"Bati-journal","Dur\u00e9e de lecture estim\u00e9e":"1 minute"},"schema":{"@context":"https:\/\/schema.org","@graph":[{"@type":"Article","@id":"https:\/\/batijournal.com\/index.php\/nouveau-president-de-la-fibc\/74607\/#article","isPartOf":{"@id":"https:\/\/batijournal.com\/index.php\/nouveau-president-de-la-fibc\/74607\/"},"author":{"name":"Bati-journal","@id":"https:\/\/batijournal.com\/#\/schema\/person\/6a657e8967569e1b299972574848aa76"},"headline":"Nouveau pr\u00e9sident de la FIBC","datePublished":"2012-12-10T07:13:43+00:00","dateModified":"2019-07-15T09:35:25+00:00","mainEntityOfPage":{"@id":"https:\/\/batijournal.com\/index.php\/nouveau-president-de-la-fibc\/74607\/"},"wordCount":132,"commentCount":0,"image":{"@id":"https:\/\/batijournal.com\/index.php\/nouveau-president-de-la-fibc\/74607\/#primaryimage"},"thumbnailUrl":"https:\/\/batijournal.com\/wp-content\/uploads\/2015\/03\/55550442.jpg","keywords":["FIBC","pr\u00e9sident"],"articleSection":["Architecture &amp; Conception"],"inLanguage":"fr-FR","potentialAction":[{"@type":"CommentAction","name":"Comment","target":["https:\/\/batijournal.com\/index.php\/nouveau-president-de-la-fibc\/74607\/#respond"]}]},{"@type":"WebPage","@id":"https:\/\/batijournal.com\/index.php\/nouveau-president-de-la-fibc\/74607\/","url":"https:\/\/batijournal.com\/index.php\/nouveau-president-de-la-fibc\/74607\/","name":"Nouveau pr\u00e9sident de la FIBC","isPartOf":{"@id":"https:\/\/batijournal.com\/#website"},"primaryImageOfPage":{"@id":"https:\/\/batijournal.com\/index.php\/nouveau-president-de-la-fibc\/74607\/#primaryimage"},"image":{"@id":"https:\/\/batijournal.com\/index.php\/nouveau-president-de-la-fibc\/74607\/#primaryimage"},"thumbnailUrl":"https:\/\/batijournal.com\/wp-content\/uploads\/2015\/03\/55550442.jpg","datePublished":"2012-12-10T07:13:43+00:00","dateModified":"2019-07-15T09:35:25+00:00","author":{"@id":"https:\/\/batijournal.com\/#\/schema\/person\/6a657e8967569e1b299972574848aa76"},"breadcrumb":{"@id":"https:\/\/batijournal.com\/index.php\/nouveau-president-de-la-fibc\/74607\/#breadcrumb"},"inLanguage":"fr-FR","potentialAction":[{"@type":"ReadAction","target":["https:\/\/batijournal.com\/index.php\/nouveau-president-de-la-fibc\/74607\/"]}]},{"@type":"ImageObject","inLanguage":"fr-FR","@id":"https:\/\/batijournal.com\/index.php\/nouveau-president-de-la-fibc\/74607\/#primaryimage","url":"https:\/\/batijournal.com\/wp-content\/uploads\/2015\/03\/55550442.jpg","contentUrl":"https:\/\/batijournal.com\/wp-content\/uploads\/2015\/03\/55550442.jpg","width":449,"height":600},{"@type":"BreadcrumbList","@id":"https:\/\/batijournal.com\/index.php\/nouveau-president-de-la-fibc\/74607\/#breadcrumb","itemListElement":[{"@type":"ListItem","position":1,"name":"Accueil","item":"https:\/\/batijournal.com\/"},{"@type":"ListItem","position":2,"name":"Actualit\u00e9s","item":"https:\/\/batijournal.com\/index.php\/category\/actualites\/"},{"@type":"ListItem","position":3,"name":"Architecture &amp; Conception","item":"https:\/\/batijournal.com\/index.php\/category\/actualites\/architecture-conception\/"},{"@type":"ListItem","position":4,"name":"Nouveau pr\u00e9sident de la FIBC"}]},{"@type":"WebSite","@id":"https:\/\/batijournal.com\/#website","url":"https:\/\/batijournal.com\/","name":"Batijournal","description":"L&#039;actualit\u00e9 du b\u00e2timent","potentialAction":[{"@type":"SearchAction","target":{"@type":"EntryPoint","urlTemplate":"https:\/\/batijournal.com\/?s={search_term_string}"},"query-input":{"@type":"PropertyValueSpecification","valueRequired":true,"valueName":"search_term_string"}}],"inLanguage":"fr-FR"},{"@type":"Person","@id":"https:\/\/batijournal.com\/#\/schema\/person\/6a657e8967569e1b299972574848aa76","name":"Bati-journal","image":{"@type":"ImageObject","inLanguage":"fr-FR","@id":"https:\/\/secure.gravatar.com\/avatar\/a64364ea26392f9b4dd47e017ddaec74ff03aefc073b49e492e847201258f777?s=96&d=mm&r=g","url":"https:\/\/secure.gravatar.com\/avatar\/a64364ea26392f9b4dd47e017ddaec74ff03aefc073b49e492e847201258f777?s=96&d=mm&r=g","contentUrl":"https:\/\/secure.gravatar.com\/avatar\/a64364ea26392f9b4dd47e017ddaec74ff03aefc073b49e492e847201258f777?s=96&d=mm&r=g","caption":"Bati-journal"},"url":"https:\/\/batijournal.com\/index.php\/author\/elodie\/"}]}},"_links":{"self":[{"href":"https:\/\/batijournal.com\/index.php\/wp-json\/wp\/v2\/posts\/74607","targetHints":{"allow":["GET"]}}],"collection":[{"href":"https:\/\/batijournal.com\/index.php\/wp-json\/wp\/v2\/posts"}],"about":[{"href":"https:\/\/batijournal.com\/index.php\/wp-json\/wp\/v2\/types\/post"}],"author":[{"embeddable":true,"href":"https:\/\/batijournal.com\/index.php\/wp-json\/wp\/v2\/users\/1"}],"replies":[{"embeddable":true,"href":"https:\/\/batijournal.com\/index.php\/wp-json\/wp\/v2\/comments?post=74607"}],"version-history":[{"count":0,"href":"https:\/\/batijournal.com\/index.php\/wp-json\/wp\/v2\/posts\/74607\/revisions"}],"wp:featuredmedia":[{"embeddable":true,"href":"https:\/\/batijournal.com\/index.php\/wp-json\/wp\/v2\/media\/74608"}],"wp:attachment":[{"href":"https:\/\/batijournal.com\/index.php\/wp-json\/wp\/v2\/media?parent=74607"}],"wp:term":[{"taxonomy":"category","embeddable":true,"href":"https:\/\/batijournal.com\/index.php\/wp-json\/wp\/v2\/categories?post=74607"},{"taxonomy":"post_tag","embeddable":true,"href":"https:\/\/batijournal.com\/index.php\/wp-json\/wp\/v2\/tags?post=74607"}],"curies":[{"name":"wp","href":"https:\/\/api.w.org\/{rel}","templated":true}]}}