{"id":74614,"date":"2012-12-17T08:12:37","date_gmt":"2012-12-17T07:12:37","guid":{"rendered":"http:\/\/b.bati-journal.com\/mission-foret-et-filiere-bois\/74614"},"modified":"2019-07-15T11:35:24","modified_gmt":"2019-07-15T09:35:24","slug":"mission-foret-et-filiere-bois","status":"publish","type":"post","link":"https:\/\/batijournal.com\/index.php\/mission-foret-et-filiere-bois\/74614\/","title":{"rendered":"Mission for\u00eat et fili\u00e8re bois"},"content":{"rendered":"<p>Jean-Yves Caullet, d\u00e9put\u00e9 de l&rsquo;Yonne, vient d&rsquo;\u00eatre d\u00e9sign\u00e9 charg\u00e9 de mission sur la for\u00eat fran\u00e7aise et la fili\u00e8re bois par le Premier Ministre. La r\u00e9flexion portera sur la prise en compte des objectifs de s\u00e9questration du carbone et d&rsquo;adaptation au changement climatique des for\u00eats, la mise en place d&rsquo;un cadre r\u00e9glementaire, institutionnel et \u00e9conomique facilitant la mobilisation du bois dans de bonnes conditions environnementales et la structuration d&rsquo;ensemble de la fili\u00e8re. Jean-Yves CAULLET devra mettre en avant les pistes permettant de valoriser la production sylvicole tout au long de la cha\u00eene de valeur depuis l&rsquo;amont (gestion durable des for\u00eats, mobilisation du bois) jusqu&rsquo;\u00e0 l&rsquo;aval (bois d&rsquo;oeuvre pour la construction et la r\u00e9novation des b\u00e2timents, bois-industrie, bois-\u00e9nergie) afin que cette fili\u00e8re puisse gagner en comp\u00e9titivit\u00e9 , trouver de nouveaux march\u00e9s \u00e0 l&rsquo;export et contribuer au redressement productif de la France. La mission devra pr\u00e9parer le volet \u00ab for\u00eat \u00bb de la loi d&rsquo;avenir sur l&rsquo;agriculture, l&rsquo;agroalimentaire et la for\u00eat qui sera pr\u00e9sent\u00e9e au parlement au second semestre de l&rsquo;ann\u00e9e 2013. Elle sera men\u00e9e aupr\u00e8s de Delphine BATHO, ministre de l&rsquo;\u00e9cologie, du D\u00e9veloppement durable et de l&rsquo;\u00e9nergie et de St\u00e9phane LE FOLL, ministre de l&rsquo;Agriculture, de l&rsquo;Agroalimentaire et de la For\u00eat.<\/p>\n","protected":false},"excerpt":{"rendered":"<p>Jean-Yves Caullet, d\u00e9put\u00e9 de l&rsquo;Yonne, vient d&rsquo;\u00eatre d\u00e9sign\u00e9 charg\u00e9 de mission sur la for\u00eat fran\u00e7aise et la fili\u00e8re bois par le Premier Ministre. La r\u00e9flexion portera sur la prise en compte des objectifs de s\u00e9questration du carbone et d&rsquo;adaptation au changement climatique des for\u00eats, la mise en place d&rsquo;un cadre r\u00e9glementaire, institutionnel et \u00e9conomique facilitant [&hellip;]<\/p>\n","protected":false},"author":1,"featured_media":74615,"comment_status":"open","ping_status":"closed","sticky":false,"template":"","format":"standard","meta":{"_et_pb_use_builder":"","_et_pb_old_content":"","_et_gb_content_width":"","footnotes":""},"categories":[6340],"tags":[1379],"class_list":["post-74614","post","type-post","status-publish","format-standard","has-post-thumbnail","hentry","category-architecture-conception","tag-filiere"],"yoast_head":"<!-- This site is optimized with the Yoast SEO plugin v27.4 - https:\/\/yoast.com\/product\/yoast-seo-wordpress\/ -->\n<title>Mission for\u00eat et fili\u00e8re bois<\/title>\n<meta name=\"robots\" content=\"index, follow, max-snippet:-1, max-image-preview:large, max-video-preview:-1\" \/>\n<link rel=\"canonical\" href=\"https:\/\/batijournal.com\/index.php\/mission-foret-et-filiere-bois\/74614\/\" \/>\n<meta property=\"og:locale\" content=\"fr_FR\" \/>\n<meta property=\"og:type\" content=\"article\" \/>\n<meta property=\"og:title\" content=\"Mission for\u00eat et fili\u00e8re bois\" \/>\n<meta property=\"og:description\" content=\"Jean-Yves Caullet, d\u00e9put\u00e9 de l&rsquo;Yonne, vient d&rsquo;\u00eatre d\u00e9sign\u00e9 charg\u00e9 de mission sur la for\u00eat fran\u00e7aise et la fili\u00e8re bois par le Premier Ministre. La r\u00e9flexion portera sur la prise en compte des objectifs de s\u00e9questration du carbone et d&rsquo;adaptation au changement climatique des for\u00eats, la mise en place d&rsquo;un cadre r\u00e9glementaire, institutionnel et \u00e9conomique facilitant [&hellip;]\" \/>\n<meta property=\"og:url\" content=\"https:\/\/batijournal.com\/index.php\/mission-foret-et-filiere-bois\/74614\/\" \/>\n<meta property=\"og:site_name\" content=\"Batijournal\" \/>\n<meta property=\"article:published_time\" content=\"2012-12-17T07:12:37+00:00\" \/>\n<meta property=\"article:modified_time\" content=\"2019-07-15T09:35:24+00:00\" \/>\n<meta property=\"og:image\" content=\"https:\/\/batijournal.com\/wp-content\/uploads\/2015\/03\/56087400.jpg\" \/>\n\t<meta property=\"og:image:width\" content=\"600\" \/>\n\t<meta property=\"og:image:height\" content=\"400\" \/>\n\t<meta property=\"og:image:type\" content=\"image\/jpeg\" \/>\n<meta name=\"author\" content=\"Bati-journal\" \/>\n<meta name=\"twitter:card\" content=\"summary_large_image\" \/>\n<meta name=\"twitter:creator\" content=\"@bati_journal\" \/>\n<meta name=\"twitter:site\" content=\"@bati_journal\" \/>\n<meta name=\"twitter:label1\" content=\"\u00c9crit par\" \/>\n\t<meta name=\"twitter:data1\" content=\"Bati-journal\" \/>\n\t<meta name=\"twitter:label2\" content=\"Dur\u00e9e de lecture estim\u00e9e\" \/>\n\t<meta name=\"twitter:data2\" content=\"1 minute\" \/>\n<script type=\"application\/ld+json\" class=\"yoast-schema-graph\">{\"@context\":\"https:\\\/\\\/schema.org\",\"@graph\":[{\"@type\":\"Article\",\"@id\":\"https:\\\/\\\/batijournal.com\\\/index.php\\\/mission-foret-et-filiere-bois\\\/74614\\\/#article\",\"isPartOf\":{\"@id\":\"https:\\\/\\\/batijournal.com\\\/index.php\\\/mission-foret-et-filiere-bois\\\/74614\\\/\"},\"author\":{\"name\":\"Bati-journal\",\"@id\":\"https:\\\/\\\/batijournal.com\\\/#\\\/schema\\\/person\\\/6a657e8967569e1b299972574848aa76\"},\"headline\":\"Mission for\u00eat et fili\u00e8re bois\",\"datePublished\":\"2012-12-17T07:12:37+00:00\",\"dateModified\":\"2019-07-15T09:35:24+00:00\",\"mainEntityOfPage\":{\"@id\":\"https:\\\/\\\/batijournal.com\\\/index.php\\\/mission-foret-et-filiere-bois\\\/74614\\\/\"},\"wordCount\":247,\"commentCount\":0,\"image\":{\"@id\":\"https:\\\/\\\/batijournal.com\\\/index.php\\\/mission-foret-et-filiere-bois\\\/74614\\\/#primaryimage\"},\"thumbnailUrl\":\"https:\\\/\\\/batijournal.com\\\/wp-content\\\/uploads\\\/2015\\\/03\\\/56087400.jpg\",\"keywords\":[\"fili\u00e8re\"],\"articleSection\":[\"Architecture &amp; Conception\"],\"inLanguage\":\"fr-FR\",\"potentialAction\":[{\"@type\":\"CommentAction\",\"name\":\"Comment\",\"target\":[\"https:\\\/\\\/batijournal.com\\\/index.php\\\/mission-foret-et-filiere-bois\\\/74614\\\/#respond\"]}]},{\"@type\":\"WebPage\",\"@id\":\"https:\\\/\\\/batijournal.com\\\/index.php\\\/mission-foret-et-filiere-bois\\\/74614\\\/\",\"url\":\"https:\\\/\\\/batijournal.com\\\/index.php\\\/mission-foret-et-filiere-bois\\\/74614\\\/\",\"name\":\"Mission for\u00eat et fili\u00e8re bois\",\"isPartOf\":{\"@id\":\"https:\\\/\\\/batijournal.com\\\/#website\"},\"primaryImageOfPage\":{\"@id\":\"https:\\\/\\\/batijournal.com\\\/index.php\\\/mission-foret-et-filiere-bois\\\/74614\\\/#primaryimage\"},\"image\":{\"@id\":\"https:\\\/\\\/batijournal.com\\\/index.php\\\/mission-foret-et-filiere-bois\\\/74614\\\/#primaryimage\"},\"thumbnailUrl\":\"https:\\\/\\\/batijournal.com\\\/wp-content\\\/uploads\\\/2015\\\/03\\\/56087400.jpg\",\"datePublished\":\"2012-12-17T07:12:37+00:00\",\"dateModified\":\"2019-07-15T09:35:24+00:00\",\"author\":{\"@id\":\"https:\\\/\\\/batijournal.com\\\/#\\\/schema\\\/person\\\/6a657e8967569e1b299972574848aa76\"},\"breadcrumb\":{\"@id\":\"https:\\\/\\\/batijournal.com\\\/index.php\\\/mission-foret-et-filiere-bois\\\/74614\\\/#breadcrumb\"},\"inLanguage\":\"fr-FR\",\"potentialAction\":[{\"@type\":\"ReadAction\",\"target\":[\"https:\\\/\\\/batijournal.com\\\/index.php\\\/mission-foret-et-filiere-bois\\\/74614\\\/\"]}]},{\"@type\":\"ImageObject\",\"inLanguage\":\"fr-FR\",\"@id\":\"https:\\\/\\\/batijournal.com\\\/index.php\\\/mission-foret-et-filiere-bois\\\/74614\\\/#primaryimage\",\"url\":\"https:\\\/\\\/batijournal.com\\\/wp-content\\\/uploads\\\/2015\\\/03\\\/56087400.jpg\",\"contentUrl\":\"https:\\\/\\\/batijournal.com\\\/wp-content\\\/uploads\\\/2015\\\/03\\\/56087400.jpg\",\"width\":600,\"height\":400},{\"@type\":\"BreadcrumbList\",\"@id\":\"https:\\\/\\\/batijournal.com\\\/index.php\\\/mission-foret-et-filiere-bois\\\/74614\\\/#breadcrumb\",\"itemListElement\":[{\"@type\":\"ListItem\",\"position\":1,\"name\":\"Accueil\",\"item\":\"https:\\\/\\\/batijournal.com\\\/\"},{\"@type\":\"ListItem\",\"position\":2,\"name\":\"Actualit\u00e9s\",\"item\":\"https:\\\/\\\/batijournal.com\\\/index.php\\\/category\\\/actualites\\\/\"},{\"@type\":\"ListItem\",\"position\":3,\"name\":\"Architecture &amp; Conception\",\"item\":\"https:\\\/\\\/batijournal.com\\\/index.php\\\/category\\\/actualites\\\/architecture-conception\\\/\"},{\"@type\":\"ListItem\",\"position\":4,\"name\":\"Mission for\u00eat et fili\u00e8re bois\"}]},{\"@type\":\"WebSite\",\"@id\":\"https:\\\/\\\/batijournal.com\\\/#website\",\"url\":\"https:\\\/\\\/batijournal.com\\\/\",\"name\":\"Batijournal\",\"description\":\"L&#039;actualit\u00e9 du b\u00e2timent\",\"potentialAction\":[{\"@type\":\"SearchAction\",\"target\":{\"@type\":\"EntryPoint\",\"urlTemplate\":\"https:\\\/\\\/batijournal.com\\\/?s={search_term_string}\"},\"query-input\":{\"@type\":\"PropertyValueSpecification\",\"valueRequired\":true,\"valueName\":\"search_term_string\"}}],\"inLanguage\":\"fr-FR\"},{\"@type\":\"Person\",\"@id\":\"https:\\\/\\\/batijournal.com\\\/#\\\/schema\\\/person\\\/6a657e8967569e1b299972574848aa76\",\"name\":\"Bati-journal\",\"image\":{\"@type\":\"ImageObject\",\"inLanguage\":\"fr-FR\",\"@id\":\"https:\\\/\\\/secure.gravatar.com\\\/avatar\\\/a64364ea26392f9b4dd47e017ddaec74ff03aefc073b49e492e847201258f777?s=96&d=mm&r=g\",\"url\":\"https:\\\/\\\/secure.gravatar.com\\\/avatar\\\/a64364ea26392f9b4dd47e017ddaec74ff03aefc073b49e492e847201258f777?s=96&d=mm&r=g\",\"contentUrl\":\"https:\\\/\\\/secure.gravatar.com\\\/avatar\\\/a64364ea26392f9b4dd47e017ddaec74ff03aefc073b49e492e847201258f777?s=96&d=mm&r=g\",\"caption\":\"Bati-journal\"},\"url\":\"https:\\\/\\\/batijournal.com\\\/index.php\\\/author\\\/elodie\\\/\"}]}<\/script>\n<!-- \/ Yoast SEO plugin. -->","yoast_head_json":{"title":"Mission for\u00eat et fili\u00e8re bois","robots":{"index":"index","follow":"follow","max-snippet":"max-snippet:-1","max-image-preview":"max-image-preview:large","max-video-preview":"max-video-preview:-1"},"canonical":"https:\/\/batijournal.com\/index.php\/mission-foret-et-filiere-bois\/74614\/","og_locale":"fr_FR","og_type":"article","og_title":"Mission for\u00eat et fili\u00e8re bois","og_description":"Jean-Yves Caullet, d\u00e9put\u00e9 de l&rsquo;Yonne, vient d&rsquo;\u00eatre d\u00e9sign\u00e9 charg\u00e9 de mission sur la for\u00eat fran\u00e7aise et la fili\u00e8re bois par le Premier Ministre. La r\u00e9flexion portera sur la prise en compte des objectifs de s\u00e9questration du carbone et d&rsquo;adaptation au changement climatique des for\u00eats, la mise en place d&rsquo;un cadre r\u00e9glementaire, institutionnel et \u00e9conomique facilitant [&hellip;]","og_url":"https:\/\/batijournal.com\/index.php\/mission-foret-et-filiere-bois\/74614\/","og_site_name":"Batijournal","article_published_time":"2012-12-17T07:12:37+00:00","article_modified_time":"2019-07-15T09:35:24+00:00","og_image":[{"width":600,"height":400,"url":"https:\/\/batijournal.com\/wp-content\/uploads\/2015\/03\/56087400.jpg","type":"image\/jpeg"}],"author":"Bati-journal","twitter_card":"summary_large_image","twitter_creator":"@bati_journal","twitter_site":"@bati_journal","twitter_misc":{"\u00c9crit par":"Bati-journal","Dur\u00e9e de lecture estim\u00e9e":"1 minute"},"schema":{"@context":"https:\/\/schema.org","@graph":[{"@type":"Article","@id":"https:\/\/batijournal.com\/index.php\/mission-foret-et-filiere-bois\/74614\/#article","isPartOf":{"@id":"https:\/\/batijournal.com\/index.php\/mission-foret-et-filiere-bois\/74614\/"},"author":{"name":"Bati-journal","@id":"https:\/\/batijournal.com\/#\/schema\/person\/6a657e8967569e1b299972574848aa76"},"headline":"Mission for\u00eat et fili\u00e8re bois","datePublished":"2012-12-17T07:12:37+00:00","dateModified":"2019-07-15T09:35:24+00:00","mainEntityOfPage":{"@id":"https:\/\/batijournal.com\/index.php\/mission-foret-et-filiere-bois\/74614\/"},"wordCount":247,"commentCount":0,"image":{"@id":"https:\/\/batijournal.com\/index.php\/mission-foret-et-filiere-bois\/74614\/#primaryimage"},"thumbnailUrl":"https:\/\/batijournal.com\/wp-content\/uploads\/2015\/03\/56087400.jpg","keywords":["fili\u00e8re"],"articleSection":["Architecture &amp; Conception"],"inLanguage":"fr-FR","potentialAction":[{"@type":"CommentAction","name":"Comment","target":["https:\/\/batijournal.com\/index.php\/mission-foret-et-filiere-bois\/74614\/#respond"]}]},{"@type":"WebPage","@id":"https:\/\/batijournal.com\/index.php\/mission-foret-et-filiere-bois\/74614\/","url":"https:\/\/batijournal.com\/index.php\/mission-foret-et-filiere-bois\/74614\/","name":"Mission for\u00eat et fili\u00e8re bois","isPartOf":{"@id":"https:\/\/batijournal.com\/#website"},"primaryImageOfPage":{"@id":"https:\/\/batijournal.com\/index.php\/mission-foret-et-filiere-bois\/74614\/#primaryimage"},"image":{"@id":"https:\/\/batijournal.com\/index.php\/mission-foret-et-filiere-bois\/74614\/#primaryimage"},"thumbnailUrl":"https:\/\/batijournal.com\/wp-content\/uploads\/2015\/03\/56087400.jpg","datePublished":"2012-12-17T07:12:37+00:00","dateModified":"2019-07-15T09:35:24+00:00","author":{"@id":"https:\/\/batijournal.com\/#\/schema\/person\/6a657e8967569e1b299972574848aa76"},"breadcrumb":{"@id":"https:\/\/batijournal.com\/index.php\/mission-foret-et-filiere-bois\/74614\/#breadcrumb"},"inLanguage":"fr-FR","potentialAction":[{"@type":"ReadAction","target":["https:\/\/batijournal.com\/index.php\/mission-foret-et-filiere-bois\/74614\/"]}]},{"@type":"ImageObject","inLanguage":"fr-FR","@id":"https:\/\/batijournal.com\/index.php\/mission-foret-et-filiere-bois\/74614\/#primaryimage","url":"https:\/\/batijournal.com\/wp-content\/uploads\/2015\/03\/56087400.jpg","contentUrl":"https:\/\/batijournal.com\/wp-content\/uploads\/2015\/03\/56087400.jpg","width":600,"height":400},{"@type":"BreadcrumbList","@id":"https:\/\/batijournal.com\/index.php\/mission-foret-et-filiere-bois\/74614\/#breadcrumb","itemListElement":[{"@type":"ListItem","position":1,"name":"Accueil","item":"https:\/\/batijournal.com\/"},{"@type":"ListItem","position":2,"name":"Actualit\u00e9s","item":"https:\/\/batijournal.com\/index.php\/category\/actualites\/"},{"@type":"ListItem","position":3,"name":"Architecture &amp; Conception","item":"https:\/\/batijournal.com\/index.php\/category\/actualites\/architecture-conception\/"},{"@type":"ListItem","position":4,"name":"Mission for\u00eat et fili\u00e8re bois"}]},{"@type":"WebSite","@id":"https:\/\/batijournal.com\/#website","url":"https:\/\/batijournal.com\/","name":"Batijournal","description":"L&#039;actualit\u00e9 du b\u00e2timent","potentialAction":[{"@type":"SearchAction","target":{"@type":"EntryPoint","urlTemplate":"https:\/\/batijournal.com\/?s={search_term_string}"},"query-input":{"@type":"PropertyValueSpecification","valueRequired":true,"valueName":"search_term_string"}}],"inLanguage":"fr-FR"},{"@type":"Person","@id":"https:\/\/batijournal.com\/#\/schema\/person\/6a657e8967569e1b299972574848aa76","name":"Bati-journal","image":{"@type":"ImageObject","inLanguage":"fr-FR","@id":"https:\/\/secure.gravatar.com\/avatar\/a64364ea26392f9b4dd47e017ddaec74ff03aefc073b49e492e847201258f777?s=96&d=mm&r=g","url":"https:\/\/secure.gravatar.com\/avatar\/a64364ea26392f9b4dd47e017ddaec74ff03aefc073b49e492e847201258f777?s=96&d=mm&r=g","contentUrl":"https:\/\/secure.gravatar.com\/avatar\/a64364ea26392f9b4dd47e017ddaec74ff03aefc073b49e492e847201258f777?s=96&d=mm&r=g","caption":"Bati-journal"},"url":"https:\/\/batijournal.com\/index.php\/author\/elodie\/"}]}},"_links":{"self":[{"href":"https:\/\/batijournal.com\/index.php\/wp-json\/wp\/v2\/posts\/74614","targetHints":{"allow":["GET"]}}],"collection":[{"href":"https:\/\/batijournal.com\/index.php\/wp-json\/wp\/v2\/posts"}],"about":[{"href":"https:\/\/batijournal.com\/index.php\/wp-json\/wp\/v2\/types\/post"}],"author":[{"embeddable":true,"href":"https:\/\/batijournal.com\/index.php\/wp-json\/wp\/v2\/users\/1"}],"replies":[{"embeddable":true,"href":"https:\/\/batijournal.com\/index.php\/wp-json\/wp\/v2\/comments?post=74614"}],"version-history":[{"count":0,"href":"https:\/\/batijournal.com\/index.php\/wp-json\/wp\/v2\/posts\/74614\/revisions"}],"wp:featuredmedia":[{"embeddable":true,"href":"https:\/\/batijournal.com\/index.php\/wp-json\/wp\/v2\/media\/74615"}],"wp:attachment":[{"href":"https:\/\/batijournal.com\/index.php\/wp-json\/wp\/v2\/media?parent=74614"}],"wp:term":[{"taxonomy":"category","embeddable":true,"href":"https:\/\/batijournal.com\/index.php\/wp-json\/wp\/v2\/categories?post=74614"},{"taxonomy":"post_tag","embeddable":true,"href":"https:\/\/batijournal.com\/index.php\/wp-json\/wp\/v2\/tags?post=74614"}],"curies":[{"name":"wp","href":"https:\/\/api.w.org\/{rel}","templated":true}]}}