{"id":74711,"date":"2013-06-25T16:20:29","date_gmt":"2013-06-25T14:20:29","guid":{"rendered":"http:\/\/b.bati-journal.com\/nouveau-president-de-fibra\/74711"},"modified":"2019-07-15T11:34:47","modified_gmt":"2019-07-15T09:34:47","slug":"nouveau-president-de-fibra","status":"publish","type":"post","link":"https:\/\/batijournal.com\/index.php\/nouveau-president-de-fibra\/74711\/","title":{"rendered":"Nouveau pr\u00e9sident de Fibra"},"content":{"rendered":"<p>Dominique Sardet (soci\u00e9t\u00e9 COBS Gipen &#8211; charpentes et structures bois) a \u00e9t\u00e9 \u00e9lu pr\u00e9sident de la F\u00e9d\u00e9ration for\u00eat-bois Rh\u00f4ne-Alpes (Fibra). L&rsquo;\u00e9lection du nouveau conseil d&rsquo;administration et d&rsquo;un nouveau bureau a eu lieu le 31 janvier dernier, \u00e0 l&rsquo;occasion de l&rsquo;assembl\u00e9e g\u00e9n\u00e9rale de la f\u00e9d\u00e9ration. Ont \u00e9t\u00e9 \u00e9galement \u00e9lus trois vice-pr\u00e9sidents : Bruno de Jerphanion (pr\u00e9sident de l&rsquo;Union r\u00e9gionale des forestiers priv\u00e9s), Guy Monnet (scierie Monnet-S\u00e8ve) et Gilbert Storti (Soci\u00e9t\u00e9 des Experts Bois). Xavier Martin (directeur du CRPF) a \u00e9t\u00e9 \u00e9lu au poste de tr\u00e9sorier, et Fran\u00e7ois Guillemard (BFG Cadre de Vie &#8211; constructeur maisons bois) \u00e0 celui de secr\u00e9taire.<\/p>\n<p><span style=\"font-size: medium;\"><a href=\"http:\/\/www.fibra.net\" target=\"_blank\" rel=\"noopener noreferrer\">www.fibra.net<\/a><\/span><\/p>\n","protected":false},"excerpt":{"rendered":"<p>Dominique Sardet (soci\u00e9t\u00e9 COBS Gipen &#8211; charpentes et structures bois) a \u00e9t\u00e9 \u00e9lu pr\u00e9sident de la F\u00e9d\u00e9ration for\u00eat-bois Rh\u00f4ne-Alpes (Fibra). L&rsquo;\u00e9lection du nouveau conseil d&rsquo;administration et d&rsquo;un nouveau bureau a eu lieu le 31 janvier dernier, \u00e0 l&rsquo;occasion de l&rsquo;assembl\u00e9e g\u00e9n\u00e9rale de la f\u00e9d\u00e9ration. Ont \u00e9t\u00e9 \u00e9galement \u00e9lus trois vice-pr\u00e9sidents : Bruno de Jerphanion (pr\u00e9sident [&hellip;]<\/p>\n","protected":false},"author":1,"featured_media":74712,"comment_status":"open","ping_status":"closed","sticky":false,"template":"","format":"standard","meta":{"_et_pb_use_builder":"","_et_pb_old_content":"","_et_gb_content_width":"","footnotes":""},"categories":[6345],"tags":[1057],"class_list":["post-74711","post","type-post","status-publish","format-standard","has-post-thumbnail","hentry","category-economie-marches","tag-fibra"],"yoast_head":"<!-- This site is optimized with the Yoast SEO plugin v27.4 - https:\/\/yoast.com\/product\/yoast-seo-wordpress\/ -->\n<title>Nouveau pr\u00e9sident de Fibra<\/title>\n<meta name=\"robots\" content=\"index, follow, max-snippet:-1, max-image-preview:large, max-video-preview:-1\" \/>\n<link rel=\"canonical\" href=\"https:\/\/batijournal.com\/index.php\/nouveau-president-de-fibra\/74711\/\" \/>\n<meta property=\"og:locale\" content=\"fr_FR\" \/>\n<meta property=\"og:type\" content=\"article\" \/>\n<meta property=\"og:title\" content=\"Nouveau pr\u00e9sident de Fibra\" \/>\n<meta property=\"og:description\" content=\"Dominique Sardet (soci\u00e9t\u00e9 COBS Gipen &#8211; charpentes et structures bois) a \u00e9t\u00e9 \u00e9lu pr\u00e9sident de la F\u00e9d\u00e9ration for\u00eat-bois Rh\u00f4ne-Alpes (Fibra). L&rsquo;\u00e9lection du nouveau conseil d&rsquo;administration et d&rsquo;un nouveau bureau a eu lieu le 31 janvier dernier, \u00e0 l&rsquo;occasion de l&rsquo;assembl\u00e9e g\u00e9n\u00e9rale de la f\u00e9d\u00e9ration. Ont \u00e9t\u00e9 \u00e9galement \u00e9lus trois vice-pr\u00e9sidents : Bruno de Jerphanion (pr\u00e9sident [&hellip;]\" \/>\n<meta property=\"og:url\" content=\"https:\/\/batijournal.com\/index.php\/nouveau-president-de-fibra\/74711\/\" \/>\n<meta property=\"og:site_name\" content=\"Batijournal\" \/>\n<meta property=\"article:published_time\" content=\"2013-06-25T14:20:29+00:00\" \/>\n<meta property=\"article:modified_time\" content=\"2019-07-15T09:34:47+00:00\" \/>\n<meta property=\"og:image\" content=\"https:\/\/batijournal.com\/wp-content\/uploads\/2015\/03\/39762419.jpg\" \/>\n\t<meta property=\"og:image:width\" content=\"599\" \/>\n\t<meta property=\"og:image:height\" content=\"449\" \/>\n\t<meta property=\"og:image:type\" content=\"image\/jpeg\" \/>\n<meta name=\"author\" content=\"Bati-journal\" \/>\n<meta name=\"twitter:card\" content=\"summary_large_image\" \/>\n<meta name=\"twitter:creator\" content=\"@bati_journal\" \/>\n<meta name=\"twitter:site\" content=\"@bati_journal\" \/>\n<meta name=\"twitter:label1\" content=\"\u00c9crit par\" \/>\n\t<meta name=\"twitter:data1\" content=\"Bati-journal\" \/>\n\t<meta name=\"twitter:label2\" content=\"Dur\u00e9e de lecture estim\u00e9e\" \/>\n\t<meta name=\"twitter:data2\" content=\"1 minute\" \/>\n<script type=\"application\/ld+json\" class=\"yoast-schema-graph\">{\"@context\":\"https:\\\/\\\/schema.org\",\"@graph\":[{\"@type\":\"Article\",\"@id\":\"https:\\\/\\\/batijournal.com\\\/index.php\\\/nouveau-president-de-fibra\\\/74711\\\/#article\",\"isPartOf\":{\"@id\":\"https:\\\/\\\/batijournal.com\\\/index.php\\\/nouveau-president-de-fibra\\\/74711\\\/\"},\"author\":{\"name\":\"Bati-journal\",\"@id\":\"https:\\\/\\\/batijournal.com\\\/#\\\/schema\\\/person\\\/6a657e8967569e1b299972574848aa76\"},\"headline\":\"Nouveau pr\u00e9sident de Fibra\",\"datePublished\":\"2013-06-25T14:20:29+00:00\",\"dateModified\":\"2019-07-15T09:34:47+00:00\",\"mainEntityOfPage\":{\"@id\":\"https:\\\/\\\/batijournal.com\\\/index.php\\\/nouveau-president-de-fibra\\\/74711\\\/\"},\"wordCount\":129,\"commentCount\":0,\"image\":{\"@id\":\"https:\\\/\\\/batijournal.com\\\/index.php\\\/nouveau-president-de-fibra\\\/74711\\\/#primaryimage\"},\"thumbnailUrl\":\"https:\\\/\\\/batijournal.com\\\/wp-content\\\/uploads\\\/2015\\\/03\\\/39762419.jpg\",\"keywords\":[\"FIBRA\"],\"articleSection\":[\"\u00c9conomie &amp; March\u00e9s\"],\"inLanguage\":\"fr-FR\",\"potentialAction\":[{\"@type\":\"CommentAction\",\"name\":\"Comment\",\"target\":[\"https:\\\/\\\/batijournal.com\\\/index.php\\\/nouveau-president-de-fibra\\\/74711\\\/#respond\"]}]},{\"@type\":\"WebPage\",\"@id\":\"https:\\\/\\\/batijournal.com\\\/index.php\\\/nouveau-president-de-fibra\\\/74711\\\/\",\"url\":\"https:\\\/\\\/batijournal.com\\\/index.php\\\/nouveau-president-de-fibra\\\/74711\\\/\",\"name\":\"Nouveau pr\u00e9sident de Fibra\",\"isPartOf\":{\"@id\":\"https:\\\/\\\/batijournal.com\\\/#website\"},\"primaryImageOfPage\":{\"@id\":\"https:\\\/\\\/batijournal.com\\\/index.php\\\/nouveau-president-de-fibra\\\/74711\\\/#primaryimage\"},\"image\":{\"@id\":\"https:\\\/\\\/batijournal.com\\\/index.php\\\/nouveau-president-de-fibra\\\/74711\\\/#primaryimage\"},\"thumbnailUrl\":\"https:\\\/\\\/batijournal.com\\\/wp-content\\\/uploads\\\/2015\\\/03\\\/39762419.jpg\",\"datePublished\":\"2013-06-25T14:20:29+00:00\",\"dateModified\":\"2019-07-15T09:34:47+00:00\",\"author\":{\"@id\":\"https:\\\/\\\/batijournal.com\\\/#\\\/schema\\\/person\\\/6a657e8967569e1b299972574848aa76\"},\"breadcrumb\":{\"@id\":\"https:\\\/\\\/batijournal.com\\\/index.php\\\/nouveau-president-de-fibra\\\/74711\\\/#breadcrumb\"},\"inLanguage\":\"fr-FR\",\"potentialAction\":[{\"@type\":\"ReadAction\",\"target\":[\"https:\\\/\\\/batijournal.com\\\/index.php\\\/nouveau-president-de-fibra\\\/74711\\\/\"]}]},{\"@type\":\"ImageObject\",\"inLanguage\":\"fr-FR\",\"@id\":\"https:\\\/\\\/batijournal.com\\\/index.php\\\/nouveau-president-de-fibra\\\/74711\\\/#primaryimage\",\"url\":\"https:\\\/\\\/batijournal.com\\\/wp-content\\\/uploads\\\/2015\\\/03\\\/39762419.jpg\",\"contentUrl\":\"https:\\\/\\\/batijournal.com\\\/wp-content\\\/uploads\\\/2015\\\/03\\\/39762419.jpg\",\"width\":599,\"height\":449},{\"@type\":\"BreadcrumbList\",\"@id\":\"https:\\\/\\\/batijournal.com\\\/index.php\\\/nouveau-president-de-fibra\\\/74711\\\/#breadcrumb\",\"itemListElement\":[{\"@type\":\"ListItem\",\"position\":1,\"name\":\"Accueil\",\"item\":\"https:\\\/\\\/batijournal.com\\\/\"},{\"@type\":\"ListItem\",\"position\":2,\"name\":\"Actualit\u00e9s\",\"item\":\"https:\\\/\\\/batijournal.com\\\/index.php\\\/category\\\/actualites\\\/\"},{\"@type\":\"ListItem\",\"position\":3,\"name\":\"\u00c9conomie &amp; March\u00e9s\",\"item\":\"https:\\\/\\\/batijournal.com\\\/index.php\\\/category\\\/actualites\\\/economie-marches\\\/\"},{\"@type\":\"ListItem\",\"position\":4,\"name\":\"Nouveau pr\u00e9sident de Fibra\"}]},{\"@type\":\"WebSite\",\"@id\":\"https:\\\/\\\/batijournal.com\\\/#website\",\"url\":\"https:\\\/\\\/batijournal.com\\\/\",\"name\":\"Batijournal\",\"description\":\"L&#039;actualit\u00e9 du b\u00e2timent\",\"potentialAction\":[{\"@type\":\"SearchAction\",\"target\":{\"@type\":\"EntryPoint\",\"urlTemplate\":\"https:\\\/\\\/batijournal.com\\\/?s={search_term_string}\"},\"query-input\":{\"@type\":\"PropertyValueSpecification\",\"valueRequired\":true,\"valueName\":\"search_term_string\"}}],\"inLanguage\":\"fr-FR\"},{\"@type\":\"Person\",\"@id\":\"https:\\\/\\\/batijournal.com\\\/#\\\/schema\\\/person\\\/6a657e8967569e1b299972574848aa76\",\"name\":\"Bati-journal\",\"image\":{\"@type\":\"ImageObject\",\"inLanguage\":\"fr-FR\",\"@id\":\"https:\\\/\\\/secure.gravatar.com\\\/avatar\\\/a64364ea26392f9b4dd47e017ddaec74ff03aefc073b49e492e847201258f777?s=96&d=mm&r=g\",\"url\":\"https:\\\/\\\/secure.gravatar.com\\\/avatar\\\/a64364ea26392f9b4dd47e017ddaec74ff03aefc073b49e492e847201258f777?s=96&d=mm&r=g\",\"contentUrl\":\"https:\\\/\\\/secure.gravatar.com\\\/avatar\\\/a64364ea26392f9b4dd47e017ddaec74ff03aefc073b49e492e847201258f777?s=96&d=mm&r=g\",\"caption\":\"Bati-journal\"},\"url\":\"https:\\\/\\\/batijournal.com\\\/index.php\\\/author\\\/elodie\\\/\"}]}<\/script>\n<!-- \/ Yoast SEO plugin. -->","yoast_head_json":{"title":"Nouveau pr\u00e9sident de Fibra","robots":{"index":"index","follow":"follow","max-snippet":"max-snippet:-1","max-image-preview":"max-image-preview:large","max-video-preview":"max-video-preview:-1"},"canonical":"https:\/\/batijournal.com\/index.php\/nouveau-president-de-fibra\/74711\/","og_locale":"fr_FR","og_type":"article","og_title":"Nouveau pr\u00e9sident de Fibra","og_description":"Dominique Sardet (soci\u00e9t\u00e9 COBS Gipen &#8211; charpentes et structures bois) a \u00e9t\u00e9 \u00e9lu pr\u00e9sident de la F\u00e9d\u00e9ration for\u00eat-bois Rh\u00f4ne-Alpes (Fibra). L&rsquo;\u00e9lection du nouveau conseil d&rsquo;administration et d&rsquo;un nouveau bureau a eu lieu le 31 janvier dernier, \u00e0 l&rsquo;occasion de l&rsquo;assembl\u00e9e g\u00e9n\u00e9rale de la f\u00e9d\u00e9ration. Ont \u00e9t\u00e9 \u00e9galement \u00e9lus trois vice-pr\u00e9sidents : Bruno de Jerphanion (pr\u00e9sident [&hellip;]","og_url":"https:\/\/batijournal.com\/index.php\/nouveau-president-de-fibra\/74711\/","og_site_name":"Batijournal","article_published_time":"2013-06-25T14:20:29+00:00","article_modified_time":"2019-07-15T09:34:47+00:00","og_image":[{"width":599,"height":449,"url":"https:\/\/batijournal.com\/wp-content\/uploads\/2015\/03\/39762419.jpg","type":"image\/jpeg"}],"author":"Bati-journal","twitter_card":"summary_large_image","twitter_creator":"@bati_journal","twitter_site":"@bati_journal","twitter_misc":{"\u00c9crit par":"Bati-journal","Dur\u00e9e de lecture estim\u00e9e":"1 minute"},"schema":{"@context":"https:\/\/schema.org","@graph":[{"@type":"Article","@id":"https:\/\/batijournal.com\/index.php\/nouveau-president-de-fibra\/74711\/#article","isPartOf":{"@id":"https:\/\/batijournal.com\/index.php\/nouveau-president-de-fibra\/74711\/"},"author":{"name":"Bati-journal","@id":"https:\/\/batijournal.com\/#\/schema\/person\/6a657e8967569e1b299972574848aa76"},"headline":"Nouveau pr\u00e9sident de Fibra","datePublished":"2013-06-25T14:20:29+00:00","dateModified":"2019-07-15T09:34:47+00:00","mainEntityOfPage":{"@id":"https:\/\/batijournal.com\/index.php\/nouveau-president-de-fibra\/74711\/"},"wordCount":129,"commentCount":0,"image":{"@id":"https:\/\/batijournal.com\/index.php\/nouveau-president-de-fibra\/74711\/#primaryimage"},"thumbnailUrl":"https:\/\/batijournal.com\/wp-content\/uploads\/2015\/03\/39762419.jpg","keywords":["FIBRA"],"articleSection":["\u00c9conomie &amp; March\u00e9s"],"inLanguage":"fr-FR","potentialAction":[{"@type":"CommentAction","name":"Comment","target":["https:\/\/batijournal.com\/index.php\/nouveau-president-de-fibra\/74711\/#respond"]}]},{"@type":"WebPage","@id":"https:\/\/batijournal.com\/index.php\/nouveau-president-de-fibra\/74711\/","url":"https:\/\/batijournal.com\/index.php\/nouveau-president-de-fibra\/74711\/","name":"Nouveau pr\u00e9sident de Fibra","isPartOf":{"@id":"https:\/\/batijournal.com\/#website"},"primaryImageOfPage":{"@id":"https:\/\/batijournal.com\/index.php\/nouveau-president-de-fibra\/74711\/#primaryimage"},"image":{"@id":"https:\/\/batijournal.com\/index.php\/nouveau-president-de-fibra\/74711\/#primaryimage"},"thumbnailUrl":"https:\/\/batijournal.com\/wp-content\/uploads\/2015\/03\/39762419.jpg","datePublished":"2013-06-25T14:20:29+00:00","dateModified":"2019-07-15T09:34:47+00:00","author":{"@id":"https:\/\/batijournal.com\/#\/schema\/person\/6a657e8967569e1b299972574848aa76"},"breadcrumb":{"@id":"https:\/\/batijournal.com\/index.php\/nouveau-president-de-fibra\/74711\/#breadcrumb"},"inLanguage":"fr-FR","potentialAction":[{"@type":"ReadAction","target":["https:\/\/batijournal.com\/index.php\/nouveau-president-de-fibra\/74711\/"]}]},{"@type":"ImageObject","inLanguage":"fr-FR","@id":"https:\/\/batijournal.com\/index.php\/nouveau-president-de-fibra\/74711\/#primaryimage","url":"https:\/\/batijournal.com\/wp-content\/uploads\/2015\/03\/39762419.jpg","contentUrl":"https:\/\/batijournal.com\/wp-content\/uploads\/2015\/03\/39762419.jpg","width":599,"height":449},{"@type":"BreadcrumbList","@id":"https:\/\/batijournal.com\/index.php\/nouveau-president-de-fibra\/74711\/#breadcrumb","itemListElement":[{"@type":"ListItem","position":1,"name":"Accueil","item":"https:\/\/batijournal.com\/"},{"@type":"ListItem","position":2,"name":"Actualit\u00e9s","item":"https:\/\/batijournal.com\/index.php\/category\/actualites\/"},{"@type":"ListItem","position":3,"name":"\u00c9conomie &amp; March\u00e9s","item":"https:\/\/batijournal.com\/index.php\/category\/actualites\/economie-marches\/"},{"@type":"ListItem","position":4,"name":"Nouveau pr\u00e9sident de Fibra"}]},{"@type":"WebSite","@id":"https:\/\/batijournal.com\/#website","url":"https:\/\/batijournal.com\/","name":"Batijournal","description":"L&#039;actualit\u00e9 du b\u00e2timent","potentialAction":[{"@type":"SearchAction","target":{"@type":"EntryPoint","urlTemplate":"https:\/\/batijournal.com\/?s={search_term_string}"},"query-input":{"@type":"PropertyValueSpecification","valueRequired":true,"valueName":"search_term_string"}}],"inLanguage":"fr-FR"},{"@type":"Person","@id":"https:\/\/batijournal.com\/#\/schema\/person\/6a657e8967569e1b299972574848aa76","name":"Bati-journal","image":{"@type":"ImageObject","inLanguage":"fr-FR","@id":"https:\/\/secure.gravatar.com\/avatar\/a64364ea26392f9b4dd47e017ddaec74ff03aefc073b49e492e847201258f777?s=96&d=mm&r=g","url":"https:\/\/secure.gravatar.com\/avatar\/a64364ea26392f9b4dd47e017ddaec74ff03aefc073b49e492e847201258f777?s=96&d=mm&r=g","contentUrl":"https:\/\/secure.gravatar.com\/avatar\/a64364ea26392f9b4dd47e017ddaec74ff03aefc073b49e492e847201258f777?s=96&d=mm&r=g","caption":"Bati-journal"},"url":"https:\/\/batijournal.com\/index.php\/author\/elodie\/"}]}},"_links":{"self":[{"href":"https:\/\/batijournal.com\/index.php\/wp-json\/wp\/v2\/posts\/74711","targetHints":{"allow":["GET"]}}],"collection":[{"href":"https:\/\/batijournal.com\/index.php\/wp-json\/wp\/v2\/posts"}],"about":[{"href":"https:\/\/batijournal.com\/index.php\/wp-json\/wp\/v2\/types\/post"}],"author":[{"embeddable":true,"href":"https:\/\/batijournal.com\/index.php\/wp-json\/wp\/v2\/users\/1"}],"replies":[{"embeddable":true,"href":"https:\/\/batijournal.com\/index.php\/wp-json\/wp\/v2\/comments?post=74711"}],"version-history":[{"count":0,"href":"https:\/\/batijournal.com\/index.php\/wp-json\/wp\/v2\/posts\/74711\/revisions"}],"wp:featuredmedia":[{"embeddable":true,"href":"https:\/\/batijournal.com\/index.php\/wp-json\/wp\/v2\/media\/74712"}],"wp:attachment":[{"href":"https:\/\/batijournal.com\/index.php\/wp-json\/wp\/v2\/media?parent=74711"}],"wp:term":[{"taxonomy":"category","embeddable":true,"href":"https:\/\/batijournal.com\/index.php\/wp-json\/wp\/v2\/categories?post=74711"},{"taxonomy":"post_tag","embeddable":true,"href":"https:\/\/batijournal.com\/index.php\/wp-json\/wp\/v2\/tags?post=74711"}],"curies":[{"name":"wp","href":"https:\/\/api.w.org\/{rel}","templated":true}]}}