{"id":74731,"date":"2013-07-23T16:06:06","date_gmt":"2013-07-23T14:06:06","guid":{"rendered":"http:\/\/b.bati-journal.com\/nouvel-adherent-gedibois-dans-la-drome\/74731"},"modified":"2019-07-15T11:34:45","modified_gmt":"2019-07-15T09:34:45","slug":"nouvel-adherent-gedibois-dans-la-drome","status":"publish","type":"post","link":"https:\/\/batijournal.com\/index.php\/nouvel-adherent-gedibois-dans-la-drome\/74731\/","title":{"rendered":"Nouvel adh\u00e9rent Gedibois dans la Dr\u00f4me"},"content":{"rendered":"<p>Depuis le d\u00e9but de l&rsquo;ann\u00e9e 2013, malgr\u00e9 un contexte de repli du march\u00e9, le groupement Gedimat-Gedibois poursuit son d\u00e9veloppement avec la cr\u00e9ation de cinq nouveaux points de vente et l&rsquo;adh\u00e9sion de trois nouveaux adh\u00e9rents pour quatre points de vente. Avec ses deux enseignes compl\u00e9mentaires, Gedimat, d\u00e9di\u00e9e aux n\u00e9gociants g\u00e9n\u00e9ralistes en mat\u00e9riaux de construction, et Gedibois, cr\u00e9\u00e9e en 2008 pour les sp\u00e9cialistes bois et d\u00e9riv\u00e9s, le groupement coop\u00e9ratif Gedex compte d\u00e9sormais 470 points de vente. Gebibois Bois de Provence et du Vivarais, dirig\u00e9 par S\u00e9bastien Mas, nouvel adh\u00e9rent de l&rsquo;enseigne Gedibois, est install\u00e9 \u00e0 Mont\u00e9limar (26).<\/p>\n<p><span style=\"font-size: medium;\"><a href=\"http:\/\/www.gedibois.fr\" target=\"_blank\" rel=\"noopener noreferrer\">www.gedibois.fr<\/a><\/span><\/p>\n","protected":false},"excerpt":{"rendered":"<p>Depuis le d\u00e9but de l&rsquo;ann\u00e9e 2013, malgr\u00e9 un contexte de repli du march\u00e9, le groupement Gedimat-Gedibois poursuit son d\u00e9veloppement avec la cr\u00e9ation de cinq nouveaux points de vente et l&rsquo;adh\u00e9sion de trois nouveaux adh\u00e9rents pour quatre points de vente. Avec ses deux enseignes compl\u00e9mentaires, Gedimat, d\u00e9di\u00e9e aux n\u00e9gociants g\u00e9n\u00e9ralistes en mat\u00e9riaux de construction, et Gedibois, [&hellip;]<\/p>\n","protected":false},"author":1,"featured_media":0,"comment_status":"open","ping_status":"closed","sticky":false,"template":"","format":"standard","meta":{"_et_pb_use_builder":"","_et_pb_old_content":"","_et_gb_content_width":"","footnotes":""},"categories":[6345],"tags":[1009,3449],"class_list":["post-74731","post","type-post","status-publish","format-standard","hentry","category-economie-marches","tag-gedibois","tag-gedimat"],"yoast_head":"<!-- This site is optimized with the Yoast SEO plugin v27.4 - https:\/\/yoast.com\/product\/yoast-seo-wordpress\/ -->\n<title>Nouvel adh\u00e9rent Gedibois dans la Dr\u00f4me<\/title>\n<meta name=\"robots\" content=\"index, follow, max-snippet:-1, max-image-preview:large, max-video-preview:-1\" \/>\n<link rel=\"canonical\" href=\"https:\/\/batijournal.com\/index.php\/nouvel-adherent-gedibois-dans-la-drome\/74731\/\" \/>\n<meta property=\"og:locale\" content=\"fr_FR\" \/>\n<meta property=\"og:type\" content=\"article\" \/>\n<meta property=\"og:title\" content=\"Nouvel adh\u00e9rent Gedibois dans la Dr\u00f4me\" \/>\n<meta property=\"og:description\" content=\"Depuis le d\u00e9but de l&rsquo;ann\u00e9e 2013, malgr\u00e9 un contexte de repli du march\u00e9, le groupement Gedimat-Gedibois poursuit son d\u00e9veloppement avec la cr\u00e9ation de cinq nouveaux points de vente et l&rsquo;adh\u00e9sion de trois nouveaux adh\u00e9rents pour quatre points de vente. Avec ses deux enseignes compl\u00e9mentaires, Gedimat, d\u00e9di\u00e9e aux n\u00e9gociants g\u00e9n\u00e9ralistes en mat\u00e9riaux de construction, et Gedibois, [&hellip;]\" \/>\n<meta property=\"og:url\" content=\"https:\/\/batijournal.com\/index.php\/nouvel-adherent-gedibois-dans-la-drome\/74731\/\" \/>\n<meta property=\"og:site_name\" content=\"Batijournal\" \/>\n<meta property=\"article:published_time\" content=\"2013-07-23T14:06:06+00:00\" \/>\n<meta property=\"article:modified_time\" content=\"2019-07-15T09:34:45+00:00\" \/>\n<meta name=\"author\" content=\"Bati-journal\" \/>\n<meta name=\"twitter:card\" content=\"summary_large_image\" \/>\n<meta name=\"twitter:creator\" content=\"@bati_journal\" \/>\n<meta name=\"twitter:site\" content=\"@bati_journal\" \/>\n<meta name=\"twitter:label1\" content=\"\u00c9crit par\" \/>\n\t<meta name=\"twitter:data1\" content=\"Bati-journal\" \/>\n\t<meta name=\"twitter:label2\" content=\"Dur\u00e9e de lecture estim\u00e9e\" \/>\n\t<meta name=\"twitter:data2\" content=\"1 minute\" \/>\n<script type=\"application\/ld+json\" class=\"yoast-schema-graph\">{\"@context\":\"https:\\\/\\\/schema.org\",\"@graph\":[{\"@type\":\"Article\",\"@id\":\"https:\\\/\\\/batijournal.com\\\/index.php\\\/nouvel-adherent-gedibois-dans-la-drome\\\/74731\\\/#article\",\"isPartOf\":{\"@id\":\"https:\\\/\\\/batijournal.com\\\/index.php\\\/nouvel-adherent-gedibois-dans-la-drome\\\/74731\\\/\"},\"author\":{\"name\":\"Bati-journal\",\"@id\":\"https:\\\/\\\/batijournal.com\\\/#\\\/schema\\\/person\\\/6a657e8967569e1b299972574848aa76\"},\"headline\":\"Nouvel adh\u00e9rent Gedibois dans la Dr\u00f4me\",\"datePublished\":\"2013-07-23T14:06:06+00:00\",\"dateModified\":\"2019-07-15T09:34:45+00:00\",\"mainEntityOfPage\":{\"@id\":\"https:\\\/\\\/batijournal.com\\\/index.php\\\/nouvel-adherent-gedibois-dans-la-drome\\\/74731\\\/\"},\"wordCount\":126,\"commentCount\":0,\"keywords\":[\"G\u00e9dibois\",\"Gedimat\"],\"articleSection\":[\"\u00c9conomie &amp; March\u00e9s\"],\"inLanguage\":\"fr-FR\",\"potentialAction\":[{\"@type\":\"CommentAction\",\"name\":\"Comment\",\"target\":[\"https:\\\/\\\/batijournal.com\\\/index.php\\\/nouvel-adherent-gedibois-dans-la-drome\\\/74731\\\/#respond\"]}]},{\"@type\":\"WebPage\",\"@id\":\"https:\\\/\\\/batijournal.com\\\/index.php\\\/nouvel-adherent-gedibois-dans-la-drome\\\/74731\\\/\",\"url\":\"https:\\\/\\\/batijournal.com\\\/index.php\\\/nouvel-adherent-gedibois-dans-la-drome\\\/74731\\\/\",\"name\":\"Nouvel adh\u00e9rent Gedibois dans la Dr\u00f4me\",\"isPartOf\":{\"@id\":\"https:\\\/\\\/batijournal.com\\\/#website\"},\"datePublished\":\"2013-07-23T14:06:06+00:00\",\"dateModified\":\"2019-07-15T09:34:45+00:00\",\"author\":{\"@id\":\"https:\\\/\\\/batijournal.com\\\/#\\\/schema\\\/person\\\/6a657e8967569e1b299972574848aa76\"},\"breadcrumb\":{\"@id\":\"https:\\\/\\\/batijournal.com\\\/index.php\\\/nouvel-adherent-gedibois-dans-la-drome\\\/74731\\\/#breadcrumb\"},\"inLanguage\":\"fr-FR\",\"potentialAction\":[{\"@type\":\"ReadAction\",\"target\":[\"https:\\\/\\\/batijournal.com\\\/index.php\\\/nouvel-adherent-gedibois-dans-la-drome\\\/74731\\\/\"]}]},{\"@type\":\"BreadcrumbList\",\"@id\":\"https:\\\/\\\/batijournal.com\\\/index.php\\\/nouvel-adherent-gedibois-dans-la-drome\\\/74731\\\/#breadcrumb\",\"itemListElement\":[{\"@type\":\"ListItem\",\"position\":1,\"name\":\"Accueil\",\"item\":\"https:\\\/\\\/batijournal.com\\\/\"},{\"@type\":\"ListItem\",\"position\":2,\"name\":\"Actualit\u00e9s\",\"item\":\"https:\\\/\\\/batijournal.com\\\/index.php\\\/category\\\/actualites\\\/\"},{\"@type\":\"ListItem\",\"position\":3,\"name\":\"\u00c9conomie &amp; March\u00e9s\",\"item\":\"https:\\\/\\\/batijournal.com\\\/index.php\\\/category\\\/actualites\\\/economie-marches\\\/\"},{\"@type\":\"ListItem\",\"position\":4,\"name\":\"Nouvel adh\u00e9rent Gedibois dans la Dr\u00f4me\"}]},{\"@type\":\"WebSite\",\"@id\":\"https:\\\/\\\/batijournal.com\\\/#website\",\"url\":\"https:\\\/\\\/batijournal.com\\\/\",\"name\":\"Batijournal\",\"description\":\"L&#039;actualit\u00e9 du b\u00e2timent\",\"potentialAction\":[{\"@type\":\"SearchAction\",\"target\":{\"@type\":\"EntryPoint\",\"urlTemplate\":\"https:\\\/\\\/batijournal.com\\\/?s={search_term_string}\"},\"query-input\":{\"@type\":\"PropertyValueSpecification\",\"valueRequired\":true,\"valueName\":\"search_term_string\"}}],\"inLanguage\":\"fr-FR\"},{\"@type\":\"Person\",\"@id\":\"https:\\\/\\\/batijournal.com\\\/#\\\/schema\\\/person\\\/6a657e8967569e1b299972574848aa76\",\"name\":\"Bati-journal\",\"image\":{\"@type\":\"ImageObject\",\"inLanguage\":\"fr-FR\",\"@id\":\"https:\\\/\\\/secure.gravatar.com\\\/avatar\\\/a64364ea26392f9b4dd47e017ddaec74ff03aefc073b49e492e847201258f777?s=96&d=mm&r=g\",\"url\":\"https:\\\/\\\/secure.gravatar.com\\\/avatar\\\/a64364ea26392f9b4dd47e017ddaec74ff03aefc073b49e492e847201258f777?s=96&d=mm&r=g\",\"contentUrl\":\"https:\\\/\\\/secure.gravatar.com\\\/avatar\\\/a64364ea26392f9b4dd47e017ddaec74ff03aefc073b49e492e847201258f777?s=96&d=mm&r=g\",\"caption\":\"Bati-journal\"},\"url\":\"https:\\\/\\\/batijournal.com\\\/index.php\\\/author\\\/elodie\\\/\"}]}<\/script>\n<!-- \/ Yoast SEO plugin. -->","yoast_head_json":{"title":"Nouvel adh\u00e9rent Gedibois dans la Dr\u00f4me","robots":{"index":"index","follow":"follow","max-snippet":"max-snippet:-1","max-image-preview":"max-image-preview:large","max-video-preview":"max-video-preview:-1"},"canonical":"https:\/\/batijournal.com\/index.php\/nouvel-adherent-gedibois-dans-la-drome\/74731\/","og_locale":"fr_FR","og_type":"article","og_title":"Nouvel adh\u00e9rent Gedibois dans la Dr\u00f4me","og_description":"Depuis le d\u00e9but de l&rsquo;ann\u00e9e 2013, malgr\u00e9 un contexte de repli du march\u00e9, le groupement Gedimat-Gedibois poursuit son d\u00e9veloppement avec la cr\u00e9ation de cinq nouveaux points de vente et l&rsquo;adh\u00e9sion de trois nouveaux adh\u00e9rents pour quatre points de vente. Avec ses deux enseignes compl\u00e9mentaires, Gedimat, d\u00e9di\u00e9e aux n\u00e9gociants g\u00e9n\u00e9ralistes en mat\u00e9riaux de construction, et Gedibois, [&hellip;]","og_url":"https:\/\/batijournal.com\/index.php\/nouvel-adherent-gedibois-dans-la-drome\/74731\/","og_site_name":"Batijournal","article_published_time":"2013-07-23T14:06:06+00:00","article_modified_time":"2019-07-15T09:34:45+00:00","author":"Bati-journal","twitter_card":"summary_large_image","twitter_creator":"@bati_journal","twitter_site":"@bati_journal","twitter_misc":{"\u00c9crit par":"Bati-journal","Dur\u00e9e de lecture estim\u00e9e":"1 minute"},"schema":{"@context":"https:\/\/schema.org","@graph":[{"@type":"Article","@id":"https:\/\/batijournal.com\/index.php\/nouvel-adherent-gedibois-dans-la-drome\/74731\/#article","isPartOf":{"@id":"https:\/\/batijournal.com\/index.php\/nouvel-adherent-gedibois-dans-la-drome\/74731\/"},"author":{"name":"Bati-journal","@id":"https:\/\/batijournal.com\/#\/schema\/person\/6a657e8967569e1b299972574848aa76"},"headline":"Nouvel adh\u00e9rent Gedibois dans la Dr\u00f4me","datePublished":"2013-07-23T14:06:06+00:00","dateModified":"2019-07-15T09:34:45+00:00","mainEntityOfPage":{"@id":"https:\/\/batijournal.com\/index.php\/nouvel-adherent-gedibois-dans-la-drome\/74731\/"},"wordCount":126,"commentCount":0,"keywords":["G\u00e9dibois","Gedimat"],"articleSection":["\u00c9conomie &amp; March\u00e9s"],"inLanguage":"fr-FR","potentialAction":[{"@type":"CommentAction","name":"Comment","target":["https:\/\/batijournal.com\/index.php\/nouvel-adherent-gedibois-dans-la-drome\/74731\/#respond"]}]},{"@type":"WebPage","@id":"https:\/\/batijournal.com\/index.php\/nouvel-adherent-gedibois-dans-la-drome\/74731\/","url":"https:\/\/batijournal.com\/index.php\/nouvel-adherent-gedibois-dans-la-drome\/74731\/","name":"Nouvel adh\u00e9rent Gedibois dans la Dr\u00f4me","isPartOf":{"@id":"https:\/\/batijournal.com\/#website"},"datePublished":"2013-07-23T14:06:06+00:00","dateModified":"2019-07-15T09:34:45+00:00","author":{"@id":"https:\/\/batijournal.com\/#\/schema\/person\/6a657e8967569e1b299972574848aa76"},"breadcrumb":{"@id":"https:\/\/batijournal.com\/index.php\/nouvel-adherent-gedibois-dans-la-drome\/74731\/#breadcrumb"},"inLanguage":"fr-FR","potentialAction":[{"@type":"ReadAction","target":["https:\/\/batijournal.com\/index.php\/nouvel-adherent-gedibois-dans-la-drome\/74731\/"]}]},{"@type":"BreadcrumbList","@id":"https:\/\/batijournal.com\/index.php\/nouvel-adherent-gedibois-dans-la-drome\/74731\/#breadcrumb","itemListElement":[{"@type":"ListItem","position":1,"name":"Accueil","item":"https:\/\/batijournal.com\/"},{"@type":"ListItem","position":2,"name":"Actualit\u00e9s","item":"https:\/\/batijournal.com\/index.php\/category\/actualites\/"},{"@type":"ListItem","position":3,"name":"\u00c9conomie &amp; March\u00e9s","item":"https:\/\/batijournal.com\/index.php\/category\/actualites\/economie-marches\/"},{"@type":"ListItem","position":4,"name":"Nouvel adh\u00e9rent Gedibois dans la Dr\u00f4me"}]},{"@type":"WebSite","@id":"https:\/\/batijournal.com\/#website","url":"https:\/\/batijournal.com\/","name":"Batijournal","description":"L&#039;actualit\u00e9 du b\u00e2timent","potentialAction":[{"@type":"SearchAction","target":{"@type":"EntryPoint","urlTemplate":"https:\/\/batijournal.com\/?s={search_term_string}"},"query-input":{"@type":"PropertyValueSpecification","valueRequired":true,"valueName":"search_term_string"}}],"inLanguage":"fr-FR"},{"@type":"Person","@id":"https:\/\/batijournal.com\/#\/schema\/person\/6a657e8967569e1b299972574848aa76","name":"Bati-journal","image":{"@type":"ImageObject","inLanguage":"fr-FR","@id":"https:\/\/secure.gravatar.com\/avatar\/a64364ea26392f9b4dd47e017ddaec74ff03aefc073b49e492e847201258f777?s=96&d=mm&r=g","url":"https:\/\/secure.gravatar.com\/avatar\/a64364ea26392f9b4dd47e017ddaec74ff03aefc073b49e492e847201258f777?s=96&d=mm&r=g","contentUrl":"https:\/\/secure.gravatar.com\/avatar\/a64364ea26392f9b4dd47e017ddaec74ff03aefc073b49e492e847201258f777?s=96&d=mm&r=g","caption":"Bati-journal"},"url":"https:\/\/batijournal.com\/index.php\/author\/elodie\/"}]}},"_links":{"self":[{"href":"https:\/\/batijournal.com\/index.php\/wp-json\/wp\/v2\/posts\/74731","targetHints":{"allow":["GET"]}}],"collection":[{"href":"https:\/\/batijournal.com\/index.php\/wp-json\/wp\/v2\/posts"}],"about":[{"href":"https:\/\/batijournal.com\/index.php\/wp-json\/wp\/v2\/types\/post"}],"author":[{"embeddable":true,"href":"https:\/\/batijournal.com\/index.php\/wp-json\/wp\/v2\/users\/1"}],"replies":[{"embeddable":true,"href":"https:\/\/batijournal.com\/index.php\/wp-json\/wp\/v2\/comments?post=74731"}],"version-history":[{"count":0,"href":"https:\/\/batijournal.com\/index.php\/wp-json\/wp\/v2\/posts\/74731\/revisions"}],"wp:attachment":[{"href":"https:\/\/batijournal.com\/index.php\/wp-json\/wp\/v2\/media?parent=74731"}],"wp:term":[{"taxonomy":"category","embeddable":true,"href":"https:\/\/batijournal.com\/index.php\/wp-json\/wp\/v2\/categories?post=74731"},{"taxonomy":"post_tag","embeddable":true,"href":"https:\/\/batijournal.com\/index.php\/wp-json\/wp\/v2\/tags?post=74731"}],"curies":[{"name":"wp","href":"https:\/\/api.w.org\/{rel}","templated":true}]}}