{"id":74740,"date":"2013-09-13T09:06:06","date_gmt":"2013-09-13T07:06:06","guid":{"rendered":"http:\/\/b.bati-journal.com\/la-filiere-bois-au-palais-de-lelysee\/74740"},"modified":"2019-07-15T11:34:44","modified_gmt":"2019-07-15T09:34:44","slug":"la-filiere-bois-au-palais-de-lelysee","status":"publish","type":"post","link":"https:\/\/batijournal.com\/index.php\/la-filiere-bois-au-palais-de-lelysee\/74740\/","title":{"rendered":"La fili\u00e8re bois au Palais de l&rsquo;Elys\u00e9e"},"content":{"rendered":"<p><span class=\"lettrine\">L<\/span>e jeudi 12 septembre, au Palais de l&rsquo;Elys\u00e9e, le pr\u00e9sident Fran\u00e7ois Hollande pr\u00e9sentait les priorit\u00e9s de la politique industrielle de la France en pr\u00e9sence d&rsquo;Arnaud Montebourg ministre du Redressement productif. Le d\u00e9veloppement de la fili\u00e8re bois figure parmi les objectifs de ce programme. C&rsquo;est Frank Mathis, PDG de l&rsquo;entreprise \u00e9ponyme, sp\u00e9cialis\u00e9e dans la fabrication de charpentes et constructions en bois lamell\u00e9 coll\u00e9, qui pr\u00e9senta la fili\u00e8re bois lors de cette r\u00e9union. Nous vous invitons \u00e0 d\u00e9couvrir son discours.<\/p>\n<p>LA FORET<br \/>\nBonjour \u00e0 vous<br \/>\nVous vous rappelez sans doute du c\u00e9l\u00e8bre slogan des ann\u00e9es 70 : En France on n&rsquo;a pas de p\u00e9trole mais on a des id\u00e9es.<br \/>\n40 ans apr\u00e8s, on a toujours des id\u00e9es et la bonne nouvelle c&rsquo;est qu&rsquo;on a du p\u00e9trole, il n&rsquo;est pas noir mais il est vert !<br \/>\nC&rsquo;est la for\u00eat fran\u00e7aise. Elle couvre 1\/3 du territoire. 3e for\u00eat d&rsquo;Europe !<br \/>\nC&rsquo;est une belle for\u00eat, d&rsquo;une grande diversit\u00e9<br \/>\nElle est bien g\u00e9r\u00e9e : 1 arbre coup\u00e9 =1 arbre plant\u00e9<br \/>\nContrairement \u00e0 ce que tout le monde pense la for\u00eat fran\u00e7aise se reconstitue. Elle a m\u00eame retrouv\u00e9 son niveau du Moyen-Age !<br \/>\n4 d\u00e9bouch\u00e9s : construction, ameublement, la chimie verte et l&rsquo;\u00e9nergie.<br \/>\nElle a encore du potentiel car on ne r\u00e9colte que la moiti\u00e9 de ce qui pousse tous les ans !<br \/>\nL&rsquo;OBJECTIF<br \/>\nLa fili\u00e8re bois et les pouvoirs publics ont choisi de faire fructifier la for\u00eat fran\u00e7aise avec comme objectif : Construire la ville de demain.<br \/>\nPourquoi la ville de demain : La population mondiale est d\u00e9j\u00e0 aujourd&rsquo;hui \u00e0 50% urbaine, jamais les techniques traditionnelles et les ressources fossiles ne permettront de suivre le rythme de construction des villes en France et surtout \u00e0 l&rsquo;\u00e9tranger. D&rsquo;o\u00f9 des perspectives \u00e0 l&rsquo;export.<br \/>\nIci par ex on voit des tours d&rsquo;une trentaine d&rsquo;\u00e9tages dont la structure porteuse est faite avec de gros poteaux et murs en bois lamell\u00e9 coll\u00e9 qui r\u00e9sistent notamment tr\u00e8s bien au feu et aux s\u00e9ismes. On peut imaginer les 1\u00b0 r\u00e9alisations d&rsquo;importance d&rsquo;ici 5 \u00e0 10 ans selon la hauteur vis\u00e9e.<br \/>\nLes freins \u00e9tant d&rsquo;ailleurs plus r\u00e8glementaires que technologiques car le savoir faire existe en France.<\/p>\n<p>LE SAVOIR FAIRE<br \/>\nLa construction bois a maintenant les techniques pour construire toujours plus vite, plus haut, plus performant. Ce qui nous rend \u00e9conomique en co\u00fbt global, tout en utilisant une ressource renouvelable !<br \/>\nLes savoir-faire existent dans notre fili\u00e8re qui est essentiellement compos\u00e9e pour l&rsquo;instant de PME r\u00e9parties sur tout le territoire. Certaines sont tr\u00e8s performantes, elles sont au standard europ\u00e9en.<br \/>\nStandard Europ\u00e9en qui est ce qui se fait de mieux technologiquement au niveau mondial.<br \/>\nEx : Mathis a construit le plus gros b\u00e2timent en bois du Qu\u00e9bec, il couvre des terrains de foot.<br \/>\nAu-del\u00e0 de cette performance les perspectives d&rsquo;innovation sont tr\u00e8s nombreuses notamment dans les bois reconstitu\u00e9s et fibr\u00e9s, les techniques d&rsquo;assemblages, les collages et les traitements de surface.<br \/>\nLE MARCHE<br \/>\nLe march\u00e9 potentiel existe et on l&rsquo;a prouv\u00e9 : dans le logement individuel et collectif, les \u00e9quipements publics et les b\u00e2timents d&rsquo;entreprises. La construction bois a progress\u00e9 ces derni\u00e8res ann\u00e9es deux fois plus vite que les techniques de construction courantes.<br \/>\nEt il reste du potentiel car par ex. le bois p\u00e8se deux fois plus lourd dans le PIB des pays nordiques ou germaniques qui ont aussi de grandes for\u00eats. Leur fili\u00e8re bois est tr\u00e8s bien organis\u00e9e et les rend tr\u00e8s comp\u00e9titifs. Cela leur permet de venir nous concurrencer, ce qui p\u00e9nalise notre balance des \u00e9changes commerciaux.<br \/>\nCette situation paradoxale s&rsquo;explique par le fait qu&rsquo;on exporte notre mati\u00e8re que les \u00e9trangers s&#8217;empressent de revendre transform\u00e9s en p\u00e2te \u00e0 papier, en meubles ou en composants pour la construction.<br \/>\nMais rien n&rsquo;est d\u00e9finitif car nous avons depuis qq temps une demande soci\u00e9tale croissante pour les bois fran\u00e7ais et des industriels et \u00e9lus locaux pour y r\u00e9pondre.<br \/>\nL&rsquo;ECOLOGIE<br \/>\nIl y a l\u00e0 un vrai enjeu et un beau d\u00e9fi \u00e0 relever car en cr\u00e9ant de la valeur \u00e9conomique nous cr\u00e9ons aussi de la valeur \u00e9cologique.<br \/>\nCar le bois en plus de ses qualit\u00e9s reconnues a des avantages de poids :<br \/>\n&#8211; Il lui suffit d&rsquo;un peu de soleil et d&rsquo;eau pour pousser, \u00e7a c&rsquo;est un don du ciel donc c&rsquo;est gratuit<br \/>\n&#8211; Il est propre \u00e0 transformer<br \/>\n&#8211; Rien ne se perd car tous ses co-produits sont utilisables<br \/>\n&#8211; Il est quasiment recyclable \u00e0 l&rsquo;infini.<br \/>\n&#8211; et in fine il sert \u00e0 produire de l&rsquo;\u00e9nergie dont les fum\u00e9es sont r\u00e9absorb\u00e9es par les arbres en croissance et ainsi de suite.<br \/>\nPar contre il faut exploiter la for\u00eat pour que le cycle fonctionne bien.<br \/>\nCe sch\u00e9ma vous permet de comprendre que nous sommes une v\u00e9ritable industrie qui p\u00e8se avec 425 000 emplois et 60 MDS de CA !<br \/>\nLE PLAN BOIS<br \/>\nQue va permettre le plan \u00ab bois \u00bb dont on parle aujourd&rsquo;hui.<br \/>\nTout d&rsquo;abord il a mis en place un Comit\u00e9 strat\u00e9gique de fili\u00e8re au sein du Conseil national de l&rsquo;industrie avec pour objectif de d\u00e9finir une strat\u00e9gie nationale pour :<br \/>\n&#8211; mieux affecter les ressources foresti\u00e8res fran\u00e7aises selon les usages en fonction des essences de bois, des types de for\u00eats et leur localisation.<br \/>\n&#8211; travailler ensemble sur l&rsquo;innovation et le marketing pour faire \u00e9merger plus de champions nationaux capables de jouer au niveau europ\u00e9en voire mondial.<br \/>\nNous sommes convaincus qu&rsquo;\u00e0 terme on peut doubler la valeur ajout\u00e9e et le nombre d&#8217;emplois de la fili\u00e8re.<br \/>\nCes nouveaux champions industriels seront cr\u00e9ateurs de tr\u00e8s nombreux emplois r\u00e9partis sur tout le territoire qui seront non d\u00e9localisables.<br \/>\nIls s&rsquo;inscriront donc parfaitement dans le cadre plus large de la croissance verte que tout le monde appelle de ses voeux.<br \/>\nUN PROJET POLITIQUE<br \/>\nCe plan industriel peut d\u00e9boucher sur un v\u00e9ritable projet politique, \u00e0 la fois de court et de long terme. Il nous fera en plus rentrer dans des cercles vertueux en termes d&rsquo;environnement et de cr\u00e9ation de richesses.<br \/>\nIl repr\u00e9sente une opportunit\u00e9 historique qui nous permettra de vous construire les espaces de vie de demain. Ils seront plus chaleureux et plus agr\u00e9ables \u00e0 vivre.<\/p>\n","protected":false},"excerpt":{"rendered":"<p>Le jeudi 12 septembre, au Palais de l&rsquo;Elys\u00e9e, le pr\u00e9sident Fran\u00e7ois Hollande pr\u00e9sentait les priorit\u00e9s de la politique industrielle de la France en pr\u00e9sence d&rsquo;Arnaud Montebourg ministre du Redressement productif. Le d\u00e9veloppement de la fili\u00e8re bois figure parmi les objectifs de ce programme. C&rsquo;est Frank Mathis, PDG de l&rsquo;entreprise \u00e9ponyme, sp\u00e9cialis\u00e9e dans la fabrication de [&hellip;]<\/p>\n","protected":false},"author":1,"featured_media":74741,"comment_status":"open","ping_status":"closed","sticky":false,"template":"","format":"standard","meta":{"_et_pb_use_builder":"","_et_pb_old_content":"","_et_gb_content_width":"","footnotes":""},"categories":[6345],"tags":[7347,1017],"class_list":["post-74740","post","type-post","status-publish","format-standard","has-post-thumbnail","hentry","category-economie-marches","tag-discours","tag-filiere-bois"],"yoast_head":"<!-- This site is optimized with the Yoast SEO plugin v27.4 - https:\/\/yoast.com\/product\/yoast-seo-wordpress\/ -->\n<title>La fili\u00e8re bois au Palais de l&#039;Elys\u00e9e<\/title>\n<meta name=\"robots\" content=\"index, follow, max-snippet:-1, max-image-preview:large, max-video-preview:-1\" \/>\n<link rel=\"canonical\" href=\"https:\/\/batijournal.com\/index.php\/la-filiere-bois-au-palais-de-lelysee\/74740\/\" \/>\n<meta property=\"og:locale\" content=\"fr_FR\" \/>\n<meta property=\"og:type\" content=\"article\" \/>\n<meta property=\"og:title\" content=\"La fili\u00e8re bois au Palais de l&#039;Elys\u00e9e\" \/>\n<meta property=\"og:description\" content=\"Le jeudi 12 septembre, au Palais de l&rsquo;Elys\u00e9e, le pr\u00e9sident Fran\u00e7ois Hollande pr\u00e9sentait les priorit\u00e9s de la politique industrielle de la France en pr\u00e9sence d&rsquo;Arnaud Montebourg ministre du Redressement productif. Le d\u00e9veloppement de la fili\u00e8re bois figure parmi les objectifs de ce programme. C&rsquo;est Frank Mathis, PDG de l&rsquo;entreprise \u00e9ponyme, sp\u00e9cialis\u00e9e dans la fabrication de [&hellip;]\" \/>\n<meta property=\"og:url\" content=\"https:\/\/batijournal.com\/index.php\/la-filiere-bois-au-palais-de-lelysee\/74740\/\" \/>\n<meta property=\"og:site_name\" content=\"Batijournal\" \/>\n<meta property=\"article:published_time\" content=\"2013-09-13T07:06:06+00:00\" \/>\n<meta property=\"article:modified_time\" content=\"2019-07-15T09:34:44+00:00\" \/>\n<meta property=\"og:image\" content=\"https:\/\/batijournal.com\/wp-content\/uploads\/2015\/03\/71068451.jpg\" \/>\n\t<meta property=\"og:image:width\" content=\"600\" \/>\n\t<meta property=\"og:image:height\" content=\"400\" \/>\n\t<meta property=\"og:image:type\" content=\"image\/jpeg\" \/>\n<meta name=\"author\" content=\"Bati-journal\" \/>\n<meta name=\"twitter:card\" content=\"summary_large_image\" \/>\n<meta name=\"twitter:creator\" content=\"@bati_journal\" \/>\n<meta name=\"twitter:site\" content=\"@bati_journal\" \/>\n<meta name=\"twitter:label1\" content=\"\u00c9crit par\" \/>\n\t<meta name=\"twitter:data1\" content=\"Bati-journal\" \/>\n\t<meta name=\"twitter:label2\" content=\"Dur\u00e9e de lecture estim\u00e9e\" \/>\n\t<meta name=\"twitter:data2\" content=\"5 minutes\" \/>\n<script type=\"application\/ld+json\" class=\"yoast-schema-graph\">{\"@context\":\"https:\\\/\\\/schema.org\",\"@graph\":[{\"@type\":\"Article\",\"@id\":\"https:\\\/\\\/batijournal.com\\\/index.php\\\/la-filiere-bois-au-palais-de-lelysee\\\/74740\\\/#article\",\"isPartOf\":{\"@id\":\"https:\\\/\\\/batijournal.com\\\/index.php\\\/la-filiere-bois-au-palais-de-lelysee\\\/74740\\\/\"},\"author\":{\"name\":\"Bati-journal\",\"@id\":\"https:\\\/\\\/batijournal.com\\\/#\\\/schema\\\/person\\\/6a657e8967569e1b299972574848aa76\"},\"headline\":\"La fili\u00e8re bois au Palais de l&rsquo;Elys\u00e9e\",\"datePublished\":\"2013-09-13T07:06:06+00:00\",\"dateModified\":\"2019-07-15T09:34:44+00:00\",\"mainEntityOfPage\":{\"@id\":\"https:\\\/\\\/batijournal.com\\\/index.php\\\/la-filiere-bois-au-palais-de-lelysee\\\/74740\\\/\"},\"wordCount\":1107,\"commentCount\":0,\"image\":{\"@id\":\"https:\\\/\\\/batijournal.com\\\/index.php\\\/la-filiere-bois-au-palais-de-lelysee\\\/74740\\\/#primaryimage\"},\"thumbnailUrl\":\"https:\\\/\\\/batijournal.com\\\/wp-content\\\/uploads\\\/2015\\\/03\\\/71068451.jpg\",\"keywords\":[\"discours\",\"fili\u00e8re bois\"],\"articleSection\":[\"\u00c9conomie &amp; March\u00e9s\"],\"inLanguage\":\"fr-FR\",\"potentialAction\":[{\"@type\":\"CommentAction\",\"name\":\"Comment\",\"target\":[\"https:\\\/\\\/batijournal.com\\\/index.php\\\/la-filiere-bois-au-palais-de-lelysee\\\/74740\\\/#respond\"]}]},{\"@type\":\"WebPage\",\"@id\":\"https:\\\/\\\/batijournal.com\\\/index.php\\\/la-filiere-bois-au-palais-de-lelysee\\\/74740\\\/\",\"url\":\"https:\\\/\\\/batijournal.com\\\/index.php\\\/la-filiere-bois-au-palais-de-lelysee\\\/74740\\\/\",\"name\":\"La fili\u00e8re bois au Palais de l'Elys\u00e9e\",\"isPartOf\":{\"@id\":\"https:\\\/\\\/batijournal.com\\\/#website\"},\"primaryImageOfPage\":{\"@id\":\"https:\\\/\\\/batijournal.com\\\/index.php\\\/la-filiere-bois-au-palais-de-lelysee\\\/74740\\\/#primaryimage\"},\"image\":{\"@id\":\"https:\\\/\\\/batijournal.com\\\/index.php\\\/la-filiere-bois-au-palais-de-lelysee\\\/74740\\\/#primaryimage\"},\"thumbnailUrl\":\"https:\\\/\\\/batijournal.com\\\/wp-content\\\/uploads\\\/2015\\\/03\\\/71068451.jpg\",\"datePublished\":\"2013-09-13T07:06:06+00:00\",\"dateModified\":\"2019-07-15T09:34:44+00:00\",\"author\":{\"@id\":\"https:\\\/\\\/batijournal.com\\\/#\\\/schema\\\/person\\\/6a657e8967569e1b299972574848aa76\"},\"breadcrumb\":{\"@id\":\"https:\\\/\\\/batijournal.com\\\/index.php\\\/la-filiere-bois-au-palais-de-lelysee\\\/74740\\\/#breadcrumb\"},\"inLanguage\":\"fr-FR\",\"potentialAction\":[{\"@type\":\"ReadAction\",\"target\":[\"https:\\\/\\\/batijournal.com\\\/index.php\\\/la-filiere-bois-au-palais-de-lelysee\\\/74740\\\/\"]}]},{\"@type\":\"ImageObject\",\"inLanguage\":\"fr-FR\",\"@id\":\"https:\\\/\\\/batijournal.com\\\/index.php\\\/la-filiere-bois-au-palais-de-lelysee\\\/74740\\\/#primaryimage\",\"url\":\"https:\\\/\\\/batijournal.com\\\/wp-content\\\/uploads\\\/2015\\\/03\\\/71068451.jpg\",\"contentUrl\":\"https:\\\/\\\/batijournal.com\\\/wp-content\\\/uploads\\\/2015\\\/03\\\/71068451.jpg\",\"width\":600,\"height\":400},{\"@type\":\"BreadcrumbList\",\"@id\":\"https:\\\/\\\/batijournal.com\\\/index.php\\\/la-filiere-bois-au-palais-de-lelysee\\\/74740\\\/#breadcrumb\",\"itemListElement\":[{\"@type\":\"ListItem\",\"position\":1,\"name\":\"Accueil\",\"item\":\"https:\\\/\\\/batijournal.com\\\/\"},{\"@type\":\"ListItem\",\"position\":2,\"name\":\"Actualit\u00e9s\",\"item\":\"https:\\\/\\\/batijournal.com\\\/index.php\\\/category\\\/actualites\\\/\"},{\"@type\":\"ListItem\",\"position\":3,\"name\":\"\u00c9conomie &amp; March\u00e9s\",\"item\":\"https:\\\/\\\/batijournal.com\\\/index.php\\\/category\\\/actualites\\\/economie-marches\\\/\"},{\"@type\":\"ListItem\",\"position\":4,\"name\":\"La fili\u00e8re bois au Palais de l&rsquo;Elys\u00e9e\"}]},{\"@type\":\"WebSite\",\"@id\":\"https:\\\/\\\/batijournal.com\\\/#website\",\"url\":\"https:\\\/\\\/batijournal.com\\\/\",\"name\":\"Batijournal\",\"description\":\"L&#039;actualit\u00e9 du b\u00e2timent\",\"potentialAction\":[{\"@type\":\"SearchAction\",\"target\":{\"@type\":\"EntryPoint\",\"urlTemplate\":\"https:\\\/\\\/batijournal.com\\\/?s={search_term_string}\"},\"query-input\":{\"@type\":\"PropertyValueSpecification\",\"valueRequired\":true,\"valueName\":\"search_term_string\"}}],\"inLanguage\":\"fr-FR\"},{\"@type\":\"Person\",\"@id\":\"https:\\\/\\\/batijournal.com\\\/#\\\/schema\\\/person\\\/6a657e8967569e1b299972574848aa76\",\"name\":\"Bati-journal\",\"image\":{\"@type\":\"ImageObject\",\"inLanguage\":\"fr-FR\",\"@id\":\"https:\\\/\\\/secure.gravatar.com\\\/avatar\\\/a64364ea26392f9b4dd47e017ddaec74ff03aefc073b49e492e847201258f777?s=96&d=mm&r=g\",\"url\":\"https:\\\/\\\/secure.gravatar.com\\\/avatar\\\/a64364ea26392f9b4dd47e017ddaec74ff03aefc073b49e492e847201258f777?s=96&d=mm&r=g\",\"contentUrl\":\"https:\\\/\\\/secure.gravatar.com\\\/avatar\\\/a64364ea26392f9b4dd47e017ddaec74ff03aefc073b49e492e847201258f777?s=96&d=mm&r=g\",\"caption\":\"Bati-journal\"},\"url\":\"https:\\\/\\\/batijournal.com\\\/index.php\\\/author\\\/elodie\\\/\"}]}<\/script>\n<!-- \/ Yoast SEO plugin. -->","yoast_head_json":{"title":"La fili\u00e8re bois au Palais de l'Elys\u00e9e","robots":{"index":"index","follow":"follow","max-snippet":"max-snippet:-1","max-image-preview":"max-image-preview:large","max-video-preview":"max-video-preview:-1"},"canonical":"https:\/\/batijournal.com\/index.php\/la-filiere-bois-au-palais-de-lelysee\/74740\/","og_locale":"fr_FR","og_type":"article","og_title":"La fili\u00e8re bois au Palais de l'Elys\u00e9e","og_description":"Le jeudi 12 septembre, au Palais de l&rsquo;Elys\u00e9e, le pr\u00e9sident Fran\u00e7ois Hollande pr\u00e9sentait les priorit\u00e9s de la politique industrielle de la France en pr\u00e9sence d&rsquo;Arnaud Montebourg ministre du Redressement productif. Le d\u00e9veloppement de la fili\u00e8re bois figure parmi les objectifs de ce programme. C&rsquo;est Frank Mathis, PDG de l&rsquo;entreprise \u00e9ponyme, sp\u00e9cialis\u00e9e dans la fabrication de [&hellip;]","og_url":"https:\/\/batijournal.com\/index.php\/la-filiere-bois-au-palais-de-lelysee\/74740\/","og_site_name":"Batijournal","article_published_time":"2013-09-13T07:06:06+00:00","article_modified_time":"2019-07-15T09:34:44+00:00","og_image":[{"width":600,"height":400,"url":"https:\/\/batijournal.com\/wp-content\/uploads\/2015\/03\/71068451.jpg","type":"image\/jpeg"}],"author":"Bati-journal","twitter_card":"summary_large_image","twitter_creator":"@bati_journal","twitter_site":"@bati_journal","twitter_misc":{"\u00c9crit par":"Bati-journal","Dur\u00e9e de lecture estim\u00e9e":"5 minutes"},"schema":{"@context":"https:\/\/schema.org","@graph":[{"@type":"Article","@id":"https:\/\/batijournal.com\/index.php\/la-filiere-bois-au-palais-de-lelysee\/74740\/#article","isPartOf":{"@id":"https:\/\/batijournal.com\/index.php\/la-filiere-bois-au-palais-de-lelysee\/74740\/"},"author":{"name":"Bati-journal","@id":"https:\/\/batijournal.com\/#\/schema\/person\/6a657e8967569e1b299972574848aa76"},"headline":"La fili\u00e8re bois au Palais de l&rsquo;Elys\u00e9e","datePublished":"2013-09-13T07:06:06+00:00","dateModified":"2019-07-15T09:34:44+00:00","mainEntityOfPage":{"@id":"https:\/\/batijournal.com\/index.php\/la-filiere-bois-au-palais-de-lelysee\/74740\/"},"wordCount":1107,"commentCount":0,"image":{"@id":"https:\/\/batijournal.com\/index.php\/la-filiere-bois-au-palais-de-lelysee\/74740\/#primaryimage"},"thumbnailUrl":"https:\/\/batijournal.com\/wp-content\/uploads\/2015\/03\/71068451.jpg","keywords":["discours","fili\u00e8re bois"],"articleSection":["\u00c9conomie &amp; March\u00e9s"],"inLanguage":"fr-FR","potentialAction":[{"@type":"CommentAction","name":"Comment","target":["https:\/\/batijournal.com\/index.php\/la-filiere-bois-au-palais-de-lelysee\/74740\/#respond"]}]},{"@type":"WebPage","@id":"https:\/\/batijournal.com\/index.php\/la-filiere-bois-au-palais-de-lelysee\/74740\/","url":"https:\/\/batijournal.com\/index.php\/la-filiere-bois-au-palais-de-lelysee\/74740\/","name":"La fili\u00e8re bois au Palais de l'Elys\u00e9e","isPartOf":{"@id":"https:\/\/batijournal.com\/#website"},"primaryImageOfPage":{"@id":"https:\/\/batijournal.com\/index.php\/la-filiere-bois-au-palais-de-lelysee\/74740\/#primaryimage"},"image":{"@id":"https:\/\/batijournal.com\/index.php\/la-filiere-bois-au-palais-de-lelysee\/74740\/#primaryimage"},"thumbnailUrl":"https:\/\/batijournal.com\/wp-content\/uploads\/2015\/03\/71068451.jpg","datePublished":"2013-09-13T07:06:06+00:00","dateModified":"2019-07-15T09:34:44+00:00","author":{"@id":"https:\/\/batijournal.com\/#\/schema\/person\/6a657e8967569e1b299972574848aa76"},"breadcrumb":{"@id":"https:\/\/batijournal.com\/index.php\/la-filiere-bois-au-palais-de-lelysee\/74740\/#breadcrumb"},"inLanguage":"fr-FR","potentialAction":[{"@type":"ReadAction","target":["https:\/\/batijournal.com\/index.php\/la-filiere-bois-au-palais-de-lelysee\/74740\/"]}]},{"@type":"ImageObject","inLanguage":"fr-FR","@id":"https:\/\/batijournal.com\/index.php\/la-filiere-bois-au-palais-de-lelysee\/74740\/#primaryimage","url":"https:\/\/batijournal.com\/wp-content\/uploads\/2015\/03\/71068451.jpg","contentUrl":"https:\/\/batijournal.com\/wp-content\/uploads\/2015\/03\/71068451.jpg","width":600,"height":400},{"@type":"BreadcrumbList","@id":"https:\/\/batijournal.com\/index.php\/la-filiere-bois-au-palais-de-lelysee\/74740\/#breadcrumb","itemListElement":[{"@type":"ListItem","position":1,"name":"Accueil","item":"https:\/\/batijournal.com\/"},{"@type":"ListItem","position":2,"name":"Actualit\u00e9s","item":"https:\/\/batijournal.com\/index.php\/category\/actualites\/"},{"@type":"ListItem","position":3,"name":"\u00c9conomie &amp; March\u00e9s","item":"https:\/\/batijournal.com\/index.php\/category\/actualites\/economie-marches\/"},{"@type":"ListItem","position":4,"name":"La fili\u00e8re bois au Palais de l&rsquo;Elys\u00e9e"}]},{"@type":"WebSite","@id":"https:\/\/batijournal.com\/#website","url":"https:\/\/batijournal.com\/","name":"Batijournal","description":"L&#039;actualit\u00e9 du b\u00e2timent","potentialAction":[{"@type":"SearchAction","target":{"@type":"EntryPoint","urlTemplate":"https:\/\/batijournal.com\/?s={search_term_string}"},"query-input":{"@type":"PropertyValueSpecification","valueRequired":true,"valueName":"search_term_string"}}],"inLanguage":"fr-FR"},{"@type":"Person","@id":"https:\/\/batijournal.com\/#\/schema\/person\/6a657e8967569e1b299972574848aa76","name":"Bati-journal","image":{"@type":"ImageObject","inLanguage":"fr-FR","@id":"https:\/\/secure.gravatar.com\/avatar\/a64364ea26392f9b4dd47e017ddaec74ff03aefc073b49e492e847201258f777?s=96&d=mm&r=g","url":"https:\/\/secure.gravatar.com\/avatar\/a64364ea26392f9b4dd47e017ddaec74ff03aefc073b49e492e847201258f777?s=96&d=mm&r=g","contentUrl":"https:\/\/secure.gravatar.com\/avatar\/a64364ea26392f9b4dd47e017ddaec74ff03aefc073b49e492e847201258f777?s=96&d=mm&r=g","caption":"Bati-journal"},"url":"https:\/\/batijournal.com\/index.php\/author\/elodie\/"}]}},"_links":{"self":[{"href":"https:\/\/batijournal.com\/index.php\/wp-json\/wp\/v2\/posts\/74740","targetHints":{"allow":["GET"]}}],"collection":[{"href":"https:\/\/batijournal.com\/index.php\/wp-json\/wp\/v2\/posts"}],"about":[{"href":"https:\/\/batijournal.com\/index.php\/wp-json\/wp\/v2\/types\/post"}],"author":[{"embeddable":true,"href":"https:\/\/batijournal.com\/index.php\/wp-json\/wp\/v2\/users\/1"}],"replies":[{"embeddable":true,"href":"https:\/\/batijournal.com\/index.php\/wp-json\/wp\/v2\/comments?post=74740"}],"version-history":[{"count":0,"href":"https:\/\/batijournal.com\/index.php\/wp-json\/wp\/v2\/posts\/74740\/revisions"}],"wp:featuredmedia":[{"embeddable":true,"href":"https:\/\/batijournal.com\/index.php\/wp-json\/wp\/v2\/media\/74741"}],"wp:attachment":[{"href":"https:\/\/batijournal.com\/index.php\/wp-json\/wp\/v2\/media?parent=74740"}],"wp:term":[{"taxonomy":"category","embeddable":true,"href":"https:\/\/batijournal.com\/index.php\/wp-json\/wp\/v2\/categories?post=74740"},{"taxonomy":"post_tag","embeddable":true,"href":"https:\/\/batijournal.com\/index.php\/wp-json\/wp\/v2\/tags?post=74740"}],"curies":[{"name":"wp","href":"https:\/\/api.w.org\/{rel}","templated":true}]}}