{"id":74742,"date":"2013-09-16T00:00:00","date_gmt":"2013-09-15T22:00:00","guid":{"rendered":"http:\/\/b.bati-journal.com\/les-artisans-ont-repondu-presents-a-lappel-de-la-capeb\/74742"},"modified":"2019-07-15T11:34:44","modified_gmt":"2019-07-15T09:34:44","slug":"les-artisans-ont-repondu-presents-a-lappel-de-la-capeb","status":"publish","type":"post","link":"https:\/\/batijournal.com\/index.php\/les-artisans-ont-repondu-presents-a-lappel-de-la-capeb\/74742\/","title":{"rendered":"Les artisans ont r\u00e9pondu pr\u00e9sents \u00e0 l&rsquo;appel de la Capeb"},"content":{"rendered":"<p>Le 13 septembre, plus de 20 000 artisans \u00e9taient dans la rue, dans de nombreuses villes de France, \u00e0 l&rsquo;appel de la Capeb. Ils \u00e9taient l\u00e0 pour dire leurs craintes face \u00e0 l&rsquo;augmentation de la TVA, la conjoncture qui se d\u00e9grade et le d\u00e9veloppement de la concurrence d\u00e9loyale. Parmi leurs revendications : une TVA r\u00e9duite \u00e0 5% pour l&rsquo;ensemble des travaux de r\u00e9novation, la r\u00e9ouverture du PTZ+ \u00e0 l&rsquo;ancien sous condition de travaux de performance \u00e9nerg\u00e9tique r\u00e9alis\u00e9s dans les 2 ans suivant l&rsquo;acquisition, un \u00ab Pr\u00eat Energie pour la R\u00e9novation des Logements \u00bb (PERL), une intervention de la BPI adapt\u00e9e aux TPE, notamment aux entreprises de moins de 20 salari\u00e9s en mati\u00e8re de pr\u00e9financement du Cr\u00e9dit d&rsquo;Imp\u00f4t Comp\u00e9titivit\u00e9 Emploi et de la garantie d&rsquo;Os\u00e9o &#8211; BPI faite aux banques lorsqu&rsquo;elles accordent un pr\u00e9financement du CICE. Il ont \u00e9galement rappel\u00e9 leur hostilit\u00e9 au r\u00e9gime des auto-entrepreneurs dont ils estiment la concurrence d\u00e9loyale.<\/p>\n","protected":false},"excerpt":{"rendered":"<p>Le 13 septembre, plus de 20 000 artisans \u00e9taient dans la rue, dans de nombreuses villes de France, \u00e0 l&rsquo;appel de la Capeb. Ils \u00e9taient l\u00e0 pour dire leurs craintes face \u00e0 l&rsquo;augmentation de la TVA, la conjoncture qui se d\u00e9grade et le d\u00e9veloppement de la concurrence d\u00e9loyale. Parmi leurs revendications : une TVA r\u00e9duite [&hellip;]<\/p>\n","protected":false},"author":1,"featured_media":74743,"comment_status":"open","ping_status":"closed","sticky":false,"template":"","format":"standard","meta":{"_et_pb_use_builder":"","_et_pb_old_content":"","_et_gb_content_width":"","footnotes":""},"categories":[6345],"tags":[647],"class_list":["post-74742","post","type-post","status-publish","format-standard","has-post-thumbnail","hentry","category-economie-marches","tag-capeb"],"yoast_head":"<!-- This site is optimized with the Yoast SEO plugin v27.4 - https:\/\/yoast.com\/product\/yoast-seo-wordpress\/ -->\n<title>Les artisans ont r\u00e9pondu pr\u00e9sents \u00e0 l&#039;appel de la Capeb<\/title>\n<meta name=\"robots\" content=\"index, follow, max-snippet:-1, max-image-preview:large, max-video-preview:-1\" \/>\n<link rel=\"canonical\" href=\"https:\/\/batijournal.com\/index.php\/les-artisans-ont-repondu-presents-a-lappel-de-la-capeb\/74742\/\" \/>\n<meta property=\"og:locale\" content=\"fr_FR\" \/>\n<meta property=\"og:type\" content=\"article\" \/>\n<meta property=\"og:title\" content=\"Les artisans ont r\u00e9pondu pr\u00e9sents \u00e0 l&#039;appel de la Capeb\" \/>\n<meta property=\"og:description\" content=\"Le 13 septembre, plus de 20 000 artisans \u00e9taient dans la rue, dans de nombreuses villes de France, \u00e0 l&rsquo;appel de la Capeb. Ils \u00e9taient l\u00e0 pour dire leurs craintes face \u00e0 l&rsquo;augmentation de la TVA, la conjoncture qui se d\u00e9grade et le d\u00e9veloppement de la concurrence d\u00e9loyale. Parmi leurs revendications : une TVA r\u00e9duite [&hellip;]\" \/>\n<meta property=\"og:url\" content=\"https:\/\/batijournal.com\/index.php\/les-artisans-ont-repondu-presents-a-lappel-de-la-capeb\/74742\/\" \/>\n<meta property=\"og:site_name\" content=\"Batijournal\" \/>\n<meta property=\"article:published_time\" content=\"2013-09-15T22:00:00+00:00\" \/>\n<meta property=\"article:modified_time\" content=\"2019-07-15T09:34:44+00:00\" \/>\n<meta property=\"og:image\" content=\"https:\/\/batijournal.com\/wp-content\/uploads\/2015\/03\/71299005.jpg\" \/>\n\t<meta property=\"og:image:width\" content=\"600\" \/>\n\t<meta property=\"og:image:height\" content=\"450\" \/>\n\t<meta property=\"og:image:type\" content=\"image\/jpeg\" \/>\n<meta name=\"author\" content=\"Bati-journal\" \/>\n<meta name=\"twitter:card\" content=\"summary_large_image\" \/>\n<meta name=\"twitter:creator\" content=\"@bati_journal\" \/>\n<meta name=\"twitter:site\" content=\"@bati_journal\" \/>\n<meta name=\"twitter:label1\" content=\"\u00c9crit par\" \/>\n\t<meta name=\"twitter:data1\" content=\"Bati-journal\" \/>\n\t<meta name=\"twitter:label2\" content=\"Dur\u00e9e de lecture estim\u00e9e\" \/>\n\t<meta name=\"twitter:data2\" content=\"1 minute\" \/>\n<script type=\"application\/ld+json\" class=\"yoast-schema-graph\">{\"@context\":\"https:\\\/\\\/schema.org\",\"@graph\":[{\"@type\":\"Article\",\"@id\":\"https:\\\/\\\/batijournal.com\\\/index.php\\\/les-artisans-ont-repondu-presents-a-lappel-de-la-capeb\\\/74742\\\/#article\",\"isPartOf\":{\"@id\":\"https:\\\/\\\/batijournal.com\\\/index.php\\\/les-artisans-ont-repondu-presents-a-lappel-de-la-capeb\\\/74742\\\/\"},\"author\":{\"name\":\"Bati-journal\",\"@id\":\"https:\\\/\\\/batijournal.com\\\/#\\\/schema\\\/person\\\/6a657e8967569e1b299972574848aa76\"},\"headline\":\"Les artisans ont r\u00e9pondu pr\u00e9sents \u00e0 l&rsquo;appel de la Capeb\",\"datePublished\":\"2013-09-15T22:00:00+00:00\",\"dateModified\":\"2019-07-15T09:34:44+00:00\",\"mainEntityOfPage\":{\"@id\":\"https:\\\/\\\/batijournal.com\\\/index.php\\\/les-artisans-ont-repondu-presents-a-lappel-de-la-capeb\\\/74742\\\/\"},\"wordCount\":180,\"commentCount\":0,\"image\":{\"@id\":\"https:\\\/\\\/batijournal.com\\\/index.php\\\/les-artisans-ont-repondu-presents-a-lappel-de-la-capeb\\\/74742\\\/#primaryimage\"},\"thumbnailUrl\":\"https:\\\/\\\/batijournal.com\\\/wp-content\\\/uploads\\\/2015\\\/03\\\/71299005.jpg\",\"keywords\":[\"CAPEB\"],\"articleSection\":[\"\u00c9conomie &amp; March\u00e9s\"],\"inLanguage\":\"fr-FR\",\"potentialAction\":[{\"@type\":\"CommentAction\",\"name\":\"Comment\",\"target\":[\"https:\\\/\\\/batijournal.com\\\/index.php\\\/les-artisans-ont-repondu-presents-a-lappel-de-la-capeb\\\/74742\\\/#respond\"]}]},{\"@type\":\"WebPage\",\"@id\":\"https:\\\/\\\/batijournal.com\\\/index.php\\\/les-artisans-ont-repondu-presents-a-lappel-de-la-capeb\\\/74742\\\/\",\"url\":\"https:\\\/\\\/batijournal.com\\\/index.php\\\/les-artisans-ont-repondu-presents-a-lappel-de-la-capeb\\\/74742\\\/\",\"name\":\"Les artisans ont r\u00e9pondu pr\u00e9sents \u00e0 l'appel de la Capeb\",\"isPartOf\":{\"@id\":\"https:\\\/\\\/batijournal.com\\\/#website\"},\"primaryImageOfPage\":{\"@id\":\"https:\\\/\\\/batijournal.com\\\/index.php\\\/les-artisans-ont-repondu-presents-a-lappel-de-la-capeb\\\/74742\\\/#primaryimage\"},\"image\":{\"@id\":\"https:\\\/\\\/batijournal.com\\\/index.php\\\/les-artisans-ont-repondu-presents-a-lappel-de-la-capeb\\\/74742\\\/#primaryimage\"},\"thumbnailUrl\":\"https:\\\/\\\/batijournal.com\\\/wp-content\\\/uploads\\\/2015\\\/03\\\/71299005.jpg\",\"datePublished\":\"2013-09-15T22:00:00+00:00\",\"dateModified\":\"2019-07-15T09:34:44+00:00\",\"author\":{\"@id\":\"https:\\\/\\\/batijournal.com\\\/#\\\/schema\\\/person\\\/6a657e8967569e1b299972574848aa76\"},\"breadcrumb\":{\"@id\":\"https:\\\/\\\/batijournal.com\\\/index.php\\\/les-artisans-ont-repondu-presents-a-lappel-de-la-capeb\\\/74742\\\/#breadcrumb\"},\"inLanguage\":\"fr-FR\",\"potentialAction\":[{\"@type\":\"ReadAction\",\"target\":[\"https:\\\/\\\/batijournal.com\\\/index.php\\\/les-artisans-ont-repondu-presents-a-lappel-de-la-capeb\\\/74742\\\/\"]}]},{\"@type\":\"ImageObject\",\"inLanguage\":\"fr-FR\",\"@id\":\"https:\\\/\\\/batijournal.com\\\/index.php\\\/les-artisans-ont-repondu-presents-a-lappel-de-la-capeb\\\/74742\\\/#primaryimage\",\"url\":\"https:\\\/\\\/batijournal.com\\\/wp-content\\\/uploads\\\/2015\\\/03\\\/71299005.jpg\",\"contentUrl\":\"https:\\\/\\\/batijournal.com\\\/wp-content\\\/uploads\\\/2015\\\/03\\\/71299005.jpg\",\"width\":600,\"height\":450},{\"@type\":\"BreadcrumbList\",\"@id\":\"https:\\\/\\\/batijournal.com\\\/index.php\\\/les-artisans-ont-repondu-presents-a-lappel-de-la-capeb\\\/74742\\\/#breadcrumb\",\"itemListElement\":[{\"@type\":\"ListItem\",\"position\":1,\"name\":\"Accueil\",\"item\":\"https:\\\/\\\/batijournal.com\\\/\"},{\"@type\":\"ListItem\",\"position\":2,\"name\":\"Actualit\u00e9s\",\"item\":\"https:\\\/\\\/batijournal.com\\\/index.php\\\/category\\\/actualites\\\/\"},{\"@type\":\"ListItem\",\"position\":3,\"name\":\"\u00c9conomie &amp; March\u00e9s\",\"item\":\"https:\\\/\\\/batijournal.com\\\/index.php\\\/category\\\/actualites\\\/economie-marches\\\/\"},{\"@type\":\"ListItem\",\"position\":4,\"name\":\"Les artisans ont r\u00e9pondu pr\u00e9sents \u00e0 l&rsquo;appel de la Capeb\"}]},{\"@type\":\"WebSite\",\"@id\":\"https:\\\/\\\/batijournal.com\\\/#website\",\"url\":\"https:\\\/\\\/batijournal.com\\\/\",\"name\":\"Batijournal\",\"description\":\"L&#039;actualit\u00e9 du b\u00e2timent\",\"potentialAction\":[{\"@type\":\"SearchAction\",\"target\":{\"@type\":\"EntryPoint\",\"urlTemplate\":\"https:\\\/\\\/batijournal.com\\\/?s={search_term_string}\"},\"query-input\":{\"@type\":\"PropertyValueSpecification\",\"valueRequired\":true,\"valueName\":\"search_term_string\"}}],\"inLanguage\":\"fr-FR\"},{\"@type\":\"Person\",\"@id\":\"https:\\\/\\\/batijournal.com\\\/#\\\/schema\\\/person\\\/6a657e8967569e1b299972574848aa76\",\"name\":\"Bati-journal\",\"image\":{\"@type\":\"ImageObject\",\"inLanguage\":\"fr-FR\",\"@id\":\"https:\\\/\\\/secure.gravatar.com\\\/avatar\\\/a64364ea26392f9b4dd47e017ddaec74ff03aefc073b49e492e847201258f777?s=96&d=mm&r=g\",\"url\":\"https:\\\/\\\/secure.gravatar.com\\\/avatar\\\/a64364ea26392f9b4dd47e017ddaec74ff03aefc073b49e492e847201258f777?s=96&d=mm&r=g\",\"contentUrl\":\"https:\\\/\\\/secure.gravatar.com\\\/avatar\\\/a64364ea26392f9b4dd47e017ddaec74ff03aefc073b49e492e847201258f777?s=96&d=mm&r=g\",\"caption\":\"Bati-journal\"},\"url\":\"https:\\\/\\\/batijournal.com\\\/index.php\\\/author\\\/elodie\\\/\"}]}<\/script>\n<!-- \/ Yoast SEO plugin. -->","yoast_head_json":{"title":"Les artisans ont r\u00e9pondu pr\u00e9sents \u00e0 l'appel de la Capeb","robots":{"index":"index","follow":"follow","max-snippet":"max-snippet:-1","max-image-preview":"max-image-preview:large","max-video-preview":"max-video-preview:-1"},"canonical":"https:\/\/batijournal.com\/index.php\/les-artisans-ont-repondu-presents-a-lappel-de-la-capeb\/74742\/","og_locale":"fr_FR","og_type":"article","og_title":"Les artisans ont r\u00e9pondu pr\u00e9sents \u00e0 l'appel de la Capeb","og_description":"Le 13 septembre, plus de 20 000 artisans \u00e9taient dans la rue, dans de nombreuses villes de France, \u00e0 l&rsquo;appel de la Capeb. Ils \u00e9taient l\u00e0 pour dire leurs craintes face \u00e0 l&rsquo;augmentation de la TVA, la conjoncture qui se d\u00e9grade et le d\u00e9veloppement de la concurrence d\u00e9loyale. Parmi leurs revendications : une TVA r\u00e9duite [&hellip;]","og_url":"https:\/\/batijournal.com\/index.php\/les-artisans-ont-repondu-presents-a-lappel-de-la-capeb\/74742\/","og_site_name":"Batijournal","article_published_time":"2013-09-15T22:00:00+00:00","article_modified_time":"2019-07-15T09:34:44+00:00","og_image":[{"width":600,"height":450,"url":"https:\/\/batijournal.com\/wp-content\/uploads\/2015\/03\/71299005.jpg","type":"image\/jpeg"}],"author":"Bati-journal","twitter_card":"summary_large_image","twitter_creator":"@bati_journal","twitter_site":"@bati_journal","twitter_misc":{"\u00c9crit par":"Bati-journal","Dur\u00e9e de lecture estim\u00e9e":"1 minute"},"schema":{"@context":"https:\/\/schema.org","@graph":[{"@type":"Article","@id":"https:\/\/batijournal.com\/index.php\/les-artisans-ont-repondu-presents-a-lappel-de-la-capeb\/74742\/#article","isPartOf":{"@id":"https:\/\/batijournal.com\/index.php\/les-artisans-ont-repondu-presents-a-lappel-de-la-capeb\/74742\/"},"author":{"name":"Bati-journal","@id":"https:\/\/batijournal.com\/#\/schema\/person\/6a657e8967569e1b299972574848aa76"},"headline":"Les artisans ont r\u00e9pondu pr\u00e9sents \u00e0 l&rsquo;appel de la Capeb","datePublished":"2013-09-15T22:00:00+00:00","dateModified":"2019-07-15T09:34:44+00:00","mainEntityOfPage":{"@id":"https:\/\/batijournal.com\/index.php\/les-artisans-ont-repondu-presents-a-lappel-de-la-capeb\/74742\/"},"wordCount":180,"commentCount":0,"image":{"@id":"https:\/\/batijournal.com\/index.php\/les-artisans-ont-repondu-presents-a-lappel-de-la-capeb\/74742\/#primaryimage"},"thumbnailUrl":"https:\/\/batijournal.com\/wp-content\/uploads\/2015\/03\/71299005.jpg","keywords":["CAPEB"],"articleSection":["\u00c9conomie &amp; March\u00e9s"],"inLanguage":"fr-FR","potentialAction":[{"@type":"CommentAction","name":"Comment","target":["https:\/\/batijournal.com\/index.php\/les-artisans-ont-repondu-presents-a-lappel-de-la-capeb\/74742\/#respond"]}]},{"@type":"WebPage","@id":"https:\/\/batijournal.com\/index.php\/les-artisans-ont-repondu-presents-a-lappel-de-la-capeb\/74742\/","url":"https:\/\/batijournal.com\/index.php\/les-artisans-ont-repondu-presents-a-lappel-de-la-capeb\/74742\/","name":"Les artisans ont r\u00e9pondu pr\u00e9sents \u00e0 l'appel de la Capeb","isPartOf":{"@id":"https:\/\/batijournal.com\/#website"},"primaryImageOfPage":{"@id":"https:\/\/batijournal.com\/index.php\/les-artisans-ont-repondu-presents-a-lappel-de-la-capeb\/74742\/#primaryimage"},"image":{"@id":"https:\/\/batijournal.com\/index.php\/les-artisans-ont-repondu-presents-a-lappel-de-la-capeb\/74742\/#primaryimage"},"thumbnailUrl":"https:\/\/batijournal.com\/wp-content\/uploads\/2015\/03\/71299005.jpg","datePublished":"2013-09-15T22:00:00+00:00","dateModified":"2019-07-15T09:34:44+00:00","author":{"@id":"https:\/\/batijournal.com\/#\/schema\/person\/6a657e8967569e1b299972574848aa76"},"breadcrumb":{"@id":"https:\/\/batijournal.com\/index.php\/les-artisans-ont-repondu-presents-a-lappel-de-la-capeb\/74742\/#breadcrumb"},"inLanguage":"fr-FR","potentialAction":[{"@type":"ReadAction","target":["https:\/\/batijournal.com\/index.php\/les-artisans-ont-repondu-presents-a-lappel-de-la-capeb\/74742\/"]}]},{"@type":"ImageObject","inLanguage":"fr-FR","@id":"https:\/\/batijournal.com\/index.php\/les-artisans-ont-repondu-presents-a-lappel-de-la-capeb\/74742\/#primaryimage","url":"https:\/\/batijournal.com\/wp-content\/uploads\/2015\/03\/71299005.jpg","contentUrl":"https:\/\/batijournal.com\/wp-content\/uploads\/2015\/03\/71299005.jpg","width":600,"height":450},{"@type":"BreadcrumbList","@id":"https:\/\/batijournal.com\/index.php\/les-artisans-ont-repondu-presents-a-lappel-de-la-capeb\/74742\/#breadcrumb","itemListElement":[{"@type":"ListItem","position":1,"name":"Accueil","item":"https:\/\/batijournal.com\/"},{"@type":"ListItem","position":2,"name":"Actualit\u00e9s","item":"https:\/\/batijournal.com\/index.php\/category\/actualites\/"},{"@type":"ListItem","position":3,"name":"\u00c9conomie &amp; March\u00e9s","item":"https:\/\/batijournal.com\/index.php\/category\/actualites\/economie-marches\/"},{"@type":"ListItem","position":4,"name":"Les artisans ont r\u00e9pondu pr\u00e9sents \u00e0 l&rsquo;appel de la Capeb"}]},{"@type":"WebSite","@id":"https:\/\/batijournal.com\/#website","url":"https:\/\/batijournal.com\/","name":"Batijournal","description":"L&#039;actualit\u00e9 du b\u00e2timent","potentialAction":[{"@type":"SearchAction","target":{"@type":"EntryPoint","urlTemplate":"https:\/\/batijournal.com\/?s={search_term_string}"},"query-input":{"@type":"PropertyValueSpecification","valueRequired":true,"valueName":"search_term_string"}}],"inLanguage":"fr-FR"},{"@type":"Person","@id":"https:\/\/batijournal.com\/#\/schema\/person\/6a657e8967569e1b299972574848aa76","name":"Bati-journal","image":{"@type":"ImageObject","inLanguage":"fr-FR","@id":"https:\/\/secure.gravatar.com\/avatar\/a64364ea26392f9b4dd47e017ddaec74ff03aefc073b49e492e847201258f777?s=96&d=mm&r=g","url":"https:\/\/secure.gravatar.com\/avatar\/a64364ea26392f9b4dd47e017ddaec74ff03aefc073b49e492e847201258f777?s=96&d=mm&r=g","contentUrl":"https:\/\/secure.gravatar.com\/avatar\/a64364ea26392f9b4dd47e017ddaec74ff03aefc073b49e492e847201258f777?s=96&d=mm&r=g","caption":"Bati-journal"},"url":"https:\/\/batijournal.com\/index.php\/author\/elodie\/"}]}},"_links":{"self":[{"href":"https:\/\/batijournal.com\/index.php\/wp-json\/wp\/v2\/posts\/74742","targetHints":{"allow":["GET"]}}],"collection":[{"href":"https:\/\/batijournal.com\/index.php\/wp-json\/wp\/v2\/posts"}],"about":[{"href":"https:\/\/batijournal.com\/index.php\/wp-json\/wp\/v2\/types\/post"}],"author":[{"embeddable":true,"href":"https:\/\/batijournal.com\/index.php\/wp-json\/wp\/v2\/users\/1"}],"replies":[{"embeddable":true,"href":"https:\/\/batijournal.com\/index.php\/wp-json\/wp\/v2\/comments?post=74742"}],"version-history":[{"count":0,"href":"https:\/\/batijournal.com\/index.php\/wp-json\/wp\/v2\/posts\/74742\/revisions"}],"wp:featuredmedia":[{"embeddable":true,"href":"https:\/\/batijournal.com\/index.php\/wp-json\/wp\/v2\/media\/74743"}],"wp:attachment":[{"href":"https:\/\/batijournal.com\/index.php\/wp-json\/wp\/v2\/media?parent=74742"}],"wp:term":[{"taxonomy":"category","embeddable":true,"href":"https:\/\/batijournal.com\/index.php\/wp-json\/wp\/v2\/categories?post=74742"},{"taxonomy":"post_tag","embeddable":true,"href":"https:\/\/batijournal.com\/index.php\/wp-json\/wp\/v2\/tags?post=74742"}],"curies":[{"name":"wp","href":"https:\/\/api.w.org\/{rel}","templated":true}]}}