{"id":74798,"date":"2013-12-10T00:00:00","date_gmt":"2013-12-09T23:00:00","guid":{"rendered":"http:\/\/b.bati-journal.com\/la-ffb-salue-laccord-obtenu-par-les-ministres-europeens-sur-les-travailleurs-detaches\/74798"},"modified":"2019-07-15T11:34:39","modified_gmt":"2019-07-15T09:34:39","slug":"la-ffb-salue-laccord-obtenu-par-les-ministres-europeens-sur-les-travailleurs-detaches","status":"publish","type":"post","link":"https:\/\/batijournal.com\/index.php\/la-ffb-salue-laccord-obtenu-par-les-ministres-europeens-sur-les-travailleurs-detaches\/74798\/","title":{"rendered":"La FFB salue l&rsquo;accord obtenu par les ministres europ\u00e9ens sur les travailleurs d\u00e9tach\u00e9s"},"content":{"rendered":"<div>La FFB se r\u00e9jouit de la prise de conscience du Gouvernement fran\u00e7ais de l&rsquo;importance du ph\u00e9nom\u00e8ne condamnable de la concurrence d\u00e9loyale de certaines entreprises \u00e9trang\u00e8res. Apr\u00e8s son adoption par le Parlement europ\u00e9en, cet accord devrait en effet donner un coup de frein \u00e0 la fraude au d\u00e9tachement en permettant \u00e0 la France de fixer la liste des mesures exigibles concernant les salari\u00e9s d\u00e9tach\u00e9s.<\/div>\n<div><\/div>\n<div>Ces mesures permettront de mieux lutter contre la concurrence d\u00e9loyale \u00a0et ainsi de r\u00e9pondre aux demandes concr\u00e8tes formul\u00e9es par la FFB aupr\u00e8s de Michel Sapin, ministre du Travail et l&rsquo;Emploi, de la Formation professionnelle et du Dialogue Social. N\u00e9anmoins, la FFB restera attentive aux contours exacts du dispositif pr\u00e9vu concernant la responsabilit\u00e9 des donneurs d&rsquo;ordres vis-\u00e0-vis de leurs sous-traitants.<\/div>\n<div><\/div>\n<div>La FFB plaide, par ailleurs, pour l&rsquo;adoption de mesures nationales plus coercitives, notamment la responsabilisation accrue des donneurs d&rsquo;ordres qui auraient recours \u00e0 des offres anormalement basses. Les d\u00e9put\u00e9s Gilles SAVARY et Chantal GUITTET ont annonc\u00e9 le d\u00e9p\u00f4t prochain d&rsquo;une proposition de loi visant \u00e0 lutter contre le dumping social et la concurrence d\u00e9loyale, initiative que la FFB suit avec une tr\u00e8s grande attention.<\/div>\n<div><\/div>\n<div>Didier Ridoret, pr\u00e9sident de la FFB, rappelle :\u00a0<i>\u00ab Cet accord n&#8217;emp\u00eachera pas, bien \u00e9videmment, le d\u00e9tachement de salari\u00e9s de continuer, mais \u00e7a devrait donner un coup d&rsquo;arr\u00eat important \u00e0 ce fl\u00e9au alors que le secteur va conna\u00eetre en 2014 une baisse d&rsquo;activit\u00e9 de -0,4% et une perte de 7.000 emplois ! \u00bb.<\/i><\/div>\n","protected":false},"excerpt":{"rendered":"<p>La FFB se r\u00e9jouit de la prise de conscience du Gouvernement fran\u00e7ais de l&rsquo;importance du ph\u00e9nom\u00e8ne condamnable de la concurrence d\u00e9loyale de certaines entreprises \u00e9trang\u00e8res. Apr\u00e8s son adoption par le Parlement europ\u00e9en, cet accord devrait en effet donner un coup de frein \u00e0 la fraude au d\u00e9tachement en permettant \u00e0 la France de fixer la [&hellip;]<\/p>\n","protected":false},"author":1,"featured_media":0,"comment_status":"open","ping_status":"closed","sticky":false,"template":"","format":"standard","meta":{"_et_pb_use_builder":"","_et_pb_old_content":"","_et_gb_content_width":"","footnotes":""},"categories":[6345],"tags":[373,6029],"class_list":["post-74798","post","type-post","status-publish","format-standard","hentry","category-economie-marches","tag-ffb","tag-travailleurs-detaches"],"yoast_head":"<!-- This site is optimized with the Yoast SEO plugin v27.4 - https:\/\/yoast.com\/product\/yoast-seo-wordpress\/ -->\n<title>La FFB salue l&#039;accord obtenu par les ministres europ\u00e9ens sur les travailleurs d\u00e9tach\u00e9s<\/title>\n<meta name=\"robots\" content=\"index, follow, max-snippet:-1, max-image-preview:large, max-video-preview:-1\" \/>\n<link rel=\"canonical\" href=\"https:\/\/batijournal.com\/index.php\/la-ffb-salue-laccord-obtenu-par-les-ministres-europeens-sur-les-travailleurs-detaches\/74798\/\" \/>\n<meta property=\"og:locale\" content=\"fr_FR\" \/>\n<meta property=\"og:type\" content=\"article\" \/>\n<meta property=\"og:title\" content=\"La FFB salue l&#039;accord obtenu par les ministres europ\u00e9ens sur les travailleurs d\u00e9tach\u00e9s\" \/>\n<meta property=\"og:description\" content=\"La FFB se r\u00e9jouit de la prise de conscience du Gouvernement fran\u00e7ais de l&rsquo;importance du ph\u00e9nom\u00e8ne condamnable de la concurrence d\u00e9loyale de certaines entreprises \u00e9trang\u00e8res. Apr\u00e8s son adoption par le Parlement europ\u00e9en, cet accord devrait en effet donner un coup de frein \u00e0 la fraude au d\u00e9tachement en permettant \u00e0 la France de fixer la [&hellip;]\" \/>\n<meta property=\"og:url\" content=\"https:\/\/batijournal.com\/index.php\/la-ffb-salue-laccord-obtenu-par-les-ministres-europeens-sur-les-travailleurs-detaches\/74798\/\" \/>\n<meta property=\"og:site_name\" content=\"Batijournal\" \/>\n<meta property=\"article:published_time\" content=\"2013-12-09T23:00:00+00:00\" \/>\n<meta property=\"article:modified_time\" content=\"2019-07-15T09:34:39+00:00\" \/>\n<meta name=\"author\" content=\"Bati-journal\" \/>\n<meta name=\"twitter:card\" content=\"summary_large_image\" \/>\n<meta name=\"twitter:creator\" content=\"@bati_journal\" \/>\n<meta name=\"twitter:site\" content=\"@bati_journal\" \/>\n<meta name=\"twitter:label1\" content=\"\u00c9crit par\" \/>\n\t<meta name=\"twitter:data1\" content=\"Bati-journal\" \/>\n\t<meta name=\"twitter:label2\" content=\"Dur\u00e9e de lecture estim\u00e9e\" \/>\n\t<meta name=\"twitter:data2\" content=\"1 minute\" \/>\n<script type=\"application\/ld+json\" class=\"yoast-schema-graph\">{\"@context\":\"https:\\\/\\\/schema.org\",\"@graph\":[{\"@type\":\"Article\",\"@id\":\"https:\\\/\\\/batijournal.com\\\/index.php\\\/la-ffb-salue-laccord-obtenu-par-les-ministres-europeens-sur-les-travailleurs-detaches\\\/74798\\\/#article\",\"isPartOf\":{\"@id\":\"https:\\\/\\\/batijournal.com\\\/index.php\\\/la-ffb-salue-laccord-obtenu-par-les-ministres-europeens-sur-les-travailleurs-detaches\\\/74798\\\/\"},\"author\":{\"name\":\"Bati-journal\",\"@id\":\"https:\\\/\\\/batijournal.com\\\/#\\\/schema\\\/person\\\/6a657e8967569e1b299972574848aa76\"},\"headline\":\"La FFB salue l&rsquo;accord obtenu par les ministres europ\u00e9ens sur les travailleurs d\u00e9tach\u00e9s\",\"datePublished\":\"2013-12-09T23:00:00+00:00\",\"dateModified\":\"2019-07-15T09:34:39+00:00\",\"mainEntityOfPage\":{\"@id\":\"https:\\\/\\\/batijournal.com\\\/index.php\\\/la-ffb-salue-laccord-obtenu-par-les-ministres-europeens-sur-les-travailleurs-detaches\\\/74798\\\/\"},\"wordCount\":287,\"commentCount\":0,\"keywords\":[\"ffb\",\"travailleurs d\u00e9tach\u00e9s\"],\"articleSection\":[\"\u00c9conomie &amp; March\u00e9s\"],\"inLanguage\":\"fr-FR\",\"potentialAction\":[{\"@type\":\"CommentAction\",\"name\":\"Comment\",\"target\":[\"https:\\\/\\\/batijournal.com\\\/index.php\\\/la-ffb-salue-laccord-obtenu-par-les-ministres-europeens-sur-les-travailleurs-detaches\\\/74798\\\/#respond\"]}]},{\"@type\":\"WebPage\",\"@id\":\"https:\\\/\\\/batijournal.com\\\/index.php\\\/la-ffb-salue-laccord-obtenu-par-les-ministres-europeens-sur-les-travailleurs-detaches\\\/74798\\\/\",\"url\":\"https:\\\/\\\/batijournal.com\\\/index.php\\\/la-ffb-salue-laccord-obtenu-par-les-ministres-europeens-sur-les-travailleurs-detaches\\\/74798\\\/\",\"name\":\"La FFB salue l'accord obtenu par les ministres europ\u00e9ens sur les travailleurs d\u00e9tach\u00e9s\",\"isPartOf\":{\"@id\":\"https:\\\/\\\/batijournal.com\\\/#website\"},\"datePublished\":\"2013-12-09T23:00:00+00:00\",\"dateModified\":\"2019-07-15T09:34:39+00:00\",\"author\":{\"@id\":\"https:\\\/\\\/batijournal.com\\\/#\\\/schema\\\/person\\\/6a657e8967569e1b299972574848aa76\"},\"breadcrumb\":{\"@id\":\"https:\\\/\\\/batijournal.com\\\/index.php\\\/la-ffb-salue-laccord-obtenu-par-les-ministres-europeens-sur-les-travailleurs-detaches\\\/74798\\\/#breadcrumb\"},\"inLanguage\":\"fr-FR\",\"potentialAction\":[{\"@type\":\"ReadAction\",\"target\":[\"https:\\\/\\\/batijournal.com\\\/index.php\\\/la-ffb-salue-laccord-obtenu-par-les-ministres-europeens-sur-les-travailleurs-detaches\\\/74798\\\/\"]}]},{\"@type\":\"BreadcrumbList\",\"@id\":\"https:\\\/\\\/batijournal.com\\\/index.php\\\/la-ffb-salue-laccord-obtenu-par-les-ministres-europeens-sur-les-travailleurs-detaches\\\/74798\\\/#breadcrumb\",\"itemListElement\":[{\"@type\":\"ListItem\",\"position\":1,\"name\":\"Accueil\",\"item\":\"https:\\\/\\\/batijournal.com\\\/\"},{\"@type\":\"ListItem\",\"position\":2,\"name\":\"Actualit\u00e9s\",\"item\":\"https:\\\/\\\/batijournal.com\\\/index.php\\\/category\\\/actualites\\\/\"},{\"@type\":\"ListItem\",\"position\":3,\"name\":\"\u00c9conomie &amp; March\u00e9s\",\"item\":\"https:\\\/\\\/batijournal.com\\\/index.php\\\/category\\\/actualites\\\/economie-marches\\\/\"},{\"@type\":\"ListItem\",\"position\":4,\"name\":\"La FFB salue l&rsquo;accord obtenu par les ministres europ\u00e9ens sur les travailleurs d\u00e9tach\u00e9s\"}]},{\"@type\":\"WebSite\",\"@id\":\"https:\\\/\\\/batijournal.com\\\/#website\",\"url\":\"https:\\\/\\\/batijournal.com\\\/\",\"name\":\"Batijournal\",\"description\":\"L&#039;actualit\u00e9 du b\u00e2timent\",\"potentialAction\":[{\"@type\":\"SearchAction\",\"target\":{\"@type\":\"EntryPoint\",\"urlTemplate\":\"https:\\\/\\\/batijournal.com\\\/?s={search_term_string}\"},\"query-input\":{\"@type\":\"PropertyValueSpecification\",\"valueRequired\":true,\"valueName\":\"search_term_string\"}}],\"inLanguage\":\"fr-FR\"},{\"@type\":\"Person\",\"@id\":\"https:\\\/\\\/batijournal.com\\\/#\\\/schema\\\/person\\\/6a657e8967569e1b299972574848aa76\",\"name\":\"Bati-journal\",\"image\":{\"@type\":\"ImageObject\",\"inLanguage\":\"fr-FR\",\"@id\":\"https:\\\/\\\/secure.gravatar.com\\\/avatar\\\/a64364ea26392f9b4dd47e017ddaec74ff03aefc073b49e492e847201258f777?s=96&d=mm&r=g\",\"url\":\"https:\\\/\\\/secure.gravatar.com\\\/avatar\\\/a64364ea26392f9b4dd47e017ddaec74ff03aefc073b49e492e847201258f777?s=96&d=mm&r=g\",\"contentUrl\":\"https:\\\/\\\/secure.gravatar.com\\\/avatar\\\/a64364ea26392f9b4dd47e017ddaec74ff03aefc073b49e492e847201258f777?s=96&d=mm&r=g\",\"caption\":\"Bati-journal\"},\"url\":\"https:\\\/\\\/batijournal.com\\\/index.php\\\/author\\\/elodie\\\/\"}]}<\/script>\n<!-- \/ Yoast SEO plugin. -->","yoast_head_json":{"title":"La FFB salue l'accord obtenu par les ministres europ\u00e9ens sur les travailleurs d\u00e9tach\u00e9s","robots":{"index":"index","follow":"follow","max-snippet":"max-snippet:-1","max-image-preview":"max-image-preview:large","max-video-preview":"max-video-preview:-1"},"canonical":"https:\/\/batijournal.com\/index.php\/la-ffb-salue-laccord-obtenu-par-les-ministres-europeens-sur-les-travailleurs-detaches\/74798\/","og_locale":"fr_FR","og_type":"article","og_title":"La FFB salue l'accord obtenu par les ministres europ\u00e9ens sur les travailleurs d\u00e9tach\u00e9s","og_description":"La FFB se r\u00e9jouit de la prise de conscience du Gouvernement fran\u00e7ais de l&rsquo;importance du ph\u00e9nom\u00e8ne condamnable de la concurrence d\u00e9loyale de certaines entreprises \u00e9trang\u00e8res. Apr\u00e8s son adoption par le Parlement europ\u00e9en, cet accord devrait en effet donner un coup de frein \u00e0 la fraude au d\u00e9tachement en permettant \u00e0 la France de fixer la [&hellip;]","og_url":"https:\/\/batijournal.com\/index.php\/la-ffb-salue-laccord-obtenu-par-les-ministres-europeens-sur-les-travailleurs-detaches\/74798\/","og_site_name":"Batijournal","article_published_time":"2013-12-09T23:00:00+00:00","article_modified_time":"2019-07-15T09:34:39+00:00","author":"Bati-journal","twitter_card":"summary_large_image","twitter_creator":"@bati_journal","twitter_site":"@bati_journal","twitter_misc":{"\u00c9crit par":"Bati-journal","Dur\u00e9e de lecture estim\u00e9e":"1 minute"},"schema":{"@context":"https:\/\/schema.org","@graph":[{"@type":"Article","@id":"https:\/\/batijournal.com\/index.php\/la-ffb-salue-laccord-obtenu-par-les-ministres-europeens-sur-les-travailleurs-detaches\/74798\/#article","isPartOf":{"@id":"https:\/\/batijournal.com\/index.php\/la-ffb-salue-laccord-obtenu-par-les-ministres-europeens-sur-les-travailleurs-detaches\/74798\/"},"author":{"name":"Bati-journal","@id":"https:\/\/batijournal.com\/#\/schema\/person\/6a657e8967569e1b299972574848aa76"},"headline":"La FFB salue l&rsquo;accord obtenu par les ministres europ\u00e9ens sur les travailleurs d\u00e9tach\u00e9s","datePublished":"2013-12-09T23:00:00+00:00","dateModified":"2019-07-15T09:34:39+00:00","mainEntityOfPage":{"@id":"https:\/\/batijournal.com\/index.php\/la-ffb-salue-laccord-obtenu-par-les-ministres-europeens-sur-les-travailleurs-detaches\/74798\/"},"wordCount":287,"commentCount":0,"keywords":["ffb","travailleurs d\u00e9tach\u00e9s"],"articleSection":["\u00c9conomie &amp; March\u00e9s"],"inLanguage":"fr-FR","potentialAction":[{"@type":"CommentAction","name":"Comment","target":["https:\/\/batijournal.com\/index.php\/la-ffb-salue-laccord-obtenu-par-les-ministres-europeens-sur-les-travailleurs-detaches\/74798\/#respond"]}]},{"@type":"WebPage","@id":"https:\/\/batijournal.com\/index.php\/la-ffb-salue-laccord-obtenu-par-les-ministres-europeens-sur-les-travailleurs-detaches\/74798\/","url":"https:\/\/batijournal.com\/index.php\/la-ffb-salue-laccord-obtenu-par-les-ministres-europeens-sur-les-travailleurs-detaches\/74798\/","name":"La FFB salue l'accord obtenu par les ministres europ\u00e9ens sur les travailleurs d\u00e9tach\u00e9s","isPartOf":{"@id":"https:\/\/batijournal.com\/#website"},"datePublished":"2013-12-09T23:00:00+00:00","dateModified":"2019-07-15T09:34:39+00:00","author":{"@id":"https:\/\/batijournal.com\/#\/schema\/person\/6a657e8967569e1b299972574848aa76"},"breadcrumb":{"@id":"https:\/\/batijournal.com\/index.php\/la-ffb-salue-laccord-obtenu-par-les-ministres-europeens-sur-les-travailleurs-detaches\/74798\/#breadcrumb"},"inLanguage":"fr-FR","potentialAction":[{"@type":"ReadAction","target":["https:\/\/batijournal.com\/index.php\/la-ffb-salue-laccord-obtenu-par-les-ministres-europeens-sur-les-travailleurs-detaches\/74798\/"]}]},{"@type":"BreadcrumbList","@id":"https:\/\/batijournal.com\/index.php\/la-ffb-salue-laccord-obtenu-par-les-ministres-europeens-sur-les-travailleurs-detaches\/74798\/#breadcrumb","itemListElement":[{"@type":"ListItem","position":1,"name":"Accueil","item":"https:\/\/batijournal.com\/"},{"@type":"ListItem","position":2,"name":"Actualit\u00e9s","item":"https:\/\/batijournal.com\/index.php\/category\/actualites\/"},{"@type":"ListItem","position":3,"name":"\u00c9conomie &amp; March\u00e9s","item":"https:\/\/batijournal.com\/index.php\/category\/actualites\/economie-marches\/"},{"@type":"ListItem","position":4,"name":"La FFB salue l&rsquo;accord obtenu par les ministres europ\u00e9ens sur les travailleurs d\u00e9tach\u00e9s"}]},{"@type":"WebSite","@id":"https:\/\/batijournal.com\/#website","url":"https:\/\/batijournal.com\/","name":"Batijournal","description":"L&#039;actualit\u00e9 du b\u00e2timent","potentialAction":[{"@type":"SearchAction","target":{"@type":"EntryPoint","urlTemplate":"https:\/\/batijournal.com\/?s={search_term_string}"},"query-input":{"@type":"PropertyValueSpecification","valueRequired":true,"valueName":"search_term_string"}}],"inLanguage":"fr-FR"},{"@type":"Person","@id":"https:\/\/batijournal.com\/#\/schema\/person\/6a657e8967569e1b299972574848aa76","name":"Bati-journal","image":{"@type":"ImageObject","inLanguage":"fr-FR","@id":"https:\/\/secure.gravatar.com\/avatar\/a64364ea26392f9b4dd47e017ddaec74ff03aefc073b49e492e847201258f777?s=96&d=mm&r=g","url":"https:\/\/secure.gravatar.com\/avatar\/a64364ea26392f9b4dd47e017ddaec74ff03aefc073b49e492e847201258f777?s=96&d=mm&r=g","contentUrl":"https:\/\/secure.gravatar.com\/avatar\/a64364ea26392f9b4dd47e017ddaec74ff03aefc073b49e492e847201258f777?s=96&d=mm&r=g","caption":"Bati-journal"},"url":"https:\/\/batijournal.com\/index.php\/author\/elodie\/"}]}},"_links":{"self":[{"href":"https:\/\/batijournal.com\/index.php\/wp-json\/wp\/v2\/posts\/74798","targetHints":{"allow":["GET"]}}],"collection":[{"href":"https:\/\/batijournal.com\/index.php\/wp-json\/wp\/v2\/posts"}],"about":[{"href":"https:\/\/batijournal.com\/index.php\/wp-json\/wp\/v2\/types\/post"}],"author":[{"embeddable":true,"href":"https:\/\/batijournal.com\/index.php\/wp-json\/wp\/v2\/users\/1"}],"replies":[{"embeddable":true,"href":"https:\/\/batijournal.com\/index.php\/wp-json\/wp\/v2\/comments?post=74798"}],"version-history":[{"count":0,"href":"https:\/\/batijournal.com\/index.php\/wp-json\/wp\/v2\/posts\/74798\/revisions"}],"wp:attachment":[{"href":"https:\/\/batijournal.com\/index.php\/wp-json\/wp\/v2\/media?parent=74798"}],"wp:term":[{"taxonomy":"category","embeddable":true,"href":"https:\/\/batijournal.com\/index.php\/wp-json\/wp\/v2\/categories?post=74798"},{"taxonomy":"post_tag","embeddable":true,"href":"https:\/\/batijournal.com\/index.php\/wp-json\/wp\/v2\/tags?post=74798"}],"curies":[{"name":"wp","href":"https:\/\/api.w.org\/{rel}","templated":true}]}}