{"id":74820,"date":"2014-01-22T00:00:00","date_gmt":"2014-01-21T23:00:00","guid":{"rendered":"http:\/\/b.bati-journal.com\/laurence-des-cars-devient-directrice-du-musee-de-lorangerie\/74820"},"modified":"2019-07-15T11:34:37","modified_gmt":"2019-07-15T09:34:37","slug":"laurence-des-cars-devient-directrice-du-musee-de-lorangerie","status":"publish","type":"post","link":"https:\/\/batijournal.com\/index.php\/laurence-des-cars-devient-directrice-du-musee-de-lorangerie\/74820\/","title":{"rendered":"Laurence des Cars devient directrice du mus\u00e9e de l&#039;Orangerie"},"content":{"rendered":"<p>Laurence des Cars, conservateur g\u00e9n\u00e9ral du patrimoine, vient d&rsquo;\u00eatre nomm\u00e9e directrice du mus\u00e9e de l&rsquo;Orangerie par la ministre de la Culture sur proposition de Guy Cogeval, pr\u00e9sident de l&rsquo;Etablissement public des mus\u00e9es d&rsquo;Orsay et de l&rsquo;Orangerie. Elle a pris ses fonctions depuis le 7 janvier 2014 et succ\u00e8de ainsi \u00e0 Marie-Paule Vial. Laurence des Cars a \u00e9galement la responsabilit\u00e9 de la direction des expositions des mus\u00e9es d&rsquo;Orsay et de l&rsquo;Orangerie. Directrice scientifique de l&rsquo;Agence France-Mus\u00e9ums depuis juillet 2007, elle a \u00e9t\u00e9 auparavant conservateur au mus\u00e9e d&rsquo;Orsay de 1994 \u00e0 2007. Sp\u00e9cialiste de l&rsquo;art du 19e si\u00e8cle et du d\u00e9but du 20e si\u00e8cle, elle \u00a0a \u00e9t\u00e9 commissaire de nombreuses expositions dont \u00fbdouard Vuillard (Washington, National Gallery of Art, mus\u00e9e des Beaux-Arts de Montr\u00e9al, Paris, Galeries nationales du Grand Palais, Londres, Royal Academy of Art, 2003-2004); Gustave Courbet (Paris, Galeries nationales du Grand Palais, New York, The Metroplitan Museum of Art, Montpellier, mus\u00e9e Fabre, 2007- 2008) ; Jean-L\u00e9on G\u00e9r\u00f4me (Los Angeles, Getty Museum, Paris, mus\u00e9e d&rsquo;Orsay, Madrid, mus\u00e9e Thyssen, 2010-2011) ; Louvre Abu Dhabi, Birth of a museum (Abu Dhabi; Saadiyat Al Manarat, 2013). Elle a notamment publi\u00e9 L&rsquo;art fran\u00e7ais. Le 19\u00e8me si\u00e8cle (1819-1905) sous la direction d&rsquo;Henri Loyrette, ancien pr\u00e9sident-directeur du mus\u00e9e du Louvre, et en collaboration avec S\u00e9bastien Allard, conservateur au mus\u00e9e du Louvre. Elle a assur\u00e9 la direction de l&rsquo;ouvrage Louvre Abu Dhabi, naissance d&rsquo;un mus\u00e9e et sera l&rsquo;un des commissaires de l&rsquo;exposition du m\u00eame nom qui se tiendra au mus\u00e9e du Louvre d&rsquo;avril \u00e0 juillet 2014.<\/p>\n","protected":false},"excerpt":{"rendered":"<p>Laurence des Cars, conservateur g\u00e9n\u00e9ral du patrimoine, vient d&rsquo;\u00eatre nomm\u00e9e directrice du mus\u00e9e de l&rsquo;Orangerie par la ministre de la Culture sur proposition de Guy Cogeval, pr\u00e9sident de l&rsquo;Etablissement public des mus\u00e9es d&rsquo;Orsay et de l&rsquo;Orangerie. Elle a pris ses fonctions depuis le 7 janvier 2014 et succ\u00e8de ainsi \u00e0 Marie-Paule Vial. Laurence des Cars [&hellip;]<\/p>\n","protected":false},"author":1,"featured_media":0,"comment_status":"open","ping_status":"closed","sticky":false,"template":"","format":"standard","meta":{"_et_pb_use_builder":"","_et_pb_old_content":"","_et_gb_content_width":"","footnotes":""},"categories":[6345],"tags":[],"class_list":["post-74820","post","type-post","status-publish","format-standard","hentry","category-economie-marches"],"yoast_head":"<!-- This site is optimized with the Yoast SEO plugin v27.4 - https:\/\/yoast.com\/product\/yoast-seo-wordpress\/ -->\n<title>Laurence des Cars devient directrice du mus\u00e9e de l&#039;Orangerie<\/title>\n<meta name=\"robots\" content=\"index, follow, max-snippet:-1, max-image-preview:large, max-video-preview:-1\" \/>\n<link rel=\"canonical\" href=\"https:\/\/batijournal.com\/index.php\/laurence-des-cars-devient-directrice-du-musee-de-lorangerie\/74820\/\" \/>\n<meta property=\"og:locale\" content=\"fr_FR\" \/>\n<meta property=\"og:type\" content=\"article\" \/>\n<meta property=\"og:title\" content=\"Laurence des Cars devient directrice du mus\u00e9e de l&#039;Orangerie\" \/>\n<meta property=\"og:description\" content=\"Laurence des Cars, conservateur g\u00e9n\u00e9ral du patrimoine, vient d&rsquo;\u00eatre nomm\u00e9e directrice du mus\u00e9e de l&rsquo;Orangerie par la ministre de la Culture sur proposition de Guy Cogeval, pr\u00e9sident de l&rsquo;Etablissement public des mus\u00e9es d&rsquo;Orsay et de l&rsquo;Orangerie. Elle a pris ses fonctions depuis le 7 janvier 2014 et succ\u00e8de ainsi \u00e0 Marie-Paule Vial. Laurence des Cars [&hellip;]\" \/>\n<meta property=\"og:url\" content=\"https:\/\/batijournal.com\/index.php\/laurence-des-cars-devient-directrice-du-musee-de-lorangerie\/74820\/\" \/>\n<meta property=\"og:site_name\" content=\"Batijournal\" \/>\n<meta property=\"article:published_time\" content=\"2014-01-21T23:00:00+00:00\" \/>\n<meta property=\"article:modified_time\" content=\"2019-07-15T09:34:37+00:00\" \/>\n<meta name=\"author\" content=\"Bati-journal\" \/>\n<meta name=\"twitter:card\" content=\"summary_large_image\" \/>\n<meta name=\"twitter:creator\" content=\"@bati_journal\" \/>\n<meta name=\"twitter:site\" content=\"@bati_journal\" \/>\n<meta name=\"twitter:label1\" content=\"\u00c9crit par\" \/>\n\t<meta name=\"twitter:data1\" content=\"Bati-journal\" \/>\n\t<meta name=\"twitter:label2\" content=\"Dur\u00e9e de lecture estim\u00e9e\" \/>\n\t<meta name=\"twitter:data2\" content=\"1 minute\" \/>\n<script type=\"application\/ld+json\" class=\"yoast-schema-graph\">{\"@context\":\"https:\\\/\\\/schema.org\",\"@graph\":[{\"@type\":\"Article\",\"@id\":\"https:\\\/\\\/batijournal.com\\\/index.php\\\/laurence-des-cars-devient-directrice-du-musee-de-lorangerie\\\/74820\\\/#article\",\"isPartOf\":{\"@id\":\"https:\\\/\\\/batijournal.com\\\/index.php\\\/laurence-des-cars-devient-directrice-du-musee-de-lorangerie\\\/74820\\\/\"},\"author\":{\"name\":\"Bati-journal\",\"@id\":\"https:\\\/\\\/batijournal.com\\\/#\\\/schema\\\/person\\\/6a657e8967569e1b299972574848aa76\"},\"headline\":\"Laurence des Cars devient directrice du mus\u00e9e de l&#039;Orangerie\",\"datePublished\":\"2014-01-21T23:00:00+00:00\",\"dateModified\":\"2019-07-15T09:34:37+00:00\",\"mainEntityOfPage\":{\"@id\":\"https:\\\/\\\/batijournal.com\\\/index.php\\\/laurence-des-cars-devient-directrice-du-musee-de-lorangerie\\\/74820\\\/\"},\"wordCount\":295,\"commentCount\":0,\"articleSection\":[\"\u00c9conomie &amp; March\u00e9s\"],\"inLanguage\":\"fr-FR\",\"potentialAction\":[{\"@type\":\"CommentAction\",\"name\":\"Comment\",\"target\":[\"https:\\\/\\\/batijournal.com\\\/index.php\\\/laurence-des-cars-devient-directrice-du-musee-de-lorangerie\\\/74820\\\/#respond\"]}]},{\"@type\":\"WebPage\",\"@id\":\"https:\\\/\\\/batijournal.com\\\/index.php\\\/laurence-des-cars-devient-directrice-du-musee-de-lorangerie\\\/74820\\\/\",\"url\":\"https:\\\/\\\/batijournal.com\\\/index.php\\\/laurence-des-cars-devient-directrice-du-musee-de-lorangerie\\\/74820\\\/\",\"name\":\"Laurence des Cars devient directrice du mus\u00e9e de l&#039;Orangerie\",\"isPartOf\":{\"@id\":\"https:\\\/\\\/batijournal.com\\\/#website\"},\"datePublished\":\"2014-01-21T23:00:00+00:00\",\"dateModified\":\"2019-07-15T09:34:37+00:00\",\"author\":{\"@id\":\"https:\\\/\\\/batijournal.com\\\/#\\\/schema\\\/person\\\/6a657e8967569e1b299972574848aa76\"},\"breadcrumb\":{\"@id\":\"https:\\\/\\\/batijournal.com\\\/index.php\\\/laurence-des-cars-devient-directrice-du-musee-de-lorangerie\\\/74820\\\/#breadcrumb\"},\"inLanguage\":\"fr-FR\",\"potentialAction\":[{\"@type\":\"ReadAction\",\"target\":[\"https:\\\/\\\/batijournal.com\\\/index.php\\\/laurence-des-cars-devient-directrice-du-musee-de-lorangerie\\\/74820\\\/\"]}]},{\"@type\":\"BreadcrumbList\",\"@id\":\"https:\\\/\\\/batijournal.com\\\/index.php\\\/laurence-des-cars-devient-directrice-du-musee-de-lorangerie\\\/74820\\\/#breadcrumb\",\"itemListElement\":[{\"@type\":\"ListItem\",\"position\":1,\"name\":\"Accueil\",\"item\":\"https:\\\/\\\/batijournal.com\\\/\"},{\"@type\":\"ListItem\",\"position\":2,\"name\":\"Actualit\u00e9s\",\"item\":\"https:\\\/\\\/batijournal.com\\\/index.php\\\/category\\\/actualites\\\/\"},{\"@type\":\"ListItem\",\"position\":3,\"name\":\"\u00c9conomie &amp; March\u00e9s\",\"item\":\"https:\\\/\\\/batijournal.com\\\/index.php\\\/category\\\/actualites\\\/economie-marches\\\/\"},{\"@type\":\"ListItem\",\"position\":4,\"name\":\"Laurence des Cars devient directrice du mus\u00e9e de l&#039;Orangerie\"}]},{\"@type\":\"WebSite\",\"@id\":\"https:\\\/\\\/batijournal.com\\\/#website\",\"url\":\"https:\\\/\\\/batijournal.com\\\/\",\"name\":\"Batijournal\",\"description\":\"L&#039;actualit\u00e9 du b\u00e2timent\",\"potentialAction\":[{\"@type\":\"SearchAction\",\"target\":{\"@type\":\"EntryPoint\",\"urlTemplate\":\"https:\\\/\\\/batijournal.com\\\/?s={search_term_string}\"},\"query-input\":{\"@type\":\"PropertyValueSpecification\",\"valueRequired\":true,\"valueName\":\"search_term_string\"}}],\"inLanguage\":\"fr-FR\"},{\"@type\":\"Person\",\"@id\":\"https:\\\/\\\/batijournal.com\\\/#\\\/schema\\\/person\\\/6a657e8967569e1b299972574848aa76\",\"name\":\"Bati-journal\",\"image\":{\"@type\":\"ImageObject\",\"inLanguage\":\"fr-FR\",\"@id\":\"https:\\\/\\\/secure.gravatar.com\\\/avatar\\\/a64364ea26392f9b4dd47e017ddaec74ff03aefc073b49e492e847201258f777?s=96&d=mm&r=g\",\"url\":\"https:\\\/\\\/secure.gravatar.com\\\/avatar\\\/a64364ea26392f9b4dd47e017ddaec74ff03aefc073b49e492e847201258f777?s=96&d=mm&r=g\",\"contentUrl\":\"https:\\\/\\\/secure.gravatar.com\\\/avatar\\\/a64364ea26392f9b4dd47e017ddaec74ff03aefc073b49e492e847201258f777?s=96&d=mm&r=g\",\"caption\":\"Bati-journal\"},\"url\":\"https:\\\/\\\/batijournal.com\\\/index.php\\\/author\\\/elodie\\\/\"}]}<\/script>\n<!-- \/ Yoast SEO plugin. -->","yoast_head_json":{"title":"Laurence des Cars devient directrice du mus\u00e9e de l&#039;Orangerie","robots":{"index":"index","follow":"follow","max-snippet":"max-snippet:-1","max-image-preview":"max-image-preview:large","max-video-preview":"max-video-preview:-1"},"canonical":"https:\/\/batijournal.com\/index.php\/laurence-des-cars-devient-directrice-du-musee-de-lorangerie\/74820\/","og_locale":"fr_FR","og_type":"article","og_title":"Laurence des Cars devient directrice du mus\u00e9e de l&#039;Orangerie","og_description":"Laurence des Cars, conservateur g\u00e9n\u00e9ral du patrimoine, vient d&rsquo;\u00eatre nomm\u00e9e directrice du mus\u00e9e de l&rsquo;Orangerie par la ministre de la Culture sur proposition de Guy Cogeval, pr\u00e9sident de l&rsquo;Etablissement public des mus\u00e9es d&rsquo;Orsay et de l&rsquo;Orangerie. Elle a pris ses fonctions depuis le 7 janvier 2014 et succ\u00e8de ainsi \u00e0 Marie-Paule Vial. Laurence des Cars [&hellip;]","og_url":"https:\/\/batijournal.com\/index.php\/laurence-des-cars-devient-directrice-du-musee-de-lorangerie\/74820\/","og_site_name":"Batijournal","article_published_time":"2014-01-21T23:00:00+00:00","article_modified_time":"2019-07-15T09:34:37+00:00","author":"Bati-journal","twitter_card":"summary_large_image","twitter_creator":"@bati_journal","twitter_site":"@bati_journal","twitter_misc":{"\u00c9crit par":"Bati-journal","Dur\u00e9e de lecture estim\u00e9e":"1 minute"},"schema":{"@context":"https:\/\/schema.org","@graph":[{"@type":"Article","@id":"https:\/\/batijournal.com\/index.php\/laurence-des-cars-devient-directrice-du-musee-de-lorangerie\/74820\/#article","isPartOf":{"@id":"https:\/\/batijournal.com\/index.php\/laurence-des-cars-devient-directrice-du-musee-de-lorangerie\/74820\/"},"author":{"name":"Bati-journal","@id":"https:\/\/batijournal.com\/#\/schema\/person\/6a657e8967569e1b299972574848aa76"},"headline":"Laurence des Cars devient directrice du mus\u00e9e de l&#039;Orangerie","datePublished":"2014-01-21T23:00:00+00:00","dateModified":"2019-07-15T09:34:37+00:00","mainEntityOfPage":{"@id":"https:\/\/batijournal.com\/index.php\/laurence-des-cars-devient-directrice-du-musee-de-lorangerie\/74820\/"},"wordCount":295,"commentCount":0,"articleSection":["\u00c9conomie &amp; March\u00e9s"],"inLanguage":"fr-FR","potentialAction":[{"@type":"CommentAction","name":"Comment","target":["https:\/\/batijournal.com\/index.php\/laurence-des-cars-devient-directrice-du-musee-de-lorangerie\/74820\/#respond"]}]},{"@type":"WebPage","@id":"https:\/\/batijournal.com\/index.php\/laurence-des-cars-devient-directrice-du-musee-de-lorangerie\/74820\/","url":"https:\/\/batijournal.com\/index.php\/laurence-des-cars-devient-directrice-du-musee-de-lorangerie\/74820\/","name":"Laurence des Cars devient directrice du mus\u00e9e de l&#039;Orangerie","isPartOf":{"@id":"https:\/\/batijournal.com\/#website"},"datePublished":"2014-01-21T23:00:00+00:00","dateModified":"2019-07-15T09:34:37+00:00","author":{"@id":"https:\/\/batijournal.com\/#\/schema\/person\/6a657e8967569e1b299972574848aa76"},"breadcrumb":{"@id":"https:\/\/batijournal.com\/index.php\/laurence-des-cars-devient-directrice-du-musee-de-lorangerie\/74820\/#breadcrumb"},"inLanguage":"fr-FR","potentialAction":[{"@type":"ReadAction","target":["https:\/\/batijournal.com\/index.php\/laurence-des-cars-devient-directrice-du-musee-de-lorangerie\/74820\/"]}]},{"@type":"BreadcrumbList","@id":"https:\/\/batijournal.com\/index.php\/laurence-des-cars-devient-directrice-du-musee-de-lorangerie\/74820\/#breadcrumb","itemListElement":[{"@type":"ListItem","position":1,"name":"Accueil","item":"https:\/\/batijournal.com\/"},{"@type":"ListItem","position":2,"name":"Actualit\u00e9s","item":"https:\/\/batijournal.com\/index.php\/category\/actualites\/"},{"@type":"ListItem","position":3,"name":"\u00c9conomie &amp; March\u00e9s","item":"https:\/\/batijournal.com\/index.php\/category\/actualites\/economie-marches\/"},{"@type":"ListItem","position":4,"name":"Laurence des Cars devient directrice du mus\u00e9e de l&#039;Orangerie"}]},{"@type":"WebSite","@id":"https:\/\/batijournal.com\/#website","url":"https:\/\/batijournal.com\/","name":"Batijournal","description":"L&#039;actualit\u00e9 du b\u00e2timent","potentialAction":[{"@type":"SearchAction","target":{"@type":"EntryPoint","urlTemplate":"https:\/\/batijournal.com\/?s={search_term_string}"},"query-input":{"@type":"PropertyValueSpecification","valueRequired":true,"valueName":"search_term_string"}}],"inLanguage":"fr-FR"},{"@type":"Person","@id":"https:\/\/batijournal.com\/#\/schema\/person\/6a657e8967569e1b299972574848aa76","name":"Bati-journal","image":{"@type":"ImageObject","inLanguage":"fr-FR","@id":"https:\/\/secure.gravatar.com\/avatar\/a64364ea26392f9b4dd47e017ddaec74ff03aefc073b49e492e847201258f777?s=96&d=mm&r=g","url":"https:\/\/secure.gravatar.com\/avatar\/a64364ea26392f9b4dd47e017ddaec74ff03aefc073b49e492e847201258f777?s=96&d=mm&r=g","contentUrl":"https:\/\/secure.gravatar.com\/avatar\/a64364ea26392f9b4dd47e017ddaec74ff03aefc073b49e492e847201258f777?s=96&d=mm&r=g","caption":"Bati-journal"},"url":"https:\/\/batijournal.com\/index.php\/author\/elodie\/"}]}},"_links":{"self":[{"href":"https:\/\/batijournal.com\/index.php\/wp-json\/wp\/v2\/posts\/74820","targetHints":{"allow":["GET"]}}],"collection":[{"href":"https:\/\/batijournal.com\/index.php\/wp-json\/wp\/v2\/posts"}],"about":[{"href":"https:\/\/batijournal.com\/index.php\/wp-json\/wp\/v2\/types\/post"}],"author":[{"embeddable":true,"href":"https:\/\/batijournal.com\/index.php\/wp-json\/wp\/v2\/users\/1"}],"replies":[{"embeddable":true,"href":"https:\/\/batijournal.com\/index.php\/wp-json\/wp\/v2\/comments?post=74820"}],"version-history":[{"count":0,"href":"https:\/\/batijournal.com\/index.php\/wp-json\/wp\/v2\/posts\/74820\/revisions"}],"wp:attachment":[{"href":"https:\/\/batijournal.com\/index.php\/wp-json\/wp\/v2\/media?parent=74820"}],"wp:term":[{"taxonomy":"category","embeddable":true,"href":"https:\/\/batijournal.com\/index.php\/wp-json\/wp\/v2\/categories?post=74820"},{"taxonomy":"post_tag","embeddable":true,"href":"https:\/\/batijournal.com\/index.php\/wp-json\/wp\/v2\/tags?post=74820"}],"curies":[{"name":"wp","href":"https:\/\/api.w.org\/{rel}","templated":true}]}}