{"id":74962,"date":"2014-12-02T00:00:00","date_gmt":"2014-12-01T23:00:00","guid":{"rendered":"http:\/\/b.bati-journal.com\/accord-cadre-bois-construction\/74962"},"modified":"2019-07-15T11:34:24","modified_gmt":"2019-07-15T09:34:24","slug":"accord-cadre-bois-construction","status":"publish","type":"post","link":"https:\/\/batijournal.com\/index.php\/accord-cadre-bois-construction\/74962\/","title":{"rendered":"Accord-cadre bois-construction"},"content":{"rendered":"<p>Lors du Salon des maires et des collectivit\u00e9s locales, Dominique Jarlier, nouveau pr\u00e9sident de la F\u00e9d\u00e9ration nationale des communes foresti\u00e8res (FNCOFOR), et Christian Piquet, pr\u00e9sident de France Bois R\u00e9gions (FBR), ont sign\u00e9 un accord-cadre sur le d\u00e9veloppement et la valorisation du bois fran\u00e7ais dans la construction. Cet accord d\u00e9finit le cadre du partenariat entre les deux instances, notamment leur compl\u00e9mentarit\u00e9 &#8211; FNCOFOR et ses \u00e9lus, FBR et son r\u00e9seau de prescripteurs &#8211; et l&rsquo;articulation des actions conduites afin de d\u00e9velopper le bois en circuit court dans la construction. Ce travail de partenariat est important pour d\u00e9tecter puis dimensionner les projets de construction publique en consid\u00e9rant la ressource disponible et les savoir-faire des entreprises afin d&rsquo;int\u00e9grer le maximum de bois local, transform\u00e9 et mis en \u0153uvre par les entreprises dans les territoires.<\/p>\n","protected":false},"excerpt":{"rendered":"<p>Lors du Salon des maires et des collectivit\u00e9s locales, Dominique Jarlier, nouveau pr\u00e9sident de la F\u00e9d\u00e9ration nationale des communes foresti\u00e8res (FNCOFOR), et Christian Piquet, pr\u00e9sident de France Bois R\u00e9gions (FBR), ont sign\u00e9 un accord-cadre sur le d\u00e9veloppement et la valorisation du bois fran\u00e7ais dans la construction. Cet accord d\u00e9finit le cadre du partenariat entre les [&hellip;]<\/p>\n","protected":false},"author":1,"featured_media":74963,"comment_status":"open","ping_status":"closed","sticky":false,"template":"","format":"standard","meta":{"_et_pb_use_builder":"","_et_pb_old_content":"","_et_gb_content_width":"","footnotes":""},"categories":[6345],"tags":[44,53,421,6080,1379,3138,1446],"class_list":["post-74962","post","type-post","status-publish","format-standard","has-post-thumbnail","hentry","category-economie-marches","tag-bois","tag-construction","tag-developpement","tag-fbr","tag-filiere","tag-fncofor","tag-valorisation"],"yoast_head":"<!-- This site is optimized with the Yoast SEO plugin v27.4 - https:\/\/yoast.com\/product\/yoast-seo-wordpress\/ -->\n<title>Accord-cadre bois-construction<\/title>\n<meta name=\"robots\" content=\"index, follow, max-snippet:-1, max-image-preview:large, max-video-preview:-1\" \/>\n<link rel=\"canonical\" href=\"https:\/\/batijournal.com\/index.php\/accord-cadre-bois-construction\/74962\/\" \/>\n<meta property=\"og:locale\" content=\"fr_FR\" \/>\n<meta property=\"og:type\" content=\"article\" \/>\n<meta property=\"og:title\" content=\"Accord-cadre bois-construction\" \/>\n<meta property=\"og:description\" content=\"Lors du Salon des maires et des collectivit\u00e9s locales, Dominique Jarlier, nouveau pr\u00e9sident de la F\u00e9d\u00e9ration nationale des communes foresti\u00e8res (FNCOFOR), et Christian Piquet, pr\u00e9sident de France Bois R\u00e9gions (FBR), ont sign\u00e9 un accord-cadre sur le d\u00e9veloppement et la valorisation du bois fran\u00e7ais dans la construction. Cet accord d\u00e9finit le cadre du partenariat entre les [&hellip;]\" \/>\n<meta property=\"og:url\" content=\"https:\/\/batijournal.com\/index.php\/accord-cadre-bois-construction\/74962\/\" \/>\n<meta property=\"og:site_name\" content=\"Batijournal\" \/>\n<meta property=\"article:published_time\" content=\"2014-12-01T23:00:00+00:00\" \/>\n<meta property=\"article:modified_time\" content=\"2019-07-15T09:34:24+00:00\" \/>\n<meta property=\"og:image\" content=\"https:\/\/batijournal.com\/wp-content\/uploads\/2015\/03\/92772474.jpg\" \/>\n\t<meta property=\"og:image:width\" content=\"599\" \/>\n\t<meta property=\"og:image:height\" content=\"393\" \/>\n\t<meta property=\"og:image:type\" content=\"image\/jpeg\" \/>\n<meta name=\"author\" content=\"Bati-journal\" \/>\n<meta name=\"twitter:card\" content=\"summary_large_image\" \/>\n<meta name=\"twitter:creator\" content=\"@bati_journal\" \/>\n<meta name=\"twitter:site\" content=\"@bati_journal\" \/>\n<meta name=\"twitter:label1\" content=\"\u00c9crit par\" \/>\n\t<meta name=\"twitter:data1\" content=\"Bati-journal\" \/>\n\t<meta name=\"twitter:label2\" content=\"Dur\u00e9e de lecture estim\u00e9e\" \/>\n\t<meta name=\"twitter:data2\" content=\"1 minute\" \/>\n<script type=\"application\/ld+json\" class=\"yoast-schema-graph\">{\"@context\":\"https:\\\/\\\/schema.org\",\"@graph\":[{\"@type\":\"Article\",\"@id\":\"https:\\\/\\\/batijournal.com\\\/index.php\\\/accord-cadre-bois-construction\\\/74962\\\/#article\",\"isPartOf\":{\"@id\":\"https:\\\/\\\/batijournal.com\\\/index.php\\\/accord-cadre-bois-construction\\\/74962\\\/\"},\"author\":{\"name\":\"Bati-journal\",\"@id\":\"https:\\\/\\\/batijournal.com\\\/#\\\/schema\\\/person\\\/6a657e8967569e1b299972574848aa76\"},\"headline\":\"Accord-cadre bois-construction\",\"datePublished\":\"2014-12-01T23:00:00+00:00\",\"dateModified\":\"2019-07-15T09:34:24+00:00\",\"mainEntityOfPage\":{\"@id\":\"https:\\\/\\\/batijournal.com\\\/index.php\\\/accord-cadre-bois-construction\\\/74962\\\/\"},\"wordCount\":151,\"commentCount\":0,\"image\":{\"@id\":\"https:\\\/\\\/batijournal.com\\\/index.php\\\/accord-cadre-bois-construction\\\/74962\\\/#primaryimage\"},\"thumbnailUrl\":\"https:\\\/\\\/batijournal.com\\\/wp-content\\\/uploads\\\/2015\\\/03\\\/92772474.jpg\",\"keywords\":[\"bois\",\"construction\",\"d\u00e9veloppement\",\"FBR\",\"fili\u00e8re\",\"FNCofor\",\"valorisation\"],\"articleSection\":[\"\u00c9conomie &amp; March\u00e9s\"],\"inLanguage\":\"fr-FR\",\"potentialAction\":[{\"@type\":\"CommentAction\",\"name\":\"Comment\",\"target\":[\"https:\\\/\\\/batijournal.com\\\/index.php\\\/accord-cadre-bois-construction\\\/74962\\\/#respond\"]}]},{\"@type\":\"WebPage\",\"@id\":\"https:\\\/\\\/batijournal.com\\\/index.php\\\/accord-cadre-bois-construction\\\/74962\\\/\",\"url\":\"https:\\\/\\\/batijournal.com\\\/index.php\\\/accord-cadre-bois-construction\\\/74962\\\/\",\"name\":\"Accord-cadre bois-construction\",\"isPartOf\":{\"@id\":\"https:\\\/\\\/batijournal.com\\\/#website\"},\"primaryImageOfPage\":{\"@id\":\"https:\\\/\\\/batijournal.com\\\/index.php\\\/accord-cadre-bois-construction\\\/74962\\\/#primaryimage\"},\"image\":{\"@id\":\"https:\\\/\\\/batijournal.com\\\/index.php\\\/accord-cadre-bois-construction\\\/74962\\\/#primaryimage\"},\"thumbnailUrl\":\"https:\\\/\\\/batijournal.com\\\/wp-content\\\/uploads\\\/2015\\\/03\\\/92772474.jpg\",\"datePublished\":\"2014-12-01T23:00:00+00:00\",\"dateModified\":\"2019-07-15T09:34:24+00:00\",\"author\":{\"@id\":\"https:\\\/\\\/batijournal.com\\\/#\\\/schema\\\/person\\\/6a657e8967569e1b299972574848aa76\"},\"breadcrumb\":{\"@id\":\"https:\\\/\\\/batijournal.com\\\/index.php\\\/accord-cadre-bois-construction\\\/74962\\\/#breadcrumb\"},\"inLanguage\":\"fr-FR\",\"potentialAction\":[{\"@type\":\"ReadAction\",\"target\":[\"https:\\\/\\\/batijournal.com\\\/index.php\\\/accord-cadre-bois-construction\\\/74962\\\/\"]}]},{\"@type\":\"ImageObject\",\"inLanguage\":\"fr-FR\",\"@id\":\"https:\\\/\\\/batijournal.com\\\/index.php\\\/accord-cadre-bois-construction\\\/74962\\\/#primaryimage\",\"url\":\"https:\\\/\\\/batijournal.com\\\/wp-content\\\/uploads\\\/2015\\\/03\\\/92772474.jpg\",\"contentUrl\":\"https:\\\/\\\/batijournal.com\\\/wp-content\\\/uploads\\\/2015\\\/03\\\/92772474.jpg\",\"width\":599,\"height\":393},{\"@type\":\"BreadcrumbList\",\"@id\":\"https:\\\/\\\/batijournal.com\\\/index.php\\\/accord-cadre-bois-construction\\\/74962\\\/#breadcrumb\",\"itemListElement\":[{\"@type\":\"ListItem\",\"position\":1,\"name\":\"Accueil\",\"item\":\"https:\\\/\\\/batijournal.com\\\/\"},{\"@type\":\"ListItem\",\"position\":2,\"name\":\"Actualit\u00e9s\",\"item\":\"https:\\\/\\\/batijournal.com\\\/index.php\\\/category\\\/actualites\\\/\"},{\"@type\":\"ListItem\",\"position\":3,\"name\":\"\u00c9conomie &amp; March\u00e9s\",\"item\":\"https:\\\/\\\/batijournal.com\\\/index.php\\\/category\\\/actualites\\\/economie-marches\\\/\"},{\"@type\":\"ListItem\",\"position\":4,\"name\":\"Accord-cadre bois-construction\"}]},{\"@type\":\"WebSite\",\"@id\":\"https:\\\/\\\/batijournal.com\\\/#website\",\"url\":\"https:\\\/\\\/batijournal.com\\\/\",\"name\":\"Batijournal\",\"description\":\"L&#039;actualit\u00e9 du b\u00e2timent\",\"potentialAction\":[{\"@type\":\"SearchAction\",\"target\":{\"@type\":\"EntryPoint\",\"urlTemplate\":\"https:\\\/\\\/batijournal.com\\\/?s={search_term_string}\"},\"query-input\":{\"@type\":\"PropertyValueSpecification\",\"valueRequired\":true,\"valueName\":\"search_term_string\"}}],\"inLanguage\":\"fr-FR\"},{\"@type\":\"Person\",\"@id\":\"https:\\\/\\\/batijournal.com\\\/#\\\/schema\\\/person\\\/6a657e8967569e1b299972574848aa76\",\"name\":\"Bati-journal\",\"image\":{\"@type\":\"ImageObject\",\"inLanguage\":\"fr-FR\",\"@id\":\"https:\\\/\\\/secure.gravatar.com\\\/avatar\\\/a64364ea26392f9b4dd47e017ddaec74ff03aefc073b49e492e847201258f777?s=96&d=mm&r=g\",\"url\":\"https:\\\/\\\/secure.gravatar.com\\\/avatar\\\/a64364ea26392f9b4dd47e017ddaec74ff03aefc073b49e492e847201258f777?s=96&d=mm&r=g\",\"contentUrl\":\"https:\\\/\\\/secure.gravatar.com\\\/avatar\\\/a64364ea26392f9b4dd47e017ddaec74ff03aefc073b49e492e847201258f777?s=96&d=mm&r=g\",\"caption\":\"Bati-journal\"},\"url\":\"https:\\\/\\\/batijournal.com\\\/index.php\\\/author\\\/elodie\\\/\"}]}<\/script>\n<!-- \/ Yoast SEO plugin. -->","yoast_head_json":{"title":"Accord-cadre bois-construction","robots":{"index":"index","follow":"follow","max-snippet":"max-snippet:-1","max-image-preview":"max-image-preview:large","max-video-preview":"max-video-preview:-1"},"canonical":"https:\/\/batijournal.com\/index.php\/accord-cadre-bois-construction\/74962\/","og_locale":"fr_FR","og_type":"article","og_title":"Accord-cadre bois-construction","og_description":"Lors du Salon des maires et des collectivit\u00e9s locales, Dominique Jarlier, nouveau pr\u00e9sident de la F\u00e9d\u00e9ration nationale des communes foresti\u00e8res (FNCOFOR), et Christian Piquet, pr\u00e9sident de France Bois R\u00e9gions (FBR), ont sign\u00e9 un accord-cadre sur le d\u00e9veloppement et la valorisation du bois fran\u00e7ais dans la construction. Cet accord d\u00e9finit le cadre du partenariat entre les [&hellip;]","og_url":"https:\/\/batijournal.com\/index.php\/accord-cadre-bois-construction\/74962\/","og_site_name":"Batijournal","article_published_time":"2014-12-01T23:00:00+00:00","article_modified_time":"2019-07-15T09:34:24+00:00","og_image":[{"width":599,"height":393,"url":"https:\/\/batijournal.com\/wp-content\/uploads\/2015\/03\/92772474.jpg","type":"image\/jpeg"}],"author":"Bati-journal","twitter_card":"summary_large_image","twitter_creator":"@bati_journal","twitter_site":"@bati_journal","twitter_misc":{"\u00c9crit par":"Bati-journal","Dur\u00e9e de lecture estim\u00e9e":"1 minute"},"schema":{"@context":"https:\/\/schema.org","@graph":[{"@type":"Article","@id":"https:\/\/batijournal.com\/index.php\/accord-cadre-bois-construction\/74962\/#article","isPartOf":{"@id":"https:\/\/batijournal.com\/index.php\/accord-cadre-bois-construction\/74962\/"},"author":{"name":"Bati-journal","@id":"https:\/\/batijournal.com\/#\/schema\/person\/6a657e8967569e1b299972574848aa76"},"headline":"Accord-cadre bois-construction","datePublished":"2014-12-01T23:00:00+00:00","dateModified":"2019-07-15T09:34:24+00:00","mainEntityOfPage":{"@id":"https:\/\/batijournal.com\/index.php\/accord-cadre-bois-construction\/74962\/"},"wordCount":151,"commentCount":0,"image":{"@id":"https:\/\/batijournal.com\/index.php\/accord-cadre-bois-construction\/74962\/#primaryimage"},"thumbnailUrl":"https:\/\/batijournal.com\/wp-content\/uploads\/2015\/03\/92772474.jpg","keywords":["bois","construction","d\u00e9veloppement","FBR","fili\u00e8re","FNCofor","valorisation"],"articleSection":["\u00c9conomie &amp; March\u00e9s"],"inLanguage":"fr-FR","potentialAction":[{"@type":"CommentAction","name":"Comment","target":["https:\/\/batijournal.com\/index.php\/accord-cadre-bois-construction\/74962\/#respond"]}]},{"@type":"WebPage","@id":"https:\/\/batijournal.com\/index.php\/accord-cadre-bois-construction\/74962\/","url":"https:\/\/batijournal.com\/index.php\/accord-cadre-bois-construction\/74962\/","name":"Accord-cadre bois-construction","isPartOf":{"@id":"https:\/\/batijournal.com\/#website"},"primaryImageOfPage":{"@id":"https:\/\/batijournal.com\/index.php\/accord-cadre-bois-construction\/74962\/#primaryimage"},"image":{"@id":"https:\/\/batijournal.com\/index.php\/accord-cadre-bois-construction\/74962\/#primaryimage"},"thumbnailUrl":"https:\/\/batijournal.com\/wp-content\/uploads\/2015\/03\/92772474.jpg","datePublished":"2014-12-01T23:00:00+00:00","dateModified":"2019-07-15T09:34:24+00:00","author":{"@id":"https:\/\/batijournal.com\/#\/schema\/person\/6a657e8967569e1b299972574848aa76"},"breadcrumb":{"@id":"https:\/\/batijournal.com\/index.php\/accord-cadre-bois-construction\/74962\/#breadcrumb"},"inLanguage":"fr-FR","potentialAction":[{"@type":"ReadAction","target":["https:\/\/batijournal.com\/index.php\/accord-cadre-bois-construction\/74962\/"]}]},{"@type":"ImageObject","inLanguage":"fr-FR","@id":"https:\/\/batijournal.com\/index.php\/accord-cadre-bois-construction\/74962\/#primaryimage","url":"https:\/\/batijournal.com\/wp-content\/uploads\/2015\/03\/92772474.jpg","contentUrl":"https:\/\/batijournal.com\/wp-content\/uploads\/2015\/03\/92772474.jpg","width":599,"height":393},{"@type":"BreadcrumbList","@id":"https:\/\/batijournal.com\/index.php\/accord-cadre-bois-construction\/74962\/#breadcrumb","itemListElement":[{"@type":"ListItem","position":1,"name":"Accueil","item":"https:\/\/batijournal.com\/"},{"@type":"ListItem","position":2,"name":"Actualit\u00e9s","item":"https:\/\/batijournal.com\/index.php\/category\/actualites\/"},{"@type":"ListItem","position":3,"name":"\u00c9conomie &amp; March\u00e9s","item":"https:\/\/batijournal.com\/index.php\/category\/actualites\/economie-marches\/"},{"@type":"ListItem","position":4,"name":"Accord-cadre bois-construction"}]},{"@type":"WebSite","@id":"https:\/\/batijournal.com\/#website","url":"https:\/\/batijournal.com\/","name":"Batijournal","description":"L&#039;actualit\u00e9 du b\u00e2timent","potentialAction":[{"@type":"SearchAction","target":{"@type":"EntryPoint","urlTemplate":"https:\/\/batijournal.com\/?s={search_term_string}"},"query-input":{"@type":"PropertyValueSpecification","valueRequired":true,"valueName":"search_term_string"}}],"inLanguage":"fr-FR"},{"@type":"Person","@id":"https:\/\/batijournal.com\/#\/schema\/person\/6a657e8967569e1b299972574848aa76","name":"Bati-journal","image":{"@type":"ImageObject","inLanguage":"fr-FR","@id":"https:\/\/secure.gravatar.com\/avatar\/a64364ea26392f9b4dd47e017ddaec74ff03aefc073b49e492e847201258f777?s=96&d=mm&r=g","url":"https:\/\/secure.gravatar.com\/avatar\/a64364ea26392f9b4dd47e017ddaec74ff03aefc073b49e492e847201258f777?s=96&d=mm&r=g","contentUrl":"https:\/\/secure.gravatar.com\/avatar\/a64364ea26392f9b4dd47e017ddaec74ff03aefc073b49e492e847201258f777?s=96&d=mm&r=g","caption":"Bati-journal"},"url":"https:\/\/batijournal.com\/index.php\/author\/elodie\/"}]}},"_links":{"self":[{"href":"https:\/\/batijournal.com\/index.php\/wp-json\/wp\/v2\/posts\/74962","targetHints":{"allow":["GET"]}}],"collection":[{"href":"https:\/\/batijournal.com\/index.php\/wp-json\/wp\/v2\/posts"}],"about":[{"href":"https:\/\/batijournal.com\/index.php\/wp-json\/wp\/v2\/types\/post"}],"author":[{"embeddable":true,"href":"https:\/\/batijournal.com\/index.php\/wp-json\/wp\/v2\/users\/1"}],"replies":[{"embeddable":true,"href":"https:\/\/batijournal.com\/index.php\/wp-json\/wp\/v2\/comments?post=74962"}],"version-history":[{"count":0,"href":"https:\/\/batijournal.com\/index.php\/wp-json\/wp\/v2\/posts\/74962\/revisions"}],"wp:featuredmedia":[{"embeddable":true,"href":"https:\/\/batijournal.com\/index.php\/wp-json\/wp\/v2\/media\/74963"}],"wp:attachment":[{"href":"https:\/\/batijournal.com\/index.php\/wp-json\/wp\/v2\/media?parent=74962"}],"wp:term":[{"taxonomy":"category","embeddable":true,"href":"https:\/\/batijournal.com\/index.php\/wp-json\/wp\/v2\/categories?post=74962"},{"taxonomy":"post_tag","embeddable":true,"href":"https:\/\/batijournal.com\/index.php\/wp-json\/wp\/v2\/tags?post=74962"}],"curies":[{"name":"wp","href":"https:\/\/api.w.org\/{rel}","templated":true}]}}