{"id":75059,"date":"2007-06-28T14:11:29","date_gmt":"2007-06-28T12:11:29","guid":{"rendered":"http:\/\/b.bati-journal.com\/le-commerce-a-lheure-du-developpement-durable\/75059"},"modified":"2019-07-15T12:00:53","modified_gmt":"2019-07-15T10:00:53","slug":"le-commerce-a-lheure-du-developpement-durable","status":"publish","type":"post","link":"https:\/\/batijournal.com\/index.php\/le-commerce-a-lheure-du-developpement-durable\/75059\/","title":{"rendered":"Le commerce \u00e0 l&rsquo;heure du d\u00e9veloppement durable"},"content":{"rendered":"<p>L&rsquo;assembl\u00e9e g\u00e9n\u00e9rale de l&rsquo;association Le Commerce du Bois a r\u00e9uni 80 professionnels de la distribution bois le 22 juin dernier \u00e0 Caen. Apr\u00e8s un renouvellement du conseil d&rsquo;administration, le bilan des commissions de travail, une modification des statuts et du r\u00e9glement int\u00e9rieur, trois animations sur l&rsquo;importance du d\u00e9veloppement durable dans la conduite des affaires ont \u00e9t\u00e9 propos\u00e9es. Le film \u201cAbove Board, Trading legal timber\u201c, r\u00e9alis\u00e9 par la f\u00e9d\u00e9ration anglaise du commerce du bois montre les b\u00e9n\u00e9fices possibles d&rsquo;un commerce de bois l\u00e9gal en termes d&rsquo;image de marque, d&rsquo;\u00e9largissement des march\u00e9s, d&rsquo;\u00e9thique&#8230; Dominik Mohr (CID) et Jean-Pierre Chevreton (DHL\/Indubois) ont pr\u00e9sent\u00e9 un rapport sur la mise en oeuvre de la charte environnementale. Enfin, Val\u00e9rie de Robillard ( Agence Utopies) est intervenue sur \u201cl&rsquo;environnement dans le management des entreprises\u201c. Le dossier du d\u00e9veloppement durable restera au coeur des actions de LCB. L&rsquo;association propose, le 4 octobre prochain, sur le port de Nantes, un nouveau forum sur les achats responsables. <a href=\"http:\/\/www.lecommercedubois.fr\" target=\"_blank\" rel=\"noopener noreferrer\">www.lecommercedubois.fr<\/a><\/p>\n","protected":false},"excerpt":{"rendered":"<p>L&rsquo;assembl\u00e9e g\u00e9n\u00e9rale de l&rsquo;association Le Commerce du Bois a r\u00e9uni 80 professionnels de la distribution bois le 22 juin dernier \u00e0 Caen. Apr\u00e8s un renouvellement du conseil d&rsquo;administration, le bilan des commissions de travail, une modification des statuts et du r\u00e9glement int\u00e9rieur, trois animations sur l&rsquo;importance du d\u00e9veloppement durable dans la conduite des affaires ont [&hellip;]<\/p>\n","protected":false},"author":1,"featured_media":0,"comment_status":"open","ping_status":"closed","sticky":false,"template":"","format":"standard","meta":{"_et_pb_use_builder":"","_et_pb_old_content":"","_et_gb_content_width":"","footnotes":""},"categories":[6345],"tags":[3698],"class_list":["post-75059","post","type-post","status-publish","format-standard","hentry","category-economie-marches","tag-le-commerce-du-bois"],"yoast_head":"<!-- This site is optimized with the Yoast SEO plugin v27.4 - https:\/\/yoast.com\/product\/yoast-seo-wordpress\/ -->\n<title>Le commerce \u00e0 l&#039;heure du d\u00e9veloppement durable<\/title>\n<meta name=\"robots\" content=\"index, follow, max-snippet:-1, max-image-preview:large, max-video-preview:-1\" \/>\n<link rel=\"canonical\" href=\"https:\/\/batijournal.com\/index.php\/le-commerce-a-lheure-du-developpement-durable\/75059\/\" \/>\n<meta property=\"og:locale\" content=\"fr_FR\" \/>\n<meta property=\"og:type\" content=\"article\" \/>\n<meta property=\"og:title\" content=\"Le commerce \u00e0 l&#039;heure du d\u00e9veloppement durable\" \/>\n<meta property=\"og:description\" content=\"L&rsquo;assembl\u00e9e g\u00e9n\u00e9rale de l&rsquo;association Le Commerce du Bois a r\u00e9uni 80 professionnels de la distribution bois le 22 juin dernier \u00e0 Caen. Apr\u00e8s un renouvellement du conseil d&rsquo;administration, le bilan des commissions de travail, une modification des statuts et du r\u00e9glement int\u00e9rieur, trois animations sur l&rsquo;importance du d\u00e9veloppement durable dans la conduite des affaires ont [&hellip;]\" \/>\n<meta property=\"og:url\" content=\"https:\/\/batijournal.com\/index.php\/le-commerce-a-lheure-du-developpement-durable\/75059\/\" \/>\n<meta property=\"og:site_name\" content=\"Batijournal\" \/>\n<meta property=\"article:published_time\" content=\"2007-06-28T12:11:29+00:00\" \/>\n<meta property=\"article:modified_time\" content=\"2019-07-15T10:00:53+00:00\" \/>\n<meta name=\"author\" content=\"Bati-journal\" \/>\n<meta name=\"twitter:card\" content=\"summary_large_image\" \/>\n<meta name=\"twitter:creator\" content=\"@bati_journal\" \/>\n<meta name=\"twitter:site\" content=\"@bati_journal\" \/>\n<meta name=\"twitter:label1\" content=\"\u00c9crit par\" \/>\n\t<meta name=\"twitter:data1\" content=\"Bati-journal\" \/>\n\t<meta name=\"twitter:label2\" content=\"Dur\u00e9e de lecture estim\u00e9e\" \/>\n\t<meta name=\"twitter:data2\" content=\"1 minute\" \/>\n<script type=\"application\/ld+json\" class=\"yoast-schema-graph\">{\"@context\":\"https:\\\/\\\/schema.org\",\"@graph\":[{\"@type\":\"Article\",\"@id\":\"https:\\\/\\\/batijournal.com\\\/index.php\\\/le-commerce-a-lheure-du-developpement-durable\\\/75059\\\/#article\",\"isPartOf\":{\"@id\":\"https:\\\/\\\/batijournal.com\\\/index.php\\\/le-commerce-a-lheure-du-developpement-durable\\\/75059\\\/\"},\"author\":{\"name\":\"Bati-journal\",\"@id\":\"https:\\\/\\\/batijournal.com\\\/#\\\/schema\\\/person\\\/6a657e8967569e1b299972574848aa76\"},\"headline\":\"Le commerce \u00e0 l&rsquo;heure du d\u00e9veloppement durable\",\"datePublished\":\"2007-06-28T12:11:29+00:00\",\"dateModified\":\"2019-07-15T10:00:53+00:00\",\"mainEntityOfPage\":{\"@id\":\"https:\\\/\\\/batijournal.com\\\/index.php\\\/le-commerce-a-lheure-du-developpement-durable\\\/75059\\\/\"},\"wordCount\":193,\"commentCount\":0,\"keywords\":[\"Le Commerce du Bois\"],\"articleSection\":[\"\u00c9conomie &amp; March\u00e9s\"],\"inLanguage\":\"fr-FR\",\"potentialAction\":[{\"@type\":\"CommentAction\",\"name\":\"Comment\",\"target\":[\"https:\\\/\\\/batijournal.com\\\/index.php\\\/le-commerce-a-lheure-du-developpement-durable\\\/75059\\\/#respond\"]}]},{\"@type\":\"WebPage\",\"@id\":\"https:\\\/\\\/batijournal.com\\\/index.php\\\/le-commerce-a-lheure-du-developpement-durable\\\/75059\\\/\",\"url\":\"https:\\\/\\\/batijournal.com\\\/index.php\\\/le-commerce-a-lheure-du-developpement-durable\\\/75059\\\/\",\"name\":\"Le commerce \u00e0 l'heure du d\u00e9veloppement durable\",\"isPartOf\":{\"@id\":\"https:\\\/\\\/batijournal.com\\\/#website\"},\"datePublished\":\"2007-06-28T12:11:29+00:00\",\"dateModified\":\"2019-07-15T10:00:53+00:00\",\"author\":{\"@id\":\"https:\\\/\\\/batijournal.com\\\/#\\\/schema\\\/person\\\/6a657e8967569e1b299972574848aa76\"},\"breadcrumb\":{\"@id\":\"https:\\\/\\\/batijournal.com\\\/index.php\\\/le-commerce-a-lheure-du-developpement-durable\\\/75059\\\/#breadcrumb\"},\"inLanguage\":\"fr-FR\",\"potentialAction\":[{\"@type\":\"ReadAction\",\"target\":[\"https:\\\/\\\/batijournal.com\\\/index.php\\\/le-commerce-a-lheure-du-developpement-durable\\\/75059\\\/\"]}]},{\"@type\":\"BreadcrumbList\",\"@id\":\"https:\\\/\\\/batijournal.com\\\/index.php\\\/le-commerce-a-lheure-du-developpement-durable\\\/75059\\\/#breadcrumb\",\"itemListElement\":[{\"@type\":\"ListItem\",\"position\":1,\"name\":\"Accueil\",\"item\":\"https:\\\/\\\/batijournal.com\\\/\"},{\"@type\":\"ListItem\",\"position\":2,\"name\":\"Actualit\u00e9s\",\"item\":\"https:\\\/\\\/batijournal.com\\\/index.php\\\/category\\\/actualites\\\/\"},{\"@type\":\"ListItem\",\"position\":3,\"name\":\"\u00c9conomie &amp; March\u00e9s\",\"item\":\"https:\\\/\\\/batijournal.com\\\/index.php\\\/category\\\/actualites\\\/economie-marches\\\/\"},{\"@type\":\"ListItem\",\"position\":4,\"name\":\"Le commerce \u00e0 l&rsquo;heure du d\u00e9veloppement durable\"}]},{\"@type\":\"WebSite\",\"@id\":\"https:\\\/\\\/batijournal.com\\\/#website\",\"url\":\"https:\\\/\\\/batijournal.com\\\/\",\"name\":\"Batijournal\",\"description\":\"L&#039;actualit\u00e9 du b\u00e2timent\",\"potentialAction\":[{\"@type\":\"SearchAction\",\"target\":{\"@type\":\"EntryPoint\",\"urlTemplate\":\"https:\\\/\\\/batijournal.com\\\/?s={search_term_string}\"},\"query-input\":{\"@type\":\"PropertyValueSpecification\",\"valueRequired\":true,\"valueName\":\"search_term_string\"}}],\"inLanguage\":\"fr-FR\"},{\"@type\":\"Person\",\"@id\":\"https:\\\/\\\/batijournal.com\\\/#\\\/schema\\\/person\\\/6a657e8967569e1b299972574848aa76\",\"name\":\"Bati-journal\",\"image\":{\"@type\":\"ImageObject\",\"inLanguage\":\"fr-FR\",\"@id\":\"https:\\\/\\\/secure.gravatar.com\\\/avatar\\\/a64364ea26392f9b4dd47e017ddaec74ff03aefc073b49e492e847201258f777?s=96&d=mm&r=g\",\"url\":\"https:\\\/\\\/secure.gravatar.com\\\/avatar\\\/a64364ea26392f9b4dd47e017ddaec74ff03aefc073b49e492e847201258f777?s=96&d=mm&r=g\",\"contentUrl\":\"https:\\\/\\\/secure.gravatar.com\\\/avatar\\\/a64364ea26392f9b4dd47e017ddaec74ff03aefc073b49e492e847201258f777?s=96&d=mm&r=g\",\"caption\":\"Bati-journal\"},\"url\":\"https:\\\/\\\/batijournal.com\\\/index.php\\\/author\\\/elodie\\\/\"}]}<\/script>\n<!-- \/ Yoast SEO plugin. -->","yoast_head_json":{"title":"Le commerce \u00e0 l'heure du d\u00e9veloppement durable","robots":{"index":"index","follow":"follow","max-snippet":"max-snippet:-1","max-image-preview":"max-image-preview:large","max-video-preview":"max-video-preview:-1"},"canonical":"https:\/\/batijournal.com\/index.php\/le-commerce-a-lheure-du-developpement-durable\/75059\/","og_locale":"fr_FR","og_type":"article","og_title":"Le commerce \u00e0 l'heure du d\u00e9veloppement durable","og_description":"L&rsquo;assembl\u00e9e g\u00e9n\u00e9rale de l&rsquo;association Le Commerce du Bois a r\u00e9uni 80 professionnels de la distribution bois le 22 juin dernier \u00e0 Caen. Apr\u00e8s un renouvellement du conseil d&rsquo;administration, le bilan des commissions de travail, une modification des statuts et du r\u00e9glement int\u00e9rieur, trois animations sur l&rsquo;importance du d\u00e9veloppement durable dans la conduite des affaires ont [&hellip;]","og_url":"https:\/\/batijournal.com\/index.php\/le-commerce-a-lheure-du-developpement-durable\/75059\/","og_site_name":"Batijournal","article_published_time":"2007-06-28T12:11:29+00:00","article_modified_time":"2019-07-15T10:00:53+00:00","author":"Bati-journal","twitter_card":"summary_large_image","twitter_creator":"@bati_journal","twitter_site":"@bati_journal","twitter_misc":{"\u00c9crit par":"Bati-journal","Dur\u00e9e de lecture estim\u00e9e":"1 minute"},"schema":{"@context":"https:\/\/schema.org","@graph":[{"@type":"Article","@id":"https:\/\/batijournal.com\/index.php\/le-commerce-a-lheure-du-developpement-durable\/75059\/#article","isPartOf":{"@id":"https:\/\/batijournal.com\/index.php\/le-commerce-a-lheure-du-developpement-durable\/75059\/"},"author":{"name":"Bati-journal","@id":"https:\/\/batijournal.com\/#\/schema\/person\/6a657e8967569e1b299972574848aa76"},"headline":"Le commerce \u00e0 l&rsquo;heure du d\u00e9veloppement durable","datePublished":"2007-06-28T12:11:29+00:00","dateModified":"2019-07-15T10:00:53+00:00","mainEntityOfPage":{"@id":"https:\/\/batijournal.com\/index.php\/le-commerce-a-lheure-du-developpement-durable\/75059\/"},"wordCount":193,"commentCount":0,"keywords":["Le Commerce du Bois"],"articleSection":["\u00c9conomie &amp; March\u00e9s"],"inLanguage":"fr-FR","potentialAction":[{"@type":"CommentAction","name":"Comment","target":["https:\/\/batijournal.com\/index.php\/le-commerce-a-lheure-du-developpement-durable\/75059\/#respond"]}]},{"@type":"WebPage","@id":"https:\/\/batijournal.com\/index.php\/le-commerce-a-lheure-du-developpement-durable\/75059\/","url":"https:\/\/batijournal.com\/index.php\/le-commerce-a-lheure-du-developpement-durable\/75059\/","name":"Le commerce \u00e0 l'heure du d\u00e9veloppement durable","isPartOf":{"@id":"https:\/\/batijournal.com\/#website"},"datePublished":"2007-06-28T12:11:29+00:00","dateModified":"2019-07-15T10:00:53+00:00","author":{"@id":"https:\/\/batijournal.com\/#\/schema\/person\/6a657e8967569e1b299972574848aa76"},"breadcrumb":{"@id":"https:\/\/batijournal.com\/index.php\/le-commerce-a-lheure-du-developpement-durable\/75059\/#breadcrumb"},"inLanguage":"fr-FR","potentialAction":[{"@type":"ReadAction","target":["https:\/\/batijournal.com\/index.php\/le-commerce-a-lheure-du-developpement-durable\/75059\/"]}]},{"@type":"BreadcrumbList","@id":"https:\/\/batijournal.com\/index.php\/le-commerce-a-lheure-du-developpement-durable\/75059\/#breadcrumb","itemListElement":[{"@type":"ListItem","position":1,"name":"Accueil","item":"https:\/\/batijournal.com\/"},{"@type":"ListItem","position":2,"name":"Actualit\u00e9s","item":"https:\/\/batijournal.com\/index.php\/category\/actualites\/"},{"@type":"ListItem","position":3,"name":"\u00c9conomie &amp; March\u00e9s","item":"https:\/\/batijournal.com\/index.php\/category\/actualites\/economie-marches\/"},{"@type":"ListItem","position":4,"name":"Le commerce \u00e0 l&rsquo;heure du d\u00e9veloppement durable"}]},{"@type":"WebSite","@id":"https:\/\/batijournal.com\/#website","url":"https:\/\/batijournal.com\/","name":"Batijournal","description":"L&#039;actualit\u00e9 du b\u00e2timent","potentialAction":[{"@type":"SearchAction","target":{"@type":"EntryPoint","urlTemplate":"https:\/\/batijournal.com\/?s={search_term_string}"},"query-input":{"@type":"PropertyValueSpecification","valueRequired":true,"valueName":"search_term_string"}}],"inLanguage":"fr-FR"},{"@type":"Person","@id":"https:\/\/batijournal.com\/#\/schema\/person\/6a657e8967569e1b299972574848aa76","name":"Bati-journal","image":{"@type":"ImageObject","inLanguage":"fr-FR","@id":"https:\/\/secure.gravatar.com\/avatar\/a64364ea26392f9b4dd47e017ddaec74ff03aefc073b49e492e847201258f777?s=96&d=mm&r=g","url":"https:\/\/secure.gravatar.com\/avatar\/a64364ea26392f9b4dd47e017ddaec74ff03aefc073b49e492e847201258f777?s=96&d=mm&r=g","contentUrl":"https:\/\/secure.gravatar.com\/avatar\/a64364ea26392f9b4dd47e017ddaec74ff03aefc073b49e492e847201258f777?s=96&d=mm&r=g","caption":"Bati-journal"},"url":"https:\/\/batijournal.com\/index.php\/author\/elodie\/"}]}},"_links":{"self":[{"href":"https:\/\/batijournal.com\/index.php\/wp-json\/wp\/v2\/posts\/75059","targetHints":{"allow":["GET"]}}],"collection":[{"href":"https:\/\/batijournal.com\/index.php\/wp-json\/wp\/v2\/posts"}],"about":[{"href":"https:\/\/batijournal.com\/index.php\/wp-json\/wp\/v2\/types\/post"}],"author":[{"embeddable":true,"href":"https:\/\/batijournal.com\/index.php\/wp-json\/wp\/v2\/users\/1"}],"replies":[{"embeddable":true,"href":"https:\/\/batijournal.com\/index.php\/wp-json\/wp\/v2\/comments?post=75059"}],"version-history":[{"count":0,"href":"https:\/\/batijournal.com\/index.php\/wp-json\/wp\/v2\/posts\/75059\/revisions"}],"wp:attachment":[{"href":"https:\/\/batijournal.com\/index.php\/wp-json\/wp\/v2\/media?parent=75059"}],"wp:term":[{"taxonomy":"category","embeddable":true,"href":"https:\/\/batijournal.com\/index.php\/wp-json\/wp\/v2\/categories?post=75059"},{"taxonomy":"post_tag","embeddable":true,"href":"https:\/\/batijournal.com\/index.php\/wp-json\/wp\/v2\/tags?post=75059"}],"curies":[{"name":"wp","href":"https:\/\/api.w.org\/{rel}","templated":true}]}}