{"id":75060,"date":"2007-07-02T14:17:48","date_gmt":"2007-07-02T12:17:48","guid":{"rendered":"http:\/\/b.bati-journal.com\/profession-animateur-bois-construction\/75060"},"modified":"2019-07-15T12:00:53","modified_gmt":"2019-07-15T10:00:53","slug":"profession-animateur-bois-construction","status":"publish","type":"post","link":"https:\/\/batijournal.com\/index.php\/profession-animateur-bois-construction\/75060\/","title":{"rendered":"Profession animateur bois construction"},"content":{"rendered":"<p>Abi Bois, l&rsquo;association bretonne interprofessionnelle du bois, a d\u00e9cid\u00e9 d&rsquo;int\u00e9grer au sein de son \u00e9quipe, constitu\u00e9e aujourd&rsquo;hui de trois personnes, une comp\u00e9tence bois construction. Gr\u00e2ce au soutien financier du conseil r\u00e9gional, des quatre conseils g\u00e9n\u00e9raux, de la direction r\u00e9gionale de l&rsquo;Equipement, de l&rsquo;ADEME et du CNDB, ils ont ainsi recrut\u00e9 un animateur bois construction pour une mission de trente mois. De formation ENSTIB (ing\u00e9nieur du bois), Yannick Vorimore est \u00e2g\u00e9 de 26 ans. Recrut\u00e9 pour ses capacit\u00e9s d&rsquo;animation et techniques, il aura pour r\u00f4le non seulement d&rsquo;initier des actions collectives (rencontres chantiers, itin\u00e9raires bois, journ\u00e9es techniques,&#8230;), mais \u00e9galement d&rsquo;\u00eatre le catalyseur d&rsquo;op\u00e9rations de construction en bois, en travaillant avec les ma\u00eetres d&rsquo;ouvrage, les ma\u00eetres d&rsquo;oeuvre et les professionnels. <a href=\"http:\/\/www.abibois.com\" target=\"_blank\" rel=\"noopener noreferrer\">www.abibois.com<\/a><\/p>\n","protected":false},"excerpt":{"rendered":"<p>Abi Bois, l&rsquo;association bretonne interprofessionnelle du bois, a d\u00e9cid\u00e9 d&rsquo;int\u00e9grer au sein de son \u00e9quipe, constitu\u00e9e aujourd&rsquo;hui de trois personnes, une comp\u00e9tence bois construction. Gr\u00e2ce au soutien financier du conseil r\u00e9gional, des quatre conseils g\u00e9n\u00e9raux, de la direction r\u00e9gionale de l&rsquo;Equipement, de l&rsquo;ADEME et du CNDB, ils ont ainsi recrut\u00e9 un animateur bois construction pour [&hellip;]<\/p>\n","protected":false},"author":1,"featured_media":0,"comment_status":"open","ping_status":"closed","sticky":false,"template":"","format":"standard","meta":{"_et_pb_use_builder":"","_et_pb_old_content":"","_et_gb_content_width":"","footnotes":""},"categories":[6345],"tags":[698],"class_list":["post-75060","post","type-post","status-publish","format-standard","hentry","category-economie-marches","tag-interprofession"],"yoast_head":"<!-- This site is optimized with the Yoast SEO plugin v27.4 - https:\/\/yoast.com\/product\/yoast-seo-wordpress\/ -->\n<title>Profession animateur bois construction<\/title>\n<meta name=\"robots\" content=\"index, follow, max-snippet:-1, max-image-preview:large, max-video-preview:-1\" \/>\n<link rel=\"canonical\" href=\"https:\/\/batijournal.com\/index.php\/profession-animateur-bois-construction\/75060\/\" \/>\n<meta property=\"og:locale\" content=\"fr_FR\" \/>\n<meta property=\"og:type\" content=\"article\" \/>\n<meta property=\"og:title\" content=\"Profession animateur bois construction\" \/>\n<meta property=\"og:description\" content=\"Abi Bois, l&rsquo;association bretonne interprofessionnelle du bois, a d\u00e9cid\u00e9 d&rsquo;int\u00e9grer au sein de son \u00e9quipe, constitu\u00e9e aujourd&rsquo;hui de trois personnes, une comp\u00e9tence bois construction. Gr\u00e2ce au soutien financier du conseil r\u00e9gional, des quatre conseils g\u00e9n\u00e9raux, de la direction r\u00e9gionale de l&rsquo;Equipement, de l&rsquo;ADEME et du CNDB, ils ont ainsi recrut\u00e9 un animateur bois construction pour [&hellip;]\" \/>\n<meta property=\"og:url\" content=\"https:\/\/batijournal.com\/index.php\/profession-animateur-bois-construction\/75060\/\" \/>\n<meta property=\"og:site_name\" content=\"Batijournal\" \/>\n<meta property=\"article:published_time\" content=\"2007-07-02T12:17:48+00:00\" \/>\n<meta property=\"article:modified_time\" content=\"2019-07-15T10:00:53+00:00\" \/>\n<meta name=\"author\" content=\"Bati-journal\" \/>\n<meta name=\"twitter:card\" content=\"summary_large_image\" \/>\n<meta name=\"twitter:creator\" content=\"@bati_journal\" \/>\n<meta name=\"twitter:site\" content=\"@bati_journal\" \/>\n<meta name=\"twitter:label1\" content=\"\u00c9crit par\" \/>\n\t<meta name=\"twitter:data1\" content=\"Bati-journal\" \/>\n\t<meta name=\"twitter:label2\" content=\"Dur\u00e9e de lecture estim\u00e9e\" \/>\n\t<meta name=\"twitter:data2\" content=\"1 minute\" \/>\n<script type=\"application\/ld+json\" class=\"yoast-schema-graph\">{\"@context\":\"https:\\\/\\\/schema.org\",\"@graph\":[{\"@type\":\"Article\",\"@id\":\"https:\\\/\\\/batijournal.com\\\/index.php\\\/profession-animateur-bois-construction\\\/75060\\\/#article\",\"isPartOf\":{\"@id\":\"https:\\\/\\\/batijournal.com\\\/index.php\\\/profession-animateur-bois-construction\\\/75060\\\/\"},\"author\":{\"name\":\"Bati-journal\",\"@id\":\"https:\\\/\\\/batijournal.com\\\/#\\\/schema\\\/person\\\/6a657e8967569e1b299972574848aa76\"},\"headline\":\"Profession animateur bois construction\",\"datePublished\":\"2007-07-02T12:17:48+00:00\",\"dateModified\":\"2019-07-15T10:00:53+00:00\",\"mainEntityOfPage\":{\"@id\":\"https:\\\/\\\/batijournal.com\\\/index.php\\\/profession-animateur-bois-construction\\\/75060\\\/\"},\"wordCount\":152,\"commentCount\":0,\"keywords\":[\"interprofession\"],\"articleSection\":[\"\u00c9conomie &amp; March\u00e9s\"],\"inLanguage\":\"fr-FR\",\"potentialAction\":[{\"@type\":\"CommentAction\",\"name\":\"Comment\",\"target\":[\"https:\\\/\\\/batijournal.com\\\/index.php\\\/profession-animateur-bois-construction\\\/75060\\\/#respond\"]}]},{\"@type\":\"WebPage\",\"@id\":\"https:\\\/\\\/batijournal.com\\\/index.php\\\/profession-animateur-bois-construction\\\/75060\\\/\",\"url\":\"https:\\\/\\\/batijournal.com\\\/index.php\\\/profession-animateur-bois-construction\\\/75060\\\/\",\"name\":\"Profession animateur bois construction\",\"isPartOf\":{\"@id\":\"https:\\\/\\\/batijournal.com\\\/#website\"},\"datePublished\":\"2007-07-02T12:17:48+00:00\",\"dateModified\":\"2019-07-15T10:00:53+00:00\",\"author\":{\"@id\":\"https:\\\/\\\/batijournal.com\\\/#\\\/schema\\\/person\\\/6a657e8967569e1b299972574848aa76\"},\"breadcrumb\":{\"@id\":\"https:\\\/\\\/batijournal.com\\\/index.php\\\/profession-animateur-bois-construction\\\/75060\\\/#breadcrumb\"},\"inLanguage\":\"fr-FR\",\"potentialAction\":[{\"@type\":\"ReadAction\",\"target\":[\"https:\\\/\\\/batijournal.com\\\/index.php\\\/profession-animateur-bois-construction\\\/75060\\\/\"]}]},{\"@type\":\"BreadcrumbList\",\"@id\":\"https:\\\/\\\/batijournal.com\\\/index.php\\\/profession-animateur-bois-construction\\\/75060\\\/#breadcrumb\",\"itemListElement\":[{\"@type\":\"ListItem\",\"position\":1,\"name\":\"Accueil\",\"item\":\"https:\\\/\\\/batijournal.com\\\/\"},{\"@type\":\"ListItem\",\"position\":2,\"name\":\"Actualit\u00e9s\",\"item\":\"https:\\\/\\\/batijournal.com\\\/index.php\\\/category\\\/actualites\\\/\"},{\"@type\":\"ListItem\",\"position\":3,\"name\":\"\u00c9conomie &amp; March\u00e9s\",\"item\":\"https:\\\/\\\/batijournal.com\\\/index.php\\\/category\\\/actualites\\\/economie-marches\\\/\"},{\"@type\":\"ListItem\",\"position\":4,\"name\":\"Profession animateur bois construction\"}]},{\"@type\":\"WebSite\",\"@id\":\"https:\\\/\\\/batijournal.com\\\/#website\",\"url\":\"https:\\\/\\\/batijournal.com\\\/\",\"name\":\"Batijournal\",\"description\":\"L&#039;actualit\u00e9 du b\u00e2timent\",\"potentialAction\":[{\"@type\":\"SearchAction\",\"target\":{\"@type\":\"EntryPoint\",\"urlTemplate\":\"https:\\\/\\\/batijournal.com\\\/?s={search_term_string}\"},\"query-input\":{\"@type\":\"PropertyValueSpecification\",\"valueRequired\":true,\"valueName\":\"search_term_string\"}}],\"inLanguage\":\"fr-FR\"},{\"@type\":\"Person\",\"@id\":\"https:\\\/\\\/batijournal.com\\\/#\\\/schema\\\/person\\\/6a657e8967569e1b299972574848aa76\",\"name\":\"Bati-journal\",\"image\":{\"@type\":\"ImageObject\",\"inLanguage\":\"fr-FR\",\"@id\":\"https:\\\/\\\/secure.gravatar.com\\\/avatar\\\/a64364ea26392f9b4dd47e017ddaec74ff03aefc073b49e492e847201258f777?s=96&d=mm&r=g\",\"url\":\"https:\\\/\\\/secure.gravatar.com\\\/avatar\\\/a64364ea26392f9b4dd47e017ddaec74ff03aefc073b49e492e847201258f777?s=96&d=mm&r=g\",\"contentUrl\":\"https:\\\/\\\/secure.gravatar.com\\\/avatar\\\/a64364ea26392f9b4dd47e017ddaec74ff03aefc073b49e492e847201258f777?s=96&d=mm&r=g\",\"caption\":\"Bati-journal\"},\"url\":\"https:\\\/\\\/batijournal.com\\\/index.php\\\/author\\\/elodie\\\/\"}]}<\/script>\n<!-- \/ Yoast SEO plugin. -->","yoast_head_json":{"title":"Profession animateur bois construction","robots":{"index":"index","follow":"follow","max-snippet":"max-snippet:-1","max-image-preview":"max-image-preview:large","max-video-preview":"max-video-preview:-1"},"canonical":"https:\/\/batijournal.com\/index.php\/profession-animateur-bois-construction\/75060\/","og_locale":"fr_FR","og_type":"article","og_title":"Profession animateur bois construction","og_description":"Abi Bois, l&rsquo;association bretonne interprofessionnelle du bois, a d\u00e9cid\u00e9 d&rsquo;int\u00e9grer au sein de son \u00e9quipe, constitu\u00e9e aujourd&rsquo;hui de trois personnes, une comp\u00e9tence bois construction. Gr\u00e2ce au soutien financier du conseil r\u00e9gional, des quatre conseils g\u00e9n\u00e9raux, de la direction r\u00e9gionale de l&rsquo;Equipement, de l&rsquo;ADEME et du CNDB, ils ont ainsi recrut\u00e9 un animateur bois construction pour [&hellip;]","og_url":"https:\/\/batijournal.com\/index.php\/profession-animateur-bois-construction\/75060\/","og_site_name":"Batijournal","article_published_time":"2007-07-02T12:17:48+00:00","article_modified_time":"2019-07-15T10:00:53+00:00","author":"Bati-journal","twitter_card":"summary_large_image","twitter_creator":"@bati_journal","twitter_site":"@bati_journal","twitter_misc":{"\u00c9crit par":"Bati-journal","Dur\u00e9e de lecture estim\u00e9e":"1 minute"},"schema":{"@context":"https:\/\/schema.org","@graph":[{"@type":"Article","@id":"https:\/\/batijournal.com\/index.php\/profession-animateur-bois-construction\/75060\/#article","isPartOf":{"@id":"https:\/\/batijournal.com\/index.php\/profession-animateur-bois-construction\/75060\/"},"author":{"name":"Bati-journal","@id":"https:\/\/batijournal.com\/#\/schema\/person\/6a657e8967569e1b299972574848aa76"},"headline":"Profession animateur bois construction","datePublished":"2007-07-02T12:17:48+00:00","dateModified":"2019-07-15T10:00:53+00:00","mainEntityOfPage":{"@id":"https:\/\/batijournal.com\/index.php\/profession-animateur-bois-construction\/75060\/"},"wordCount":152,"commentCount":0,"keywords":["interprofession"],"articleSection":["\u00c9conomie &amp; March\u00e9s"],"inLanguage":"fr-FR","potentialAction":[{"@type":"CommentAction","name":"Comment","target":["https:\/\/batijournal.com\/index.php\/profession-animateur-bois-construction\/75060\/#respond"]}]},{"@type":"WebPage","@id":"https:\/\/batijournal.com\/index.php\/profession-animateur-bois-construction\/75060\/","url":"https:\/\/batijournal.com\/index.php\/profession-animateur-bois-construction\/75060\/","name":"Profession animateur bois construction","isPartOf":{"@id":"https:\/\/batijournal.com\/#website"},"datePublished":"2007-07-02T12:17:48+00:00","dateModified":"2019-07-15T10:00:53+00:00","author":{"@id":"https:\/\/batijournal.com\/#\/schema\/person\/6a657e8967569e1b299972574848aa76"},"breadcrumb":{"@id":"https:\/\/batijournal.com\/index.php\/profession-animateur-bois-construction\/75060\/#breadcrumb"},"inLanguage":"fr-FR","potentialAction":[{"@type":"ReadAction","target":["https:\/\/batijournal.com\/index.php\/profession-animateur-bois-construction\/75060\/"]}]},{"@type":"BreadcrumbList","@id":"https:\/\/batijournal.com\/index.php\/profession-animateur-bois-construction\/75060\/#breadcrumb","itemListElement":[{"@type":"ListItem","position":1,"name":"Accueil","item":"https:\/\/batijournal.com\/"},{"@type":"ListItem","position":2,"name":"Actualit\u00e9s","item":"https:\/\/batijournal.com\/index.php\/category\/actualites\/"},{"@type":"ListItem","position":3,"name":"\u00c9conomie &amp; March\u00e9s","item":"https:\/\/batijournal.com\/index.php\/category\/actualites\/economie-marches\/"},{"@type":"ListItem","position":4,"name":"Profession animateur bois construction"}]},{"@type":"WebSite","@id":"https:\/\/batijournal.com\/#website","url":"https:\/\/batijournal.com\/","name":"Batijournal","description":"L&#039;actualit\u00e9 du b\u00e2timent","potentialAction":[{"@type":"SearchAction","target":{"@type":"EntryPoint","urlTemplate":"https:\/\/batijournal.com\/?s={search_term_string}"},"query-input":{"@type":"PropertyValueSpecification","valueRequired":true,"valueName":"search_term_string"}}],"inLanguage":"fr-FR"},{"@type":"Person","@id":"https:\/\/batijournal.com\/#\/schema\/person\/6a657e8967569e1b299972574848aa76","name":"Bati-journal","image":{"@type":"ImageObject","inLanguage":"fr-FR","@id":"https:\/\/secure.gravatar.com\/avatar\/a64364ea26392f9b4dd47e017ddaec74ff03aefc073b49e492e847201258f777?s=96&d=mm&r=g","url":"https:\/\/secure.gravatar.com\/avatar\/a64364ea26392f9b4dd47e017ddaec74ff03aefc073b49e492e847201258f777?s=96&d=mm&r=g","contentUrl":"https:\/\/secure.gravatar.com\/avatar\/a64364ea26392f9b4dd47e017ddaec74ff03aefc073b49e492e847201258f777?s=96&d=mm&r=g","caption":"Bati-journal"},"url":"https:\/\/batijournal.com\/index.php\/author\/elodie\/"}]}},"_links":{"self":[{"href":"https:\/\/batijournal.com\/index.php\/wp-json\/wp\/v2\/posts\/75060","targetHints":{"allow":["GET"]}}],"collection":[{"href":"https:\/\/batijournal.com\/index.php\/wp-json\/wp\/v2\/posts"}],"about":[{"href":"https:\/\/batijournal.com\/index.php\/wp-json\/wp\/v2\/types\/post"}],"author":[{"embeddable":true,"href":"https:\/\/batijournal.com\/index.php\/wp-json\/wp\/v2\/users\/1"}],"replies":[{"embeddable":true,"href":"https:\/\/batijournal.com\/index.php\/wp-json\/wp\/v2\/comments?post=75060"}],"version-history":[{"count":0,"href":"https:\/\/batijournal.com\/index.php\/wp-json\/wp\/v2\/posts\/75060\/revisions"}],"wp:attachment":[{"href":"https:\/\/batijournal.com\/index.php\/wp-json\/wp\/v2\/media?parent=75060"}],"wp:term":[{"taxonomy":"category","embeddable":true,"href":"https:\/\/batijournal.com\/index.php\/wp-json\/wp\/v2\/categories?post=75060"},{"taxonomy":"post_tag","embeddable":true,"href":"https:\/\/batijournal.com\/index.php\/wp-json\/wp\/v2\/tags?post=75060"}],"curies":[{"name":"wp","href":"https:\/\/api.w.org\/{rel}","templated":true}]}}