{"id":75071,"date":"2007-09-04T00:00:00","date_gmt":"2007-09-03T22:00:00","guid":{"rendered":"http:\/\/b.bati-journal.com\/beaubourg-accueille-sa-nouvelle-directrice\/75071"},"modified":"2019-07-15T12:00:51","modified_gmt":"2019-07-15T10:00:51","slug":"beaubourg-accueille-sa-nouvelle-directrice","status":"publish","type":"post","link":"https:\/\/batijournal.com\/index.php\/beaubourg-accueille-sa-nouvelle-directrice\/75071\/","title":{"rendered":"Beaubourg accueille sa nouvelle directrice"},"content":{"rendered":"<p>Le Centre national d&rsquo;art et de culture Georges Pompidou accueille une nouvelle directrice. Agn\u00e8s Saal succ\u00e8de en effet \u00e0 Bruno Maquart nomm\u00e9 directeur g\u00e9n\u00e9ral de l&rsquo;Agence internationale des mus\u00e9es de France (France Mus\u00e9ums). Directrice g\u00e9n\u00e9rale de la Biblioth\u00e8que nationale de France (BNF) depuis 2001, Agn\u00e8s Saal int\u00e8gre le minist\u00e8re de la Culture de 1983 \u00e0 1990, d\u00e8s sa sortie de l&rsquo;Ecole nationale d&rsquo;administration. Directrice administrative et financi\u00e8re du Centre national de la cin\u00e9matographie jusqu&rsquo;en 1997, elle devient conseill\u00e8re budg\u00e9taire puis directrice adjointe du cabinet de Catherine Trautmann, fonction qu&rsquo;elle conserve aupr\u00e8s de Catherine Tasca.<\/p>\n","protected":false},"excerpt":{"rendered":"<p>Le Centre national d&rsquo;art et de culture Georges Pompidou accueille une nouvelle directrice. Agn\u00e8s Saal succ\u00e8de en effet \u00e0 Bruno Maquart nomm\u00e9 directeur g\u00e9n\u00e9ral de l&rsquo;Agence internationale des mus\u00e9es de France (France Mus\u00e9ums). Directrice g\u00e9n\u00e9rale de la Biblioth\u00e8que nationale de France (BNF) depuis 2001, Agn\u00e8s Saal int\u00e8gre le minist\u00e8re de la Culture de 1983 \u00e0 [&hellip;]<\/p>\n","protected":false},"author":1,"featured_media":0,"comment_status":"open","ping_status":"closed","sticky":false,"template":"","format":"standard","meta":{"_et_pb_use_builder":"","_et_pb_old_content":"","_et_gb_content_width":"","footnotes":""},"categories":[6345],"tags":[2357],"class_list":["post-75071","post","type-post","status-publish","format-standard","hentry","category-economie-marches","tag-direction"],"yoast_head":"<!-- This site is optimized with the Yoast SEO plugin v27.4 - https:\/\/yoast.com\/product\/yoast-seo-wordpress\/ -->\n<title>Beaubourg accueille sa nouvelle directrice<\/title>\n<meta name=\"robots\" content=\"index, follow, max-snippet:-1, max-image-preview:large, max-video-preview:-1\" \/>\n<link rel=\"canonical\" href=\"https:\/\/batijournal.com\/index.php\/beaubourg-accueille-sa-nouvelle-directrice\/75071\/\" \/>\n<meta property=\"og:locale\" content=\"fr_FR\" \/>\n<meta property=\"og:type\" content=\"article\" \/>\n<meta property=\"og:title\" content=\"Beaubourg accueille sa nouvelle directrice\" \/>\n<meta property=\"og:description\" content=\"Le Centre national d&rsquo;art et de culture Georges Pompidou accueille une nouvelle directrice. Agn\u00e8s Saal succ\u00e8de en effet \u00e0 Bruno Maquart nomm\u00e9 directeur g\u00e9n\u00e9ral de l&rsquo;Agence internationale des mus\u00e9es de France (France Mus\u00e9ums). Directrice g\u00e9n\u00e9rale de la Biblioth\u00e8que nationale de France (BNF) depuis 2001, Agn\u00e8s Saal int\u00e8gre le minist\u00e8re de la Culture de 1983 \u00e0 [&hellip;]\" \/>\n<meta property=\"og:url\" content=\"https:\/\/batijournal.com\/index.php\/beaubourg-accueille-sa-nouvelle-directrice\/75071\/\" \/>\n<meta property=\"og:site_name\" content=\"Batijournal\" \/>\n<meta property=\"article:published_time\" content=\"2007-09-03T22:00:00+00:00\" \/>\n<meta property=\"article:modified_time\" content=\"2019-07-15T10:00:51+00:00\" \/>\n<meta name=\"author\" content=\"Bati-journal\" \/>\n<meta name=\"twitter:card\" content=\"summary_large_image\" \/>\n<meta name=\"twitter:creator\" content=\"@bati_journal\" \/>\n<meta name=\"twitter:site\" content=\"@bati_journal\" \/>\n<meta name=\"twitter:label1\" content=\"\u00c9crit par\" \/>\n\t<meta name=\"twitter:data1\" content=\"Bati-journal\" \/>\n\t<meta name=\"twitter:label2\" content=\"Dur\u00e9e de lecture estim\u00e9e\" \/>\n\t<meta name=\"twitter:data2\" content=\"1 minute\" \/>\n<script type=\"application\/ld+json\" class=\"yoast-schema-graph\">{\"@context\":\"https:\\\/\\\/schema.org\",\"@graph\":[{\"@type\":\"Article\",\"@id\":\"https:\\\/\\\/batijournal.com\\\/index.php\\\/beaubourg-accueille-sa-nouvelle-directrice\\\/75071\\\/#article\",\"isPartOf\":{\"@id\":\"https:\\\/\\\/batijournal.com\\\/index.php\\\/beaubourg-accueille-sa-nouvelle-directrice\\\/75071\\\/\"},\"author\":{\"name\":\"Bati-journal\",\"@id\":\"https:\\\/\\\/batijournal.com\\\/#\\\/schema\\\/person\\\/6a657e8967569e1b299972574848aa76\"},\"headline\":\"Beaubourg accueille sa nouvelle directrice\",\"datePublished\":\"2007-09-03T22:00:00+00:00\",\"dateModified\":\"2019-07-15T10:00:51+00:00\",\"mainEntityOfPage\":{\"@id\":\"https:\\\/\\\/batijournal.com\\\/index.php\\\/beaubourg-accueille-sa-nouvelle-directrice\\\/75071\\\/\"},\"wordCount\":117,\"commentCount\":0,\"keywords\":[\"Direction\"],\"articleSection\":[\"\u00c9conomie &amp; March\u00e9s\"],\"inLanguage\":\"fr-FR\",\"potentialAction\":[{\"@type\":\"CommentAction\",\"name\":\"Comment\",\"target\":[\"https:\\\/\\\/batijournal.com\\\/index.php\\\/beaubourg-accueille-sa-nouvelle-directrice\\\/75071\\\/#respond\"]}]},{\"@type\":\"WebPage\",\"@id\":\"https:\\\/\\\/batijournal.com\\\/index.php\\\/beaubourg-accueille-sa-nouvelle-directrice\\\/75071\\\/\",\"url\":\"https:\\\/\\\/batijournal.com\\\/index.php\\\/beaubourg-accueille-sa-nouvelle-directrice\\\/75071\\\/\",\"name\":\"Beaubourg accueille sa nouvelle directrice\",\"isPartOf\":{\"@id\":\"https:\\\/\\\/batijournal.com\\\/#website\"},\"datePublished\":\"2007-09-03T22:00:00+00:00\",\"dateModified\":\"2019-07-15T10:00:51+00:00\",\"author\":{\"@id\":\"https:\\\/\\\/batijournal.com\\\/#\\\/schema\\\/person\\\/6a657e8967569e1b299972574848aa76\"},\"breadcrumb\":{\"@id\":\"https:\\\/\\\/batijournal.com\\\/index.php\\\/beaubourg-accueille-sa-nouvelle-directrice\\\/75071\\\/#breadcrumb\"},\"inLanguage\":\"fr-FR\",\"potentialAction\":[{\"@type\":\"ReadAction\",\"target\":[\"https:\\\/\\\/batijournal.com\\\/index.php\\\/beaubourg-accueille-sa-nouvelle-directrice\\\/75071\\\/\"]}]},{\"@type\":\"BreadcrumbList\",\"@id\":\"https:\\\/\\\/batijournal.com\\\/index.php\\\/beaubourg-accueille-sa-nouvelle-directrice\\\/75071\\\/#breadcrumb\",\"itemListElement\":[{\"@type\":\"ListItem\",\"position\":1,\"name\":\"Accueil\",\"item\":\"https:\\\/\\\/batijournal.com\\\/\"},{\"@type\":\"ListItem\",\"position\":2,\"name\":\"Actualit\u00e9s\",\"item\":\"https:\\\/\\\/batijournal.com\\\/index.php\\\/category\\\/actualites\\\/\"},{\"@type\":\"ListItem\",\"position\":3,\"name\":\"\u00c9conomie &amp; March\u00e9s\",\"item\":\"https:\\\/\\\/batijournal.com\\\/index.php\\\/category\\\/actualites\\\/economie-marches\\\/\"},{\"@type\":\"ListItem\",\"position\":4,\"name\":\"Beaubourg accueille sa nouvelle directrice\"}]},{\"@type\":\"WebSite\",\"@id\":\"https:\\\/\\\/batijournal.com\\\/#website\",\"url\":\"https:\\\/\\\/batijournal.com\\\/\",\"name\":\"Batijournal\",\"description\":\"L&#039;actualit\u00e9 du b\u00e2timent\",\"potentialAction\":[{\"@type\":\"SearchAction\",\"target\":{\"@type\":\"EntryPoint\",\"urlTemplate\":\"https:\\\/\\\/batijournal.com\\\/?s={search_term_string}\"},\"query-input\":{\"@type\":\"PropertyValueSpecification\",\"valueRequired\":true,\"valueName\":\"search_term_string\"}}],\"inLanguage\":\"fr-FR\"},{\"@type\":\"Person\",\"@id\":\"https:\\\/\\\/batijournal.com\\\/#\\\/schema\\\/person\\\/6a657e8967569e1b299972574848aa76\",\"name\":\"Bati-journal\",\"image\":{\"@type\":\"ImageObject\",\"inLanguage\":\"fr-FR\",\"@id\":\"https:\\\/\\\/secure.gravatar.com\\\/avatar\\\/a64364ea26392f9b4dd47e017ddaec74ff03aefc073b49e492e847201258f777?s=96&d=mm&r=g\",\"url\":\"https:\\\/\\\/secure.gravatar.com\\\/avatar\\\/a64364ea26392f9b4dd47e017ddaec74ff03aefc073b49e492e847201258f777?s=96&d=mm&r=g\",\"contentUrl\":\"https:\\\/\\\/secure.gravatar.com\\\/avatar\\\/a64364ea26392f9b4dd47e017ddaec74ff03aefc073b49e492e847201258f777?s=96&d=mm&r=g\",\"caption\":\"Bati-journal\"},\"url\":\"https:\\\/\\\/batijournal.com\\\/index.php\\\/author\\\/elodie\\\/\"}]}<\/script>\n<!-- \/ Yoast SEO plugin. -->","yoast_head_json":{"title":"Beaubourg accueille sa nouvelle directrice","robots":{"index":"index","follow":"follow","max-snippet":"max-snippet:-1","max-image-preview":"max-image-preview:large","max-video-preview":"max-video-preview:-1"},"canonical":"https:\/\/batijournal.com\/index.php\/beaubourg-accueille-sa-nouvelle-directrice\/75071\/","og_locale":"fr_FR","og_type":"article","og_title":"Beaubourg accueille sa nouvelle directrice","og_description":"Le Centre national d&rsquo;art et de culture Georges Pompidou accueille une nouvelle directrice. Agn\u00e8s Saal succ\u00e8de en effet \u00e0 Bruno Maquart nomm\u00e9 directeur g\u00e9n\u00e9ral de l&rsquo;Agence internationale des mus\u00e9es de France (France Mus\u00e9ums). Directrice g\u00e9n\u00e9rale de la Biblioth\u00e8que nationale de France (BNF) depuis 2001, Agn\u00e8s Saal int\u00e8gre le minist\u00e8re de la Culture de 1983 \u00e0 [&hellip;]","og_url":"https:\/\/batijournal.com\/index.php\/beaubourg-accueille-sa-nouvelle-directrice\/75071\/","og_site_name":"Batijournal","article_published_time":"2007-09-03T22:00:00+00:00","article_modified_time":"2019-07-15T10:00:51+00:00","author":"Bati-journal","twitter_card":"summary_large_image","twitter_creator":"@bati_journal","twitter_site":"@bati_journal","twitter_misc":{"\u00c9crit par":"Bati-journal","Dur\u00e9e de lecture estim\u00e9e":"1 minute"},"schema":{"@context":"https:\/\/schema.org","@graph":[{"@type":"Article","@id":"https:\/\/batijournal.com\/index.php\/beaubourg-accueille-sa-nouvelle-directrice\/75071\/#article","isPartOf":{"@id":"https:\/\/batijournal.com\/index.php\/beaubourg-accueille-sa-nouvelle-directrice\/75071\/"},"author":{"name":"Bati-journal","@id":"https:\/\/batijournal.com\/#\/schema\/person\/6a657e8967569e1b299972574848aa76"},"headline":"Beaubourg accueille sa nouvelle directrice","datePublished":"2007-09-03T22:00:00+00:00","dateModified":"2019-07-15T10:00:51+00:00","mainEntityOfPage":{"@id":"https:\/\/batijournal.com\/index.php\/beaubourg-accueille-sa-nouvelle-directrice\/75071\/"},"wordCount":117,"commentCount":0,"keywords":["Direction"],"articleSection":["\u00c9conomie &amp; March\u00e9s"],"inLanguage":"fr-FR","potentialAction":[{"@type":"CommentAction","name":"Comment","target":["https:\/\/batijournal.com\/index.php\/beaubourg-accueille-sa-nouvelle-directrice\/75071\/#respond"]}]},{"@type":"WebPage","@id":"https:\/\/batijournal.com\/index.php\/beaubourg-accueille-sa-nouvelle-directrice\/75071\/","url":"https:\/\/batijournal.com\/index.php\/beaubourg-accueille-sa-nouvelle-directrice\/75071\/","name":"Beaubourg accueille sa nouvelle directrice","isPartOf":{"@id":"https:\/\/batijournal.com\/#website"},"datePublished":"2007-09-03T22:00:00+00:00","dateModified":"2019-07-15T10:00:51+00:00","author":{"@id":"https:\/\/batijournal.com\/#\/schema\/person\/6a657e8967569e1b299972574848aa76"},"breadcrumb":{"@id":"https:\/\/batijournal.com\/index.php\/beaubourg-accueille-sa-nouvelle-directrice\/75071\/#breadcrumb"},"inLanguage":"fr-FR","potentialAction":[{"@type":"ReadAction","target":["https:\/\/batijournal.com\/index.php\/beaubourg-accueille-sa-nouvelle-directrice\/75071\/"]}]},{"@type":"BreadcrumbList","@id":"https:\/\/batijournal.com\/index.php\/beaubourg-accueille-sa-nouvelle-directrice\/75071\/#breadcrumb","itemListElement":[{"@type":"ListItem","position":1,"name":"Accueil","item":"https:\/\/batijournal.com\/"},{"@type":"ListItem","position":2,"name":"Actualit\u00e9s","item":"https:\/\/batijournal.com\/index.php\/category\/actualites\/"},{"@type":"ListItem","position":3,"name":"\u00c9conomie &amp; March\u00e9s","item":"https:\/\/batijournal.com\/index.php\/category\/actualites\/economie-marches\/"},{"@type":"ListItem","position":4,"name":"Beaubourg accueille sa nouvelle directrice"}]},{"@type":"WebSite","@id":"https:\/\/batijournal.com\/#website","url":"https:\/\/batijournal.com\/","name":"Batijournal","description":"L&#039;actualit\u00e9 du b\u00e2timent","potentialAction":[{"@type":"SearchAction","target":{"@type":"EntryPoint","urlTemplate":"https:\/\/batijournal.com\/?s={search_term_string}"},"query-input":{"@type":"PropertyValueSpecification","valueRequired":true,"valueName":"search_term_string"}}],"inLanguage":"fr-FR"},{"@type":"Person","@id":"https:\/\/batijournal.com\/#\/schema\/person\/6a657e8967569e1b299972574848aa76","name":"Bati-journal","image":{"@type":"ImageObject","inLanguage":"fr-FR","@id":"https:\/\/secure.gravatar.com\/avatar\/a64364ea26392f9b4dd47e017ddaec74ff03aefc073b49e492e847201258f777?s=96&d=mm&r=g","url":"https:\/\/secure.gravatar.com\/avatar\/a64364ea26392f9b4dd47e017ddaec74ff03aefc073b49e492e847201258f777?s=96&d=mm&r=g","contentUrl":"https:\/\/secure.gravatar.com\/avatar\/a64364ea26392f9b4dd47e017ddaec74ff03aefc073b49e492e847201258f777?s=96&d=mm&r=g","caption":"Bati-journal"},"url":"https:\/\/batijournal.com\/index.php\/author\/elodie\/"}]}},"_links":{"self":[{"href":"https:\/\/batijournal.com\/index.php\/wp-json\/wp\/v2\/posts\/75071","targetHints":{"allow":["GET"]}}],"collection":[{"href":"https:\/\/batijournal.com\/index.php\/wp-json\/wp\/v2\/posts"}],"about":[{"href":"https:\/\/batijournal.com\/index.php\/wp-json\/wp\/v2\/types\/post"}],"author":[{"embeddable":true,"href":"https:\/\/batijournal.com\/index.php\/wp-json\/wp\/v2\/users\/1"}],"replies":[{"embeddable":true,"href":"https:\/\/batijournal.com\/index.php\/wp-json\/wp\/v2\/comments?post=75071"}],"version-history":[{"count":0,"href":"https:\/\/batijournal.com\/index.php\/wp-json\/wp\/v2\/posts\/75071\/revisions"}],"wp:attachment":[{"href":"https:\/\/batijournal.com\/index.php\/wp-json\/wp\/v2\/media?parent=75071"}],"wp:term":[{"taxonomy":"category","embeddable":true,"href":"https:\/\/batijournal.com\/index.php\/wp-json\/wp\/v2\/categories?post=75071"},{"taxonomy":"post_tag","embeddable":true,"href":"https:\/\/batijournal.com\/index.php\/wp-json\/wp\/v2\/tags?post=75071"}],"curies":[{"name":"wp","href":"https:\/\/api.w.org\/{rel}","templated":true}]}}