{"id":75101,"date":"2007-12-05T16:05:34","date_gmt":"2007-12-05T15:05:34","guid":{"rendered":"http:\/\/b.bati-journal.com\/logements-collectifs-bois-la-conference-passe-a-chalons-en-champagne\/75101"},"modified":"2019-07-15T12:00:48","modified_gmt":"2019-07-15T10:00:48","slug":"logements-collectifs-bois-la-conference-passe-a-chalons-en-champagne","status":"publish","type":"post","link":"https:\/\/batijournal.com\/index.php\/logements-collectifs-bois-la-conference-passe-a-chalons-en-champagne\/75101\/","title":{"rendered":"Logements collectifs bois, la conf\u00e9rence passe \u00e0 Ch\u00e2lons-en-Champagne"},"content":{"rendered":"<p>Dans le cadre de sa campagne \u201cLe bois c&rsquo;est essentiel\u201c, le CNDB (Comit\u00e9 national pour le d\u00e9veloppement du bois), soutenu par France Bois For\u00eat, et la F\u00e9d\u00e9ration su\u00e9doise des industries foresti\u00e8res, organisent une conf\u00e9rence \u00e0 Ch\u00e2lons-en-Champagne : \u201cLogements collectifs et performances \u00e9nerg\u00e9tiques, des solutions constructives bois\u201c. Entreprises, ma\u00eetres d&rsquo;oeuvre, ma\u00eetres d&rsquo;ouvrage et bureaux d&rsquo;ing\u00e9nierie feront le point sur les solutions bois et ses performances en mati\u00e8re de thermique, d&rsquo;acoustique, de s\u00e9curit\u00e9 incendie et de co\u00fbt de construction dans un secteur o\u00f9 ce mat\u00e9riau est encore trop peu utilis\u00e9. De 17 h \u00e0 19 h 30, \u00a0au centre de conf\u00e9rences Gabriel Rigot, au Complexe agricole du Mont-Bernard, Route de Suippes, \u00e0 Ch\u00e2lons-en-Champagne (Marne).<\/p>\n","protected":false},"excerpt":{"rendered":"<p>Dans le cadre de sa campagne \u201cLe bois c&rsquo;est essentiel\u201c, le CNDB (Comit\u00e9 national pour le d\u00e9veloppement du bois), soutenu par France Bois For\u00eat, et la F\u00e9d\u00e9ration su\u00e9doise des industries foresti\u00e8res, organisent une conf\u00e9rence \u00e0 Ch\u00e2lons-en-Champagne : \u201cLogements collectifs et performances \u00e9nerg\u00e9tiques, des solutions constructives bois\u201c. Entreprises, ma\u00eetres d&rsquo;oeuvre, ma\u00eetres d&rsquo;ouvrage et bureaux d&rsquo;ing\u00e9nierie feront [&hellip;]<\/p>\n","protected":false},"author":1,"featured_media":0,"comment_status":"open","ping_status":"closed","sticky":false,"template":"","format":"standard","meta":{"_et_pb_use_builder":"","_et_pb_old_content":"","_et_gb_content_width":"","footnotes":""},"categories":[6345],"tags":[44,11046,64],"class_list":["post-75101","post","type-post","status-publish","format-standard","hentry","category-economie-marches","tag-bois","tag-cndb","tag-fbf"],"yoast_head":"<!-- This site is optimized with the Yoast SEO plugin v27.4 - https:\/\/yoast.com\/product\/yoast-seo-wordpress\/ -->\n<title>Logements collectifs bois, la conf\u00e9rence passe \u00e0 Ch\u00e2lons-en-Champagne<\/title>\n<meta name=\"robots\" content=\"index, follow, max-snippet:-1, max-image-preview:large, max-video-preview:-1\" \/>\n<link rel=\"canonical\" href=\"https:\/\/batijournal.com\/index.php\/logements-collectifs-bois-la-conference-passe-a-chalons-en-champagne\/75101\/\" \/>\n<meta property=\"og:locale\" content=\"fr_FR\" \/>\n<meta property=\"og:type\" content=\"article\" \/>\n<meta property=\"og:title\" content=\"Logements collectifs bois, la conf\u00e9rence passe \u00e0 Ch\u00e2lons-en-Champagne\" \/>\n<meta property=\"og:description\" content=\"Dans le cadre de sa campagne \u201cLe bois c&rsquo;est essentiel\u201c, le CNDB (Comit\u00e9 national pour le d\u00e9veloppement du bois), soutenu par France Bois For\u00eat, et la F\u00e9d\u00e9ration su\u00e9doise des industries foresti\u00e8res, organisent une conf\u00e9rence \u00e0 Ch\u00e2lons-en-Champagne : \u201cLogements collectifs et performances \u00e9nerg\u00e9tiques, des solutions constructives bois\u201c. Entreprises, ma\u00eetres d&rsquo;oeuvre, ma\u00eetres d&rsquo;ouvrage et bureaux d&rsquo;ing\u00e9nierie feront [&hellip;]\" \/>\n<meta property=\"og:url\" content=\"https:\/\/batijournal.com\/index.php\/logements-collectifs-bois-la-conference-passe-a-chalons-en-champagne\/75101\/\" \/>\n<meta property=\"og:site_name\" content=\"Batijournal\" \/>\n<meta property=\"article:published_time\" content=\"2007-12-05T15:05:34+00:00\" \/>\n<meta property=\"article:modified_time\" content=\"2019-07-15T10:00:48+00:00\" \/>\n<meta name=\"author\" content=\"Bati-journal\" \/>\n<meta name=\"twitter:card\" content=\"summary_large_image\" \/>\n<meta name=\"twitter:creator\" content=\"@bati_journal\" \/>\n<meta name=\"twitter:site\" content=\"@bati_journal\" \/>\n<meta name=\"twitter:label1\" content=\"\u00c9crit par\" \/>\n\t<meta name=\"twitter:data1\" content=\"Bati-journal\" \/>\n\t<meta name=\"twitter:label2\" content=\"Dur\u00e9e de lecture estim\u00e9e\" \/>\n\t<meta name=\"twitter:data2\" content=\"1 minute\" \/>\n<script type=\"application\/ld+json\" class=\"yoast-schema-graph\">{\"@context\":\"https:\\\/\\\/schema.org\",\"@graph\":[{\"@type\":\"Article\",\"@id\":\"https:\\\/\\\/batijournal.com\\\/index.php\\\/logements-collectifs-bois-la-conference-passe-a-chalons-en-champagne\\\/75101\\\/#article\",\"isPartOf\":{\"@id\":\"https:\\\/\\\/batijournal.com\\\/index.php\\\/logements-collectifs-bois-la-conference-passe-a-chalons-en-champagne\\\/75101\\\/\"},\"author\":{\"name\":\"Bati-journal\",\"@id\":\"https:\\\/\\\/batijournal.com\\\/#\\\/schema\\\/person\\\/6a657e8967569e1b299972574848aa76\"},\"headline\":\"Logements collectifs bois, la conf\u00e9rence passe \u00e0 Ch\u00e2lons-en-Champagne\",\"datePublished\":\"2007-12-05T15:05:34+00:00\",\"dateModified\":\"2019-07-15T10:00:48+00:00\",\"mainEntityOfPage\":{\"@id\":\"https:\\\/\\\/batijournal.com\\\/index.php\\\/logements-collectifs-bois-la-conference-passe-a-chalons-en-champagne\\\/75101\\\/\"},\"wordCount\":137,\"commentCount\":0,\"keywords\":[\"bois\",\"CNDB\",\"FBF\"],\"articleSection\":[\"\u00c9conomie &amp; March\u00e9s\"],\"inLanguage\":\"fr-FR\",\"potentialAction\":[{\"@type\":\"CommentAction\",\"name\":\"Comment\",\"target\":[\"https:\\\/\\\/batijournal.com\\\/index.php\\\/logements-collectifs-bois-la-conference-passe-a-chalons-en-champagne\\\/75101\\\/#respond\"]}]},{\"@type\":\"WebPage\",\"@id\":\"https:\\\/\\\/batijournal.com\\\/index.php\\\/logements-collectifs-bois-la-conference-passe-a-chalons-en-champagne\\\/75101\\\/\",\"url\":\"https:\\\/\\\/batijournal.com\\\/index.php\\\/logements-collectifs-bois-la-conference-passe-a-chalons-en-champagne\\\/75101\\\/\",\"name\":\"Logements collectifs bois, la conf\u00e9rence passe \u00e0 Ch\u00e2lons-en-Champagne\",\"isPartOf\":{\"@id\":\"https:\\\/\\\/batijournal.com\\\/#website\"},\"datePublished\":\"2007-12-05T15:05:34+00:00\",\"dateModified\":\"2019-07-15T10:00:48+00:00\",\"author\":{\"@id\":\"https:\\\/\\\/batijournal.com\\\/#\\\/schema\\\/person\\\/6a657e8967569e1b299972574848aa76\"},\"breadcrumb\":{\"@id\":\"https:\\\/\\\/batijournal.com\\\/index.php\\\/logements-collectifs-bois-la-conference-passe-a-chalons-en-champagne\\\/75101\\\/#breadcrumb\"},\"inLanguage\":\"fr-FR\",\"potentialAction\":[{\"@type\":\"ReadAction\",\"target\":[\"https:\\\/\\\/batijournal.com\\\/index.php\\\/logements-collectifs-bois-la-conference-passe-a-chalons-en-champagne\\\/75101\\\/\"]}]},{\"@type\":\"BreadcrumbList\",\"@id\":\"https:\\\/\\\/batijournal.com\\\/index.php\\\/logements-collectifs-bois-la-conference-passe-a-chalons-en-champagne\\\/75101\\\/#breadcrumb\",\"itemListElement\":[{\"@type\":\"ListItem\",\"position\":1,\"name\":\"Accueil\",\"item\":\"https:\\\/\\\/batijournal.com\\\/\"},{\"@type\":\"ListItem\",\"position\":2,\"name\":\"Actualit\u00e9s\",\"item\":\"https:\\\/\\\/batijournal.com\\\/index.php\\\/category\\\/actualites\\\/\"},{\"@type\":\"ListItem\",\"position\":3,\"name\":\"\u00c9conomie &amp; March\u00e9s\",\"item\":\"https:\\\/\\\/batijournal.com\\\/index.php\\\/category\\\/actualites\\\/economie-marches\\\/\"},{\"@type\":\"ListItem\",\"position\":4,\"name\":\"Logements collectifs bois, la conf\u00e9rence passe \u00e0 Ch\u00e2lons-en-Champagne\"}]},{\"@type\":\"WebSite\",\"@id\":\"https:\\\/\\\/batijournal.com\\\/#website\",\"url\":\"https:\\\/\\\/batijournal.com\\\/\",\"name\":\"Batijournal\",\"description\":\"L&#039;actualit\u00e9 du b\u00e2timent\",\"potentialAction\":[{\"@type\":\"SearchAction\",\"target\":{\"@type\":\"EntryPoint\",\"urlTemplate\":\"https:\\\/\\\/batijournal.com\\\/?s={search_term_string}\"},\"query-input\":{\"@type\":\"PropertyValueSpecification\",\"valueRequired\":true,\"valueName\":\"search_term_string\"}}],\"inLanguage\":\"fr-FR\"},{\"@type\":\"Person\",\"@id\":\"https:\\\/\\\/batijournal.com\\\/#\\\/schema\\\/person\\\/6a657e8967569e1b299972574848aa76\",\"name\":\"Bati-journal\",\"image\":{\"@type\":\"ImageObject\",\"inLanguage\":\"fr-FR\",\"@id\":\"https:\\\/\\\/secure.gravatar.com\\\/avatar\\\/a64364ea26392f9b4dd47e017ddaec74ff03aefc073b49e492e847201258f777?s=96&d=mm&r=g\",\"url\":\"https:\\\/\\\/secure.gravatar.com\\\/avatar\\\/a64364ea26392f9b4dd47e017ddaec74ff03aefc073b49e492e847201258f777?s=96&d=mm&r=g\",\"contentUrl\":\"https:\\\/\\\/secure.gravatar.com\\\/avatar\\\/a64364ea26392f9b4dd47e017ddaec74ff03aefc073b49e492e847201258f777?s=96&d=mm&r=g\",\"caption\":\"Bati-journal\"},\"url\":\"https:\\\/\\\/batijournal.com\\\/index.php\\\/author\\\/elodie\\\/\"}]}<\/script>\n<!-- \/ Yoast SEO plugin. -->","yoast_head_json":{"title":"Logements collectifs bois, la conf\u00e9rence passe \u00e0 Ch\u00e2lons-en-Champagne","robots":{"index":"index","follow":"follow","max-snippet":"max-snippet:-1","max-image-preview":"max-image-preview:large","max-video-preview":"max-video-preview:-1"},"canonical":"https:\/\/batijournal.com\/index.php\/logements-collectifs-bois-la-conference-passe-a-chalons-en-champagne\/75101\/","og_locale":"fr_FR","og_type":"article","og_title":"Logements collectifs bois, la conf\u00e9rence passe \u00e0 Ch\u00e2lons-en-Champagne","og_description":"Dans le cadre de sa campagne \u201cLe bois c&rsquo;est essentiel\u201c, le CNDB (Comit\u00e9 national pour le d\u00e9veloppement du bois), soutenu par France Bois For\u00eat, et la F\u00e9d\u00e9ration su\u00e9doise des industries foresti\u00e8res, organisent une conf\u00e9rence \u00e0 Ch\u00e2lons-en-Champagne : \u201cLogements collectifs et performances \u00e9nerg\u00e9tiques, des solutions constructives bois\u201c. Entreprises, ma\u00eetres d&rsquo;oeuvre, ma\u00eetres d&rsquo;ouvrage et bureaux d&rsquo;ing\u00e9nierie feront [&hellip;]","og_url":"https:\/\/batijournal.com\/index.php\/logements-collectifs-bois-la-conference-passe-a-chalons-en-champagne\/75101\/","og_site_name":"Batijournal","article_published_time":"2007-12-05T15:05:34+00:00","article_modified_time":"2019-07-15T10:00:48+00:00","author":"Bati-journal","twitter_card":"summary_large_image","twitter_creator":"@bati_journal","twitter_site":"@bati_journal","twitter_misc":{"\u00c9crit par":"Bati-journal","Dur\u00e9e de lecture estim\u00e9e":"1 minute"},"schema":{"@context":"https:\/\/schema.org","@graph":[{"@type":"Article","@id":"https:\/\/batijournal.com\/index.php\/logements-collectifs-bois-la-conference-passe-a-chalons-en-champagne\/75101\/#article","isPartOf":{"@id":"https:\/\/batijournal.com\/index.php\/logements-collectifs-bois-la-conference-passe-a-chalons-en-champagne\/75101\/"},"author":{"name":"Bati-journal","@id":"https:\/\/batijournal.com\/#\/schema\/person\/6a657e8967569e1b299972574848aa76"},"headline":"Logements collectifs bois, la conf\u00e9rence passe \u00e0 Ch\u00e2lons-en-Champagne","datePublished":"2007-12-05T15:05:34+00:00","dateModified":"2019-07-15T10:00:48+00:00","mainEntityOfPage":{"@id":"https:\/\/batijournal.com\/index.php\/logements-collectifs-bois-la-conference-passe-a-chalons-en-champagne\/75101\/"},"wordCount":137,"commentCount":0,"keywords":["bois","CNDB","FBF"],"articleSection":["\u00c9conomie &amp; March\u00e9s"],"inLanguage":"fr-FR","potentialAction":[{"@type":"CommentAction","name":"Comment","target":["https:\/\/batijournal.com\/index.php\/logements-collectifs-bois-la-conference-passe-a-chalons-en-champagne\/75101\/#respond"]}]},{"@type":"WebPage","@id":"https:\/\/batijournal.com\/index.php\/logements-collectifs-bois-la-conference-passe-a-chalons-en-champagne\/75101\/","url":"https:\/\/batijournal.com\/index.php\/logements-collectifs-bois-la-conference-passe-a-chalons-en-champagne\/75101\/","name":"Logements collectifs bois, la conf\u00e9rence passe \u00e0 Ch\u00e2lons-en-Champagne","isPartOf":{"@id":"https:\/\/batijournal.com\/#website"},"datePublished":"2007-12-05T15:05:34+00:00","dateModified":"2019-07-15T10:00:48+00:00","author":{"@id":"https:\/\/batijournal.com\/#\/schema\/person\/6a657e8967569e1b299972574848aa76"},"breadcrumb":{"@id":"https:\/\/batijournal.com\/index.php\/logements-collectifs-bois-la-conference-passe-a-chalons-en-champagne\/75101\/#breadcrumb"},"inLanguage":"fr-FR","potentialAction":[{"@type":"ReadAction","target":["https:\/\/batijournal.com\/index.php\/logements-collectifs-bois-la-conference-passe-a-chalons-en-champagne\/75101\/"]}]},{"@type":"BreadcrumbList","@id":"https:\/\/batijournal.com\/index.php\/logements-collectifs-bois-la-conference-passe-a-chalons-en-champagne\/75101\/#breadcrumb","itemListElement":[{"@type":"ListItem","position":1,"name":"Accueil","item":"https:\/\/batijournal.com\/"},{"@type":"ListItem","position":2,"name":"Actualit\u00e9s","item":"https:\/\/batijournal.com\/index.php\/category\/actualites\/"},{"@type":"ListItem","position":3,"name":"\u00c9conomie &amp; March\u00e9s","item":"https:\/\/batijournal.com\/index.php\/category\/actualites\/economie-marches\/"},{"@type":"ListItem","position":4,"name":"Logements collectifs bois, la conf\u00e9rence passe \u00e0 Ch\u00e2lons-en-Champagne"}]},{"@type":"WebSite","@id":"https:\/\/batijournal.com\/#website","url":"https:\/\/batijournal.com\/","name":"Batijournal","description":"L&#039;actualit\u00e9 du b\u00e2timent","potentialAction":[{"@type":"SearchAction","target":{"@type":"EntryPoint","urlTemplate":"https:\/\/batijournal.com\/?s={search_term_string}"},"query-input":{"@type":"PropertyValueSpecification","valueRequired":true,"valueName":"search_term_string"}}],"inLanguage":"fr-FR"},{"@type":"Person","@id":"https:\/\/batijournal.com\/#\/schema\/person\/6a657e8967569e1b299972574848aa76","name":"Bati-journal","image":{"@type":"ImageObject","inLanguage":"fr-FR","@id":"https:\/\/secure.gravatar.com\/avatar\/a64364ea26392f9b4dd47e017ddaec74ff03aefc073b49e492e847201258f777?s=96&d=mm&r=g","url":"https:\/\/secure.gravatar.com\/avatar\/a64364ea26392f9b4dd47e017ddaec74ff03aefc073b49e492e847201258f777?s=96&d=mm&r=g","contentUrl":"https:\/\/secure.gravatar.com\/avatar\/a64364ea26392f9b4dd47e017ddaec74ff03aefc073b49e492e847201258f777?s=96&d=mm&r=g","caption":"Bati-journal"},"url":"https:\/\/batijournal.com\/index.php\/author\/elodie\/"}]}},"_links":{"self":[{"href":"https:\/\/batijournal.com\/index.php\/wp-json\/wp\/v2\/posts\/75101","targetHints":{"allow":["GET"]}}],"collection":[{"href":"https:\/\/batijournal.com\/index.php\/wp-json\/wp\/v2\/posts"}],"about":[{"href":"https:\/\/batijournal.com\/index.php\/wp-json\/wp\/v2\/types\/post"}],"author":[{"embeddable":true,"href":"https:\/\/batijournal.com\/index.php\/wp-json\/wp\/v2\/users\/1"}],"replies":[{"embeddable":true,"href":"https:\/\/batijournal.com\/index.php\/wp-json\/wp\/v2\/comments?post=75101"}],"version-history":[{"count":0,"href":"https:\/\/batijournal.com\/index.php\/wp-json\/wp\/v2\/posts\/75101\/revisions"}],"wp:attachment":[{"href":"https:\/\/batijournal.com\/index.php\/wp-json\/wp\/v2\/media?parent=75101"}],"wp:term":[{"taxonomy":"category","embeddable":true,"href":"https:\/\/batijournal.com\/index.php\/wp-json\/wp\/v2\/categories?post=75101"},{"taxonomy":"post_tag","embeddable":true,"href":"https:\/\/batijournal.com\/index.php\/wp-json\/wp\/v2\/tags?post=75101"}],"curies":[{"name":"wp","href":"https:\/\/api.w.org\/{rel}","templated":true}]}}