{"id":75171,"date":"2008-07-01T14:17:00","date_gmt":"2008-07-01T12:17:00","guid":{"rendered":"http:\/\/b.bati-journal.com\/un-nouveau-dirigeant-pour-mab\/75171"},"modified":"2019-07-15T12:00:41","modified_gmt":"2019-07-15T10:00:41","slug":"un-nouveau-dirigeant-pour-mab","status":"publish","type":"post","link":"https:\/\/batijournal.com\/index.php\/un-nouveau-dirigeant-pour-mab\/75171\/","title":{"rendered":"Un nouveau dirigeant pour MAB"},"content":{"rendered":"<p>Depuis le 10 avril dernier, la soci\u00e9t\u00e9 MAB SAS, fabricant de portes d&rsquo;\u0092entr\u00e9e \u00e0 proximit\u00e9 de Bourg-en-Bresse (Ain), est dirig\u00e9e par Francis Sournac. Successivement responsable de production chez Lapeyre, puis directeur d\u0092usine dans le groupe BEL\u0092M, le nouveau pr\u00e9sident souhaite d\u00e9velopper l&rsquo;entreprise au niveau national, notamment sur le march\u00e9 de la porte d&rsquo;entr\u00e9e haut et moyen de gamme. Parall\u00e8lement, l&rsquo;entreprise a lanc\u00e9 son nouveau catalogue qui pr\u00e9sente plus de 250 mod\u00e8les de portes en bois, PVC et acier. Cette menuiserie industrielle \u00e9tait dirig\u00e9e depuis plus de 142 ans par la famille Curial, dont quatre g\u00e9n\u00e9rations se sont succ\u00e9d\u00e9es de p\u00e8re en fils.<\/p>\n","protected":false},"excerpt":{"rendered":"<p>Depuis le 10 avril dernier, la soci\u00e9t\u00e9 MAB SAS, fabricant de portes d&rsquo;\u0092entr\u00e9e \u00e0 proximit\u00e9 de Bourg-en-Bresse (Ain), est dirig\u00e9e par Francis Sournac. Successivement responsable de production chez Lapeyre, puis directeur d\u0092usine dans le groupe BEL\u0092M, le nouveau pr\u00e9sident souhaite d\u00e9velopper l&rsquo;entreprise au niveau national, notamment sur le march\u00e9 de la porte d&rsquo;entr\u00e9e haut et [&hellip;]<\/p>\n","protected":false},"author":1,"featured_media":75172,"comment_status":"open","ping_status":"closed","sticky":false,"template":"","format":"standard","meta":{"_et_pb_use_builder":"","_et_pb_old_content":"","_et_gb_content_width":"","footnotes":""},"categories":[6345],"tags":[],"class_list":["post-75171","post","type-post","status-publish","format-standard","has-post-thumbnail","hentry","category-economie-marches"],"yoast_head":"<!-- This site is optimized with the Yoast SEO plugin v27.4 - https:\/\/yoast.com\/product\/yoast-seo-wordpress\/ -->\n<title>Un nouveau dirigeant pour MAB<\/title>\n<meta name=\"robots\" content=\"index, follow, max-snippet:-1, max-image-preview:large, max-video-preview:-1\" \/>\n<link rel=\"canonical\" href=\"https:\/\/batijournal.com\/index.php\/un-nouveau-dirigeant-pour-mab\/75171\/\" \/>\n<meta property=\"og:locale\" content=\"fr_FR\" \/>\n<meta property=\"og:type\" content=\"article\" \/>\n<meta property=\"og:title\" content=\"Un nouveau dirigeant pour MAB\" \/>\n<meta property=\"og:description\" content=\"Depuis le 10 avril dernier, la soci\u00e9t\u00e9 MAB SAS, fabricant de portes d&rsquo;\u0092entr\u00e9e \u00e0 proximit\u00e9 de Bourg-en-Bresse (Ain), est dirig\u00e9e par Francis Sournac. Successivement responsable de production chez Lapeyre, puis directeur d\u0092usine dans le groupe BEL\u0092M, le nouveau pr\u00e9sident souhaite d\u00e9velopper l&rsquo;entreprise au niveau national, notamment sur le march\u00e9 de la porte d&rsquo;entr\u00e9e haut et [&hellip;]\" \/>\n<meta property=\"og:url\" content=\"https:\/\/batijournal.com\/index.php\/un-nouveau-dirigeant-pour-mab\/75171\/\" \/>\n<meta property=\"og:site_name\" content=\"Batijournal\" \/>\n<meta property=\"article:published_time\" content=\"2008-07-01T12:17:00+00:00\" \/>\n<meta property=\"article:modified_time\" content=\"2019-07-15T10:00:41+00:00\" \/>\n<meta property=\"og:image\" content=\"https:\/\/batijournal.com\/wp-content\/uploads\/2015\/03\/199978.jpg\" \/>\n\t<meta property=\"og:image:width\" content=\"450\" \/>\n\t<meta property=\"og:image:height\" content=\"600\" \/>\n\t<meta property=\"og:image:type\" content=\"image\/jpeg\" \/>\n<meta name=\"author\" content=\"Bati-journal\" \/>\n<meta name=\"twitter:card\" content=\"summary_large_image\" \/>\n<meta name=\"twitter:creator\" content=\"@bati_journal\" \/>\n<meta name=\"twitter:site\" content=\"@bati_journal\" \/>\n<meta name=\"twitter:label1\" content=\"\u00c9crit par\" \/>\n\t<meta name=\"twitter:data1\" content=\"Bati-journal\" \/>\n\t<meta name=\"twitter:label2\" content=\"Dur\u00e9e de lecture estim\u00e9e\" \/>\n\t<meta name=\"twitter:data2\" content=\"1 minute\" \/>\n<script type=\"application\/ld+json\" class=\"yoast-schema-graph\">{\"@context\":\"https:\\\/\\\/schema.org\",\"@graph\":[{\"@type\":\"Article\",\"@id\":\"https:\\\/\\\/batijournal.com\\\/index.php\\\/un-nouveau-dirigeant-pour-mab\\\/75171\\\/#article\",\"isPartOf\":{\"@id\":\"https:\\\/\\\/batijournal.com\\\/index.php\\\/un-nouveau-dirigeant-pour-mab\\\/75171\\\/\"},\"author\":{\"name\":\"Bati-journal\",\"@id\":\"https:\\\/\\\/batijournal.com\\\/#\\\/schema\\\/person\\\/6a657e8967569e1b299972574848aa76\"},\"headline\":\"Un nouveau dirigeant pour MAB\",\"datePublished\":\"2008-07-01T12:17:00+00:00\",\"dateModified\":\"2019-07-15T10:00:41+00:00\",\"mainEntityOfPage\":{\"@id\":\"https:\\\/\\\/batijournal.com\\\/index.php\\\/un-nouveau-dirigeant-pour-mab\\\/75171\\\/\"},\"wordCount\":124,\"commentCount\":0,\"image\":{\"@id\":\"https:\\\/\\\/batijournal.com\\\/index.php\\\/un-nouveau-dirigeant-pour-mab\\\/75171\\\/#primaryimage\"},\"thumbnailUrl\":\"https:\\\/\\\/batijournal.com\\\/wp-content\\\/uploads\\\/2015\\\/03\\\/199978.jpg\",\"articleSection\":[\"\u00c9conomie &amp; March\u00e9s\"],\"inLanguage\":\"fr-FR\",\"potentialAction\":[{\"@type\":\"CommentAction\",\"name\":\"Comment\",\"target\":[\"https:\\\/\\\/batijournal.com\\\/index.php\\\/un-nouveau-dirigeant-pour-mab\\\/75171\\\/#respond\"]}]},{\"@type\":\"WebPage\",\"@id\":\"https:\\\/\\\/batijournal.com\\\/index.php\\\/un-nouveau-dirigeant-pour-mab\\\/75171\\\/\",\"url\":\"https:\\\/\\\/batijournal.com\\\/index.php\\\/un-nouveau-dirigeant-pour-mab\\\/75171\\\/\",\"name\":\"Un nouveau dirigeant pour MAB\",\"isPartOf\":{\"@id\":\"https:\\\/\\\/batijournal.com\\\/#website\"},\"primaryImageOfPage\":{\"@id\":\"https:\\\/\\\/batijournal.com\\\/index.php\\\/un-nouveau-dirigeant-pour-mab\\\/75171\\\/#primaryimage\"},\"image\":{\"@id\":\"https:\\\/\\\/batijournal.com\\\/index.php\\\/un-nouveau-dirigeant-pour-mab\\\/75171\\\/#primaryimage\"},\"thumbnailUrl\":\"https:\\\/\\\/batijournal.com\\\/wp-content\\\/uploads\\\/2015\\\/03\\\/199978.jpg\",\"datePublished\":\"2008-07-01T12:17:00+00:00\",\"dateModified\":\"2019-07-15T10:00:41+00:00\",\"author\":{\"@id\":\"https:\\\/\\\/batijournal.com\\\/#\\\/schema\\\/person\\\/6a657e8967569e1b299972574848aa76\"},\"breadcrumb\":{\"@id\":\"https:\\\/\\\/batijournal.com\\\/index.php\\\/un-nouveau-dirigeant-pour-mab\\\/75171\\\/#breadcrumb\"},\"inLanguage\":\"fr-FR\",\"potentialAction\":[{\"@type\":\"ReadAction\",\"target\":[\"https:\\\/\\\/batijournal.com\\\/index.php\\\/un-nouveau-dirigeant-pour-mab\\\/75171\\\/\"]}]},{\"@type\":\"ImageObject\",\"inLanguage\":\"fr-FR\",\"@id\":\"https:\\\/\\\/batijournal.com\\\/index.php\\\/un-nouveau-dirigeant-pour-mab\\\/75171\\\/#primaryimage\",\"url\":\"https:\\\/\\\/batijournal.com\\\/wp-content\\\/uploads\\\/2015\\\/03\\\/199978.jpg\",\"contentUrl\":\"https:\\\/\\\/batijournal.com\\\/wp-content\\\/uploads\\\/2015\\\/03\\\/199978.jpg\",\"width\":450,\"height\":600},{\"@type\":\"BreadcrumbList\",\"@id\":\"https:\\\/\\\/batijournal.com\\\/index.php\\\/un-nouveau-dirigeant-pour-mab\\\/75171\\\/#breadcrumb\",\"itemListElement\":[{\"@type\":\"ListItem\",\"position\":1,\"name\":\"Accueil\",\"item\":\"https:\\\/\\\/batijournal.com\\\/\"},{\"@type\":\"ListItem\",\"position\":2,\"name\":\"Actualit\u00e9s\",\"item\":\"https:\\\/\\\/batijournal.com\\\/index.php\\\/category\\\/actualites\\\/\"},{\"@type\":\"ListItem\",\"position\":3,\"name\":\"\u00c9conomie &amp; March\u00e9s\",\"item\":\"https:\\\/\\\/batijournal.com\\\/index.php\\\/category\\\/actualites\\\/economie-marches\\\/\"},{\"@type\":\"ListItem\",\"position\":4,\"name\":\"Un nouveau dirigeant pour MAB\"}]},{\"@type\":\"WebSite\",\"@id\":\"https:\\\/\\\/batijournal.com\\\/#website\",\"url\":\"https:\\\/\\\/batijournal.com\\\/\",\"name\":\"Batijournal\",\"description\":\"L&#039;actualit\u00e9 du b\u00e2timent\",\"potentialAction\":[{\"@type\":\"SearchAction\",\"target\":{\"@type\":\"EntryPoint\",\"urlTemplate\":\"https:\\\/\\\/batijournal.com\\\/?s={search_term_string}\"},\"query-input\":{\"@type\":\"PropertyValueSpecification\",\"valueRequired\":true,\"valueName\":\"search_term_string\"}}],\"inLanguage\":\"fr-FR\"},{\"@type\":\"Person\",\"@id\":\"https:\\\/\\\/batijournal.com\\\/#\\\/schema\\\/person\\\/6a657e8967569e1b299972574848aa76\",\"name\":\"Bati-journal\",\"image\":{\"@type\":\"ImageObject\",\"inLanguage\":\"fr-FR\",\"@id\":\"https:\\\/\\\/secure.gravatar.com\\\/avatar\\\/a64364ea26392f9b4dd47e017ddaec74ff03aefc073b49e492e847201258f777?s=96&d=mm&r=g\",\"url\":\"https:\\\/\\\/secure.gravatar.com\\\/avatar\\\/a64364ea26392f9b4dd47e017ddaec74ff03aefc073b49e492e847201258f777?s=96&d=mm&r=g\",\"contentUrl\":\"https:\\\/\\\/secure.gravatar.com\\\/avatar\\\/a64364ea26392f9b4dd47e017ddaec74ff03aefc073b49e492e847201258f777?s=96&d=mm&r=g\",\"caption\":\"Bati-journal\"},\"url\":\"https:\\\/\\\/batijournal.com\\\/index.php\\\/author\\\/elodie\\\/\"}]}<\/script>\n<!-- \/ Yoast SEO plugin. -->","yoast_head_json":{"title":"Un nouveau dirigeant pour MAB","robots":{"index":"index","follow":"follow","max-snippet":"max-snippet:-1","max-image-preview":"max-image-preview:large","max-video-preview":"max-video-preview:-1"},"canonical":"https:\/\/batijournal.com\/index.php\/un-nouveau-dirigeant-pour-mab\/75171\/","og_locale":"fr_FR","og_type":"article","og_title":"Un nouveau dirigeant pour MAB","og_description":"Depuis le 10 avril dernier, la soci\u00e9t\u00e9 MAB SAS, fabricant de portes d&rsquo;\u0092entr\u00e9e \u00e0 proximit\u00e9 de Bourg-en-Bresse (Ain), est dirig\u00e9e par Francis Sournac. Successivement responsable de production chez Lapeyre, puis directeur d\u0092usine dans le groupe BEL\u0092M, le nouveau pr\u00e9sident souhaite d\u00e9velopper l&rsquo;entreprise au niveau national, notamment sur le march\u00e9 de la porte d&rsquo;entr\u00e9e haut et [&hellip;]","og_url":"https:\/\/batijournal.com\/index.php\/un-nouveau-dirigeant-pour-mab\/75171\/","og_site_name":"Batijournal","article_published_time":"2008-07-01T12:17:00+00:00","article_modified_time":"2019-07-15T10:00:41+00:00","og_image":[{"width":450,"height":600,"url":"https:\/\/batijournal.com\/wp-content\/uploads\/2015\/03\/199978.jpg","type":"image\/jpeg"}],"author":"Bati-journal","twitter_card":"summary_large_image","twitter_creator":"@bati_journal","twitter_site":"@bati_journal","twitter_misc":{"\u00c9crit par":"Bati-journal","Dur\u00e9e de lecture estim\u00e9e":"1 minute"},"schema":{"@context":"https:\/\/schema.org","@graph":[{"@type":"Article","@id":"https:\/\/batijournal.com\/index.php\/un-nouveau-dirigeant-pour-mab\/75171\/#article","isPartOf":{"@id":"https:\/\/batijournal.com\/index.php\/un-nouveau-dirigeant-pour-mab\/75171\/"},"author":{"name":"Bati-journal","@id":"https:\/\/batijournal.com\/#\/schema\/person\/6a657e8967569e1b299972574848aa76"},"headline":"Un nouveau dirigeant pour MAB","datePublished":"2008-07-01T12:17:00+00:00","dateModified":"2019-07-15T10:00:41+00:00","mainEntityOfPage":{"@id":"https:\/\/batijournal.com\/index.php\/un-nouveau-dirigeant-pour-mab\/75171\/"},"wordCount":124,"commentCount":0,"image":{"@id":"https:\/\/batijournal.com\/index.php\/un-nouveau-dirigeant-pour-mab\/75171\/#primaryimage"},"thumbnailUrl":"https:\/\/batijournal.com\/wp-content\/uploads\/2015\/03\/199978.jpg","articleSection":["\u00c9conomie &amp; March\u00e9s"],"inLanguage":"fr-FR","potentialAction":[{"@type":"CommentAction","name":"Comment","target":["https:\/\/batijournal.com\/index.php\/un-nouveau-dirigeant-pour-mab\/75171\/#respond"]}]},{"@type":"WebPage","@id":"https:\/\/batijournal.com\/index.php\/un-nouveau-dirigeant-pour-mab\/75171\/","url":"https:\/\/batijournal.com\/index.php\/un-nouveau-dirigeant-pour-mab\/75171\/","name":"Un nouveau dirigeant pour MAB","isPartOf":{"@id":"https:\/\/batijournal.com\/#website"},"primaryImageOfPage":{"@id":"https:\/\/batijournal.com\/index.php\/un-nouveau-dirigeant-pour-mab\/75171\/#primaryimage"},"image":{"@id":"https:\/\/batijournal.com\/index.php\/un-nouveau-dirigeant-pour-mab\/75171\/#primaryimage"},"thumbnailUrl":"https:\/\/batijournal.com\/wp-content\/uploads\/2015\/03\/199978.jpg","datePublished":"2008-07-01T12:17:00+00:00","dateModified":"2019-07-15T10:00:41+00:00","author":{"@id":"https:\/\/batijournal.com\/#\/schema\/person\/6a657e8967569e1b299972574848aa76"},"breadcrumb":{"@id":"https:\/\/batijournal.com\/index.php\/un-nouveau-dirigeant-pour-mab\/75171\/#breadcrumb"},"inLanguage":"fr-FR","potentialAction":[{"@type":"ReadAction","target":["https:\/\/batijournal.com\/index.php\/un-nouveau-dirigeant-pour-mab\/75171\/"]}]},{"@type":"ImageObject","inLanguage":"fr-FR","@id":"https:\/\/batijournal.com\/index.php\/un-nouveau-dirigeant-pour-mab\/75171\/#primaryimage","url":"https:\/\/batijournal.com\/wp-content\/uploads\/2015\/03\/199978.jpg","contentUrl":"https:\/\/batijournal.com\/wp-content\/uploads\/2015\/03\/199978.jpg","width":450,"height":600},{"@type":"BreadcrumbList","@id":"https:\/\/batijournal.com\/index.php\/un-nouveau-dirigeant-pour-mab\/75171\/#breadcrumb","itemListElement":[{"@type":"ListItem","position":1,"name":"Accueil","item":"https:\/\/batijournal.com\/"},{"@type":"ListItem","position":2,"name":"Actualit\u00e9s","item":"https:\/\/batijournal.com\/index.php\/category\/actualites\/"},{"@type":"ListItem","position":3,"name":"\u00c9conomie &amp; March\u00e9s","item":"https:\/\/batijournal.com\/index.php\/category\/actualites\/economie-marches\/"},{"@type":"ListItem","position":4,"name":"Un nouveau dirigeant pour MAB"}]},{"@type":"WebSite","@id":"https:\/\/batijournal.com\/#website","url":"https:\/\/batijournal.com\/","name":"Batijournal","description":"L&#039;actualit\u00e9 du b\u00e2timent","potentialAction":[{"@type":"SearchAction","target":{"@type":"EntryPoint","urlTemplate":"https:\/\/batijournal.com\/?s={search_term_string}"},"query-input":{"@type":"PropertyValueSpecification","valueRequired":true,"valueName":"search_term_string"}}],"inLanguage":"fr-FR"},{"@type":"Person","@id":"https:\/\/batijournal.com\/#\/schema\/person\/6a657e8967569e1b299972574848aa76","name":"Bati-journal","image":{"@type":"ImageObject","inLanguage":"fr-FR","@id":"https:\/\/secure.gravatar.com\/avatar\/a64364ea26392f9b4dd47e017ddaec74ff03aefc073b49e492e847201258f777?s=96&d=mm&r=g","url":"https:\/\/secure.gravatar.com\/avatar\/a64364ea26392f9b4dd47e017ddaec74ff03aefc073b49e492e847201258f777?s=96&d=mm&r=g","contentUrl":"https:\/\/secure.gravatar.com\/avatar\/a64364ea26392f9b4dd47e017ddaec74ff03aefc073b49e492e847201258f777?s=96&d=mm&r=g","caption":"Bati-journal"},"url":"https:\/\/batijournal.com\/index.php\/author\/elodie\/"}]}},"_links":{"self":[{"href":"https:\/\/batijournal.com\/index.php\/wp-json\/wp\/v2\/posts\/75171","targetHints":{"allow":["GET"]}}],"collection":[{"href":"https:\/\/batijournal.com\/index.php\/wp-json\/wp\/v2\/posts"}],"about":[{"href":"https:\/\/batijournal.com\/index.php\/wp-json\/wp\/v2\/types\/post"}],"author":[{"embeddable":true,"href":"https:\/\/batijournal.com\/index.php\/wp-json\/wp\/v2\/users\/1"}],"replies":[{"embeddable":true,"href":"https:\/\/batijournal.com\/index.php\/wp-json\/wp\/v2\/comments?post=75171"}],"version-history":[{"count":0,"href":"https:\/\/batijournal.com\/index.php\/wp-json\/wp\/v2\/posts\/75171\/revisions"}],"wp:featuredmedia":[{"embeddable":true,"href":"https:\/\/batijournal.com\/index.php\/wp-json\/wp\/v2\/media\/75172"}],"wp:attachment":[{"href":"https:\/\/batijournal.com\/index.php\/wp-json\/wp\/v2\/media?parent=75171"}],"wp:term":[{"taxonomy":"category","embeddable":true,"href":"https:\/\/batijournal.com\/index.php\/wp-json\/wp\/v2\/categories?post=75171"},{"taxonomy":"post_tag","embeddable":true,"href":"https:\/\/batijournal.com\/index.php\/wp-json\/wp\/v2\/tags?post=75171"}],"curies":[{"name":"wp","href":"https:\/\/api.w.org\/{rel}","templated":true}]}}