{"id":75175,"date":"2008-07-17T00:00:00","date_gmt":"2008-07-16T22:00:00","guid":{"rendered":"http:\/\/b.bati-journal.com\/nominations-au-ministere-de-la-culture\/75175"},"modified":"2019-07-15T12:00:40","modified_gmt":"2019-07-15T10:00:40","slug":"nominations-au-ministere-de-la-culture","status":"publish","type":"post","link":"https:\/\/batijournal.com\/index.php\/nominations-au-ministere-de-la-culture\/75175\/","title":{"rendered":"Nominations au minist\u00e8re de la culture"},"content":{"rendered":"<p>Marie-Christine Labourdette a \u00e9t\u00e9 nomm\u00e9e directrice des mus\u00e9es de France sur proposition de Christine Albanel, ministre de la culture et de la communication. Depuis mai 2007, elle occupait le poste de conseill\u00e8re au cabinet de la ministre, charg\u00e9e des patrimoines, de l&rsquo;architecture et des mus\u00e9es. Auparavant, elle avait notamment exerc\u00e9 les fonctions de secr\u00e9taire g\u00e9n\u00e9rale de l&rsquo;Acad\u00e9mie de France \u00e0 Rome et de directrice r\u00e9gionale des affaires culturelles de Bourgogne.J\u00e9r\u00f4me Bou\u00ebt, administrateur civil au minist\u00e8re, est nomm\u00e9 conseiller au cabinet de la ministre, charg\u00e9 du patrimoine, de l&rsquo;architecture, des enseignements sup\u00e9rieurs, de l\u0092\u00e9ducation artistique et culturelle et de l&rsquo;action territoriale. Sophie Durrleman, administratrice civile, est nomm\u00e9e conseill\u00e8re au cabinet de la ministre, charg\u00e9e des mus\u00e9es et des arts plastiques.<\/p>\n","protected":false},"excerpt":{"rendered":"<p>Marie-Christine Labourdette a \u00e9t\u00e9 nomm\u00e9e directrice des mus\u00e9es de France sur proposition de Christine Albanel, ministre de la culture et de la communication. Depuis mai 2007, elle occupait le poste de conseill\u00e8re au cabinet de la ministre, charg\u00e9e des patrimoines, de l&rsquo;architecture et des mus\u00e9es. Auparavant, elle avait notamment exerc\u00e9 les fonctions de secr\u00e9taire g\u00e9n\u00e9rale [&hellip;]<\/p>\n","protected":false},"author":1,"featured_media":0,"comment_status":"open","ping_status":"closed","sticky":false,"template":"","format":"standard","meta":{"_et_pb_use_builder":"","_et_pb_old_content":"","_et_gb_content_width":"","footnotes":""},"categories":[6345],"tags":[6004],"class_list":["post-75175","post","type-post","status-publish","format-standard","hentry","category-economie-marches","tag-ministere-de-la-culture"],"yoast_head":"<!-- This site is optimized with the Yoast SEO plugin v27.4 - https:\/\/yoast.com\/product\/yoast-seo-wordpress\/ -->\n<title>Nominations au minist\u00e8re de la culture<\/title>\n<meta name=\"robots\" content=\"index, follow, max-snippet:-1, max-image-preview:large, max-video-preview:-1\" \/>\n<link rel=\"canonical\" href=\"https:\/\/batijournal.com\/index.php\/nominations-au-ministere-de-la-culture\/75175\/\" \/>\n<meta property=\"og:locale\" content=\"fr_FR\" \/>\n<meta property=\"og:type\" content=\"article\" \/>\n<meta property=\"og:title\" content=\"Nominations au minist\u00e8re de la culture\" \/>\n<meta property=\"og:description\" content=\"Marie-Christine Labourdette a \u00e9t\u00e9 nomm\u00e9e directrice des mus\u00e9es de France sur proposition de Christine Albanel, ministre de la culture et de la communication. Depuis mai 2007, elle occupait le poste de conseill\u00e8re au cabinet de la ministre, charg\u00e9e des patrimoines, de l&rsquo;architecture et des mus\u00e9es. Auparavant, elle avait notamment exerc\u00e9 les fonctions de secr\u00e9taire g\u00e9n\u00e9rale [&hellip;]\" \/>\n<meta property=\"og:url\" content=\"https:\/\/batijournal.com\/index.php\/nominations-au-ministere-de-la-culture\/75175\/\" \/>\n<meta property=\"og:site_name\" content=\"Batijournal\" \/>\n<meta property=\"article:published_time\" content=\"2008-07-16T22:00:00+00:00\" \/>\n<meta property=\"article:modified_time\" content=\"2019-07-15T10:00:40+00:00\" \/>\n<meta name=\"author\" content=\"Bati-journal\" \/>\n<meta name=\"twitter:card\" content=\"summary_large_image\" \/>\n<meta name=\"twitter:creator\" content=\"@bati_journal\" \/>\n<meta name=\"twitter:site\" content=\"@bati_journal\" \/>\n<meta name=\"twitter:label1\" content=\"\u00c9crit par\" \/>\n\t<meta name=\"twitter:data1\" content=\"Bati-journal\" \/>\n\t<meta name=\"twitter:label2\" content=\"Dur\u00e9e de lecture estim\u00e9e\" \/>\n\t<meta name=\"twitter:data2\" content=\"1 minute\" \/>\n<script type=\"application\/ld+json\" class=\"yoast-schema-graph\">{\"@context\":\"https:\\\/\\\/schema.org\",\"@graph\":[{\"@type\":\"Article\",\"@id\":\"https:\\\/\\\/batijournal.com\\\/index.php\\\/nominations-au-ministere-de-la-culture\\\/75175\\\/#article\",\"isPartOf\":{\"@id\":\"https:\\\/\\\/batijournal.com\\\/index.php\\\/nominations-au-ministere-de-la-culture\\\/75175\\\/\"},\"author\":{\"name\":\"Bati-journal\",\"@id\":\"https:\\\/\\\/batijournal.com\\\/#\\\/schema\\\/person\\\/6a657e8967569e1b299972574848aa76\"},\"headline\":\"Nominations au minist\u00e8re de la culture\",\"datePublished\":\"2008-07-16T22:00:00+00:00\",\"dateModified\":\"2019-07-15T10:00:40+00:00\",\"mainEntityOfPage\":{\"@id\":\"https:\\\/\\\/batijournal.com\\\/index.php\\\/nominations-au-ministere-de-la-culture\\\/75175\\\/\"},\"wordCount\":149,\"commentCount\":0,\"keywords\":[\"minist\u00e8re de la culture\"],\"articleSection\":[\"\u00c9conomie &amp; March\u00e9s\"],\"inLanguage\":\"fr-FR\",\"potentialAction\":[{\"@type\":\"CommentAction\",\"name\":\"Comment\",\"target\":[\"https:\\\/\\\/batijournal.com\\\/index.php\\\/nominations-au-ministere-de-la-culture\\\/75175\\\/#respond\"]}]},{\"@type\":\"WebPage\",\"@id\":\"https:\\\/\\\/batijournal.com\\\/index.php\\\/nominations-au-ministere-de-la-culture\\\/75175\\\/\",\"url\":\"https:\\\/\\\/batijournal.com\\\/index.php\\\/nominations-au-ministere-de-la-culture\\\/75175\\\/\",\"name\":\"Nominations au minist\u00e8re de la culture\",\"isPartOf\":{\"@id\":\"https:\\\/\\\/batijournal.com\\\/#website\"},\"datePublished\":\"2008-07-16T22:00:00+00:00\",\"dateModified\":\"2019-07-15T10:00:40+00:00\",\"author\":{\"@id\":\"https:\\\/\\\/batijournal.com\\\/#\\\/schema\\\/person\\\/6a657e8967569e1b299972574848aa76\"},\"breadcrumb\":{\"@id\":\"https:\\\/\\\/batijournal.com\\\/index.php\\\/nominations-au-ministere-de-la-culture\\\/75175\\\/#breadcrumb\"},\"inLanguage\":\"fr-FR\",\"potentialAction\":[{\"@type\":\"ReadAction\",\"target\":[\"https:\\\/\\\/batijournal.com\\\/index.php\\\/nominations-au-ministere-de-la-culture\\\/75175\\\/\"]}]},{\"@type\":\"BreadcrumbList\",\"@id\":\"https:\\\/\\\/batijournal.com\\\/index.php\\\/nominations-au-ministere-de-la-culture\\\/75175\\\/#breadcrumb\",\"itemListElement\":[{\"@type\":\"ListItem\",\"position\":1,\"name\":\"Accueil\",\"item\":\"https:\\\/\\\/batijournal.com\\\/\"},{\"@type\":\"ListItem\",\"position\":2,\"name\":\"Actualit\u00e9s\",\"item\":\"https:\\\/\\\/batijournal.com\\\/index.php\\\/category\\\/actualites\\\/\"},{\"@type\":\"ListItem\",\"position\":3,\"name\":\"\u00c9conomie &amp; March\u00e9s\",\"item\":\"https:\\\/\\\/batijournal.com\\\/index.php\\\/category\\\/actualites\\\/economie-marches\\\/\"},{\"@type\":\"ListItem\",\"position\":4,\"name\":\"Nominations au minist\u00e8re de la culture\"}]},{\"@type\":\"WebSite\",\"@id\":\"https:\\\/\\\/batijournal.com\\\/#website\",\"url\":\"https:\\\/\\\/batijournal.com\\\/\",\"name\":\"Batijournal\",\"description\":\"L&#039;actualit\u00e9 du b\u00e2timent\",\"potentialAction\":[{\"@type\":\"SearchAction\",\"target\":{\"@type\":\"EntryPoint\",\"urlTemplate\":\"https:\\\/\\\/batijournal.com\\\/?s={search_term_string}\"},\"query-input\":{\"@type\":\"PropertyValueSpecification\",\"valueRequired\":true,\"valueName\":\"search_term_string\"}}],\"inLanguage\":\"fr-FR\"},{\"@type\":\"Person\",\"@id\":\"https:\\\/\\\/batijournal.com\\\/#\\\/schema\\\/person\\\/6a657e8967569e1b299972574848aa76\",\"name\":\"Bati-journal\",\"image\":{\"@type\":\"ImageObject\",\"inLanguage\":\"fr-FR\",\"@id\":\"https:\\\/\\\/secure.gravatar.com\\\/avatar\\\/a64364ea26392f9b4dd47e017ddaec74ff03aefc073b49e492e847201258f777?s=96&d=mm&r=g\",\"url\":\"https:\\\/\\\/secure.gravatar.com\\\/avatar\\\/a64364ea26392f9b4dd47e017ddaec74ff03aefc073b49e492e847201258f777?s=96&d=mm&r=g\",\"contentUrl\":\"https:\\\/\\\/secure.gravatar.com\\\/avatar\\\/a64364ea26392f9b4dd47e017ddaec74ff03aefc073b49e492e847201258f777?s=96&d=mm&r=g\",\"caption\":\"Bati-journal\"},\"url\":\"https:\\\/\\\/batijournal.com\\\/index.php\\\/author\\\/elodie\\\/\"}]}<\/script>\n<!-- \/ Yoast SEO plugin. -->","yoast_head_json":{"title":"Nominations au minist\u00e8re de la culture","robots":{"index":"index","follow":"follow","max-snippet":"max-snippet:-1","max-image-preview":"max-image-preview:large","max-video-preview":"max-video-preview:-1"},"canonical":"https:\/\/batijournal.com\/index.php\/nominations-au-ministere-de-la-culture\/75175\/","og_locale":"fr_FR","og_type":"article","og_title":"Nominations au minist\u00e8re de la culture","og_description":"Marie-Christine Labourdette a \u00e9t\u00e9 nomm\u00e9e directrice des mus\u00e9es de France sur proposition de Christine Albanel, ministre de la culture et de la communication. Depuis mai 2007, elle occupait le poste de conseill\u00e8re au cabinet de la ministre, charg\u00e9e des patrimoines, de l&rsquo;architecture et des mus\u00e9es. Auparavant, elle avait notamment exerc\u00e9 les fonctions de secr\u00e9taire g\u00e9n\u00e9rale [&hellip;]","og_url":"https:\/\/batijournal.com\/index.php\/nominations-au-ministere-de-la-culture\/75175\/","og_site_name":"Batijournal","article_published_time":"2008-07-16T22:00:00+00:00","article_modified_time":"2019-07-15T10:00:40+00:00","author":"Bati-journal","twitter_card":"summary_large_image","twitter_creator":"@bati_journal","twitter_site":"@bati_journal","twitter_misc":{"\u00c9crit par":"Bati-journal","Dur\u00e9e de lecture estim\u00e9e":"1 minute"},"schema":{"@context":"https:\/\/schema.org","@graph":[{"@type":"Article","@id":"https:\/\/batijournal.com\/index.php\/nominations-au-ministere-de-la-culture\/75175\/#article","isPartOf":{"@id":"https:\/\/batijournal.com\/index.php\/nominations-au-ministere-de-la-culture\/75175\/"},"author":{"name":"Bati-journal","@id":"https:\/\/batijournal.com\/#\/schema\/person\/6a657e8967569e1b299972574848aa76"},"headline":"Nominations au minist\u00e8re de la culture","datePublished":"2008-07-16T22:00:00+00:00","dateModified":"2019-07-15T10:00:40+00:00","mainEntityOfPage":{"@id":"https:\/\/batijournal.com\/index.php\/nominations-au-ministere-de-la-culture\/75175\/"},"wordCount":149,"commentCount":0,"keywords":["minist\u00e8re de la culture"],"articleSection":["\u00c9conomie &amp; March\u00e9s"],"inLanguage":"fr-FR","potentialAction":[{"@type":"CommentAction","name":"Comment","target":["https:\/\/batijournal.com\/index.php\/nominations-au-ministere-de-la-culture\/75175\/#respond"]}]},{"@type":"WebPage","@id":"https:\/\/batijournal.com\/index.php\/nominations-au-ministere-de-la-culture\/75175\/","url":"https:\/\/batijournal.com\/index.php\/nominations-au-ministere-de-la-culture\/75175\/","name":"Nominations au minist\u00e8re de la culture","isPartOf":{"@id":"https:\/\/batijournal.com\/#website"},"datePublished":"2008-07-16T22:00:00+00:00","dateModified":"2019-07-15T10:00:40+00:00","author":{"@id":"https:\/\/batijournal.com\/#\/schema\/person\/6a657e8967569e1b299972574848aa76"},"breadcrumb":{"@id":"https:\/\/batijournal.com\/index.php\/nominations-au-ministere-de-la-culture\/75175\/#breadcrumb"},"inLanguage":"fr-FR","potentialAction":[{"@type":"ReadAction","target":["https:\/\/batijournal.com\/index.php\/nominations-au-ministere-de-la-culture\/75175\/"]}]},{"@type":"BreadcrumbList","@id":"https:\/\/batijournal.com\/index.php\/nominations-au-ministere-de-la-culture\/75175\/#breadcrumb","itemListElement":[{"@type":"ListItem","position":1,"name":"Accueil","item":"https:\/\/batijournal.com\/"},{"@type":"ListItem","position":2,"name":"Actualit\u00e9s","item":"https:\/\/batijournal.com\/index.php\/category\/actualites\/"},{"@type":"ListItem","position":3,"name":"\u00c9conomie &amp; March\u00e9s","item":"https:\/\/batijournal.com\/index.php\/category\/actualites\/economie-marches\/"},{"@type":"ListItem","position":4,"name":"Nominations au minist\u00e8re de la culture"}]},{"@type":"WebSite","@id":"https:\/\/batijournal.com\/#website","url":"https:\/\/batijournal.com\/","name":"Batijournal","description":"L&#039;actualit\u00e9 du b\u00e2timent","potentialAction":[{"@type":"SearchAction","target":{"@type":"EntryPoint","urlTemplate":"https:\/\/batijournal.com\/?s={search_term_string}"},"query-input":{"@type":"PropertyValueSpecification","valueRequired":true,"valueName":"search_term_string"}}],"inLanguage":"fr-FR"},{"@type":"Person","@id":"https:\/\/batijournal.com\/#\/schema\/person\/6a657e8967569e1b299972574848aa76","name":"Bati-journal","image":{"@type":"ImageObject","inLanguage":"fr-FR","@id":"https:\/\/secure.gravatar.com\/avatar\/a64364ea26392f9b4dd47e017ddaec74ff03aefc073b49e492e847201258f777?s=96&d=mm&r=g","url":"https:\/\/secure.gravatar.com\/avatar\/a64364ea26392f9b4dd47e017ddaec74ff03aefc073b49e492e847201258f777?s=96&d=mm&r=g","contentUrl":"https:\/\/secure.gravatar.com\/avatar\/a64364ea26392f9b4dd47e017ddaec74ff03aefc073b49e492e847201258f777?s=96&d=mm&r=g","caption":"Bati-journal"},"url":"https:\/\/batijournal.com\/index.php\/author\/elodie\/"}]}},"_links":{"self":[{"href":"https:\/\/batijournal.com\/index.php\/wp-json\/wp\/v2\/posts\/75175","targetHints":{"allow":["GET"]}}],"collection":[{"href":"https:\/\/batijournal.com\/index.php\/wp-json\/wp\/v2\/posts"}],"about":[{"href":"https:\/\/batijournal.com\/index.php\/wp-json\/wp\/v2\/types\/post"}],"author":[{"embeddable":true,"href":"https:\/\/batijournal.com\/index.php\/wp-json\/wp\/v2\/users\/1"}],"replies":[{"embeddable":true,"href":"https:\/\/batijournal.com\/index.php\/wp-json\/wp\/v2\/comments?post=75175"}],"version-history":[{"count":0,"href":"https:\/\/batijournal.com\/index.php\/wp-json\/wp\/v2\/posts\/75175\/revisions"}],"wp:attachment":[{"href":"https:\/\/batijournal.com\/index.php\/wp-json\/wp\/v2\/media?parent=75175"}],"wp:term":[{"taxonomy":"category","embeddable":true,"href":"https:\/\/batijournal.com\/index.php\/wp-json\/wp\/v2\/categories?post=75175"},{"taxonomy":"post_tag","embeddable":true,"href":"https:\/\/batijournal.com\/index.php\/wp-json\/wp\/v2\/tags?post=75175"}],"curies":[{"name":"wp","href":"https:\/\/api.w.org\/{rel}","templated":true}]}}