{"id":75218,"date":"2008-12-23T16:35:32","date_gmt":"2008-12-23T15:35:32","guid":{"rendered":"http:\/\/b.bati-journal.com\/une-nouvelle-presidence-a-la-ffc\/75218"},"modified":"2019-07-15T12:00:36","modified_gmt":"2019-07-15T10:00:36","slug":"une-nouvelle-presidence-a-la-ffc","status":"publish","type":"post","link":"https:\/\/batijournal.com\/index.php\/une-nouvelle-presidence-a-la-ffc\/75218\/","title":{"rendered":"Une nouvelle pr\u00e9sidence \u00e0 la FFC"},"content":{"rendered":"<p>G\u00e9rard Lebesgue, professionnel du b\u00e2timent implant\u00e9 en r\u00e9gion Aquitaine, vient d&rsquo;\u00eatre \u00e9lu \u00e0 la t\u00eate de la FFC (F\u00e9d\u00e9ration fran\u00e7aise des constructeurs de maisons individuelles). Membre de la f\u00e9d\u00e9ration depuis sa cr\u00e9ation en 1993, il en fut successivement administrateur, tr\u00e9sorier, vice-pr\u00e9sident et pr\u00e9sident d\u00e9l\u00e9gu\u00e9 en 2005. Le nouveau pr\u00e9sident poursuivra les actions men\u00e9es jusqu&rsquo;\u00e0 pr\u00e9sent aupr\u00e8s des pouvoirs publics. \u00ab\u00a0En terme de construction, ces derni\u00e8res ann\u00e9es, les pouvoirs publics n&rsquo;ont cess\u00e9 d&rsquo;alourdir les niveaux d&rsquo;exigence qui p\u00e8sent d\u00e9sormais de fa\u00e7on excessive sur les budgets des m\u00e9nages\u00a0\u00bb, affirme G\u00e9rard Lebesgue qui ajoute : \u00ab\u00a0Une approche raisonnable, li\u00e9e \u00e0 l&rsquo;impact environnemental r\u00e9el de notre pays dans le concert mondial, serait plus appropri\u00e9e dans le contexte actuel.\u00a0\u00bb Ag\u00e9 de 63 ans, il succ\u00e8de \u00e0 Maurice Penaruiz qui reste pr\u00e9sident d&rsquo;honneur du syndicat.<\/p>\n","protected":false},"excerpt":{"rendered":"<p>G\u00e9rard Lebesgue, professionnel du b\u00e2timent implant\u00e9 en r\u00e9gion Aquitaine, vient d&rsquo;\u00eatre \u00e9lu \u00e0 la t\u00eate de la FFC (F\u00e9d\u00e9ration fran\u00e7aise des constructeurs de maisons individuelles). Membre de la f\u00e9d\u00e9ration depuis sa cr\u00e9ation en 1993, il en fut successivement administrateur, tr\u00e9sorier, vice-pr\u00e9sident et pr\u00e9sident d\u00e9l\u00e9gu\u00e9 en 2005. Le nouveau pr\u00e9sident poursuivra les actions men\u00e9es jusqu&rsquo;\u00e0 pr\u00e9sent [&hellip;]<\/p>\n","protected":false},"author":1,"featured_media":75219,"comment_status":"open","ping_status":"closed","sticky":false,"template":"","format":"standard","meta":{"_et_pb_use_builder":"","_et_pb_old_content":"","_et_gb_content_width":"","footnotes":""},"categories":[6345],"tags":[7110],"class_list":["post-75218","post","type-post","status-publish","format-standard","has-post-thumbnail","hentry","category-economie-marches","tag-ffc"],"yoast_head":"<!-- This site is optimized with the Yoast SEO plugin v27.4 - https:\/\/yoast.com\/product\/yoast-seo-wordpress\/ -->\n<title>Une nouvelle pr\u00e9sidence \u00e0 la FFC<\/title>\n<meta name=\"robots\" content=\"index, follow, max-snippet:-1, max-image-preview:large, max-video-preview:-1\" \/>\n<link rel=\"canonical\" href=\"https:\/\/batijournal.com\/index.php\/une-nouvelle-presidence-a-la-ffc\/75218\/\" \/>\n<meta property=\"og:locale\" content=\"fr_FR\" \/>\n<meta property=\"og:type\" content=\"article\" \/>\n<meta property=\"og:title\" content=\"Une nouvelle pr\u00e9sidence \u00e0 la FFC\" \/>\n<meta property=\"og:description\" content=\"G\u00e9rard Lebesgue, professionnel du b\u00e2timent implant\u00e9 en r\u00e9gion Aquitaine, vient d&rsquo;\u00eatre \u00e9lu \u00e0 la t\u00eate de la FFC (F\u00e9d\u00e9ration fran\u00e7aise des constructeurs de maisons individuelles). Membre de la f\u00e9d\u00e9ration depuis sa cr\u00e9ation en 1993, il en fut successivement administrateur, tr\u00e9sorier, vice-pr\u00e9sident et pr\u00e9sident d\u00e9l\u00e9gu\u00e9 en 2005. Le nouveau pr\u00e9sident poursuivra les actions men\u00e9es jusqu&rsquo;\u00e0 pr\u00e9sent [&hellip;]\" \/>\n<meta property=\"og:url\" content=\"https:\/\/batijournal.com\/index.php\/une-nouvelle-presidence-a-la-ffc\/75218\/\" \/>\n<meta property=\"og:site_name\" content=\"Batijournal\" \/>\n<meta property=\"article:published_time\" content=\"2008-12-23T15:35:32+00:00\" \/>\n<meta property=\"article:modified_time\" content=\"2019-07-15T10:00:36+00:00\" \/>\n<meta property=\"og:image\" content=\"https:\/\/batijournal.com\/wp-content\/uploads\/2015\/03\/01906245.jpg\" \/>\n\t<meta property=\"og:image:width\" content=\"600\" \/>\n\t<meta property=\"og:image:height\" content=\"519\" \/>\n\t<meta property=\"og:image:type\" content=\"image\/jpeg\" \/>\n<meta name=\"author\" content=\"Bati-journal\" \/>\n<meta name=\"twitter:card\" content=\"summary_large_image\" \/>\n<meta name=\"twitter:creator\" content=\"@bati_journal\" \/>\n<meta name=\"twitter:site\" content=\"@bati_journal\" \/>\n<meta name=\"twitter:label1\" content=\"\u00c9crit par\" \/>\n\t<meta name=\"twitter:data1\" content=\"Bati-journal\" \/>\n\t<meta name=\"twitter:label2\" content=\"Dur\u00e9e de lecture estim\u00e9e\" \/>\n\t<meta name=\"twitter:data2\" content=\"1 minute\" \/>\n<script type=\"application\/ld+json\" class=\"yoast-schema-graph\">{\"@context\":\"https:\\\/\\\/schema.org\",\"@graph\":[{\"@type\":\"Article\",\"@id\":\"https:\\\/\\\/batijournal.com\\\/index.php\\\/une-nouvelle-presidence-a-la-ffc\\\/75218\\\/#article\",\"isPartOf\":{\"@id\":\"https:\\\/\\\/batijournal.com\\\/index.php\\\/une-nouvelle-presidence-a-la-ffc\\\/75218\\\/\"},\"author\":{\"name\":\"Bati-journal\",\"@id\":\"https:\\\/\\\/batijournal.com\\\/#\\\/schema\\\/person\\\/6a657e8967569e1b299972574848aa76\"},\"headline\":\"Une nouvelle pr\u00e9sidence \u00e0 la FFC\",\"datePublished\":\"2008-12-23T15:35:32+00:00\",\"dateModified\":\"2019-07-15T10:00:36+00:00\",\"mainEntityOfPage\":{\"@id\":\"https:\\\/\\\/batijournal.com\\\/index.php\\\/une-nouvelle-presidence-a-la-ffc\\\/75218\\\/\"},\"wordCount\":165,\"commentCount\":0,\"image\":{\"@id\":\"https:\\\/\\\/batijournal.com\\\/index.php\\\/une-nouvelle-presidence-a-la-ffc\\\/75218\\\/#primaryimage\"},\"thumbnailUrl\":\"https:\\\/\\\/batijournal.com\\\/wp-content\\\/uploads\\\/2015\\\/03\\\/01906245.jpg\",\"keywords\":[\"ffc\"],\"articleSection\":[\"\u00c9conomie &amp; March\u00e9s\"],\"inLanguage\":\"fr-FR\",\"potentialAction\":[{\"@type\":\"CommentAction\",\"name\":\"Comment\",\"target\":[\"https:\\\/\\\/batijournal.com\\\/index.php\\\/une-nouvelle-presidence-a-la-ffc\\\/75218\\\/#respond\"]}]},{\"@type\":\"WebPage\",\"@id\":\"https:\\\/\\\/batijournal.com\\\/index.php\\\/une-nouvelle-presidence-a-la-ffc\\\/75218\\\/\",\"url\":\"https:\\\/\\\/batijournal.com\\\/index.php\\\/une-nouvelle-presidence-a-la-ffc\\\/75218\\\/\",\"name\":\"Une nouvelle pr\u00e9sidence \u00e0 la FFC\",\"isPartOf\":{\"@id\":\"https:\\\/\\\/batijournal.com\\\/#website\"},\"primaryImageOfPage\":{\"@id\":\"https:\\\/\\\/batijournal.com\\\/index.php\\\/une-nouvelle-presidence-a-la-ffc\\\/75218\\\/#primaryimage\"},\"image\":{\"@id\":\"https:\\\/\\\/batijournal.com\\\/index.php\\\/une-nouvelle-presidence-a-la-ffc\\\/75218\\\/#primaryimage\"},\"thumbnailUrl\":\"https:\\\/\\\/batijournal.com\\\/wp-content\\\/uploads\\\/2015\\\/03\\\/01906245.jpg\",\"datePublished\":\"2008-12-23T15:35:32+00:00\",\"dateModified\":\"2019-07-15T10:00:36+00:00\",\"author\":{\"@id\":\"https:\\\/\\\/batijournal.com\\\/#\\\/schema\\\/person\\\/6a657e8967569e1b299972574848aa76\"},\"breadcrumb\":{\"@id\":\"https:\\\/\\\/batijournal.com\\\/index.php\\\/une-nouvelle-presidence-a-la-ffc\\\/75218\\\/#breadcrumb\"},\"inLanguage\":\"fr-FR\",\"potentialAction\":[{\"@type\":\"ReadAction\",\"target\":[\"https:\\\/\\\/batijournal.com\\\/index.php\\\/une-nouvelle-presidence-a-la-ffc\\\/75218\\\/\"]}]},{\"@type\":\"ImageObject\",\"inLanguage\":\"fr-FR\",\"@id\":\"https:\\\/\\\/batijournal.com\\\/index.php\\\/une-nouvelle-presidence-a-la-ffc\\\/75218\\\/#primaryimage\",\"url\":\"https:\\\/\\\/batijournal.com\\\/wp-content\\\/uploads\\\/2015\\\/03\\\/01906245.jpg\",\"contentUrl\":\"https:\\\/\\\/batijournal.com\\\/wp-content\\\/uploads\\\/2015\\\/03\\\/01906245.jpg\",\"width\":600,\"height\":519},{\"@type\":\"BreadcrumbList\",\"@id\":\"https:\\\/\\\/batijournal.com\\\/index.php\\\/une-nouvelle-presidence-a-la-ffc\\\/75218\\\/#breadcrumb\",\"itemListElement\":[{\"@type\":\"ListItem\",\"position\":1,\"name\":\"Accueil\",\"item\":\"https:\\\/\\\/batijournal.com\\\/\"},{\"@type\":\"ListItem\",\"position\":2,\"name\":\"Actualit\u00e9s\",\"item\":\"https:\\\/\\\/batijournal.com\\\/index.php\\\/category\\\/actualites\\\/\"},{\"@type\":\"ListItem\",\"position\":3,\"name\":\"\u00c9conomie &amp; March\u00e9s\",\"item\":\"https:\\\/\\\/batijournal.com\\\/index.php\\\/category\\\/actualites\\\/economie-marches\\\/\"},{\"@type\":\"ListItem\",\"position\":4,\"name\":\"Une nouvelle pr\u00e9sidence \u00e0 la FFC\"}]},{\"@type\":\"WebSite\",\"@id\":\"https:\\\/\\\/batijournal.com\\\/#website\",\"url\":\"https:\\\/\\\/batijournal.com\\\/\",\"name\":\"Batijournal\",\"description\":\"L&#039;actualit\u00e9 du b\u00e2timent\",\"potentialAction\":[{\"@type\":\"SearchAction\",\"target\":{\"@type\":\"EntryPoint\",\"urlTemplate\":\"https:\\\/\\\/batijournal.com\\\/?s={search_term_string}\"},\"query-input\":{\"@type\":\"PropertyValueSpecification\",\"valueRequired\":true,\"valueName\":\"search_term_string\"}}],\"inLanguage\":\"fr-FR\"},{\"@type\":\"Person\",\"@id\":\"https:\\\/\\\/batijournal.com\\\/#\\\/schema\\\/person\\\/6a657e8967569e1b299972574848aa76\",\"name\":\"Bati-journal\",\"image\":{\"@type\":\"ImageObject\",\"inLanguage\":\"fr-FR\",\"@id\":\"https:\\\/\\\/secure.gravatar.com\\\/avatar\\\/a64364ea26392f9b4dd47e017ddaec74ff03aefc073b49e492e847201258f777?s=96&d=mm&r=g\",\"url\":\"https:\\\/\\\/secure.gravatar.com\\\/avatar\\\/a64364ea26392f9b4dd47e017ddaec74ff03aefc073b49e492e847201258f777?s=96&d=mm&r=g\",\"contentUrl\":\"https:\\\/\\\/secure.gravatar.com\\\/avatar\\\/a64364ea26392f9b4dd47e017ddaec74ff03aefc073b49e492e847201258f777?s=96&d=mm&r=g\",\"caption\":\"Bati-journal\"},\"url\":\"https:\\\/\\\/batijournal.com\\\/index.php\\\/author\\\/elodie\\\/\"}]}<\/script>\n<!-- \/ Yoast SEO plugin. -->","yoast_head_json":{"title":"Une nouvelle pr\u00e9sidence \u00e0 la FFC","robots":{"index":"index","follow":"follow","max-snippet":"max-snippet:-1","max-image-preview":"max-image-preview:large","max-video-preview":"max-video-preview:-1"},"canonical":"https:\/\/batijournal.com\/index.php\/une-nouvelle-presidence-a-la-ffc\/75218\/","og_locale":"fr_FR","og_type":"article","og_title":"Une nouvelle pr\u00e9sidence \u00e0 la FFC","og_description":"G\u00e9rard Lebesgue, professionnel du b\u00e2timent implant\u00e9 en r\u00e9gion Aquitaine, vient d&rsquo;\u00eatre \u00e9lu \u00e0 la t\u00eate de la FFC (F\u00e9d\u00e9ration fran\u00e7aise des constructeurs de maisons individuelles). Membre de la f\u00e9d\u00e9ration depuis sa cr\u00e9ation en 1993, il en fut successivement administrateur, tr\u00e9sorier, vice-pr\u00e9sident et pr\u00e9sident d\u00e9l\u00e9gu\u00e9 en 2005. Le nouveau pr\u00e9sident poursuivra les actions men\u00e9es jusqu&rsquo;\u00e0 pr\u00e9sent [&hellip;]","og_url":"https:\/\/batijournal.com\/index.php\/une-nouvelle-presidence-a-la-ffc\/75218\/","og_site_name":"Batijournal","article_published_time":"2008-12-23T15:35:32+00:00","article_modified_time":"2019-07-15T10:00:36+00:00","og_image":[{"width":600,"height":519,"url":"https:\/\/batijournal.com\/wp-content\/uploads\/2015\/03\/01906245.jpg","type":"image\/jpeg"}],"author":"Bati-journal","twitter_card":"summary_large_image","twitter_creator":"@bati_journal","twitter_site":"@bati_journal","twitter_misc":{"\u00c9crit par":"Bati-journal","Dur\u00e9e de lecture estim\u00e9e":"1 minute"},"schema":{"@context":"https:\/\/schema.org","@graph":[{"@type":"Article","@id":"https:\/\/batijournal.com\/index.php\/une-nouvelle-presidence-a-la-ffc\/75218\/#article","isPartOf":{"@id":"https:\/\/batijournal.com\/index.php\/une-nouvelle-presidence-a-la-ffc\/75218\/"},"author":{"name":"Bati-journal","@id":"https:\/\/batijournal.com\/#\/schema\/person\/6a657e8967569e1b299972574848aa76"},"headline":"Une nouvelle pr\u00e9sidence \u00e0 la FFC","datePublished":"2008-12-23T15:35:32+00:00","dateModified":"2019-07-15T10:00:36+00:00","mainEntityOfPage":{"@id":"https:\/\/batijournal.com\/index.php\/une-nouvelle-presidence-a-la-ffc\/75218\/"},"wordCount":165,"commentCount":0,"image":{"@id":"https:\/\/batijournal.com\/index.php\/une-nouvelle-presidence-a-la-ffc\/75218\/#primaryimage"},"thumbnailUrl":"https:\/\/batijournal.com\/wp-content\/uploads\/2015\/03\/01906245.jpg","keywords":["ffc"],"articleSection":["\u00c9conomie &amp; March\u00e9s"],"inLanguage":"fr-FR","potentialAction":[{"@type":"CommentAction","name":"Comment","target":["https:\/\/batijournal.com\/index.php\/une-nouvelle-presidence-a-la-ffc\/75218\/#respond"]}]},{"@type":"WebPage","@id":"https:\/\/batijournal.com\/index.php\/une-nouvelle-presidence-a-la-ffc\/75218\/","url":"https:\/\/batijournal.com\/index.php\/une-nouvelle-presidence-a-la-ffc\/75218\/","name":"Une nouvelle pr\u00e9sidence \u00e0 la FFC","isPartOf":{"@id":"https:\/\/batijournal.com\/#website"},"primaryImageOfPage":{"@id":"https:\/\/batijournal.com\/index.php\/une-nouvelle-presidence-a-la-ffc\/75218\/#primaryimage"},"image":{"@id":"https:\/\/batijournal.com\/index.php\/une-nouvelle-presidence-a-la-ffc\/75218\/#primaryimage"},"thumbnailUrl":"https:\/\/batijournal.com\/wp-content\/uploads\/2015\/03\/01906245.jpg","datePublished":"2008-12-23T15:35:32+00:00","dateModified":"2019-07-15T10:00:36+00:00","author":{"@id":"https:\/\/batijournal.com\/#\/schema\/person\/6a657e8967569e1b299972574848aa76"},"breadcrumb":{"@id":"https:\/\/batijournal.com\/index.php\/une-nouvelle-presidence-a-la-ffc\/75218\/#breadcrumb"},"inLanguage":"fr-FR","potentialAction":[{"@type":"ReadAction","target":["https:\/\/batijournal.com\/index.php\/une-nouvelle-presidence-a-la-ffc\/75218\/"]}]},{"@type":"ImageObject","inLanguage":"fr-FR","@id":"https:\/\/batijournal.com\/index.php\/une-nouvelle-presidence-a-la-ffc\/75218\/#primaryimage","url":"https:\/\/batijournal.com\/wp-content\/uploads\/2015\/03\/01906245.jpg","contentUrl":"https:\/\/batijournal.com\/wp-content\/uploads\/2015\/03\/01906245.jpg","width":600,"height":519},{"@type":"BreadcrumbList","@id":"https:\/\/batijournal.com\/index.php\/une-nouvelle-presidence-a-la-ffc\/75218\/#breadcrumb","itemListElement":[{"@type":"ListItem","position":1,"name":"Accueil","item":"https:\/\/batijournal.com\/"},{"@type":"ListItem","position":2,"name":"Actualit\u00e9s","item":"https:\/\/batijournal.com\/index.php\/category\/actualites\/"},{"@type":"ListItem","position":3,"name":"\u00c9conomie &amp; March\u00e9s","item":"https:\/\/batijournal.com\/index.php\/category\/actualites\/economie-marches\/"},{"@type":"ListItem","position":4,"name":"Une nouvelle pr\u00e9sidence \u00e0 la FFC"}]},{"@type":"WebSite","@id":"https:\/\/batijournal.com\/#website","url":"https:\/\/batijournal.com\/","name":"Batijournal","description":"L&#039;actualit\u00e9 du b\u00e2timent","potentialAction":[{"@type":"SearchAction","target":{"@type":"EntryPoint","urlTemplate":"https:\/\/batijournal.com\/?s={search_term_string}"},"query-input":{"@type":"PropertyValueSpecification","valueRequired":true,"valueName":"search_term_string"}}],"inLanguage":"fr-FR"},{"@type":"Person","@id":"https:\/\/batijournal.com\/#\/schema\/person\/6a657e8967569e1b299972574848aa76","name":"Bati-journal","image":{"@type":"ImageObject","inLanguage":"fr-FR","@id":"https:\/\/secure.gravatar.com\/avatar\/a64364ea26392f9b4dd47e017ddaec74ff03aefc073b49e492e847201258f777?s=96&d=mm&r=g","url":"https:\/\/secure.gravatar.com\/avatar\/a64364ea26392f9b4dd47e017ddaec74ff03aefc073b49e492e847201258f777?s=96&d=mm&r=g","contentUrl":"https:\/\/secure.gravatar.com\/avatar\/a64364ea26392f9b4dd47e017ddaec74ff03aefc073b49e492e847201258f777?s=96&d=mm&r=g","caption":"Bati-journal"},"url":"https:\/\/batijournal.com\/index.php\/author\/elodie\/"}]}},"_links":{"self":[{"href":"https:\/\/batijournal.com\/index.php\/wp-json\/wp\/v2\/posts\/75218","targetHints":{"allow":["GET"]}}],"collection":[{"href":"https:\/\/batijournal.com\/index.php\/wp-json\/wp\/v2\/posts"}],"about":[{"href":"https:\/\/batijournal.com\/index.php\/wp-json\/wp\/v2\/types\/post"}],"author":[{"embeddable":true,"href":"https:\/\/batijournal.com\/index.php\/wp-json\/wp\/v2\/users\/1"}],"replies":[{"embeddable":true,"href":"https:\/\/batijournal.com\/index.php\/wp-json\/wp\/v2\/comments?post=75218"}],"version-history":[{"count":0,"href":"https:\/\/batijournal.com\/index.php\/wp-json\/wp\/v2\/posts\/75218\/revisions"}],"wp:featuredmedia":[{"embeddable":true,"href":"https:\/\/batijournal.com\/index.php\/wp-json\/wp\/v2\/media\/75219"}],"wp:attachment":[{"href":"https:\/\/batijournal.com\/index.php\/wp-json\/wp\/v2\/media?parent=75218"}],"wp:term":[{"taxonomy":"category","embeddable":true,"href":"https:\/\/batijournal.com\/index.php\/wp-json\/wp\/v2\/categories?post=75218"},{"taxonomy":"post_tag","embeddable":true,"href":"https:\/\/batijournal.com\/index.php\/wp-json\/wp\/v2\/tags?post=75218"}],"curies":[{"name":"wp","href":"https:\/\/api.w.org\/{rel}","templated":true}]}}