{"id":75220,"date":"2009-01-12T12:00:23","date_gmt":"2009-01-12T11:00:23","guid":{"rendered":"http:\/\/b.bati-journal.com\/performance-energetique-des-batiments-bois-conception-isolation-et-etancheite-a-l%c2%92air-des-reponses-concretes\/75220"},"modified":"2019-07-15T12:00:35","modified_gmt":"2019-07-15T10:00:35","slug":"performance-energetique-des-batiments-bois-conception-isolation-et-etancheite-a-l%c2%92air-des-reponses-concretes","status":"publish","type":"post","link":"https:\/\/batijournal.com\/index.php\/performance-energetique-des-batiments-bois-conception-isolation-et-etancheite-a-l%c2%92air-des-reponses-concretes\/75220\/","title":{"rendered":"Performance \u00e9nerg\u00e9tique des b\u00e2timents bois. Conception, isolation et \u00e9tanch\u00e9it\u00e9 \u00e0 l\u0092&rsquo;air : des r\u00e9ponses concr\u00e8tes"},"content":{"rendered":"<p>Conception bioclimatique, isolation thermique des b\u00e2timents bois, \u00e9tanch\u00e9it\u00e9 \u00e0 l&rsquo;air des b\u00e2timents \u00e0 ossature bois, gestion de l&rsquo;air dans un b\u00e2timent, menuiseries ext\u00e9rieures et vitrages, voici quelques th\u00e8mes qui seront abord\u00e9s durant la prochaine journ\u00e9e technique organis\u00e9e par Auvergne Promobois \u00e0 Cournon-d&rsquo;Auvergne (63). Cette journ\u00e9e est destin\u00e9e aux professionnels de la construction bois (charpentiers, constructeurs, menuisiers), aux prescripteurs, aux techniciens des collectivit\u00e9s et aux bailleurs sociaux. Des fabricants et fournisseurs de produits d&rsquo;isolation thermique et d&rsquo;\u00e9tanch\u00e9it\u00e9 \u00e0 l&rsquo;air seront \u00e9galement pr\u00e9sents sur des stands pour faire conna\u00eetre leurs gammes de produits.<\/p>\n","protected":false},"excerpt":{"rendered":"<p>Conception bioclimatique, isolation thermique des b\u00e2timents bois, \u00e9tanch\u00e9it\u00e9 \u00e0 l&rsquo;air des b\u00e2timents \u00e0 ossature bois, gestion de l&rsquo;air dans un b\u00e2timent, menuiseries ext\u00e9rieures et vitrages, voici quelques th\u00e8mes qui seront abord\u00e9s durant la prochaine journ\u00e9e technique organis\u00e9e par Auvergne Promobois \u00e0 Cournon-d&rsquo;Auvergne (63). Cette journ\u00e9e est destin\u00e9e aux professionnels de la construction bois (charpentiers, constructeurs, [&hellip;]<\/p>\n","protected":false},"author":1,"featured_media":0,"comment_status":"open","ping_status":"closed","sticky":false,"template":"","format":"standard","meta":{"_et_pb_use_builder":"","_et_pb_old_content":"","_et_gb_content_width":"","footnotes":""},"categories":[6345],"tags":[646],"class_list":["post-75220","post","type-post","status-publish","format-standard","hentry","category-economie-marches","tag-journee-technique"],"yoast_head":"<!-- This site is optimized with the Yoast SEO plugin v27.4 - https:\/\/yoast.com\/product\/yoast-seo-wordpress\/ -->\n<title>Performance \u00e9nerg\u00e9tique des b\u00e2timents bois. Conception, isolation et \u00e9tanch\u00e9it\u00e9 \u00e0 l\u0092&#039;air : des r\u00e9ponses concr\u00e8tes<\/title>\n<meta name=\"robots\" content=\"index, follow, max-snippet:-1, max-image-preview:large, max-video-preview:-1\" \/>\n<link rel=\"canonical\" href=\"https:\/\/batijournal.com\/index.php\/performance-energetique-des-batiments-bois-conception-isolation-et-etancheite-a-l\u0092air-des-reponses-concretes\/75220\/\" \/>\n<meta property=\"og:locale\" content=\"fr_FR\" \/>\n<meta property=\"og:type\" content=\"article\" \/>\n<meta property=\"og:title\" content=\"Performance \u00e9nerg\u00e9tique des b\u00e2timents bois. Conception, isolation et \u00e9tanch\u00e9it\u00e9 \u00e0 l\u0092&#039;air : des r\u00e9ponses concr\u00e8tes\" \/>\n<meta property=\"og:description\" content=\"Conception bioclimatique, isolation thermique des b\u00e2timents bois, \u00e9tanch\u00e9it\u00e9 \u00e0 l&rsquo;air des b\u00e2timents \u00e0 ossature bois, gestion de l&rsquo;air dans un b\u00e2timent, menuiseries ext\u00e9rieures et vitrages, voici quelques th\u00e8mes qui seront abord\u00e9s durant la prochaine journ\u00e9e technique organis\u00e9e par Auvergne Promobois \u00e0 Cournon-d&rsquo;Auvergne (63). Cette journ\u00e9e est destin\u00e9e aux professionnels de la construction bois (charpentiers, constructeurs, [&hellip;]\" \/>\n<meta property=\"og:url\" content=\"https:\/\/batijournal.com\/index.php\/performance-energetique-des-batiments-bois-conception-isolation-et-etancheite-a-l\u0092air-des-reponses-concretes\/75220\/\" \/>\n<meta property=\"og:site_name\" content=\"Batijournal\" \/>\n<meta property=\"article:published_time\" content=\"2009-01-12T11:00:23+00:00\" \/>\n<meta property=\"article:modified_time\" content=\"2019-07-15T10:00:35+00:00\" \/>\n<meta name=\"author\" content=\"Bati-journal\" \/>\n<meta name=\"twitter:card\" content=\"summary_large_image\" \/>\n<meta name=\"twitter:creator\" content=\"@bati_journal\" \/>\n<meta name=\"twitter:site\" content=\"@bati_journal\" \/>\n<meta name=\"twitter:label1\" content=\"\u00c9crit par\" \/>\n\t<meta name=\"twitter:data1\" content=\"Bati-journal\" \/>\n\t<meta name=\"twitter:label2\" content=\"Dur\u00e9e de lecture estim\u00e9e\" \/>\n\t<meta name=\"twitter:data2\" content=\"1 minute\" \/>\n<script type=\"application\/ld+json\" class=\"yoast-schema-graph\">{\"@context\":\"https:\\\/\\\/schema.org\",\"@graph\":[{\"@type\":\"Article\",\"@id\":\"https:\\\/\\\/batijournal.com\\\/index.php\\\/performance-energetique-des-batiments-bois-conception-isolation-et-etancheite-a-l%c2%92air-des-reponses-concretes\\\/75220\\\/#article\",\"isPartOf\":{\"@id\":\"https:\\\/\\\/batijournal.com\\\/index.php\\\/performance-energetique-des-batiments-bois-conception-isolation-et-etancheite-a-l%c2%92air-des-reponses-concretes\\\/75220\\\/\"},\"author\":{\"name\":\"Bati-journal\",\"@id\":\"https:\\\/\\\/batijournal.com\\\/#\\\/schema\\\/person\\\/6a657e8967569e1b299972574848aa76\"},\"headline\":\"Performance \u00e9nerg\u00e9tique des b\u00e2timents bois. Conception, isolation et \u00e9tanch\u00e9it\u00e9 \u00e0 l\u0092&rsquo;air : des r\u00e9ponses concr\u00e8tes\",\"datePublished\":\"2009-01-12T11:00:23+00:00\",\"dateModified\":\"2019-07-15T10:00:35+00:00\",\"mainEntityOfPage\":{\"@id\":\"https:\\\/\\\/batijournal.com\\\/index.php\\\/performance-energetique-des-batiments-bois-conception-isolation-et-etancheite-a-l%c2%92air-des-reponses-concretes\\\/75220\\\/\"},\"wordCount\":126,\"commentCount\":0,\"keywords\":[\"journ\u00e9e technique\"],\"articleSection\":[\"\u00c9conomie &amp; March\u00e9s\"],\"inLanguage\":\"fr-FR\",\"potentialAction\":[{\"@type\":\"CommentAction\",\"name\":\"Comment\",\"target\":[\"https:\\\/\\\/batijournal.com\\\/index.php\\\/performance-energetique-des-batiments-bois-conception-isolation-et-etancheite-a-l%c2%92air-des-reponses-concretes\\\/75220\\\/#respond\"]}]},{\"@type\":\"WebPage\",\"@id\":\"https:\\\/\\\/batijournal.com\\\/index.php\\\/performance-energetique-des-batiments-bois-conception-isolation-et-etancheite-a-l%c2%92air-des-reponses-concretes\\\/75220\\\/\",\"url\":\"https:\\\/\\\/batijournal.com\\\/index.php\\\/performance-energetique-des-batiments-bois-conception-isolation-et-etancheite-a-l%c2%92air-des-reponses-concretes\\\/75220\\\/\",\"name\":\"Performance \u00e9nerg\u00e9tique des b\u00e2timents bois. Conception, isolation et \u00e9tanch\u00e9it\u00e9 \u00e0 l\u0092'air : des r\u00e9ponses concr\u00e8tes\",\"isPartOf\":{\"@id\":\"https:\\\/\\\/batijournal.com\\\/#website\"},\"datePublished\":\"2009-01-12T11:00:23+00:00\",\"dateModified\":\"2019-07-15T10:00:35+00:00\",\"author\":{\"@id\":\"https:\\\/\\\/batijournal.com\\\/#\\\/schema\\\/person\\\/6a657e8967569e1b299972574848aa76\"},\"breadcrumb\":{\"@id\":\"https:\\\/\\\/batijournal.com\\\/index.php\\\/performance-energetique-des-batiments-bois-conception-isolation-et-etancheite-a-l%c2%92air-des-reponses-concretes\\\/75220\\\/#breadcrumb\"},\"inLanguage\":\"fr-FR\",\"potentialAction\":[{\"@type\":\"ReadAction\",\"target\":[\"https:\\\/\\\/batijournal.com\\\/index.php\\\/performance-energetique-des-batiments-bois-conception-isolation-et-etancheite-a-l%c2%92air-des-reponses-concretes\\\/75220\\\/\"]}]},{\"@type\":\"BreadcrumbList\",\"@id\":\"https:\\\/\\\/batijournal.com\\\/index.php\\\/performance-energetique-des-batiments-bois-conception-isolation-et-etancheite-a-l%c2%92air-des-reponses-concretes\\\/75220\\\/#breadcrumb\",\"itemListElement\":[{\"@type\":\"ListItem\",\"position\":1,\"name\":\"Accueil\",\"item\":\"https:\\\/\\\/batijournal.com\\\/\"},{\"@type\":\"ListItem\",\"position\":2,\"name\":\"Actualit\u00e9s\",\"item\":\"https:\\\/\\\/batijournal.com\\\/index.php\\\/category\\\/actualites\\\/\"},{\"@type\":\"ListItem\",\"position\":3,\"name\":\"\u00c9conomie &amp; March\u00e9s\",\"item\":\"https:\\\/\\\/batijournal.com\\\/index.php\\\/category\\\/actualites\\\/economie-marches\\\/\"},{\"@type\":\"ListItem\",\"position\":4,\"name\":\"Performance \u00e9nerg\u00e9tique des b\u00e2timents bois. Conception, isolation et \u00e9tanch\u00e9it\u00e9 \u00e0 l\u0092&rsquo;air : des r\u00e9ponses concr\u00e8tes\"}]},{\"@type\":\"WebSite\",\"@id\":\"https:\\\/\\\/batijournal.com\\\/#website\",\"url\":\"https:\\\/\\\/batijournal.com\\\/\",\"name\":\"Batijournal\",\"description\":\"L&#039;actualit\u00e9 du b\u00e2timent\",\"potentialAction\":[{\"@type\":\"SearchAction\",\"target\":{\"@type\":\"EntryPoint\",\"urlTemplate\":\"https:\\\/\\\/batijournal.com\\\/?s={search_term_string}\"},\"query-input\":{\"@type\":\"PropertyValueSpecification\",\"valueRequired\":true,\"valueName\":\"search_term_string\"}}],\"inLanguage\":\"fr-FR\"},{\"@type\":\"Person\",\"@id\":\"https:\\\/\\\/batijournal.com\\\/#\\\/schema\\\/person\\\/6a657e8967569e1b299972574848aa76\",\"name\":\"Bati-journal\",\"image\":{\"@type\":\"ImageObject\",\"inLanguage\":\"fr-FR\",\"@id\":\"https:\\\/\\\/secure.gravatar.com\\\/avatar\\\/a64364ea26392f9b4dd47e017ddaec74ff03aefc073b49e492e847201258f777?s=96&d=mm&r=g\",\"url\":\"https:\\\/\\\/secure.gravatar.com\\\/avatar\\\/a64364ea26392f9b4dd47e017ddaec74ff03aefc073b49e492e847201258f777?s=96&d=mm&r=g\",\"contentUrl\":\"https:\\\/\\\/secure.gravatar.com\\\/avatar\\\/a64364ea26392f9b4dd47e017ddaec74ff03aefc073b49e492e847201258f777?s=96&d=mm&r=g\",\"caption\":\"Bati-journal\"},\"url\":\"https:\\\/\\\/batijournal.com\\\/index.php\\\/author\\\/elodie\\\/\"}]}<\/script>\n<!-- \/ Yoast SEO plugin. -->","yoast_head_json":{"title":"Performance \u00e9nerg\u00e9tique des b\u00e2timents bois. Conception, isolation et \u00e9tanch\u00e9it\u00e9 \u00e0 l\u0092'air : des r\u00e9ponses concr\u00e8tes","robots":{"index":"index","follow":"follow","max-snippet":"max-snippet:-1","max-image-preview":"max-image-preview:large","max-video-preview":"max-video-preview:-1"},"canonical":"https:\/\/batijournal.com\/index.php\/performance-energetique-des-batiments-bois-conception-isolation-et-etancheite-a-l\u0092air-des-reponses-concretes\/75220\/","og_locale":"fr_FR","og_type":"article","og_title":"Performance \u00e9nerg\u00e9tique des b\u00e2timents bois. Conception, isolation et \u00e9tanch\u00e9it\u00e9 \u00e0 l\u0092'air : des r\u00e9ponses concr\u00e8tes","og_description":"Conception bioclimatique, isolation thermique des b\u00e2timents bois, \u00e9tanch\u00e9it\u00e9 \u00e0 l&rsquo;air des b\u00e2timents \u00e0 ossature bois, gestion de l&rsquo;air dans un b\u00e2timent, menuiseries ext\u00e9rieures et vitrages, voici quelques th\u00e8mes qui seront abord\u00e9s durant la prochaine journ\u00e9e technique organis\u00e9e par Auvergne Promobois \u00e0 Cournon-d&rsquo;Auvergne (63). Cette journ\u00e9e est destin\u00e9e aux professionnels de la construction bois (charpentiers, constructeurs, [&hellip;]","og_url":"https:\/\/batijournal.com\/index.php\/performance-energetique-des-batiments-bois-conception-isolation-et-etancheite-a-l\u0092air-des-reponses-concretes\/75220\/","og_site_name":"Batijournal","article_published_time":"2009-01-12T11:00:23+00:00","article_modified_time":"2019-07-15T10:00:35+00:00","author":"Bati-journal","twitter_card":"summary_large_image","twitter_creator":"@bati_journal","twitter_site":"@bati_journal","twitter_misc":{"\u00c9crit par":"Bati-journal","Dur\u00e9e de lecture estim\u00e9e":"1 minute"},"schema":{"@context":"https:\/\/schema.org","@graph":[{"@type":"Article","@id":"https:\/\/batijournal.com\/index.php\/performance-energetique-des-batiments-bois-conception-isolation-et-etancheite-a-l%c2%92air-des-reponses-concretes\/75220\/#article","isPartOf":{"@id":"https:\/\/batijournal.com\/index.php\/performance-energetique-des-batiments-bois-conception-isolation-et-etancheite-a-l%c2%92air-des-reponses-concretes\/75220\/"},"author":{"name":"Bati-journal","@id":"https:\/\/batijournal.com\/#\/schema\/person\/6a657e8967569e1b299972574848aa76"},"headline":"Performance \u00e9nerg\u00e9tique des b\u00e2timents bois. Conception, isolation et \u00e9tanch\u00e9it\u00e9 \u00e0 l\u0092&rsquo;air : des r\u00e9ponses concr\u00e8tes","datePublished":"2009-01-12T11:00:23+00:00","dateModified":"2019-07-15T10:00:35+00:00","mainEntityOfPage":{"@id":"https:\/\/batijournal.com\/index.php\/performance-energetique-des-batiments-bois-conception-isolation-et-etancheite-a-l%c2%92air-des-reponses-concretes\/75220\/"},"wordCount":126,"commentCount":0,"keywords":["journ\u00e9e technique"],"articleSection":["\u00c9conomie &amp; March\u00e9s"],"inLanguage":"fr-FR","potentialAction":[{"@type":"CommentAction","name":"Comment","target":["https:\/\/batijournal.com\/index.php\/performance-energetique-des-batiments-bois-conception-isolation-et-etancheite-a-l%c2%92air-des-reponses-concretes\/75220\/#respond"]}]},{"@type":"WebPage","@id":"https:\/\/batijournal.com\/index.php\/performance-energetique-des-batiments-bois-conception-isolation-et-etancheite-a-l%c2%92air-des-reponses-concretes\/75220\/","url":"https:\/\/batijournal.com\/index.php\/performance-energetique-des-batiments-bois-conception-isolation-et-etancheite-a-l%c2%92air-des-reponses-concretes\/75220\/","name":"Performance \u00e9nerg\u00e9tique des b\u00e2timents bois. Conception, isolation et \u00e9tanch\u00e9it\u00e9 \u00e0 l\u0092'air : des r\u00e9ponses concr\u00e8tes","isPartOf":{"@id":"https:\/\/batijournal.com\/#website"},"datePublished":"2009-01-12T11:00:23+00:00","dateModified":"2019-07-15T10:00:35+00:00","author":{"@id":"https:\/\/batijournal.com\/#\/schema\/person\/6a657e8967569e1b299972574848aa76"},"breadcrumb":{"@id":"https:\/\/batijournal.com\/index.php\/performance-energetique-des-batiments-bois-conception-isolation-et-etancheite-a-l%c2%92air-des-reponses-concretes\/75220\/#breadcrumb"},"inLanguage":"fr-FR","potentialAction":[{"@type":"ReadAction","target":["https:\/\/batijournal.com\/index.php\/performance-energetique-des-batiments-bois-conception-isolation-et-etancheite-a-l%c2%92air-des-reponses-concretes\/75220\/"]}]},{"@type":"BreadcrumbList","@id":"https:\/\/batijournal.com\/index.php\/performance-energetique-des-batiments-bois-conception-isolation-et-etancheite-a-l%c2%92air-des-reponses-concretes\/75220\/#breadcrumb","itemListElement":[{"@type":"ListItem","position":1,"name":"Accueil","item":"https:\/\/batijournal.com\/"},{"@type":"ListItem","position":2,"name":"Actualit\u00e9s","item":"https:\/\/batijournal.com\/index.php\/category\/actualites\/"},{"@type":"ListItem","position":3,"name":"\u00c9conomie &amp; March\u00e9s","item":"https:\/\/batijournal.com\/index.php\/category\/actualites\/economie-marches\/"},{"@type":"ListItem","position":4,"name":"Performance \u00e9nerg\u00e9tique des b\u00e2timents bois. Conception, isolation et \u00e9tanch\u00e9it\u00e9 \u00e0 l\u0092&rsquo;air : des r\u00e9ponses concr\u00e8tes"}]},{"@type":"WebSite","@id":"https:\/\/batijournal.com\/#website","url":"https:\/\/batijournal.com\/","name":"Batijournal","description":"L&#039;actualit\u00e9 du b\u00e2timent","potentialAction":[{"@type":"SearchAction","target":{"@type":"EntryPoint","urlTemplate":"https:\/\/batijournal.com\/?s={search_term_string}"},"query-input":{"@type":"PropertyValueSpecification","valueRequired":true,"valueName":"search_term_string"}}],"inLanguage":"fr-FR"},{"@type":"Person","@id":"https:\/\/batijournal.com\/#\/schema\/person\/6a657e8967569e1b299972574848aa76","name":"Bati-journal","image":{"@type":"ImageObject","inLanguage":"fr-FR","@id":"https:\/\/secure.gravatar.com\/avatar\/a64364ea26392f9b4dd47e017ddaec74ff03aefc073b49e492e847201258f777?s=96&d=mm&r=g","url":"https:\/\/secure.gravatar.com\/avatar\/a64364ea26392f9b4dd47e017ddaec74ff03aefc073b49e492e847201258f777?s=96&d=mm&r=g","contentUrl":"https:\/\/secure.gravatar.com\/avatar\/a64364ea26392f9b4dd47e017ddaec74ff03aefc073b49e492e847201258f777?s=96&d=mm&r=g","caption":"Bati-journal"},"url":"https:\/\/batijournal.com\/index.php\/author\/elodie\/"}]}},"_links":{"self":[{"href":"https:\/\/batijournal.com\/index.php\/wp-json\/wp\/v2\/posts\/75220","targetHints":{"allow":["GET"]}}],"collection":[{"href":"https:\/\/batijournal.com\/index.php\/wp-json\/wp\/v2\/posts"}],"about":[{"href":"https:\/\/batijournal.com\/index.php\/wp-json\/wp\/v2\/types\/post"}],"author":[{"embeddable":true,"href":"https:\/\/batijournal.com\/index.php\/wp-json\/wp\/v2\/users\/1"}],"replies":[{"embeddable":true,"href":"https:\/\/batijournal.com\/index.php\/wp-json\/wp\/v2\/comments?post=75220"}],"version-history":[{"count":0,"href":"https:\/\/batijournal.com\/index.php\/wp-json\/wp\/v2\/posts\/75220\/revisions"}],"wp:attachment":[{"href":"https:\/\/batijournal.com\/index.php\/wp-json\/wp\/v2\/media?parent=75220"}],"wp:term":[{"taxonomy":"category","embeddable":true,"href":"https:\/\/batijournal.com\/index.php\/wp-json\/wp\/v2\/categories?post=75220"},{"taxonomy":"post_tag","embeddable":true,"href":"https:\/\/batijournal.com\/index.php\/wp-json\/wp\/v2\/tags?post=75220"}],"curies":[{"name":"wp","href":"https:\/\/api.w.org\/{rel}","templated":true}]}}