{"id":75225,"date":"2009-01-22T00:00:00","date_gmt":"2009-01-21T23:00:00","guid":{"rendered":"http:\/\/b.bati-journal.com\/herve-lemoine-a-ete-nomme-directeur-du-musee-des-monuments-francais\/75225"},"modified":"2019-07-15T12:00:35","modified_gmt":"2019-07-15T10:00:35","slug":"herve-lemoine-a-ete-nomme-directeur-du-musee-des-monuments-francais","status":"publish","type":"post","link":"https:\/\/batijournal.com\/index.php\/herve-lemoine-a-ete-nomme-directeur-du-musee-des-monuments-francais\/75225\/","title":{"rendered":"Herv\u00e9 Lemoine a \u00e9t\u00e9 nomm\u00e9 directeur du mus\u00e9e des Monuments fran\u00e7ais"},"content":{"rendered":"<p>Herv\u00e9 Lemoine, conservateur du Patrimoine, n\u00e9 en 1961, succ\u00e8de dans ces fonctions \u00e0 Marie-Paule Arnauld apr\u00e8s le d\u00e9part en retraite de cette derni\u00e8re. Auparavant, Herv\u00e9 Lemoine \u00e9tait responsable de la politique des archives et des biblioth\u00e8ques du minist\u00e8re de la D\u00e9fense et assurait \u00e0 ce titre la tutelle du Service historique de la D\u00e9fense de Vincennes. Il \u00e9tait \u00e9galement le coordinateur minist\u00e9riel des fili\u00e8res culture et patrimoine de ce minist\u00e8re. Sp\u00e9cialiste des sources auxiliaires de l&rsquo;\u0092histoire, dont il a enseign\u00e9 les m\u00e9thodes critiques \u00e0 Sciences-Po de 1999 \u00e0 2006, et notamment des documents audiovisuels, il a men\u00e9 plusieurs projets de recherche et de publication, dont un avec l&rsquo;\u0092Ifa sur les archives et les t\u00e9moignages des architectes.<\/p>\n","protected":false},"excerpt":{"rendered":"<p>Herv\u00e9 Lemoine, conservateur du Patrimoine, n\u00e9 en 1961, succ\u00e8de dans ces fonctions \u00e0 Marie-Paule Arnauld apr\u00e8s le d\u00e9part en retraite de cette derni\u00e8re. Auparavant, Herv\u00e9 Lemoine \u00e9tait responsable de la politique des archives et des biblioth\u00e8ques du minist\u00e8re de la D\u00e9fense et assurait \u00e0 ce titre la tutelle du Service historique de la D\u00e9fense de [&hellip;]<\/p>\n","protected":false},"author":1,"featured_media":0,"comment_status":"open","ping_status":"closed","sticky":false,"template":"","format":"standard","meta":{"_et_pb_use_builder":"","_et_pb_old_content":"","_et_gb_content_width":"","footnotes":""},"categories":[6345],"tags":[2357],"class_list":["post-75225","post","type-post","status-publish","format-standard","hentry","category-economie-marches","tag-direction"],"yoast_head":"<!-- This site is optimized with the Yoast SEO plugin v27.4 - https:\/\/yoast.com\/product\/yoast-seo-wordpress\/ -->\n<title>Herv\u00e9 Lemoine a \u00e9t\u00e9 nomm\u00e9 directeur du mus\u00e9e des Monuments fran\u00e7ais<\/title>\n<meta name=\"robots\" content=\"index, follow, max-snippet:-1, max-image-preview:large, max-video-preview:-1\" \/>\n<link rel=\"canonical\" href=\"https:\/\/batijournal.com\/index.php\/herve-lemoine-a-ete-nomme-directeur-du-musee-des-monuments-francais\/75225\/\" \/>\n<meta property=\"og:locale\" content=\"fr_FR\" \/>\n<meta property=\"og:type\" content=\"article\" \/>\n<meta property=\"og:title\" content=\"Herv\u00e9 Lemoine a \u00e9t\u00e9 nomm\u00e9 directeur du mus\u00e9e des Monuments fran\u00e7ais\" \/>\n<meta property=\"og:description\" content=\"Herv\u00e9 Lemoine, conservateur du Patrimoine, n\u00e9 en 1961, succ\u00e8de dans ces fonctions \u00e0 Marie-Paule Arnauld apr\u00e8s le d\u00e9part en retraite de cette derni\u00e8re. Auparavant, Herv\u00e9 Lemoine \u00e9tait responsable de la politique des archives et des biblioth\u00e8ques du minist\u00e8re de la D\u00e9fense et assurait \u00e0 ce titre la tutelle du Service historique de la D\u00e9fense de [&hellip;]\" \/>\n<meta property=\"og:url\" content=\"https:\/\/batijournal.com\/index.php\/herve-lemoine-a-ete-nomme-directeur-du-musee-des-monuments-francais\/75225\/\" \/>\n<meta property=\"og:site_name\" content=\"Batijournal\" \/>\n<meta property=\"article:published_time\" content=\"2009-01-21T23:00:00+00:00\" \/>\n<meta property=\"article:modified_time\" content=\"2019-07-15T10:00:35+00:00\" \/>\n<meta name=\"author\" content=\"Bati-journal\" \/>\n<meta name=\"twitter:card\" content=\"summary_large_image\" \/>\n<meta name=\"twitter:creator\" content=\"@bati_journal\" \/>\n<meta name=\"twitter:site\" content=\"@bati_journal\" \/>\n<meta name=\"twitter:label1\" content=\"\u00c9crit par\" \/>\n\t<meta name=\"twitter:data1\" content=\"Bati-journal\" \/>\n\t<meta name=\"twitter:label2\" content=\"Dur\u00e9e de lecture estim\u00e9e\" \/>\n\t<meta name=\"twitter:data2\" content=\"1 minute\" \/>\n<script type=\"application\/ld+json\" class=\"yoast-schema-graph\">{\"@context\":\"https:\\\/\\\/schema.org\",\"@graph\":[{\"@type\":\"Article\",\"@id\":\"https:\\\/\\\/batijournal.com\\\/index.php\\\/herve-lemoine-a-ete-nomme-directeur-du-musee-des-monuments-francais\\\/75225\\\/#article\",\"isPartOf\":{\"@id\":\"https:\\\/\\\/batijournal.com\\\/index.php\\\/herve-lemoine-a-ete-nomme-directeur-du-musee-des-monuments-francais\\\/75225\\\/\"},\"author\":{\"name\":\"Bati-journal\",\"@id\":\"https:\\\/\\\/batijournal.com\\\/#\\\/schema\\\/person\\\/6a657e8967569e1b299972574848aa76\"},\"headline\":\"Herv\u00e9 Lemoine a \u00e9t\u00e9 nomm\u00e9 directeur du mus\u00e9e des Monuments fran\u00e7ais\",\"datePublished\":\"2009-01-21T23:00:00+00:00\",\"dateModified\":\"2019-07-15T10:00:35+00:00\",\"mainEntityOfPage\":{\"@id\":\"https:\\\/\\\/batijournal.com\\\/index.php\\\/herve-lemoine-a-ete-nomme-directeur-du-musee-des-monuments-francais\\\/75225\\\/\"},\"wordCount\":138,\"commentCount\":0,\"keywords\":[\"Direction\"],\"articleSection\":[\"\u00c9conomie &amp; March\u00e9s\"],\"inLanguage\":\"fr-FR\",\"potentialAction\":[{\"@type\":\"CommentAction\",\"name\":\"Comment\",\"target\":[\"https:\\\/\\\/batijournal.com\\\/index.php\\\/herve-lemoine-a-ete-nomme-directeur-du-musee-des-monuments-francais\\\/75225\\\/#respond\"]}]},{\"@type\":\"WebPage\",\"@id\":\"https:\\\/\\\/batijournal.com\\\/index.php\\\/herve-lemoine-a-ete-nomme-directeur-du-musee-des-monuments-francais\\\/75225\\\/\",\"url\":\"https:\\\/\\\/batijournal.com\\\/index.php\\\/herve-lemoine-a-ete-nomme-directeur-du-musee-des-monuments-francais\\\/75225\\\/\",\"name\":\"Herv\u00e9 Lemoine a \u00e9t\u00e9 nomm\u00e9 directeur du mus\u00e9e des Monuments fran\u00e7ais\",\"isPartOf\":{\"@id\":\"https:\\\/\\\/batijournal.com\\\/#website\"},\"datePublished\":\"2009-01-21T23:00:00+00:00\",\"dateModified\":\"2019-07-15T10:00:35+00:00\",\"author\":{\"@id\":\"https:\\\/\\\/batijournal.com\\\/#\\\/schema\\\/person\\\/6a657e8967569e1b299972574848aa76\"},\"breadcrumb\":{\"@id\":\"https:\\\/\\\/batijournal.com\\\/index.php\\\/herve-lemoine-a-ete-nomme-directeur-du-musee-des-monuments-francais\\\/75225\\\/#breadcrumb\"},\"inLanguage\":\"fr-FR\",\"potentialAction\":[{\"@type\":\"ReadAction\",\"target\":[\"https:\\\/\\\/batijournal.com\\\/index.php\\\/herve-lemoine-a-ete-nomme-directeur-du-musee-des-monuments-francais\\\/75225\\\/\"]}]},{\"@type\":\"BreadcrumbList\",\"@id\":\"https:\\\/\\\/batijournal.com\\\/index.php\\\/herve-lemoine-a-ete-nomme-directeur-du-musee-des-monuments-francais\\\/75225\\\/#breadcrumb\",\"itemListElement\":[{\"@type\":\"ListItem\",\"position\":1,\"name\":\"Accueil\",\"item\":\"https:\\\/\\\/batijournal.com\\\/\"},{\"@type\":\"ListItem\",\"position\":2,\"name\":\"Actualit\u00e9s\",\"item\":\"https:\\\/\\\/batijournal.com\\\/index.php\\\/category\\\/actualites\\\/\"},{\"@type\":\"ListItem\",\"position\":3,\"name\":\"\u00c9conomie &amp; March\u00e9s\",\"item\":\"https:\\\/\\\/batijournal.com\\\/index.php\\\/category\\\/actualites\\\/economie-marches\\\/\"},{\"@type\":\"ListItem\",\"position\":4,\"name\":\"Herv\u00e9 Lemoine a \u00e9t\u00e9 nomm\u00e9 directeur du mus\u00e9e des Monuments fran\u00e7ais\"}]},{\"@type\":\"WebSite\",\"@id\":\"https:\\\/\\\/batijournal.com\\\/#website\",\"url\":\"https:\\\/\\\/batijournal.com\\\/\",\"name\":\"Batijournal\",\"description\":\"L&#039;actualit\u00e9 du b\u00e2timent\",\"potentialAction\":[{\"@type\":\"SearchAction\",\"target\":{\"@type\":\"EntryPoint\",\"urlTemplate\":\"https:\\\/\\\/batijournal.com\\\/?s={search_term_string}\"},\"query-input\":{\"@type\":\"PropertyValueSpecification\",\"valueRequired\":true,\"valueName\":\"search_term_string\"}}],\"inLanguage\":\"fr-FR\"},{\"@type\":\"Person\",\"@id\":\"https:\\\/\\\/batijournal.com\\\/#\\\/schema\\\/person\\\/6a657e8967569e1b299972574848aa76\",\"name\":\"Bati-journal\",\"image\":{\"@type\":\"ImageObject\",\"inLanguage\":\"fr-FR\",\"@id\":\"https:\\\/\\\/secure.gravatar.com\\\/avatar\\\/a64364ea26392f9b4dd47e017ddaec74ff03aefc073b49e492e847201258f777?s=96&d=mm&r=g\",\"url\":\"https:\\\/\\\/secure.gravatar.com\\\/avatar\\\/a64364ea26392f9b4dd47e017ddaec74ff03aefc073b49e492e847201258f777?s=96&d=mm&r=g\",\"contentUrl\":\"https:\\\/\\\/secure.gravatar.com\\\/avatar\\\/a64364ea26392f9b4dd47e017ddaec74ff03aefc073b49e492e847201258f777?s=96&d=mm&r=g\",\"caption\":\"Bati-journal\"},\"url\":\"https:\\\/\\\/batijournal.com\\\/index.php\\\/author\\\/elodie\\\/\"}]}<\/script>\n<!-- \/ Yoast SEO plugin. -->","yoast_head_json":{"title":"Herv\u00e9 Lemoine a \u00e9t\u00e9 nomm\u00e9 directeur du mus\u00e9e des Monuments fran\u00e7ais","robots":{"index":"index","follow":"follow","max-snippet":"max-snippet:-1","max-image-preview":"max-image-preview:large","max-video-preview":"max-video-preview:-1"},"canonical":"https:\/\/batijournal.com\/index.php\/herve-lemoine-a-ete-nomme-directeur-du-musee-des-monuments-francais\/75225\/","og_locale":"fr_FR","og_type":"article","og_title":"Herv\u00e9 Lemoine a \u00e9t\u00e9 nomm\u00e9 directeur du mus\u00e9e des Monuments fran\u00e7ais","og_description":"Herv\u00e9 Lemoine, conservateur du Patrimoine, n\u00e9 en 1961, succ\u00e8de dans ces fonctions \u00e0 Marie-Paule Arnauld apr\u00e8s le d\u00e9part en retraite de cette derni\u00e8re. Auparavant, Herv\u00e9 Lemoine \u00e9tait responsable de la politique des archives et des biblioth\u00e8ques du minist\u00e8re de la D\u00e9fense et assurait \u00e0 ce titre la tutelle du Service historique de la D\u00e9fense de [&hellip;]","og_url":"https:\/\/batijournal.com\/index.php\/herve-lemoine-a-ete-nomme-directeur-du-musee-des-monuments-francais\/75225\/","og_site_name":"Batijournal","article_published_time":"2009-01-21T23:00:00+00:00","article_modified_time":"2019-07-15T10:00:35+00:00","author":"Bati-journal","twitter_card":"summary_large_image","twitter_creator":"@bati_journal","twitter_site":"@bati_journal","twitter_misc":{"\u00c9crit par":"Bati-journal","Dur\u00e9e de lecture estim\u00e9e":"1 minute"},"schema":{"@context":"https:\/\/schema.org","@graph":[{"@type":"Article","@id":"https:\/\/batijournal.com\/index.php\/herve-lemoine-a-ete-nomme-directeur-du-musee-des-monuments-francais\/75225\/#article","isPartOf":{"@id":"https:\/\/batijournal.com\/index.php\/herve-lemoine-a-ete-nomme-directeur-du-musee-des-monuments-francais\/75225\/"},"author":{"name":"Bati-journal","@id":"https:\/\/batijournal.com\/#\/schema\/person\/6a657e8967569e1b299972574848aa76"},"headline":"Herv\u00e9 Lemoine a \u00e9t\u00e9 nomm\u00e9 directeur du mus\u00e9e des Monuments fran\u00e7ais","datePublished":"2009-01-21T23:00:00+00:00","dateModified":"2019-07-15T10:00:35+00:00","mainEntityOfPage":{"@id":"https:\/\/batijournal.com\/index.php\/herve-lemoine-a-ete-nomme-directeur-du-musee-des-monuments-francais\/75225\/"},"wordCount":138,"commentCount":0,"keywords":["Direction"],"articleSection":["\u00c9conomie &amp; March\u00e9s"],"inLanguage":"fr-FR","potentialAction":[{"@type":"CommentAction","name":"Comment","target":["https:\/\/batijournal.com\/index.php\/herve-lemoine-a-ete-nomme-directeur-du-musee-des-monuments-francais\/75225\/#respond"]}]},{"@type":"WebPage","@id":"https:\/\/batijournal.com\/index.php\/herve-lemoine-a-ete-nomme-directeur-du-musee-des-monuments-francais\/75225\/","url":"https:\/\/batijournal.com\/index.php\/herve-lemoine-a-ete-nomme-directeur-du-musee-des-monuments-francais\/75225\/","name":"Herv\u00e9 Lemoine a \u00e9t\u00e9 nomm\u00e9 directeur du mus\u00e9e des Monuments fran\u00e7ais","isPartOf":{"@id":"https:\/\/batijournal.com\/#website"},"datePublished":"2009-01-21T23:00:00+00:00","dateModified":"2019-07-15T10:00:35+00:00","author":{"@id":"https:\/\/batijournal.com\/#\/schema\/person\/6a657e8967569e1b299972574848aa76"},"breadcrumb":{"@id":"https:\/\/batijournal.com\/index.php\/herve-lemoine-a-ete-nomme-directeur-du-musee-des-monuments-francais\/75225\/#breadcrumb"},"inLanguage":"fr-FR","potentialAction":[{"@type":"ReadAction","target":["https:\/\/batijournal.com\/index.php\/herve-lemoine-a-ete-nomme-directeur-du-musee-des-monuments-francais\/75225\/"]}]},{"@type":"BreadcrumbList","@id":"https:\/\/batijournal.com\/index.php\/herve-lemoine-a-ete-nomme-directeur-du-musee-des-monuments-francais\/75225\/#breadcrumb","itemListElement":[{"@type":"ListItem","position":1,"name":"Accueil","item":"https:\/\/batijournal.com\/"},{"@type":"ListItem","position":2,"name":"Actualit\u00e9s","item":"https:\/\/batijournal.com\/index.php\/category\/actualites\/"},{"@type":"ListItem","position":3,"name":"\u00c9conomie &amp; March\u00e9s","item":"https:\/\/batijournal.com\/index.php\/category\/actualites\/economie-marches\/"},{"@type":"ListItem","position":4,"name":"Herv\u00e9 Lemoine a \u00e9t\u00e9 nomm\u00e9 directeur du mus\u00e9e des Monuments fran\u00e7ais"}]},{"@type":"WebSite","@id":"https:\/\/batijournal.com\/#website","url":"https:\/\/batijournal.com\/","name":"Batijournal","description":"L&#039;actualit\u00e9 du b\u00e2timent","potentialAction":[{"@type":"SearchAction","target":{"@type":"EntryPoint","urlTemplate":"https:\/\/batijournal.com\/?s={search_term_string}"},"query-input":{"@type":"PropertyValueSpecification","valueRequired":true,"valueName":"search_term_string"}}],"inLanguage":"fr-FR"},{"@type":"Person","@id":"https:\/\/batijournal.com\/#\/schema\/person\/6a657e8967569e1b299972574848aa76","name":"Bati-journal","image":{"@type":"ImageObject","inLanguage":"fr-FR","@id":"https:\/\/secure.gravatar.com\/avatar\/a64364ea26392f9b4dd47e017ddaec74ff03aefc073b49e492e847201258f777?s=96&d=mm&r=g","url":"https:\/\/secure.gravatar.com\/avatar\/a64364ea26392f9b4dd47e017ddaec74ff03aefc073b49e492e847201258f777?s=96&d=mm&r=g","contentUrl":"https:\/\/secure.gravatar.com\/avatar\/a64364ea26392f9b4dd47e017ddaec74ff03aefc073b49e492e847201258f777?s=96&d=mm&r=g","caption":"Bati-journal"},"url":"https:\/\/batijournal.com\/index.php\/author\/elodie\/"}]}},"_links":{"self":[{"href":"https:\/\/batijournal.com\/index.php\/wp-json\/wp\/v2\/posts\/75225","targetHints":{"allow":["GET"]}}],"collection":[{"href":"https:\/\/batijournal.com\/index.php\/wp-json\/wp\/v2\/posts"}],"about":[{"href":"https:\/\/batijournal.com\/index.php\/wp-json\/wp\/v2\/types\/post"}],"author":[{"embeddable":true,"href":"https:\/\/batijournal.com\/index.php\/wp-json\/wp\/v2\/users\/1"}],"replies":[{"embeddable":true,"href":"https:\/\/batijournal.com\/index.php\/wp-json\/wp\/v2\/comments?post=75225"}],"version-history":[{"count":0,"href":"https:\/\/batijournal.com\/index.php\/wp-json\/wp\/v2\/posts\/75225\/revisions"}],"wp:attachment":[{"href":"https:\/\/batijournal.com\/index.php\/wp-json\/wp\/v2\/media?parent=75225"}],"wp:term":[{"taxonomy":"category","embeddable":true,"href":"https:\/\/batijournal.com\/index.php\/wp-json\/wp\/v2\/categories?post=75225"},{"taxonomy":"post_tag","embeddable":true,"href":"https:\/\/batijournal.com\/index.php\/wp-json\/wp\/v2\/tags?post=75225"}],"curies":[{"name":"wp","href":"https:\/\/api.w.org\/{rel}","templated":true}]}}