{"id":75240,"date":"2009-03-26T00:00:00","date_gmt":"2009-03-25T23:00:00","guid":{"rendered":"http:\/\/b.bati-journal.com\/un-jour-en-entreprise\/75240"},"modified":"2019-07-15T11:36:11","modified_gmt":"2019-07-15T09:36:11","slug":"un-jour-en-entreprise","status":"publish","type":"post","link":"https:\/\/batijournal.com\/index.php\/un-jour-en-entreprise\/75240\/","title":{"rendered":"Un jour en entreprise"},"content":{"rendered":"<p>Le 31 mars prochain, la FFB organise la premi\u00e8re \u00e9dition de l&rsquo;op\u00e9ration \u00ab\u00a0Un jour en entreprise, une journ\u00e9e pour d\u00e9couvrir le b\u00e2timent, ses entrepreneurs et ses artisans\u00a0\u00bb. L&rsquo;objectif ? Faire se rencontrer un chef d&rsquo;entreprise et un enseignant, professeur, conseiller d&rsquo;orientation ou chef d&rsquo;\u00e9tablissement, afin de permettre une meilleure connaissance r\u00e9ciproque. L&rsquo;invit\u00e9, relais d&rsquo;information aupr\u00e8s des jeunes, aura l&rsquo;occasion de conna\u00eetre et de faire conna\u00eetre \u00e0 son tour les multifacettes du b\u00e2timent de mani\u00e8re active et concr\u00e8te en rappelant que, dans le secteur, 80 000 personnes sont \u00e0 recruter chaque ann\u00e9e pour les dix ans \u00e0 venir.<\/p>\n","protected":false},"excerpt":{"rendered":"<p>Le 31 mars prochain, la FFB organise la premi\u00e8re \u00e9dition de l&rsquo;op\u00e9ration \u00ab\u00a0Un jour en entreprise, une journ\u00e9e pour d\u00e9couvrir le b\u00e2timent, ses entrepreneurs et ses artisans\u00a0\u00bb. L&rsquo;objectif ? Faire se rencontrer un chef d&rsquo;entreprise et un enseignant, professeur, conseiller d&rsquo;orientation ou chef d&rsquo;\u00e9tablissement, afin de permettre une meilleure connaissance r\u00e9ciproque. L&rsquo;invit\u00e9, relais d&rsquo;information aupr\u00e8s [&hellip;]<\/p>\n","protected":false},"author":1,"featured_media":75241,"comment_status":"open","ping_status":"closed","sticky":false,"template":"","format":"standard","meta":{"_et_pb_use_builder":"","_et_pb_old_content":"","_et_gb_content_width":"","footnotes":""},"categories":[6340],"tags":[373],"class_list":["post-75240","post","type-post","status-publish","format-standard","has-post-thumbnail","hentry","category-architecture-conception","tag-ffb"],"yoast_head":"<!-- This site is optimized with the Yoast SEO plugin v27.4 - https:\/\/yoast.com\/product\/yoast-seo-wordpress\/ -->\n<title>Un jour en entreprise<\/title>\n<meta name=\"robots\" content=\"index, follow, max-snippet:-1, max-image-preview:large, max-video-preview:-1\" \/>\n<link rel=\"canonical\" href=\"https:\/\/batijournal.com\/index.php\/un-jour-en-entreprise\/75240\/\" \/>\n<meta property=\"og:locale\" content=\"fr_FR\" \/>\n<meta property=\"og:type\" content=\"article\" \/>\n<meta property=\"og:title\" content=\"Un jour en entreprise\" \/>\n<meta property=\"og:description\" content=\"Le 31 mars prochain, la FFB organise la premi\u00e8re \u00e9dition de l&rsquo;op\u00e9ration \u00ab\u00a0Un jour en entreprise, une journ\u00e9e pour d\u00e9couvrir le b\u00e2timent, ses entrepreneurs et ses artisans\u00a0\u00bb. L&rsquo;objectif ? Faire se rencontrer un chef d&rsquo;entreprise et un enseignant, professeur, conseiller d&rsquo;orientation ou chef d&rsquo;\u00e9tablissement, afin de permettre une meilleure connaissance r\u00e9ciproque. L&rsquo;invit\u00e9, relais d&rsquo;information aupr\u00e8s [&hellip;]\" \/>\n<meta property=\"og:url\" content=\"https:\/\/batijournal.com\/index.php\/un-jour-en-entreprise\/75240\/\" \/>\n<meta property=\"og:site_name\" content=\"Batijournal\" \/>\n<meta property=\"article:published_time\" content=\"2009-03-25T23:00:00+00:00\" \/>\n<meta property=\"article:modified_time\" content=\"2019-07-15T09:36:11+00:00\" \/>\n<meta property=\"og:image\" content=\"https:\/\/batijournal.com\/wp-content\/uploads\/2015\/03\/03505177.jpg\" \/>\n\t<meta property=\"og:image:width\" content=\"399\" \/>\n\t<meta property=\"og:image:height\" content=\"599\" \/>\n\t<meta property=\"og:image:type\" content=\"image\/jpeg\" \/>\n<meta name=\"author\" content=\"Bati-journal\" \/>\n<meta name=\"twitter:card\" content=\"summary_large_image\" \/>\n<meta name=\"twitter:creator\" content=\"@bati_journal\" \/>\n<meta name=\"twitter:site\" content=\"@bati_journal\" \/>\n<meta name=\"twitter:label1\" content=\"\u00c9crit par\" \/>\n\t<meta name=\"twitter:data1\" content=\"Bati-journal\" \/>\n\t<meta name=\"twitter:label2\" content=\"Dur\u00e9e de lecture estim\u00e9e\" \/>\n\t<meta name=\"twitter:data2\" content=\"1 minute\" \/>\n<script type=\"application\/ld+json\" class=\"yoast-schema-graph\">{\"@context\":\"https:\\\/\\\/schema.org\",\"@graph\":[{\"@type\":\"Article\",\"@id\":\"https:\\\/\\\/batijournal.com\\\/index.php\\\/un-jour-en-entreprise\\\/75240\\\/#article\",\"isPartOf\":{\"@id\":\"https:\\\/\\\/batijournal.com\\\/index.php\\\/un-jour-en-entreprise\\\/75240\\\/\"},\"author\":{\"name\":\"Bati-journal\",\"@id\":\"https:\\\/\\\/batijournal.com\\\/#\\\/schema\\\/person\\\/6a657e8967569e1b299972574848aa76\"},\"headline\":\"Un jour en entreprise\",\"datePublished\":\"2009-03-25T23:00:00+00:00\",\"dateModified\":\"2019-07-15T09:36:11+00:00\",\"mainEntityOfPage\":{\"@id\":\"https:\\\/\\\/batijournal.com\\\/index.php\\\/un-jour-en-entreprise\\\/75240\\\/\"},\"wordCount\":115,\"commentCount\":0,\"image\":{\"@id\":\"https:\\\/\\\/batijournal.com\\\/index.php\\\/un-jour-en-entreprise\\\/75240\\\/#primaryimage\"},\"thumbnailUrl\":\"https:\\\/\\\/batijournal.com\\\/wp-content\\\/uploads\\\/2015\\\/03\\\/03505177.jpg\",\"keywords\":[\"ffb\"],\"articleSection\":[\"Architecture &amp; Conception\"],\"inLanguage\":\"fr-FR\",\"potentialAction\":[{\"@type\":\"CommentAction\",\"name\":\"Comment\",\"target\":[\"https:\\\/\\\/batijournal.com\\\/index.php\\\/un-jour-en-entreprise\\\/75240\\\/#respond\"]}]},{\"@type\":\"WebPage\",\"@id\":\"https:\\\/\\\/batijournal.com\\\/index.php\\\/un-jour-en-entreprise\\\/75240\\\/\",\"url\":\"https:\\\/\\\/batijournal.com\\\/index.php\\\/un-jour-en-entreprise\\\/75240\\\/\",\"name\":\"Un jour en entreprise\",\"isPartOf\":{\"@id\":\"https:\\\/\\\/batijournal.com\\\/#website\"},\"primaryImageOfPage\":{\"@id\":\"https:\\\/\\\/batijournal.com\\\/index.php\\\/un-jour-en-entreprise\\\/75240\\\/#primaryimage\"},\"image\":{\"@id\":\"https:\\\/\\\/batijournal.com\\\/index.php\\\/un-jour-en-entreprise\\\/75240\\\/#primaryimage\"},\"thumbnailUrl\":\"https:\\\/\\\/batijournal.com\\\/wp-content\\\/uploads\\\/2015\\\/03\\\/03505177.jpg\",\"datePublished\":\"2009-03-25T23:00:00+00:00\",\"dateModified\":\"2019-07-15T09:36:11+00:00\",\"author\":{\"@id\":\"https:\\\/\\\/batijournal.com\\\/#\\\/schema\\\/person\\\/6a657e8967569e1b299972574848aa76\"},\"breadcrumb\":{\"@id\":\"https:\\\/\\\/batijournal.com\\\/index.php\\\/un-jour-en-entreprise\\\/75240\\\/#breadcrumb\"},\"inLanguage\":\"fr-FR\",\"potentialAction\":[{\"@type\":\"ReadAction\",\"target\":[\"https:\\\/\\\/batijournal.com\\\/index.php\\\/un-jour-en-entreprise\\\/75240\\\/\"]}]},{\"@type\":\"ImageObject\",\"inLanguage\":\"fr-FR\",\"@id\":\"https:\\\/\\\/batijournal.com\\\/index.php\\\/un-jour-en-entreprise\\\/75240\\\/#primaryimage\",\"url\":\"https:\\\/\\\/batijournal.com\\\/wp-content\\\/uploads\\\/2015\\\/03\\\/03505177.jpg\",\"contentUrl\":\"https:\\\/\\\/batijournal.com\\\/wp-content\\\/uploads\\\/2015\\\/03\\\/03505177.jpg\",\"width\":399,\"height\":599},{\"@type\":\"BreadcrumbList\",\"@id\":\"https:\\\/\\\/batijournal.com\\\/index.php\\\/un-jour-en-entreprise\\\/75240\\\/#breadcrumb\",\"itemListElement\":[{\"@type\":\"ListItem\",\"position\":1,\"name\":\"Accueil\",\"item\":\"https:\\\/\\\/batijournal.com\\\/\"},{\"@type\":\"ListItem\",\"position\":2,\"name\":\"Actualit\u00e9s\",\"item\":\"https:\\\/\\\/batijournal.com\\\/index.php\\\/category\\\/actualites\\\/\"},{\"@type\":\"ListItem\",\"position\":3,\"name\":\"Architecture &amp; Conception\",\"item\":\"https:\\\/\\\/batijournal.com\\\/index.php\\\/category\\\/actualites\\\/architecture-conception\\\/\"},{\"@type\":\"ListItem\",\"position\":4,\"name\":\"Un jour en entreprise\"}]},{\"@type\":\"WebSite\",\"@id\":\"https:\\\/\\\/batijournal.com\\\/#website\",\"url\":\"https:\\\/\\\/batijournal.com\\\/\",\"name\":\"Batijournal\",\"description\":\"L&#039;actualit\u00e9 du b\u00e2timent\",\"potentialAction\":[{\"@type\":\"SearchAction\",\"target\":{\"@type\":\"EntryPoint\",\"urlTemplate\":\"https:\\\/\\\/batijournal.com\\\/?s={search_term_string}\"},\"query-input\":{\"@type\":\"PropertyValueSpecification\",\"valueRequired\":true,\"valueName\":\"search_term_string\"}}],\"inLanguage\":\"fr-FR\"},{\"@type\":\"Person\",\"@id\":\"https:\\\/\\\/batijournal.com\\\/#\\\/schema\\\/person\\\/6a657e8967569e1b299972574848aa76\",\"name\":\"Bati-journal\",\"image\":{\"@type\":\"ImageObject\",\"inLanguage\":\"fr-FR\",\"@id\":\"https:\\\/\\\/secure.gravatar.com\\\/avatar\\\/a64364ea26392f9b4dd47e017ddaec74ff03aefc073b49e492e847201258f777?s=96&d=mm&r=g\",\"url\":\"https:\\\/\\\/secure.gravatar.com\\\/avatar\\\/a64364ea26392f9b4dd47e017ddaec74ff03aefc073b49e492e847201258f777?s=96&d=mm&r=g\",\"contentUrl\":\"https:\\\/\\\/secure.gravatar.com\\\/avatar\\\/a64364ea26392f9b4dd47e017ddaec74ff03aefc073b49e492e847201258f777?s=96&d=mm&r=g\",\"caption\":\"Bati-journal\"},\"url\":\"https:\\\/\\\/batijournal.com\\\/index.php\\\/author\\\/elodie\\\/\"}]}<\/script>\n<!-- \/ Yoast SEO plugin. -->","yoast_head_json":{"title":"Un jour en entreprise","robots":{"index":"index","follow":"follow","max-snippet":"max-snippet:-1","max-image-preview":"max-image-preview:large","max-video-preview":"max-video-preview:-1"},"canonical":"https:\/\/batijournal.com\/index.php\/un-jour-en-entreprise\/75240\/","og_locale":"fr_FR","og_type":"article","og_title":"Un jour en entreprise","og_description":"Le 31 mars prochain, la FFB organise la premi\u00e8re \u00e9dition de l&rsquo;op\u00e9ration \u00ab\u00a0Un jour en entreprise, une journ\u00e9e pour d\u00e9couvrir le b\u00e2timent, ses entrepreneurs et ses artisans\u00a0\u00bb. L&rsquo;objectif ? Faire se rencontrer un chef d&rsquo;entreprise et un enseignant, professeur, conseiller d&rsquo;orientation ou chef d&rsquo;\u00e9tablissement, afin de permettre une meilleure connaissance r\u00e9ciproque. L&rsquo;invit\u00e9, relais d&rsquo;information aupr\u00e8s [&hellip;]","og_url":"https:\/\/batijournal.com\/index.php\/un-jour-en-entreprise\/75240\/","og_site_name":"Batijournal","article_published_time":"2009-03-25T23:00:00+00:00","article_modified_time":"2019-07-15T09:36:11+00:00","og_image":[{"width":399,"height":599,"url":"https:\/\/batijournal.com\/wp-content\/uploads\/2015\/03\/03505177.jpg","type":"image\/jpeg"}],"author":"Bati-journal","twitter_card":"summary_large_image","twitter_creator":"@bati_journal","twitter_site":"@bati_journal","twitter_misc":{"\u00c9crit par":"Bati-journal","Dur\u00e9e de lecture estim\u00e9e":"1 minute"},"schema":{"@context":"https:\/\/schema.org","@graph":[{"@type":"Article","@id":"https:\/\/batijournal.com\/index.php\/un-jour-en-entreprise\/75240\/#article","isPartOf":{"@id":"https:\/\/batijournal.com\/index.php\/un-jour-en-entreprise\/75240\/"},"author":{"name":"Bati-journal","@id":"https:\/\/batijournal.com\/#\/schema\/person\/6a657e8967569e1b299972574848aa76"},"headline":"Un jour en entreprise","datePublished":"2009-03-25T23:00:00+00:00","dateModified":"2019-07-15T09:36:11+00:00","mainEntityOfPage":{"@id":"https:\/\/batijournal.com\/index.php\/un-jour-en-entreprise\/75240\/"},"wordCount":115,"commentCount":0,"image":{"@id":"https:\/\/batijournal.com\/index.php\/un-jour-en-entreprise\/75240\/#primaryimage"},"thumbnailUrl":"https:\/\/batijournal.com\/wp-content\/uploads\/2015\/03\/03505177.jpg","keywords":["ffb"],"articleSection":["Architecture &amp; Conception"],"inLanguage":"fr-FR","potentialAction":[{"@type":"CommentAction","name":"Comment","target":["https:\/\/batijournal.com\/index.php\/un-jour-en-entreprise\/75240\/#respond"]}]},{"@type":"WebPage","@id":"https:\/\/batijournal.com\/index.php\/un-jour-en-entreprise\/75240\/","url":"https:\/\/batijournal.com\/index.php\/un-jour-en-entreprise\/75240\/","name":"Un jour en entreprise","isPartOf":{"@id":"https:\/\/batijournal.com\/#website"},"primaryImageOfPage":{"@id":"https:\/\/batijournal.com\/index.php\/un-jour-en-entreprise\/75240\/#primaryimage"},"image":{"@id":"https:\/\/batijournal.com\/index.php\/un-jour-en-entreprise\/75240\/#primaryimage"},"thumbnailUrl":"https:\/\/batijournal.com\/wp-content\/uploads\/2015\/03\/03505177.jpg","datePublished":"2009-03-25T23:00:00+00:00","dateModified":"2019-07-15T09:36:11+00:00","author":{"@id":"https:\/\/batijournal.com\/#\/schema\/person\/6a657e8967569e1b299972574848aa76"},"breadcrumb":{"@id":"https:\/\/batijournal.com\/index.php\/un-jour-en-entreprise\/75240\/#breadcrumb"},"inLanguage":"fr-FR","potentialAction":[{"@type":"ReadAction","target":["https:\/\/batijournal.com\/index.php\/un-jour-en-entreprise\/75240\/"]}]},{"@type":"ImageObject","inLanguage":"fr-FR","@id":"https:\/\/batijournal.com\/index.php\/un-jour-en-entreprise\/75240\/#primaryimage","url":"https:\/\/batijournal.com\/wp-content\/uploads\/2015\/03\/03505177.jpg","contentUrl":"https:\/\/batijournal.com\/wp-content\/uploads\/2015\/03\/03505177.jpg","width":399,"height":599},{"@type":"BreadcrumbList","@id":"https:\/\/batijournal.com\/index.php\/un-jour-en-entreprise\/75240\/#breadcrumb","itemListElement":[{"@type":"ListItem","position":1,"name":"Accueil","item":"https:\/\/batijournal.com\/"},{"@type":"ListItem","position":2,"name":"Actualit\u00e9s","item":"https:\/\/batijournal.com\/index.php\/category\/actualites\/"},{"@type":"ListItem","position":3,"name":"Architecture &amp; Conception","item":"https:\/\/batijournal.com\/index.php\/category\/actualites\/architecture-conception\/"},{"@type":"ListItem","position":4,"name":"Un jour en entreprise"}]},{"@type":"WebSite","@id":"https:\/\/batijournal.com\/#website","url":"https:\/\/batijournal.com\/","name":"Batijournal","description":"L&#039;actualit\u00e9 du b\u00e2timent","potentialAction":[{"@type":"SearchAction","target":{"@type":"EntryPoint","urlTemplate":"https:\/\/batijournal.com\/?s={search_term_string}"},"query-input":{"@type":"PropertyValueSpecification","valueRequired":true,"valueName":"search_term_string"}}],"inLanguage":"fr-FR"},{"@type":"Person","@id":"https:\/\/batijournal.com\/#\/schema\/person\/6a657e8967569e1b299972574848aa76","name":"Bati-journal","image":{"@type":"ImageObject","inLanguage":"fr-FR","@id":"https:\/\/secure.gravatar.com\/avatar\/a64364ea26392f9b4dd47e017ddaec74ff03aefc073b49e492e847201258f777?s=96&d=mm&r=g","url":"https:\/\/secure.gravatar.com\/avatar\/a64364ea26392f9b4dd47e017ddaec74ff03aefc073b49e492e847201258f777?s=96&d=mm&r=g","contentUrl":"https:\/\/secure.gravatar.com\/avatar\/a64364ea26392f9b4dd47e017ddaec74ff03aefc073b49e492e847201258f777?s=96&d=mm&r=g","caption":"Bati-journal"},"url":"https:\/\/batijournal.com\/index.php\/author\/elodie\/"}]}},"_links":{"self":[{"href":"https:\/\/batijournal.com\/index.php\/wp-json\/wp\/v2\/posts\/75240","targetHints":{"allow":["GET"]}}],"collection":[{"href":"https:\/\/batijournal.com\/index.php\/wp-json\/wp\/v2\/posts"}],"about":[{"href":"https:\/\/batijournal.com\/index.php\/wp-json\/wp\/v2\/types\/post"}],"author":[{"embeddable":true,"href":"https:\/\/batijournal.com\/index.php\/wp-json\/wp\/v2\/users\/1"}],"replies":[{"embeddable":true,"href":"https:\/\/batijournal.com\/index.php\/wp-json\/wp\/v2\/comments?post=75240"}],"version-history":[{"count":0,"href":"https:\/\/batijournal.com\/index.php\/wp-json\/wp\/v2\/posts\/75240\/revisions"}],"wp:featuredmedia":[{"embeddable":true,"href":"https:\/\/batijournal.com\/index.php\/wp-json\/wp\/v2\/media\/75241"}],"wp:attachment":[{"href":"https:\/\/batijournal.com\/index.php\/wp-json\/wp\/v2\/media?parent=75240"}],"wp:term":[{"taxonomy":"category","embeddable":true,"href":"https:\/\/batijournal.com\/index.php\/wp-json\/wp\/v2\/categories?post=75240"},{"taxonomy":"post_tag","embeddable":true,"href":"https:\/\/batijournal.com\/index.php\/wp-json\/wp\/v2\/tags?post=75240"}],"curies":[{"name":"wp","href":"https:\/\/api.w.org\/{rel}","templated":true}]}}