{"id":75278,"date":"2009-06-25T00:00:00","date_gmt":"2009-06-24T22:00:00","guid":{"rendered":"http:\/\/b.bati-journal.com\/frederic-mitterrand-est-le-nouveau-ministre-de-la-culture\/75278"},"modified":"2019-07-15T11:36:07","modified_gmt":"2019-07-15T09:36:07","slug":"frederic-mitterrand-est-le-nouveau-ministre-de-la-culture","status":"publish","type":"post","link":"https:\/\/batijournal.com\/index.php\/frederic-mitterrand-est-le-nouveau-ministre-de-la-culture\/75278\/","title":{"rendered":"Fr\u00e9d\u00e9ric Mitterrand est le nouveau ministre de la Culture"},"content":{"rendered":"<p>Fr\u00e9d\u00e9ric Mitterrand remplace Christine Albanel au minist\u00e8re de la Culture et de la communication. Homme de lettres, de cin\u00e9ma et de t\u00e9l\u00e9vision, f\u00e9ru de culture classique, Fr\u00e9d\u00e9ric Mitterrand est n\u00e9 le 21 aout 1947. Il est titulaire d\u0092&rsquo;un doctorat d&rsquo;\u0092Histoire, puis a suivi des \u00e9tudes \u00e0 l&rsquo;\u0092Institut d\u0092&rsquo;\u00e9tudes politiques de Paris. Il fut professeur d&rsquo;\u0092Histoire, de g\u00e9ographie et d&rsquo;\u0092\u00e9conomie avant de produire et de r\u00e9aliser des \u009coeuvres audiovisuelles, notamment consacr\u00e9es \u00e0 l\u0092&rsquo;op\u00e9ra (\u00ab Madame Butterfly \u00bb), aux grands personnages historiques et aux familles royales (\u00ab Destins \u00bb, \u00ab L\u00e9gendes du si\u00e8cle \u00bb, \u00ab Les aigles foudroy\u00e9s \u00bb). \u00ab Lettres d&rsquo;\u0092amour en Somalie \u00bb, \u00ab Un jour dans le si\u00e8cle \u00bb et \u00ab La mauvaise vie \u00bb sont ses \u009coeuvres litt\u00e9raires les plus remarqu\u00e9es. Depuis juin 2008, il \u00e9tait directeur de la Villa M\u00e9dicis, \u00e0 Rome.<\/p>\n","protected":false},"excerpt":{"rendered":"<p>Fr\u00e9d\u00e9ric Mitterrand remplace Christine Albanel au minist\u00e8re de la Culture et de la communication. Homme de lettres, de cin\u00e9ma et de t\u00e9l\u00e9vision, f\u00e9ru de culture classique, Fr\u00e9d\u00e9ric Mitterrand est n\u00e9 le 21 aout 1947. Il est titulaire d\u0092&rsquo;un doctorat d&rsquo;\u0092Histoire, puis a suivi des \u00e9tudes \u00e0 l&rsquo;\u0092Institut d\u0092&rsquo;\u00e9tudes politiques de Paris. Il fut professeur d&rsquo;\u0092Histoire, [&hellip;]<\/p>\n","protected":false},"author":1,"featured_media":0,"comment_status":"open","ping_status":"closed","sticky":false,"template":"","format":"standard","meta":{"_et_pb_use_builder":"","_et_pb_old_content":"","_et_gb_content_width":"","footnotes":""},"categories":[6340],"tags":[6884,6004],"class_list":["post-75278","post","type-post","status-publish","format-standard","hentry","category-architecture-conception","tag-frederic-mitterand","tag-ministere-de-la-culture"],"yoast_head":"<!-- This site is optimized with the Yoast SEO plugin v27.4 - https:\/\/yoast.com\/product\/yoast-seo-wordpress\/ -->\n<title>Fr\u00e9d\u00e9ric Mitterrand est le nouveau ministre de la Culture<\/title>\n<meta name=\"robots\" content=\"index, follow, max-snippet:-1, max-image-preview:large, max-video-preview:-1\" \/>\n<link rel=\"canonical\" href=\"https:\/\/batijournal.com\/index.php\/frederic-mitterrand-est-le-nouveau-ministre-de-la-culture\/75278\/\" \/>\n<meta property=\"og:locale\" content=\"fr_FR\" \/>\n<meta property=\"og:type\" content=\"article\" \/>\n<meta property=\"og:title\" content=\"Fr\u00e9d\u00e9ric Mitterrand est le nouveau ministre de la Culture\" \/>\n<meta property=\"og:description\" content=\"Fr\u00e9d\u00e9ric Mitterrand remplace Christine Albanel au minist\u00e8re de la Culture et de la communication. Homme de lettres, de cin\u00e9ma et de t\u00e9l\u00e9vision, f\u00e9ru de culture classique, Fr\u00e9d\u00e9ric Mitterrand est n\u00e9 le 21 aout 1947. Il est titulaire d\u0092&rsquo;un doctorat d&rsquo;\u0092Histoire, puis a suivi des \u00e9tudes \u00e0 l&rsquo;\u0092Institut d\u0092&rsquo;\u00e9tudes politiques de Paris. Il fut professeur d&rsquo;\u0092Histoire, [&hellip;]\" \/>\n<meta property=\"og:url\" content=\"https:\/\/batijournal.com\/index.php\/frederic-mitterrand-est-le-nouveau-ministre-de-la-culture\/75278\/\" \/>\n<meta property=\"og:site_name\" content=\"Batijournal\" \/>\n<meta property=\"article:published_time\" content=\"2009-06-24T22:00:00+00:00\" \/>\n<meta property=\"article:modified_time\" content=\"2019-07-15T09:36:07+00:00\" \/>\n<meta name=\"author\" content=\"Bati-journal\" \/>\n<meta name=\"twitter:card\" content=\"summary_large_image\" \/>\n<meta name=\"twitter:creator\" content=\"@bati_journal\" \/>\n<meta name=\"twitter:site\" content=\"@bati_journal\" \/>\n<meta name=\"twitter:label1\" content=\"\u00c9crit par\" \/>\n\t<meta name=\"twitter:data1\" content=\"Bati-journal\" \/>\n\t<meta name=\"twitter:label2\" content=\"Dur\u00e9e de lecture estim\u00e9e\" \/>\n\t<meta name=\"twitter:data2\" content=\"1 minute\" \/>\n<script type=\"application\/ld+json\" class=\"yoast-schema-graph\">{\"@context\":\"https:\\\/\\\/schema.org\",\"@graph\":[{\"@type\":\"Article\",\"@id\":\"https:\\\/\\\/batijournal.com\\\/index.php\\\/frederic-mitterrand-est-le-nouveau-ministre-de-la-culture\\\/75278\\\/#article\",\"isPartOf\":{\"@id\":\"https:\\\/\\\/batijournal.com\\\/index.php\\\/frederic-mitterrand-est-le-nouveau-ministre-de-la-culture\\\/75278\\\/\"},\"author\":{\"name\":\"Bati-journal\",\"@id\":\"https:\\\/\\\/batijournal.com\\\/#\\\/schema\\\/person\\\/6a657e8967569e1b299972574848aa76\"},\"headline\":\"Fr\u00e9d\u00e9ric Mitterrand est le nouveau ministre de la Culture\",\"datePublished\":\"2009-06-24T22:00:00+00:00\",\"dateModified\":\"2019-07-15T09:36:07+00:00\",\"mainEntityOfPage\":{\"@id\":\"https:\\\/\\\/batijournal.com\\\/index.php\\\/frederic-mitterrand-est-le-nouveau-ministre-de-la-culture\\\/75278\\\/\"},\"wordCount\":154,\"commentCount\":0,\"keywords\":[\"frederic mitterand\",\"minist\u00e8re de la culture\"],\"articleSection\":[\"Architecture &amp; Conception\"],\"inLanguage\":\"fr-FR\",\"potentialAction\":[{\"@type\":\"CommentAction\",\"name\":\"Comment\",\"target\":[\"https:\\\/\\\/batijournal.com\\\/index.php\\\/frederic-mitterrand-est-le-nouveau-ministre-de-la-culture\\\/75278\\\/#respond\"]}]},{\"@type\":\"WebPage\",\"@id\":\"https:\\\/\\\/batijournal.com\\\/index.php\\\/frederic-mitterrand-est-le-nouveau-ministre-de-la-culture\\\/75278\\\/\",\"url\":\"https:\\\/\\\/batijournal.com\\\/index.php\\\/frederic-mitterrand-est-le-nouveau-ministre-de-la-culture\\\/75278\\\/\",\"name\":\"Fr\u00e9d\u00e9ric Mitterrand est le nouveau ministre de la Culture\",\"isPartOf\":{\"@id\":\"https:\\\/\\\/batijournal.com\\\/#website\"},\"datePublished\":\"2009-06-24T22:00:00+00:00\",\"dateModified\":\"2019-07-15T09:36:07+00:00\",\"author\":{\"@id\":\"https:\\\/\\\/batijournal.com\\\/#\\\/schema\\\/person\\\/6a657e8967569e1b299972574848aa76\"},\"breadcrumb\":{\"@id\":\"https:\\\/\\\/batijournal.com\\\/index.php\\\/frederic-mitterrand-est-le-nouveau-ministre-de-la-culture\\\/75278\\\/#breadcrumb\"},\"inLanguage\":\"fr-FR\",\"potentialAction\":[{\"@type\":\"ReadAction\",\"target\":[\"https:\\\/\\\/batijournal.com\\\/index.php\\\/frederic-mitterrand-est-le-nouveau-ministre-de-la-culture\\\/75278\\\/\"]}]},{\"@type\":\"BreadcrumbList\",\"@id\":\"https:\\\/\\\/batijournal.com\\\/index.php\\\/frederic-mitterrand-est-le-nouveau-ministre-de-la-culture\\\/75278\\\/#breadcrumb\",\"itemListElement\":[{\"@type\":\"ListItem\",\"position\":1,\"name\":\"Accueil\",\"item\":\"https:\\\/\\\/batijournal.com\\\/\"},{\"@type\":\"ListItem\",\"position\":2,\"name\":\"Actualit\u00e9s\",\"item\":\"https:\\\/\\\/batijournal.com\\\/index.php\\\/category\\\/actualites\\\/\"},{\"@type\":\"ListItem\",\"position\":3,\"name\":\"Architecture &amp; Conception\",\"item\":\"https:\\\/\\\/batijournal.com\\\/index.php\\\/category\\\/actualites\\\/architecture-conception\\\/\"},{\"@type\":\"ListItem\",\"position\":4,\"name\":\"Fr\u00e9d\u00e9ric Mitterrand est le nouveau ministre de la Culture\"}]},{\"@type\":\"WebSite\",\"@id\":\"https:\\\/\\\/batijournal.com\\\/#website\",\"url\":\"https:\\\/\\\/batijournal.com\\\/\",\"name\":\"Batijournal\",\"description\":\"L&#039;actualit\u00e9 du b\u00e2timent\",\"potentialAction\":[{\"@type\":\"SearchAction\",\"target\":{\"@type\":\"EntryPoint\",\"urlTemplate\":\"https:\\\/\\\/batijournal.com\\\/?s={search_term_string}\"},\"query-input\":{\"@type\":\"PropertyValueSpecification\",\"valueRequired\":true,\"valueName\":\"search_term_string\"}}],\"inLanguage\":\"fr-FR\"},{\"@type\":\"Person\",\"@id\":\"https:\\\/\\\/batijournal.com\\\/#\\\/schema\\\/person\\\/6a657e8967569e1b299972574848aa76\",\"name\":\"Bati-journal\",\"image\":{\"@type\":\"ImageObject\",\"inLanguage\":\"fr-FR\",\"@id\":\"https:\\\/\\\/secure.gravatar.com\\\/avatar\\\/a64364ea26392f9b4dd47e017ddaec74ff03aefc073b49e492e847201258f777?s=96&d=mm&r=g\",\"url\":\"https:\\\/\\\/secure.gravatar.com\\\/avatar\\\/a64364ea26392f9b4dd47e017ddaec74ff03aefc073b49e492e847201258f777?s=96&d=mm&r=g\",\"contentUrl\":\"https:\\\/\\\/secure.gravatar.com\\\/avatar\\\/a64364ea26392f9b4dd47e017ddaec74ff03aefc073b49e492e847201258f777?s=96&d=mm&r=g\",\"caption\":\"Bati-journal\"},\"url\":\"https:\\\/\\\/batijournal.com\\\/index.php\\\/author\\\/elodie\\\/\"}]}<\/script>\n<!-- \/ Yoast SEO plugin. -->","yoast_head_json":{"title":"Fr\u00e9d\u00e9ric Mitterrand est le nouveau ministre de la Culture","robots":{"index":"index","follow":"follow","max-snippet":"max-snippet:-1","max-image-preview":"max-image-preview:large","max-video-preview":"max-video-preview:-1"},"canonical":"https:\/\/batijournal.com\/index.php\/frederic-mitterrand-est-le-nouveau-ministre-de-la-culture\/75278\/","og_locale":"fr_FR","og_type":"article","og_title":"Fr\u00e9d\u00e9ric Mitterrand est le nouveau ministre de la Culture","og_description":"Fr\u00e9d\u00e9ric Mitterrand remplace Christine Albanel au minist\u00e8re de la Culture et de la communication. Homme de lettres, de cin\u00e9ma et de t\u00e9l\u00e9vision, f\u00e9ru de culture classique, Fr\u00e9d\u00e9ric Mitterrand est n\u00e9 le 21 aout 1947. Il est titulaire d\u0092&rsquo;un doctorat d&rsquo;\u0092Histoire, puis a suivi des \u00e9tudes \u00e0 l&rsquo;\u0092Institut d\u0092&rsquo;\u00e9tudes politiques de Paris. Il fut professeur d&rsquo;\u0092Histoire, [&hellip;]","og_url":"https:\/\/batijournal.com\/index.php\/frederic-mitterrand-est-le-nouveau-ministre-de-la-culture\/75278\/","og_site_name":"Batijournal","article_published_time":"2009-06-24T22:00:00+00:00","article_modified_time":"2019-07-15T09:36:07+00:00","author":"Bati-journal","twitter_card":"summary_large_image","twitter_creator":"@bati_journal","twitter_site":"@bati_journal","twitter_misc":{"\u00c9crit par":"Bati-journal","Dur\u00e9e de lecture estim\u00e9e":"1 minute"},"schema":{"@context":"https:\/\/schema.org","@graph":[{"@type":"Article","@id":"https:\/\/batijournal.com\/index.php\/frederic-mitterrand-est-le-nouveau-ministre-de-la-culture\/75278\/#article","isPartOf":{"@id":"https:\/\/batijournal.com\/index.php\/frederic-mitterrand-est-le-nouveau-ministre-de-la-culture\/75278\/"},"author":{"name":"Bati-journal","@id":"https:\/\/batijournal.com\/#\/schema\/person\/6a657e8967569e1b299972574848aa76"},"headline":"Fr\u00e9d\u00e9ric Mitterrand est le nouveau ministre de la Culture","datePublished":"2009-06-24T22:00:00+00:00","dateModified":"2019-07-15T09:36:07+00:00","mainEntityOfPage":{"@id":"https:\/\/batijournal.com\/index.php\/frederic-mitterrand-est-le-nouveau-ministre-de-la-culture\/75278\/"},"wordCount":154,"commentCount":0,"keywords":["frederic mitterand","minist\u00e8re de la culture"],"articleSection":["Architecture &amp; Conception"],"inLanguage":"fr-FR","potentialAction":[{"@type":"CommentAction","name":"Comment","target":["https:\/\/batijournal.com\/index.php\/frederic-mitterrand-est-le-nouveau-ministre-de-la-culture\/75278\/#respond"]}]},{"@type":"WebPage","@id":"https:\/\/batijournal.com\/index.php\/frederic-mitterrand-est-le-nouveau-ministre-de-la-culture\/75278\/","url":"https:\/\/batijournal.com\/index.php\/frederic-mitterrand-est-le-nouveau-ministre-de-la-culture\/75278\/","name":"Fr\u00e9d\u00e9ric Mitterrand est le nouveau ministre de la Culture","isPartOf":{"@id":"https:\/\/batijournal.com\/#website"},"datePublished":"2009-06-24T22:00:00+00:00","dateModified":"2019-07-15T09:36:07+00:00","author":{"@id":"https:\/\/batijournal.com\/#\/schema\/person\/6a657e8967569e1b299972574848aa76"},"breadcrumb":{"@id":"https:\/\/batijournal.com\/index.php\/frederic-mitterrand-est-le-nouveau-ministre-de-la-culture\/75278\/#breadcrumb"},"inLanguage":"fr-FR","potentialAction":[{"@type":"ReadAction","target":["https:\/\/batijournal.com\/index.php\/frederic-mitterrand-est-le-nouveau-ministre-de-la-culture\/75278\/"]}]},{"@type":"BreadcrumbList","@id":"https:\/\/batijournal.com\/index.php\/frederic-mitterrand-est-le-nouveau-ministre-de-la-culture\/75278\/#breadcrumb","itemListElement":[{"@type":"ListItem","position":1,"name":"Accueil","item":"https:\/\/batijournal.com\/"},{"@type":"ListItem","position":2,"name":"Actualit\u00e9s","item":"https:\/\/batijournal.com\/index.php\/category\/actualites\/"},{"@type":"ListItem","position":3,"name":"Architecture &amp; Conception","item":"https:\/\/batijournal.com\/index.php\/category\/actualites\/architecture-conception\/"},{"@type":"ListItem","position":4,"name":"Fr\u00e9d\u00e9ric Mitterrand est le nouveau ministre de la Culture"}]},{"@type":"WebSite","@id":"https:\/\/batijournal.com\/#website","url":"https:\/\/batijournal.com\/","name":"Batijournal","description":"L&#039;actualit\u00e9 du b\u00e2timent","potentialAction":[{"@type":"SearchAction","target":{"@type":"EntryPoint","urlTemplate":"https:\/\/batijournal.com\/?s={search_term_string}"},"query-input":{"@type":"PropertyValueSpecification","valueRequired":true,"valueName":"search_term_string"}}],"inLanguage":"fr-FR"},{"@type":"Person","@id":"https:\/\/batijournal.com\/#\/schema\/person\/6a657e8967569e1b299972574848aa76","name":"Bati-journal","image":{"@type":"ImageObject","inLanguage":"fr-FR","@id":"https:\/\/secure.gravatar.com\/avatar\/a64364ea26392f9b4dd47e017ddaec74ff03aefc073b49e492e847201258f777?s=96&d=mm&r=g","url":"https:\/\/secure.gravatar.com\/avatar\/a64364ea26392f9b4dd47e017ddaec74ff03aefc073b49e492e847201258f777?s=96&d=mm&r=g","contentUrl":"https:\/\/secure.gravatar.com\/avatar\/a64364ea26392f9b4dd47e017ddaec74ff03aefc073b49e492e847201258f777?s=96&d=mm&r=g","caption":"Bati-journal"},"url":"https:\/\/batijournal.com\/index.php\/author\/elodie\/"}]}},"_links":{"self":[{"href":"https:\/\/batijournal.com\/index.php\/wp-json\/wp\/v2\/posts\/75278","targetHints":{"allow":["GET"]}}],"collection":[{"href":"https:\/\/batijournal.com\/index.php\/wp-json\/wp\/v2\/posts"}],"about":[{"href":"https:\/\/batijournal.com\/index.php\/wp-json\/wp\/v2\/types\/post"}],"author":[{"embeddable":true,"href":"https:\/\/batijournal.com\/index.php\/wp-json\/wp\/v2\/users\/1"}],"replies":[{"embeddable":true,"href":"https:\/\/batijournal.com\/index.php\/wp-json\/wp\/v2\/comments?post=75278"}],"version-history":[{"count":0,"href":"https:\/\/batijournal.com\/index.php\/wp-json\/wp\/v2\/posts\/75278\/revisions"}],"wp:attachment":[{"href":"https:\/\/batijournal.com\/index.php\/wp-json\/wp\/v2\/media?parent=75278"}],"wp:term":[{"taxonomy":"category","embeddable":true,"href":"https:\/\/batijournal.com\/index.php\/wp-json\/wp\/v2\/categories?post=75278"},{"taxonomy":"post_tag","embeddable":true,"href":"https:\/\/batijournal.com\/index.php\/wp-json\/wp\/v2\/tags?post=75278"}],"curies":[{"name":"wp","href":"https:\/\/api.w.org\/{rel}","templated":true}]}}