{"id":75305,"date":"2009-09-16T00:00:00","date_gmt":"2009-09-15T22:00:00","guid":{"rendered":"http:\/\/b.bati-journal.com\/l%c2%92accessibilite-du-patrimoine-bati-un-engagement-cle-pour-la-capeb\/75305"},"modified":"2019-07-15T11:36:03","modified_gmt":"2019-07-15T09:36:03","slug":"l%c2%92accessibilite-du-patrimoine-bati-un-engagement-cle-pour-la-capeb","status":"publish","type":"post","link":"https:\/\/batijournal.com\/index.php\/l%c2%92accessibilite-du-patrimoine-bati-un-engagement-cle-pour-la-capeb\/75305\/","title":{"rendered":"L\u0092&rsquo;accessibilit\u00e9 du patrimoine b\u00e2ti : un engagement cl\u00e9 pour la CAPEB"},"content":{"rendered":"<p>L\u0092&rsquo;\u00e9dition 2009 des Journ\u00e9es europ\u00e9ennes du patrimoine est consacr\u00e9e \u00e0 l&rsquo;\u0092un des chantiers prioritaires de ces prochaines ann\u00e9es, aussi bien pour les gestionnaires des monuments et mus\u00e9es que pour les professionnels du b\u00e2timent : celui de l&rsquo;\u0092accessibilit\u00e9 des sites patrimoniaux aux personnes handicap\u00e9es. Le th\u00e8me \u00ab Un patrimoine accessible \u00e0 tous \u00bb est l\u0092&rsquo;occasion de mobiliser tous les acteurs du secteur autour de la prise en compte du handicap. Laur\u00e9ate d\u0092&rsquo;un prix de la Fondation de France dans ce domaine en 2004, la CAPEB n&rsquo;\u0092a jamais cess\u00e9 de travailler sur cette question de l&rsquo;\u0092accessibilit\u00e9 et de sensibiliser les entreprises artisanales \u00e0 la n\u00e9cessit\u00e9 d&rsquo;\u0092adapter les b\u00e2timents. \u00ab Adapter le b\u00e2ti existant aux besoins des personnes handicap\u00e9es est une obligation pr\u00e9vue par la loi du 11 f\u00e9vrier 2005 et une priorit\u00e9 pour la CAPEB, qui accompagne les artisans dans ce domaine, rappelle Jean Lardin. La CAPEB participe d&rsquo;\u0092ailleurs en ce moment aux c\u00f4t\u00e9s du Cobaty au projet de mise en accessibilit\u00e9 du site embl\u00e9matique qu\u0092&rsquo;est l\u0092&rsquo;abbaye de Port Royal des Champs. Pour ces journ\u00e9es europ\u00e9ennes du Patrimoine 2009, les artisans du b\u00e2timent r\u00e9affirment leur engagement dans le grand chantier de l&rsquo;\u0092accessibilit\u00e9 \u00bb.<\/p>\n","protected":false},"excerpt":{"rendered":"<p>L\u0092&rsquo;\u00e9dition 2009 des Journ\u00e9es europ\u00e9ennes du patrimoine est consacr\u00e9e \u00e0 l&rsquo;\u0092un des chantiers prioritaires de ces prochaines ann\u00e9es, aussi bien pour les gestionnaires des monuments et mus\u00e9es que pour les professionnels du b\u00e2timent : celui de l&rsquo;\u0092accessibilit\u00e9 des sites patrimoniaux aux personnes handicap\u00e9es. Le th\u00e8me \u00ab Un patrimoine accessible \u00e0 tous \u00bb est l\u0092&rsquo;occasion de [&hellip;]<\/p>\n","protected":false},"author":1,"featured_media":0,"comment_status":"open","ping_status":"closed","sticky":false,"template":"","format":"standard","meta":{"_et_pb_use_builder":"","_et_pb_old_content":"","_et_gb_content_width":"","footnotes":""},"categories":[6340],"tags":[647,1640],"class_list":["post-75305","post","type-post","status-publish","format-standard","hentry","category-architecture-conception","tag-capeb","tag-handicap"],"yoast_head":"<!-- This site is optimized with the Yoast SEO plugin v27.4 - https:\/\/yoast.com\/product\/yoast-seo-wordpress\/ -->\n<title>L\u0092&#039;accessibilit\u00e9 du patrimoine b\u00e2ti : un engagement cl\u00e9 pour la CAPEB<\/title>\n<meta name=\"robots\" content=\"index, follow, max-snippet:-1, max-image-preview:large, max-video-preview:-1\" \/>\n<link rel=\"canonical\" href=\"https:\/\/batijournal.com\/index.php\/l\u0092accessibilite-du-patrimoine-bati-un-engagement-cle-pour-la-capeb\/75305\/\" \/>\n<meta property=\"og:locale\" content=\"fr_FR\" \/>\n<meta property=\"og:type\" content=\"article\" \/>\n<meta property=\"og:title\" content=\"L\u0092&#039;accessibilit\u00e9 du patrimoine b\u00e2ti : un engagement cl\u00e9 pour la CAPEB\" \/>\n<meta property=\"og:description\" content=\"L\u0092&rsquo;\u00e9dition 2009 des Journ\u00e9es europ\u00e9ennes du patrimoine est consacr\u00e9e \u00e0 l&rsquo;\u0092un des chantiers prioritaires de ces prochaines ann\u00e9es, aussi bien pour les gestionnaires des monuments et mus\u00e9es que pour les professionnels du b\u00e2timent : celui de l&rsquo;\u0092accessibilit\u00e9 des sites patrimoniaux aux personnes handicap\u00e9es. Le th\u00e8me \u00ab Un patrimoine accessible \u00e0 tous \u00bb est l\u0092&rsquo;occasion de [&hellip;]\" \/>\n<meta property=\"og:url\" content=\"https:\/\/batijournal.com\/index.php\/l\u0092accessibilite-du-patrimoine-bati-un-engagement-cle-pour-la-capeb\/75305\/\" \/>\n<meta property=\"og:site_name\" content=\"Batijournal\" \/>\n<meta property=\"article:published_time\" content=\"2009-09-15T22:00:00+00:00\" \/>\n<meta property=\"article:modified_time\" content=\"2019-07-15T09:36:03+00:00\" \/>\n<meta name=\"author\" content=\"Bati-journal\" \/>\n<meta name=\"twitter:card\" content=\"summary_large_image\" \/>\n<meta name=\"twitter:creator\" content=\"@bati_journal\" \/>\n<meta name=\"twitter:site\" content=\"@bati_journal\" \/>\n<meta name=\"twitter:label1\" content=\"\u00c9crit par\" \/>\n\t<meta name=\"twitter:data1\" content=\"Bati-journal\" \/>\n\t<meta name=\"twitter:label2\" content=\"Dur\u00e9e de lecture estim\u00e9e\" \/>\n\t<meta name=\"twitter:data2\" content=\"1 minute\" \/>\n<script type=\"application\/ld+json\" class=\"yoast-schema-graph\">{\"@context\":\"https:\\\/\\\/schema.org\",\"@graph\":[{\"@type\":\"Article\",\"@id\":\"https:\\\/\\\/batijournal.com\\\/index.php\\\/l%c2%92accessibilite-du-patrimoine-bati-un-engagement-cle-pour-la-capeb\\\/75305\\\/#article\",\"isPartOf\":{\"@id\":\"https:\\\/\\\/batijournal.com\\\/index.php\\\/l%c2%92accessibilite-du-patrimoine-bati-un-engagement-cle-pour-la-capeb\\\/75305\\\/\"},\"author\":{\"name\":\"Bati-journal\",\"@id\":\"https:\\\/\\\/batijournal.com\\\/#\\\/schema\\\/person\\\/6a657e8967569e1b299972574848aa76\"},\"headline\":\"L\u0092&rsquo;accessibilit\u00e9 du patrimoine b\u00e2ti : un engagement cl\u00e9 pour la CAPEB\",\"datePublished\":\"2009-09-15T22:00:00+00:00\",\"dateModified\":\"2019-07-15T09:36:03+00:00\",\"mainEntityOfPage\":{\"@id\":\"https:\\\/\\\/batijournal.com\\\/index.php\\\/l%c2%92accessibilite-du-patrimoine-bati-un-engagement-cle-pour-la-capeb\\\/75305\\\/\"},\"wordCount\":224,\"commentCount\":0,\"keywords\":[\"CAPEB\",\"handicap\"],\"articleSection\":[\"Architecture &amp; Conception\"],\"inLanguage\":\"fr-FR\",\"potentialAction\":[{\"@type\":\"CommentAction\",\"name\":\"Comment\",\"target\":[\"https:\\\/\\\/batijournal.com\\\/index.php\\\/l%c2%92accessibilite-du-patrimoine-bati-un-engagement-cle-pour-la-capeb\\\/75305\\\/#respond\"]}]},{\"@type\":\"WebPage\",\"@id\":\"https:\\\/\\\/batijournal.com\\\/index.php\\\/l%c2%92accessibilite-du-patrimoine-bati-un-engagement-cle-pour-la-capeb\\\/75305\\\/\",\"url\":\"https:\\\/\\\/batijournal.com\\\/index.php\\\/l%c2%92accessibilite-du-patrimoine-bati-un-engagement-cle-pour-la-capeb\\\/75305\\\/\",\"name\":\"L\u0092'accessibilit\u00e9 du patrimoine b\u00e2ti : un engagement cl\u00e9 pour la CAPEB\",\"isPartOf\":{\"@id\":\"https:\\\/\\\/batijournal.com\\\/#website\"},\"datePublished\":\"2009-09-15T22:00:00+00:00\",\"dateModified\":\"2019-07-15T09:36:03+00:00\",\"author\":{\"@id\":\"https:\\\/\\\/batijournal.com\\\/#\\\/schema\\\/person\\\/6a657e8967569e1b299972574848aa76\"},\"breadcrumb\":{\"@id\":\"https:\\\/\\\/batijournal.com\\\/index.php\\\/l%c2%92accessibilite-du-patrimoine-bati-un-engagement-cle-pour-la-capeb\\\/75305\\\/#breadcrumb\"},\"inLanguage\":\"fr-FR\",\"potentialAction\":[{\"@type\":\"ReadAction\",\"target\":[\"https:\\\/\\\/batijournal.com\\\/index.php\\\/l%c2%92accessibilite-du-patrimoine-bati-un-engagement-cle-pour-la-capeb\\\/75305\\\/\"]}]},{\"@type\":\"BreadcrumbList\",\"@id\":\"https:\\\/\\\/batijournal.com\\\/index.php\\\/l%c2%92accessibilite-du-patrimoine-bati-un-engagement-cle-pour-la-capeb\\\/75305\\\/#breadcrumb\",\"itemListElement\":[{\"@type\":\"ListItem\",\"position\":1,\"name\":\"Accueil\",\"item\":\"https:\\\/\\\/batijournal.com\\\/\"},{\"@type\":\"ListItem\",\"position\":2,\"name\":\"Actualit\u00e9s\",\"item\":\"https:\\\/\\\/batijournal.com\\\/index.php\\\/category\\\/actualites\\\/\"},{\"@type\":\"ListItem\",\"position\":3,\"name\":\"Architecture &amp; Conception\",\"item\":\"https:\\\/\\\/batijournal.com\\\/index.php\\\/category\\\/actualites\\\/architecture-conception\\\/\"},{\"@type\":\"ListItem\",\"position\":4,\"name\":\"L\u0092&rsquo;accessibilit\u00e9 du patrimoine b\u00e2ti : un engagement cl\u00e9 pour la CAPEB\"}]},{\"@type\":\"WebSite\",\"@id\":\"https:\\\/\\\/batijournal.com\\\/#website\",\"url\":\"https:\\\/\\\/batijournal.com\\\/\",\"name\":\"Batijournal\",\"description\":\"L&#039;actualit\u00e9 du b\u00e2timent\",\"potentialAction\":[{\"@type\":\"SearchAction\",\"target\":{\"@type\":\"EntryPoint\",\"urlTemplate\":\"https:\\\/\\\/batijournal.com\\\/?s={search_term_string}\"},\"query-input\":{\"@type\":\"PropertyValueSpecification\",\"valueRequired\":true,\"valueName\":\"search_term_string\"}}],\"inLanguage\":\"fr-FR\"},{\"@type\":\"Person\",\"@id\":\"https:\\\/\\\/batijournal.com\\\/#\\\/schema\\\/person\\\/6a657e8967569e1b299972574848aa76\",\"name\":\"Bati-journal\",\"image\":{\"@type\":\"ImageObject\",\"inLanguage\":\"fr-FR\",\"@id\":\"https:\\\/\\\/secure.gravatar.com\\\/avatar\\\/a64364ea26392f9b4dd47e017ddaec74ff03aefc073b49e492e847201258f777?s=96&d=mm&r=g\",\"url\":\"https:\\\/\\\/secure.gravatar.com\\\/avatar\\\/a64364ea26392f9b4dd47e017ddaec74ff03aefc073b49e492e847201258f777?s=96&d=mm&r=g\",\"contentUrl\":\"https:\\\/\\\/secure.gravatar.com\\\/avatar\\\/a64364ea26392f9b4dd47e017ddaec74ff03aefc073b49e492e847201258f777?s=96&d=mm&r=g\",\"caption\":\"Bati-journal\"},\"url\":\"https:\\\/\\\/batijournal.com\\\/index.php\\\/author\\\/elodie\\\/\"}]}<\/script>\n<!-- \/ Yoast SEO plugin. -->","yoast_head_json":{"title":"L\u0092'accessibilit\u00e9 du patrimoine b\u00e2ti : un engagement cl\u00e9 pour la CAPEB","robots":{"index":"index","follow":"follow","max-snippet":"max-snippet:-1","max-image-preview":"max-image-preview:large","max-video-preview":"max-video-preview:-1"},"canonical":"https:\/\/batijournal.com\/index.php\/l\u0092accessibilite-du-patrimoine-bati-un-engagement-cle-pour-la-capeb\/75305\/","og_locale":"fr_FR","og_type":"article","og_title":"L\u0092'accessibilit\u00e9 du patrimoine b\u00e2ti : un engagement cl\u00e9 pour la CAPEB","og_description":"L\u0092&rsquo;\u00e9dition 2009 des Journ\u00e9es europ\u00e9ennes du patrimoine est consacr\u00e9e \u00e0 l&rsquo;\u0092un des chantiers prioritaires de ces prochaines ann\u00e9es, aussi bien pour les gestionnaires des monuments et mus\u00e9es que pour les professionnels du b\u00e2timent : celui de l&rsquo;\u0092accessibilit\u00e9 des sites patrimoniaux aux personnes handicap\u00e9es. Le th\u00e8me \u00ab Un patrimoine accessible \u00e0 tous \u00bb est l\u0092&rsquo;occasion de [&hellip;]","og_url":"https:\/\/batijournal.com\/index.php\/l\u0092accessibilite-du-patrimoine-bati-un-engagement-cle-pour-la-capeb\/75305\/","og_site_name":"Batijournal","article_published_time":"2009-09-15T22:00:00+00:00","article_modified_time":"2019-07-15T09:36:03+00:00","author":"Bati-journal","twitter_card":"summary_large_image","twitter_creator":"@bati_journal","twitter_site":"@bati_journal","twitter_misc":{"\u00c9crit par":"Bati-journal","Dur\u00e9e de lecture estim\u00e9e":"1 minute"},"schema":{"@context":"https:\/\/schema.org","@graph":[{"@type":"Article","@id":"https:\/\/batijournal.com\/index.php\/l%c2%92accessibilite-du-patrimoine-bati-un-engagement-cle-pour-la-capeb\/75305\/#article","isPartOf":{"@id":"https:\/\/batijournal.com\/index.php\/l%c2%92accessibilite-du-patrimoine-bati-un-engagement-cle-pour-la-capeb\/75305\/"},"author":{"name":"Bati-journal","@id":"https:\/\/batijournal.com\/#\/schema\/person\/6a657e8967569e1b299972574848aa76"},"headline":"L\u0092&rsquo;accessibilit\u00e9 du patrimoine b\u00e2ti : un engagement cl\u00e9 pour la CAPEB","datePublished":"2009-09-15T22:00:00+00:00","dateModified":"2019-07-15T09:36:03+00:00","mainEntityOfPage":{"@id":"https:\/\/batijournal.com\/index.php\/l%c2%92accessibilite-du-patrimoine-bati-un-engagement-cle-pour-la-capeb\/75305\/"},"wordCount":224,"commentCount":0,"keywords":["CAPEB","handicap"],"articleSection":["Architecture &amp; Conception"],"inLanguage":"fr-FR","potentialAction":[{"@type":"CommentAction","name":"Comment","target":["https:\/\/batijournal.com\/index.php\/l%c2%92accessibilite-du-patrimoine-bati-un-engagement-cle-pour-la-capeb\/75305\/#respond"]}]},{"@type":"WebPage","@id":"https:\/\/batijournal.com\/index.php\/l%c2%92accessibilite-du-patrimoine-bati-un-engagement-cle-pour-la-capeb\/75305\/","url":"https:\/\/batijournal.com\/index.php\/l%c2%92accessibilite-du-patrimoine-bati-un-engagement-cle-pour-la-capeb\/75305\/","name":"L\u0092'accessibilit\u00e9 du patrimoine b\u00e2ti : un engagement cl\u00e9 pour la CAPEB","isPartOf":{"@id":"https:\/\/batijournal.com\/#website"},"datePublished":"2009-09-15T22:00:00+00:00","dateModified":"2019-07-15T09:36:03+00:00","author":{"@id":"https:\/\/batijournal.com\/#\/schema\/person\/6a657e8967569e1b299972574848aa76"},"breadcrumb":{"@id":"https:\/\/batijournal.com\/index.php\/l%c2%92accessibilite-du-patrimoine-bati-un-engagement-cle-pour-la-capeb\/75305\/#breadcrumb"},"inLanguage":"fr-FR","potentialAction":[{"@type":"ReadAction","target":["https:\/\/batijournal.com\/index.php\/l%c2%92accessibilite-du-patrimoine-bati-un-engagement-cle-pour-la-capeb\/75305\/"]}]},{"@type":"BreadcrumbList","@id":"https:\/\/batijournal.com\/index.php\/l%c2%92accessibilite-du-patrimoine-bati-un-engagement-cle-pour-la-capeb\/75305\/#breadcrumb","itemListElement":[{"@type":"ListItem","position":1,"name":"Accueil","item":"https:\/\/batijournal.com\/"},{"@type":"ListItem","position":2,"name":"Actualit\u00e9s","item":"https:\/\/batijournal.com\/index.php\/category\/actualites\/"},{"@type":"ListItem","position":3,"name":"Architecture &amp; Conception","item":"https:\/\/batijournal.com\/index.php\/category\/actualites\/architecture-conception\/"},{"@type":"ListItem","position":4,"name":"L\u0092&rsquo;accessibilit\u00e9 du patrimoine b\u00e2ti : un engagement cl\u00e9 pour la CAPEB"}]},{"@type":"WebSite","@id":"https:\/\/batijournal.com\/#website","url":"https:\/\/batijournal.com\/","name":"Batijournal","description":"L&#039;actualit\u00e9 du b\u00e2timent","potentialAction":[{"@type":"SearchAction","target":{"@type":"EntryPoint","urlTemplate":"https:\/\/batijournal.com\/?s={search_term_string}"},"query-input":{"@type":"PropertyValueSpecification","valueRequired":true,"valueName":"search_term_string"}}],"inLanguage":"fr-FR"},{"@type":"Person","@id":"https:\/\/batijournal.com\/#\/schema\/person\/6a657e8967569e1b299972574848aa76","name":"Bati-journal","image":{"@type":"ImageObject","inLanguage":"fr-FR","@id":"https:\/\/secure.gravatar.com\/avatar\/a64364ea26392f9b4dd47e017ddaec74ff03aefc073b49e492e847201258f777?s=96&d=mm&r=g","url":"https:\/\/secure.gravatar.com\/avatar\/a64364ea26392f9b4dd47e017ddaec74ff03aefc073b49e492e847201258f777?s=96&d=mm&r=g","contentUrl":"https:\/\/secure.gravatar.com\/avatar\/a64364ea26392f9b4dd47e017ddaec74ff03aefc073b49e492e847201258f777?s=96&d=mm&r=g","caption":"Bati-journal"},"url":"https:\/\/batijournal.com\/index.php\/author\/elodie\/"}]}},"_links":{"self":[{"href":"https:\/\/batijournal.com\/index.php\/wp-json\/wp\/v2\/posts\/75305","targetHints":{"allow":["GET"]}}],"collection":[{"href":"https:\/\/batijournal.com\/index.php\/wp-json\/wp\/v2\/posts"}],"about":[{"href":"https:\/\/batijournal.com\/index.php\/wp-json\/wp\/v2\/types\/post"}],"author":[{"embeddable":true,"href":"https:\/\/batijournal.com\/index.php\/wp-json\/wp\/v2\/users\/1"}],"replies":[{"embeddable":true,"href":"https:\/\/batijournal.com\/index.php\/wp-json\/wp\/v2\/comments?post=75305"}],"version-history":[{"count":0,"href":"https:\/\/batijournal.com\/index.php\/wp-json\/wp\/v2\/posts\/75305\/revisions"}],"wp:attachment":[{"href":"https:\/\/batijournal.com\/index.php\/wp-json\/wp\/v2\/media?parent=75305"}],"wp:term":[{"taxonomy":"category","embeddable":true,"href":"https:\/\/batijournal.com\/index.php\/wp-json\/wp\/v2\/categories?post=75305"},{"taxonomy":"post_tag","embeddable":true,"href":"https:\/\/batijournal.com\/index.php\/wp-json\/wp\/v2\/tags?post=75305"}],"curies":[{"name":"wp","href":"https:\/\/api.w.org\/{rel}","templated":true}]}}