{"id":75330,"date":"2009-10-19T00:00:00","date_gmt":"2009-10-18T22:00:00","guid":{"rendered":"http:\/\/b.bati-journal.com\/lancement-de-l%c2%92observatoire-batiment-basse-consommation\/75330"},"modified":"2019-07-15T11:36:01","modified_gmt":"2019-07-15T09:36:01","slug":"lancement-de-l%c2%92observatoire-batiment-basse-consommation","status":"publish","type":"post","link":"https:\/\/batijournal.com\/index.php\/lancement-de-l%c2%92observatoire-batiment-basse-consommation\/75330\/","title":{"rendered":"Lancement de l&rsquo;\u0092Observatoire B\u00e2timent Basse Consommation"},"content":{"rendered":"<p>A l\u0092&rsquo;occasion des 3e Rencontres de la performance \u00e9nerg\u00e9tique et dans le cadre des engagements du Grenelle de l&rsquo;environnement, l&rsquo;ADEME, le minist\u00e8re de l\u0092&rsquo;Ecologie, de l\u0092&rsquo;Energie, du D\u00e9veloppement durable et de la Mer et l&rsquo;\u0092association Effinergie lancent l\u0092&rsquo;Observatoire B\u00e2timent Basse Consommation, le premier outil de partage d\u0092&rsquo;exp\u00e9riences entre professionnels sur la construction et la r\u00e9novation de b\u00e2timents basse consommation. Les Rencontres de la performance \u00e9nerg\u00e9tique sont \u00e9galement l\u0092&rsquo;occasion pour l\u0092&rsquo;ADEME de rappeler les bons r\u00e9sultats du PREBAT, Programme de Recherche et d&rsquo;\u0092Exp\u00e9rimentations sur l\u0092&rsquo;Energie dans le B\u00e2timent mis en place en 2004. Le PREBAT a en effet d\u00e9j\u00e0 permis de concr\u00e9tiser 250 projets de B\u00e2timents Basse Consommation, soit 550 b\u00e2timents. Ce premier bilan plut\u00f4t positif refl\u00e8te la volont\u00e9 des professionnels du secteur d\u0092&rsquo;atteindre les objectifs de g\u00e9n\u00e9ralisation des B\u00e2timents Basse Consommation.L&rsquo;\u0092Observatoire BBC est accessible sur le site public<\/p>\n","protected":false},"excerpt":{"rendered":"<p>A l\u0092&rsquo;occasion des 3e Rencontres de la performance \u00e9nerg\u00e9tique et dans le cadre des engagements du Grenelle de l&rsquo;environnement, l&rsquo;ADEME, le minist\u00e8re de l\u0092&rsquo;Ecologie, de l\u0092&rsquo;Energie, du D\u00e9veloppement durable et de la Mer et l&rsquo;\u0092association Effinergie lancent l\u0092&rsquo;Observatoire B\u00e2timent Basse Consommation, le premier outil de partage d\u0092&rsquo;exp\u00e9riences entre professionnels sur la construction et la r\u00e9novation [&hellip;]<\/p>\n","protected":false},"author":1,"featured_media":0,"comment_status":"open","ping_status":"closed","sticky":false,"template":"","format":"standard","meta":{"_et_pb_use_builder":"","_et_pb_old_content":"","_et_gb_content_width":"","footnotes":""},"categories":[6340],"tags":[],"class_list":["post-75330","post","type-post","status-publish","format-standard","hentry","category-architecture-conception"],"yoast_head":"<!-- This site is optimized with the Yoast SEO plugin v27.4 - https:\/\/yoast.com\/product\/yoast-seo-wordpress\/ -->\n<title>Lancement de l&#039;\u0092Observatoire B\u00e2timent Basse Consommation<\/title>\n<meta name=\"robots\" content=\"index, follow, max-snippet:-1, max-image-preview:large, max-video-preview:-1\" \/>\n<link rel=\"canonical\" href=\"https:\/\/batijournal.com\/index.php\/lancement-de-l\u0092observatoire-batiment-basse-consommation\/75330\/\" \/>\n<meta property=\"og:locale\" content=\"fr_FR\" \/>\n<meta property=\"og:type\" content=\"article\" \/>\n<meta property=\"og:title\" content=\"Lancement de l&#039;\u0092Observatoire B\u00e2timent Basse Consommation\" \/>\n<meta property=\"og:description\" content=\"A l\u0092&rsquo;occasion des 3e Rencontres de la performance \u00e9nerg\u00e9tique et dans le cadre des engagements du Grenelle de l&rsquo;environnement, l&rsquo;ADEME, le minist\u00e8re de l\u0092&rsquo;Ecologie, de l\u0092&rsquo;Energie, du D\u00e9veloppement durable et de la Mer et l&rsquo;\u0092association Effinergie lancent l\u0092&rsquo;Observatoire B\u00e2timent Basse Consommation, le premier outil de partage d\u0092&rsquo;exp\u00e9riences entre professionnels sur la construction et la r\u00e9novation [&hellip;]\" \/>\n<meta property=\"og:url\" content=\"https:\/\/batijournal.com\/index.php\/lancement-de-l\u0092observatoire-batiment-basse-consommation\/75330\/\" \/>\n<meta property=\"og:site_name\" content=\"Batijournal\" \/>\n<meta property=\"article:published_time\" content=\"2009-10-18T22:00:00+00:00\" \/>\n<meta property=\"article:modified_time\" content=\"2019-07-15T09:36:01+00:00\" \/>\n<meta name=\"author\" content=\"Bati-journal\" \/>\n<meta name=\"twitter:card\" content=\"summary_large_image\" \/>\n<meta name=\"twitter:creator\" content=\"@bati_journal\" \/>\n<meta name=\"twitter:site\" content=\"@bati_journal\" \/>\n<meta name=\"twitter:label1\" content=\"\u00c9crit par\" \/>\n\t<meta name=\"twitter:data1\" content=\"Bati-journal\" \/>\n\t<meta name=\"twitter:label2\" content=\"Dur\u00e9e de lecture estim\u00e9e\" \/>\n\t<meta name=\"twitter:data2\" content=\"1 minute\" \/>\n<script type=\"application\/ld+json\" class=\"yoast-schema-graph\">{\"@context\":\"https:\\\/\\\/schema.org\",\"@graph\":[{\"@type\":\"Article\",\"@id\":\"https:\\\/\\\/batijournal.com\\\/index.php\\\/lancement-de-l%c2%92observatoire-batiment-basse-consommation\\\/75330\\\/#article\",\"isPartOf\":{\"@id\":\"https:\\\/\\\/batijournal.com\\\/index.php\\\/lancement-de-l%c2%92observatoire-batiment-basse-consommation\\\/75330\\\/\"},\"author\":{\"name\":\"Bati-journal\",\"@id\":\"https:\\\/\\\/batijournal.com\\\/#\\\/schema\\\/person\\\/6a657e8967569e1b299972574848aa76\"},\"headline\":\"Lancement de l&rsquo;\u0092Observatoire B\u00e2timent Basse Consommation\",\"datePublished\":\"2009-10-18T22:00:00+00:00\",\"dateModified\":\"2019-07-15T09:36:01+00:00\",\"mainEntityOfPage\":{\"@id\":\"https:\\\/\\\/batijournal.com\\\/index.php\\\/lancement-de-l%c2%92observatoire-batiment-basse-consommation\\\/75330\\\/\"},\"wordCount\":178,\"commentCount\":0,\"articleSection\":[\"Architecture &amp; Conception\"],\"inLanguage\":\"fr-FR\",\"potentialAction\":[{\"@type\":\"CommentAction\",\"name\":\"Comment\",\"target\":[\"https:\\\/\\\/batijournal.com\\\/index.php\\\/lancement-de-l%c2%92observatoire-batiment-basse-consommation\\\/75330\\\/#respond\"]}]},{\"@type\":\"WebPage\",\"@id\":\"https:\\\/\\\/batijournal.com\\\/index.php\\\/lancement-de-l%c2%92observatoire-batiment-basse-consommation\\\/75330\\\/\",\"url\":\"https:\\\/\\\/batijournal.com\\\/index.php\\\/lancement-de-l%c2%92observatoire-batiment-basse-consommation\\\/75330\\\/\",\"name\":\"Lancement de l'\u0092Observatoire B\u00e2timent Basse Consommation\",\"isPartOf\":{\"@id\":\"https:\\\/\\\/batijournal.com\\\/#website\"},\"datePublished\":\"2009-10-18T22:00:00+00:00\",\"dateModified\":\"2019-07-15T09:36:01+00:00\",\"author\":{\"@id\":\"https:\\\/\\\/batijournal.com\\\/#\\\/schema\\\/person\\\/6a657e8967569e1b299972574848aa76\"},\"breadcrumb\":{\"@id\":\"https:\\\/\\\/batijournal.com\\\/index.php\\\/lancement-de-l%c2%92observatoire-batiment-basse-consommation\\\/75330\\\/#breadcrumb\"},\"inLanguage\":\"fr-FR\",\"potentialAction\":[{\"@type\":\"ReadAction\",\"target\":[\"https:\\\/\\\/batijournal.com\\\/index.php\\\/lancement-de-l%c2%92observatoire-batiment-basse-consommation\\\/75330\\\/\"]}]},{\"@type\":\"BreadcrumbList\",\"@id\":\"https:\\\/\\\/batijournal.com\\\/index.php\\\/lancement-de-l%c2%92observatoire-batiment-basse-consommation\\\/75330\\\/#breadcrumb\",\"itemListElement\":[{\"@type\":\"ListItem\",\"position\":1,\"name\":\"Accueil\",\"item\":\"https:\\\/\\\/batijournal.com\\\/\"},{\"@type\":\"ListItem\",\"position\":2,\"name\":\"Actualit\u00e9s\",\"item\":\"https:\\\/\\\/batijournal.com\\\/index.php\\\/category\\\/actualites\\\/\"},{\"@type\":\"ListItem\",\"position\":3,\"name\":\"Architecture &amp; Conception\",\"item\":\"https:\\\/\\\/batijournal.com\\\/index.php\\\/category\\\/actualites\\\/architecture-conception\\\/\"},{\"@type\":\"ListItem\",\"position\":4,\"name\":\"Lancement de l&rsquo;\u0092Observatoire B\u00e2timent Basse Consommation\"}]},{\"@type\":\"WebSite\",\"@id\":\"https:\\\/\\\/batijournal.com\\\/#website\",\"url\":\"https:\\\/\\\/batijournal.com\\\/\",\"name\":\"Batijournal\",\"description\":\"L&#039;actualit\u00e9 du b\u00e2timent\",\"potentialAction\":[{\"@type\":\"SearchAction\",\"target\":{\"@type\":\"EntryPoint\",\"urlTemplate\":\"https:\\\/\\\/batijournal.com\\\/?s={search_term_string}\"},\"query-input\":{\"@type\":\"PropertyValueSpecification\",\"valueRequired\":true,\"valueName\":\"search_term_string\"}}],\"inLanguage\":\"fr-FR\"},{\"@type\":\"Person\",\"@id\":\"https:\\\/\\\/batijournal.com\\\/#\\\/schema\\\/person\\\/6a657e8967569e1b299972574848aa76\",\"name\":\"Bati-journal\",\"image\":{\"@type\":\"ImageObject\",\"inLanguage\":\"fr-FR\",\"@id\":\"https:\\\/\\\/secure.gravatar.com\\\/avatar\\\/a64364ea26392f9b4dd47e017ddaec74ff03aefc073b49e492e847201258f777?s=96&d=mm&r=g\",\"url\":\"https:\\\/\\\/secure.gravatar.com\\\/avatar\\\/a64364ea26392f9b4dd47e017ddaec74ff03aefc073b49e492e847201258f777?s=96&d=mm&r=g\",\"contentUrl\":\"https:\\\/\\\/secure.gravatar.com\\\/avatar\\\/a64364ea26392f9b4dd47e017ddaec74ff03aefc073b49e492e847201258f777?s=96&d=mm&r=g\",\"caption\":\"Bati-journal\"},\"url\":\"https:\\\/\\\/batijournal.com\\\/index.php\\\/author\\\/elodie\\\/\"}]}<\/script>\n<!-- \/ Yoast SEO plugin. -->","yoast_head_json":{"title":"Lancement de l'\u0092Observatoire B\u00e2timent Basse Consommation","robots":{"index":"index","follow":"follow","max-snippet":"max-snippet:-1","max-image-preview":"max-image-preview:large","max-video-preview":"max-video-preview:-1"},"canonical":"https:\/\/batijournal.com\/index.php\/lancement-de-l\u0092observatoire-batiment-basse-consommation\/75330\/","og_locale":"fr_FR","og_type":"article","og_title":"Lancement de l'\u0092Observatoire B\u00e2timent Basse Consommation","og_description":"A l\u0092&rsquo;occasion des 3e Rencontres de la performance \u00e9nerg\u00e9tique et dans le cadre des engagements du Grenelle de l&rsquo;environnement, l&rsquo;ADEME, le minist\u00e8re de l\u0092&rsquo;Ecologie, de l\u0092&rsquo;Energie, du D\u00e9veloppement durable et de la Mer et l&rsquo;\u0092association Effinergie lancent l\u0092&rsquo;Observatoire B\u00e2timent Basse Consommation, le premier outil de partage d\u0092&rsquo;exp\u00e9riences entre professionnels sur la construction et la r\u00e9novation [&hellip;]","og_url":"https:\/\/batijournal.com\/index.php\/lancement-de-l\u0092observatoire-batiment-basse-consommation\/75330\/","og_site_name":"Batijournal","article_published_time":"2009-10-18T22:00:00+00:00","article_modified_time":"2019-07-15T09:36:01+00:00","author":"Bati-journal","twitter_card":"summary_large_image","twitter_creator":"@bati_journal","twitter_site":"@bati_journal","twitter_misc":{"\u00c9crit par":"Bati-journal","Dur\u00e9e de lecture estim\u00e9e":"1 minute"},"schema":{"@context":"https:\/\/schema.org","@graph":[{"@type":"Article","@id":"https:\/\/batijournal.com\/index.php\/lancement-de-l%c2%92observatoire-batiment-basse-consommation\/75330\/#article","isPartOf":{"@id":"https:\/\/batijournal.com\/index.php\/lancement-de-l%c2%92observatoire-batiment-basse-consommation\/75330\/"},"author":{"name":"Bati-journal","@id":"https:\/\/batijournal.com\/#\/schema\/person\/6a657e8967569e1b299972574848aa76"},"headline":"Lancement de l&rsquo;\u0092Observatoire B\u00e2timent Basse Consommation","datePublished":"2009-10-18T22:00:00+00:00","dateModified":"2019-07-15T09:36:01+00:00","mainEntityOfPage":{"@id":"https:\/\/batijournal.com\/index.php\/lancement-de-l%c2%92observatoire-batiment-basse-consommation\/75330\/"},"wordCount":178,"commentCount":0,"articleSection":["Architecture &amp; Conception"],"inLanguage":"fr-FR","potentialAction":[{"@type":"CommentAction","name":"Comment","target":["https:\/\/batijournal.com\/index.php\/lancement-de-l%c2%92observatoire-batiment-basse-consommation\/75330\/#respond"]}]},{"@type":"WebPage","@id":"https:\/\/batijournal.com\/index.php\/lancement-de-l%c2%92observatoire-batiment-basse-consommation\/75330\/","url":"https:\/\/batijournal.com\/index.php\/lancement-de-l%c2%92observatoire-batiment-basse-consommation\/75330\/","name":"Lancement de l'\u0092Observatoire B\u00e2timent Basse Consommation","isPartOf":{"@id":"https:\/\/batijournal.com\/#website"},"datePublished":"2009-10-18T22:00:00+00:00","dateModified":"2019-07-15T09:36:01+00:00","author":{"@id":"https:\/\/batijournal.com\/#\/schema\/person\/6a657e8967569e1b299972574848aa76"},"breadcrumb":{"@id":"https:\/\/batijournal.com\/index.php\/lancement-de-l%c2%92observatoire-batiment-basse-consommation\/75330\/#breadcrumb"},"inLanguage":"fr-FR","potentialAction":[{"@type":"ReadAction","target":["https:\/\/batijournal.com\/index.php\/lancement-de-l%c2%92observatoire-batiment-basse-consommation\/75330\/"]}]},{"@type":"BreadcrumbList","@id":"https:\/\/batijournal.com\/index.php\/lancement-de-l%c2%92observatoire-batiment-basse-consommation\/75330\/#breadcrumb","itemListElement":[{"@type":"ListItem","position":1,"name":"Accueil","item":"https:\/\/batijournal.com\/"},{"@type":"ListItem","position":2,"name":"Actualit\u00e9s","item":"https:\/\/batijournal.com\/index.php\/category\/actualites\/"},{"@type":"ListItem","position":3,"name":"Architecture &amp; Conception","item":"https:\/\/batijournal.com\/index.php\/category\/actualites\/architecture-conception\/"},{"@type":"ListItem","position":4,"name":"Lancement de l&rsquo;\u0092Observatoire B\u00e2timent Basse Consommation"}]},{"@type":"WebSite","@id":"https:\/\/batijournal.com\/#website","url":"https:\/\/batijournal.com\/","name":"Batijournal","description":"L&#039;actualit\u00e9 du b\u00e2timent","potentialAction":[{"@type":"SearchAction","target":{"@type":"EntryPoint","urlTemplate":"https:\/\/batijournal.com\/?s={search_term_string}"},"query-input":{"@type":"PropertyValueSpecification","valueRequired":true,"valueName":"search_term_string"}}],"inLanguage":"fr-FR"},{"@type":"Person","@id":"https:\/\/batijournal.com\/#\/schema\/person\/6a657e8967569e1b299972574848aa76","name":"Bati-journal","image":{"@type":"ImageObject","inLanguage":"fr-FR","@id":"https:\/\/secure.gravatar.com\/avatar\/a64364ea26392f9b4dd47e017ddaec74ff03aefc073b49e492e847201258f777?s=96&d=mm&r=g","url":"https:\/\/secure.gravatar.com\/avatar\/a64364ea26392f9b4dd47e017ddaec74ff03aefc073b49e492e847201258f777?s=96&d=mm&r=g","contentUrl":"https:\/\/secure.gravatar.com\/avatar\/a64364ea26392f9b4dd47e017ddaec74ff03aefc073b49e492e847201258f777?s=96&d=mm&r=g","caption":"Bati-journal"},"url":"https:\/\/batijournal.com\/index.php\/author\/elodie\/"}]}},"_links":{"self":[{"href":"https:\/\/batijournal.com\/index.php\/wp-json\/wp\/v2\/posts\/75330","targetHints":{"allow":["GET"]}}],"collection":[{"href":"https:\/\/batijournal.com\/index.php\/wp-json\/wp\/v2\/posts"}],"about":[{"href":"https:\/\/batijournal.com\/index.php\/wp-json\/wp\/v2\/types\/post"}],"author":[{"embeddable":true,"href":"https:\/\/batijournal.com\/index.php\/wp-json\/wp\/v2\/users\/1"}],"replies":[{"embeddable":true,"href":"https:\/\/batijournal.com\/index.php\/wp-json\/wp\/v2\/comments?post=75330"}],"version-history":[{"count":0,"href":"https:\/\/batijournal.com\/index.php\/wp-json\/wp\/v2\/posts\/75330\/revisions"}],"wp:attachment":[{"href":"https:\/\/batijournal.com\/index.php\/wp-json\/wp\/v2\/media?parent=75330"}],"wp:term":[{"taxonomy":"category","embeddable":true,"href":"https:\/\/batijournal.com\/index.php\/wp-json\/wp\/v2\/categories?post=75330"},{"taxonomy":"post_tag","embeddable":true,"href":"https:\/\/batijournal.com\/index.php\/wp-json\/wp\/v2\/tags?post=75330"}],"curies":[{"name":"wp","href":"https:\/\/api.w.org\/{rel}","templated":true}]}}