{"id":75358,"date":"2010-01-10T00:00:00","date_gmt":"2010-01-09T23:00:00","guid":{"rendered":"http:\/\/b.bati-journal.com\/arnaud-roffignon-devient-directeur-general-de-linrap\/75358"},"modified":"2019-07-15T11:35:57","modified_gmt":"2019-07-15T09:35:57","slug":"arnaud-roffignon-devient-directeur-general-de-linrap","status":"publish","type":"post","link":"https:\/\/batijournal.com\/index.php\/arnaud-roffignon-devient-directeur-general-de-linrap\/75358\/","title":{"rendered":"Arnaud Roffignon devient directeur g\u00e9n\u00e9ral de l&rsquo;INRAP"},"content":{"rendered":"<p>Par d\u00e9cret du Pr\u00e9sident de la R\u00e9publique en date du 11 janvier 2010, Arnaud Roffignon, \u00e2g\u00e9 de 36 ans, est nomm\u00e9 directeur g\u00e9n\u00e9ral de l&rsquo;i\u0080nstitut national de recherches arch\u00e9ologiques pr\u00e9ventives pour 3 ans. Il succ\u00e8de ainsi \u00e0 Nicole Pot, qui passe \u00e0 l&rsquo;Inspection g\u00e9n\u00e9rale des affaires culturelles.<\/p>\n","protected":false},"excerpt":{"rendered":"<p>Par d\u00e9cret du Pr\u00e9sident de la R\u00e9publique en date du 11 janvier 2010, Arnaud Roffignon, \u00e2g\u00e9 de 36 ans, est nomm\u00e9 directeur g\u00e9n\u00e9ral de l&rsquo;i\u0080nstitut national de recherches arch\u00e9ologiques pr\u00e9ventives pour 3 ans. Il succ\u00e8de ainsi \u00e0 Nicole Pot, qui passe \u00e0 l&rsquo;Inspection g\u00e9n\u00e9rale des affaires culturelles.<\/p>\n","protected":false},"author":1,"featured_media":75359,"comment_status":"open","ping_status":"closed","sticky":false,"template":"","format":"standard","meta":{"_et_pb_use_builder":"","_et_pb_old_content":"","_et_gb_content_width":"","footnotes":""},"categories":[6340],"tags":[6454],"class_list":["post-75358","post","type-post","status-publish","format-standard","has-post-thumbnail","hentry","category-architecture-conception","tag-inrap"],"yoast_head":"<!-- This site is optimized with the Yoast SEO plugin v27.4 - https:\/\/yoast.com\/product\/yoast-seo-wordpress\/ -->\n<title>Arnaud Roffignon devient directeur g\u00e9n\u00e9ral de l&#039;INRAP<\/title>\n<meta name=\"robots\" content=\"index, follow, max-snippet:-1, max-image-preview:large, max-video-preview:-1\" \/>\n<link rel=\"canonical\" href=\"https:\/\/batijournal.com\/index.php\/arnaud-roffignon-devient-directeur-general-de-linrap\/75358\/\" \/>\n<meta property=\"og:locale\" content=\"fr_FR\" \/>\n<meta property=\"og:type\" content=\"article\" \/>\n<meta property=\"og:title\" content=\"Arnaud Roffignon devient directeur g\u00e9n\u00e9ral de l&#039;INRAP\" \/>\n<meta property=\"og:description\" content=\"Par d\u00e9cret du Pr\u00e9sident de la R\u00e9publique en date du 11 janvier 2010, Arnaud Roffignon, \u00e2g\u00e9 de 36 ans, est nomm\u00e9 directeur g\u00e9n\u00e9ral de l&rsquo;i\u0080nstitut national de recherches arch\u00e9ologiques pr\u00e9ventives pour 3 ans. Il succ\u00e8de ainsi \u00e0 Nicole Pot, qui passe \u00e0 l&rsquo;Inspection g\u00e9n\u00e9rale des affaires culturelles.\" \/>\n<meta property=\"og:url\" content=\"https:\/\/batijournal.com\/index.php\/arnaud-roffignon-devient-directeur-general-de-linrap\/75358\/\" \/>\n<meta property=\"og:site_name\" content=\"Batijournal\" \/>\n<meta property=\"article:published_time\" content=\"2010-01-09T23:00:00+00:00\" \/>\n<meta property=\"article:modified_time\" content=\"2019-07-15T09:35:57+00:00\" \/>\n<meta property=\"og:image\" content=\"https:\/\/batijournal.com\/wp-content\/uploads\/2015\/03\/08876707.jpg\" \/>\n\t<meta property=\"og:image:width\" content=\"600\" \/>\n\t<meta property=\"og:image:height\" content=\"401\" \/>\n\t<meta property=\"og:image:type\" content=\"image\/jpeg\" \/>\n<meta name=\"author\" content=\"Bati-journal\" \/>\n<meta name=\"twitter:card\" content=\"summary_large_image\" \/>\n<meta name=\"twitter:creator\" content=\"@bati_journal\" \/>\n<meta name=\"twitter:site\" content=\"@bati_journal\" \/>\n<meta name=\"twitter:label1\" content=\"\u00c9crit par\" \/>\n\t<meta name=\"twitter:data1\" content=\"Bati-journal\" \/>\n<script type=\"application\/ld+json\" class=\"yoast-schema-graph\">{\"@context\":\"https:\\\/\\\/schema.org\",\"@graph\":[{\"@type\":\"Article\",\"@id\":\"https:\\\/\\\/batijournal.com\\\/index.php\\\/arnaud-roffignon-devient-directeur-general-de-linrap\\\/75358\\\/#article\",\"isPartOf\":{\"@id\":\"https:\\\/\\\/batijournal.com\\\/index.php\\\/arnaud-roffignon-devient-directeur-general-de-linrap\\\/75358\\\/\"},\"author\":{\"name\":\"Bati-journal\",\"@id\":\"https:\\\/\\\/batijournal.com\\\/#\\\/schema\\\/person\\\/6a657e8967569e1b299972574848aa76\"},\"headline\":\"Arnaud Roffignon devient directeur g\u00e9n\u00e9ral de l&rsquo;INRAP\",\"datePublished\":\"2010-01-09T23:00:00+00:00\",\"dateModified\":\"2019-07-15T09:35:57+00:00\",\"mainEntityOfPage\":{\"@id\":\"https:\\\/\\\/batijournal.com\\\/index.php\\\/arnaud-roffignon-devient-directeur-general-de-linrap\\\/75358\\\/\"},\"wordCount\":64,\"commentCount\":0,\"image\":{\"@id\":\"https:\\\/\\\/batijournal.com\\\/index.php\\\/arnaud-roffignon-devient-directeur-general-de-linrap\\\/75358\\\/#primaryimage\"},\"thumbnailUrl\":\"https:\\\/\\\/batijournal.com\\\/wp-content\\\/uploads\\\/2015\\\/03\\\/08876707.jpg\",\"keywords\":[\"inrap\"],\"articleSection\":[\"Architecture &amp; Conception\"],\"inLanguage\":\"fr-FR\",\"potentialAction\":[{\"@type\":\"CommentAction\",\"name\":\"Comment\",\"target\":[\"https:\\\/\\\/batijournal.com\\\/index.php\\\/arnaud-roffignon-devient-directeur-general-de-linrap\\\/75358\\\/#respond\"]}]},{\"@type\":\"WebPage\",\"@id\":\"https:\\\/\\\/batijournal.com\\\/index.php\\\/arnaud-roffignon-devient-directeur-general-de-linrap\\\/75358\\\/\",\"url\":\"https:\\\/\\\/batijournal.com\\\/index.php\\\/arnaud-roffignon-devient-directeur-general-de-linrap\\\/75358\\\/\",\"name\":\"Arnaud Roffignon devient directeur g\u00e9n\u00e9ral de l'INRAP\",\"isPartOf\":{\"@id\":\"https:\\\/\\\/batijournal.com\\\/#website\"},\"primaryImageOfPage\":{\"@id\":\"https:\\\/\\\/batijournal.com\\\/index.php\\\/arnaud-roffignon-devient-directeur-general-de-linrap\\\/75358\\\/#primaryimage\"},\"image\":{\"@id\":\"https:\\\/\\\/batijournal.com\\\/index.php\\\/arnaud-roffignon-devient-directeur-general-de-linrap\\\/75358\\\/#primaryimage\"},\"thumbnailUrl\":\"https:\\\/\\\/batijournal.com\\\/wp-content\\\/uploads\\\/2015\\\/03\\\/08876707.jpg\",\"datePublished\":\"2010-01-09T23:00:00+00:00\",\"dateModified\":\"2019-07-15T09:35:57+00:00\",\"author\":{\"@id\":\"https:\\\/\\\/batijournal.com\\\/#\\\/schema\\\/person\\\/6a657e8967569e1b299972574848aa76\"},\"breadcrumb\":{\"@id\":\"https:\\\/\\\/batijournal.com\\\/index.php\\\/arnaud-roffignon-devient-directeur-general-de-linrap\\\/75358\\\/#breadcrumb\"},\"inLanguage\":\"fr-FR\",\"potentialAction\":[{\"@type\":\"ReadAction\",\"target\":[\"https:\\\/\\\/batijournal.com\\\/index.php\\\/arnaud-roffignon-devient-directeur-general-de-linrap\\\/75358\\\/\"]}]},{\"@type\":\"ImageObject\",\"inLanguage\":\"fr-FR\",\"@id\":\"https:\\\/\\\/batijournal.com\\\/index.php\\\/arnaud-roffignon-devient-directeur-general-de-linrap\\\/75358\\\/#primaryimage\",\"url\":\"https:\\\/\\\/batijournal.com\\\/wp-content\\\/uploads\\\/2015\\\/03\\\/08876707.jpg\",\"contentUrl\":\"https:\\\/\\\/batijournal.com\\\/wp-content\\\/uploads\\\/2015\\\/03\\\/08876707.jpg\",\"width\":600,\"height\":401},{\"@type\":\"BreadcrumbList\",\"@id\":\"https:\\\/\\\/batijournal.com\\\/index.php\\\/arnaud-roffignon-devient-directeur-general-de-linrap\\\/75358\\\/#breadcrumb\",\"itemListElement\":[{\"@type\":\"ListItem\",\"position\":1,\"name\":\"Accueil\",\"item\":\"https:\\\/\\\/batijournal.com\\\/\"},{\"@type\":\"ListItem\",\"position\":2,\"name\":\"Actualit\u00e9s\",\"item\":\"https:\\\/\\\/batijournal.com\\\/index.php\\\/category\\\/actualites\\\/\"},{\"@type\":\"ListItem\",\"position\":3,\"name\":\"Architecture &amp; Conception\",\"item\":\"https:\\\/\\\/batijournal.com\\\/index.php\\\/category\\\/actualites\\\/architecture-conception\\\/\"},{\"@type\":\"ListItem\",\"position\":4,\"name\":\"Arnaud Roffignon devient directeur g\u00e9n\u00e9ral de l&rsquo;INRAP\"}]},{\"@type\":\"WebSite\",\"@id\":\"https:\\\/\\\/batijournal.com\\\/#website\",\"url\":\"https:\\\/\\\/batijournal.com\\\/\",\"name\":\"Batijournal\",\"description\":\"L&#039;actualit\u00e9 du b\u00e2timent\",\"potentialAction\":[{\"@type\":\"SearchAction\",\"target\":{\"@type\":\"EntryPoint\",\"urlTemplate\":\"https:\\\/\\\/batijournal.com\\\/?s={search_term_string}\"},\"query-input\":{\"@type\":\"PropertyValueSpecification\",\"valueRequired\":true,\"valueName\":\"search_term_string\"}}],\"inLanguage\":\"fr-FR\"},{\"@type\":\"Person\",\"@id\":\"https:\\\/\\\/batijournal.com\\\/#\\\/schema\\\/person\\\/6a657e8967569e1b299972574848aa76\",\"name\":\"Bati-journal\",\"image\":{\"@type\":\"ImageObject\",\"inLanguage\":\"fr-FR\",\"@id\":\"https:\\\/\\\/secure.gravatar.com\\\/avatar\\\/a64364ea26392f9b4dd47e017ddaec74ff03aefc073b49e492e847201258f777?s=96&d=mm&r=g\",\"url\":\"https:\\\/\\\/secure.gravatar.com\\\/avatar\\\/a64364ea26392f9b4dd47e017ddaec74ff03aefc073b49e492e847201258f777?s=96&d=mm&r=g\",\"contentUrl\":\"https:\\\/\\\/secure.gravatar.com\\\/avatar\\\/a64364ea26392f9b4dd47e017ddaec74ff03aefc073b49e492e847201258f777?s=96&d=mm&r=g\",\"caption\":\"Bati-journal\"},\"url\":\"https:\\\/\\\/batijournal.com\\\/index.php\\\/author\\\/elodie\\\/\"}]}<\/script>\n<!-- \/ Yoast SEO plugin. -->","yoast_head_json":{"title":"Arnaud Roffignon devient directeur g\u00e9n\u00e9ral de l'INRAP","robots":{"index":"index","follow":"follow","max-snippet":"max-snippet:-1","max-image-preview":"max-image-preview:large","max-video-preview":"max-video-preview:-1"},"canonical":"https:\/\/batijournal.com\/index.php\/arnaud-roffignon-devient-directeur-general-de-linrap\/75358\/","og_locale":"fr_FR","og_type":"article","og_title":"Arnaud Roffignon devient directeur g\u00e9n\u00e9ral de l'INRAP","og_description":"Par d\u00e9cret du Pr\u00e9sident de la R\u00e9publique en date du 11 janvier 2010, Arnaud Roffignon, \u00e2g\u00e9 de 36 ans, est nomm\u00e9 directeur g\u00e9n\u00e9ral de l&rsquo;i\u0080nstitut national de recherches arch\u00e9ologiques pr\u00e9ventives pour 3 ans. Il succ\u00e8de ainsi \u00e0 Nicole Pot, qui passe \u00e0 l&rsquo;Inspection g\u00e9n\u00e9rale des affaires culturelles.","og_url":"https:\/\/batijournal.com\/index.php\/arnaud-roffignon-devient-directeur-general-de-linrap\/75358\/","og_site_name":"Batijournal","article_published_time":"2010-01-09T23:00:00+00:00","article_modified_time":"2019-07-15T09:35:57+00:00","og_image":[{"width":600,"height":401,"url":"https:\/\/batijournal.com\/wp-content\/uploads\/2015\/03\/08876707.jpg","type":"image\/jpeg"}],"author":"Bati-journal","twitter_card":"summary_large_image","twitter_creator":"@bati_journal","twitter_site":"@bati_journal","twitter_misc":{"\u00c9crit par":"Bati-journal"},"schema":{"@context":"https:\/\/schema.org","@graph":[{"@type":"Article","@id":"https:\/\/batijournal.com\/index.php\/arnaud-roffignon-devient-directeur-general-de-linrap\/75358\/#article","isPartOf":{"@id":"https:\/\/batijournal.com\/index.php\/arnaud-roffignon-devient-directeur-general-de-linrap\/75358\/"},"author":{"name":"Bati-journal","@id":"https:\/\/batijournal.com\/#\/schema\/person\/6a657e8967569e1b299972574848aa76"},"headline":"Arnaud Roffignon devient directeur g\u00e9n\u00e9ral de l&rsquo;INRAP","datePublished":"2010-01-09T23:00:00+00:00","dateModified":"2019-07-15T09:35:57+00:00","mainEntityOfPage":{"@id":"https:\/\/batijournal.com\/index.php\/arnaud-roffignon-devient-directeur-general-de-linrap\/75358\/"},"wordCount":64,"commentCount":0,"image":{"@id":"https:\/\/batijournal.com\/index.php\/arnaud-roffignon-devient-directeur-general-de-linrap\/75358\/#primaryimage"},"thumbnailUrl":"https:\/\/batijournal.com\/wp-content\/uploads\/2015\/03\/08876707.jpg","keywords":["inrap"],"articleSection":["Architecture &amp; Conception"],"inLanguage":"fr-FR","potentialAction":[{"@type":"CommentAction","name":"Comment","target":["https:\/\/batijournal.com\/index.php\/arnaud-roffignon-devient-directeur-general-de-linrap\/75358\/#respond"]}]},{"@type":"WebPage","@id":"https:\/\/batijournal.com\/index.php\/arnaud-roffignon-devient-directeur-general-de-linrap\/75358\/","url":"https:\/\/batijournal.com\/index.php\/arnaud-roffignon-devient-directeur-general-de-linrap\/75358\/","name":"Arnaud Roffignon devient directeur g\u00e9n\u00e9ral de l'INRAP","isPartOf":{"@id":"https:\/\/batijournal.com\/#website"},"primaryImageOfPage":{"@id":"https:\/\/batijournal.com\/index.php\/arnaud-roffignon-devient-directeur-general-de-linrap\/75358\/#primaryimage"},"image":{"@id":"https:\/\/batijournal.com\/index.php\/arnaud-roffignon-devient-directeur-general-de-linrap\/75358\/#primaryimage"},"thumbnailUrl":"https:\/\/batijournal.com\/wp-content\/uploads\/2015\/03\/08876707.jpg","datePublished":"2010-01-09T23:00:00+00:00","dateModified":"2019-07-15T09:35:57+00:00","author":{"@id":"https:\/\/batijournal.com\/#\/schema\/person\/6a657e8967569e1b299972574848aa76"},"breadcrumb":{"@id":"https:\/\/batijournal.com\/index.php\/arnaud-roffignon-devient-directeur-general-de-linrap\/75358\/#breadcrumb"},"inLanguage":"fr-FR","potentialAction":[{"@type":"ReadAction","target":["https:\/\/batijournal.com\/index.php\/arnaud-roffignon-devient-directeur-general-de-linrap\/75358\/"]}]},{"@type":"ImageObject","inLanguage":"fr-FR","@id":"https:\/\/batijournal.com\/index.php\/arnaud-roffignon-devient-directeur-general-de-linrap\/75358\/#primaryimage","url":"https:\/\/batijournal.com\/wp-content\/uploads\/2015\/03\/08876707.jpg","contentUrl":"https:\/\/batijournal.com\/wp-content\/uploads\/2015\/03\/08876707.jpg","width":600,"height":401},{"@type":"BreadcrumbList","@id":"https:\/\/batijournal.com\/index.php\/arnaud-roffignon-devient-directeur-general-de-linrap\/75358\/#breadcrumb","itemListElement":[{"@type":"ListItem","position":1,"name":"Accueil","item":"https:\/\/batijournal.com\/"},{"@type":"ListItem","position":2,"name":"Actualit\u00e9s","item":"https:\/\/batijournal.com\/index.php\/category\/actualites\/"},{"@type":"ListItem","position":3,"name":"Architecture &amp; Conception","item":"https:\/\/batijournal.com\/index.php\/category\/actualites\/architecture-conception\/"},{"@type":"ListItem","position":4,"name":"Arnaud Roffignon devient directeur g\u00e9n\u00e9ral de l&rsquo;INRAP"}]},{"@type":"WebSite","@id":"https:\/\/batijournal.com\/#website","url":"https:\/\/batijournal.com\/","name":"Batijournal","description":"L&#039;actualit\u00e9 du b\u00e2timent","potentialAction":[{"@type":"SearchAction","target":{"@type":"EntryPoint","urlTemplate":"https:\/\/batijournal.com\/?s={search_term_string}"},"query-input":{"@type":"PropertyValueSpecification","valueRequired":true,"valueName":"search_term_string"}}],"inLanguage":"fr-FR"},{"@type":"Person","@id":"https:\/\/batijournal.com\/#\/schema\/person\/6a657e8967569e1b299972574848aa76","name":"Bati-journal","image":{"@type":"ImageObject","inLanguage":"fr-FR","@id":"https:\/\/secure.gravatar.com\/avatar\/a64364ea26392f9b4dd47e017ddaec74ff03aefc073b49e492e847201258f777?s=96&d=mm&r=g","url":"https:\/\/secure.gravatar.com\/avatar\/a64364ea26392f9b4dd47e017ddaec74ff03aefc073b49e492e847201258f777?s=96&d=mm&r=g","contentUrl":"https:\/\/secure.gravatar.com\/avatar\/a64364ea26392f9b4dd47e017ddaec74ff03aefc073b49e492e847201258f777?s=96&d=mm&r=g","caption":"Bati-journal"},"url":"https:\/\/batijournal.com\/index.php\/author\/elodie\/"}]}},"_links":{"self":[{"href":"https:\/\/batijournal.com\/index.php\/wp-json\/wp\/v2\/posts\/75358","targetHints":{"allow":["GET"]}}],"collection":[{"href":"https:\/\/batijournal.com\/index.php\/wp-json\/wp\/v2\/posts"}],"about":[{"href":"https:\/\/batijournal.com\/index.php\/wp-json\/wp\/v2\/types\/post"}],"author":[{"embeddable":true,"href":"https:\/\/batijournal.com\/index.php\/wp-json\/wp\/v2\/users\/1"}],"replies":[{"embeddable":true,"href":"https:\/\/batijournal.com\/index.php\/wp-json\/wp\/v2\/comments?post=75358"}],"version-history":[{"count":0,"href":"https:\/\/batijournal.com\/index.php\/wp-json\/wp\/v2\/posts\/75358\/revisions"}],"wp:featuredmedia":[{"embeddable":true,"href":"https:\/\/batijournal.com\/index.php\/wp-json\/wp\/v2\/media\/75359"}],"wp:attachment":[{"href":"https:\/\/batijournal.com\/index.php\/wp-json\/wp\/v2\/media?parent=75358"}],"wp:term":[{"taxonomy":"category","embeddable":true,"href":"https:\/\/batijournal.com\/index.php\/wp-json\/wp\/v2\/categories?post=75358"},{"taxonomy":"post_tag","embeddable":true,"href":"https:\/\/batijournal.com\/index.php\/wp-json\/wp\/v2\/tags?post=75358"}],"curies":[{"name":"wp","href":"https:\/\/api.w.org\/{rel}","templated":true}]}}