{"id":75365,"date":"2010-01-27T09:41:44","date_gmt":"2010-01-27T08:41:44","guid":{"rendered":"http:\/\/b.bati-journal.com\/voyage-d%c2%92etude-en-suisse\/75365"},"modified":"2019-07-15T11:35:56","modified_gmt":"2019-07-15T09:35:56","slug":"voyage-d%c2%92etude-en-suisse","status":"publish","type":"post","link":"https:\/\/batijournal.com\/index.php\/voyage-d%c2%92etude-en-suisse\/75365\/","title":{"rendered":"Voyage d\u0092&rsquo;\u00e9tude en Suisse"},"content":{"rendered":"<p>Le CAUE de Haute-Savoie organise, en partenariat avec le Comit\u00e9 national pour le d\u00e9veloppement du bois, un voyage d&rsquo;\u0092\u00e9tude en Suisse. Ce d\u00e9placement permettra de parcourir une grande partie de la Suisse : les participants y d\u00e9couvriront des r\u00e9alisations de r\u00e9f\u00e9rence, qui allient une architecture bois \u00e0 de fortes performances environnementales. Le voyage est pr\u00e9vu les 11, 12 et 13 mars 2010. Il est ouvert aux \u00e9lus et aux professionnels de la construction. Le programme a pour th\u00e8me transversal le logement collectif. Plusieurs types d&rsquo;habitats seront ainsi pr\u00e9sent\u00e9s pendant ces trois jours. Plus d&rsquo;infos et modalit\u00e9s d&rsquo;\u0092inscriptions aupr\u00e8s du CAUE, M. Godineau : 04 50 88 21 10 caue74@caue74.fr et conseils@caue74.fr<\/p>\n","protected":false},"excerpt":{"rendered":"<p>Le CAUE de Haute-Savoie organise, en partenariat avec le Comit\u00e9 national pour le d\u00e9veloppement du bois, un voyage d&rsquo;\u0092\u00e9tude en Suisse. Ce d\u00e9placement permettra de parcourir une grande partie de la Suisse : les participants y d\u00e9couvriront des r\u00e9alisations de r\u00e9f\u00e9rence, qui allient une architecture bois \u00e0 de fortes performances environnementales. Le voyage est pr\u00e9vu [&hellip;]<\/p>\n","protected":false},"author":1,"featured_media":75366,"comment_status":"open","ping_status":"closed","sticky":false,"template":"","format":"standard","meta":{"_et_pb_use_builder":"","_et_pb_old_content":"","_et_gb_content_width":"","footnotes":""},"categories":[6340],"tags":[7328,11046,7379],"class_list":["post-75365","post","type-post","status-publish","format-standard","has-post-thumbnail","hentry","category-architecture-conception","tag-caue","tag-cndb","tag-voyage-detude"],"yoast_head":"<!-- This site is optimized with the Yoast SEO plugin v27.4 - https:\/\/yoast.com\/product\/yoast-seo-wordpress\/ -->\n<title>Voyage d\u0092&#039;\u00e9tude en Suisse<\/title>\n<meta name=\"robots\" content=\"index, follow, max-snippet:-1, max-image-preview:large, max-video-preview:-1\" \/>\n<link rel=\"canonical\" href=\"https:\/\/batijournal.com\/index.php\/voyage-d\u0092etude-en-suisse\/75365\/\" \/>\n<meta property=\"og:locale\" content=\"fr_FR\" \/>\n<meta property=\"og:type\" content=\"article\" \/>\n<meta property=\"og:title\" content=\"Voyage d\u0092&#039;\u00e9tude en Suisse\" \/>\n<meta property=\"og:description\" content=\"Le CAUE de Haute-Savoie organise, en partenariat avec le Comit\u00e9 national pour le d\u00e9veloppement du bois, un voyage d&rsquo;\u0092\u00e9tude en Suisse. Ce d\u00e9placement permettra de parcourir une grande partie de la Suisse : les participants y d\u00e9couvriront des r\u00e9alisations de r\u00e9f\u00e9rence, qui allient une architecture bois \u00e0 de fortes performances environnementales. Le voyage est pr\u00e9vu [&hellip;]\" \/>\n<meta property=\"og:url\" content=\"https:\/\/batijournal.com\/index.php\/voyage-d\u0092etude-en-suisse\/75365\/\" \/>\n<meta property=\"og:site_name\" content=\"Batijournal\" \/>\n<meta property=\"article:published_time\" content=\"2010-01-27T08:41:44+00:00\" \/>\n<meta property=\"article:modified_time\" content=\"2019-07-15T09:35:56+00:00\" \/>\n<meta property=\"og:image\" content=\"https:\/\/batijournal.com\/wp-content\/uploads\/2015\/03\/09001844.jpg\" \/>\n\t<meta property=\"og:image:width\" content=\"600\" \/>\n\t<meta property=\"og:image:height\" content=\"452\" \/>\n\t<meta property=\"og:image:type\" content=\"image\/jpeg\" \/>\n<meta name=\"author\" content=\"Bati-journal\" \/>\n<meta name=\"twitter:card\" content=\"summary_large_image\" \/>\n<meta name=\"twitter:creator\" content=\"@bati_journal\" \/>\n<meta name=\"twitter:site\" content=\"@bati_journal\" \/>\n<meta name=\"twitter:label1\" content=\"\u00c9crit par\" \/>\n\t<meta name=\"twitter:data1\" content=\"Bati-journal\" \/>\n\t<meta name=\"twitter:label2\" content=\"Dur\u00e9e de lecture estim\u00e9e\" \/>\n\t<meta name=\"twitter:data2\" content=\"1 minute\" \/>\n<script type=\"application\/ld+json\" class=\"yoast-schema-graph\">{\"@context\":\"https:\\\/\\\/schema.org\",\"@graph\":[{\"@type\":\"Article\",\"@id\":\"https:\\\/\\\/batijournal.com\\\/index.php\\\/voyage-d%c2%92etude-en-suisse\\\/75365\\\/#article\",\"isPartOf\":{\"@id\":\"https:\\\/\\\/batijournal.com\\\/index.php\\\/voyage-d%c2%92etude-en-suisse\\\/75365\\\/\"},\"author\":{\"name\":\"Bati-journal\",\"@id\":\"https:\\\/\\\/batijournal.com\\\/#\\\/schema\\\/person\\\/6a657e8967569e1b299972574848aa76\"},\"headline\":\"Voyage d\u0092&rsquo;\u00e9tude en Suisse\",\"datePublished\":\"2010-01-27T08:41:44+00:00\",\"dateModified\":\"2019-07-15T09:35:56+00:00\",\"mainEntityOfPage\":{\"@id\":\"https:\\\/\\\/batijournal.com\\\/index.php\\\/voyage-d%c2%92etude-en-suisse\\\/75365\\\/\"},\"wordCount\":124,\"commentCount\":0,\"image\":{\"@id\":\"https:\\\/\\\/batijournal.com\\\/index.php\\\/voyage-d%c2%92etude-en-suisse\\\/75365\\\/#primaryimage\"},\"thumbnailUrl\":\"https:\\\/\\\/batijournal.com\\\/wp-content\\\/uploads\\\/2015\\\/03\\\/09001844.jpg\",\"keywords\":[\"caue\",\"CNDB\",\"voyage detude\"],\"articleSection\":[\"Architecture &amp; Conception\"],\"inLanguage\":\"fr-FR\",\"potentialAction\":[{\"@type\":\"CommentAction\",\"name\":\"Comment\",\"target\":[\"https:\\\/\\\/batijournal.com\\\/index.php\\\/voyage-d%c2%92etude-en-suisse\\\/75365\\\/#respond\"]}]},{\"@type\":\"WebPage\",\"@id\":\"https:\\\/\\\/batijournal.com\\\/index.php\\\/voyage-d%c2%92etude-en-suisse\\\/75365\\\/\",\"url\":\"https:\\\/\\\/batijournal.com\\\/index.php\\\/voyage-d%c2%92etude-en-suisse\\\/75365\\\/\",\"name\":\"Voyage d\u0092'\u00e9tude en Suisse\",\"isPartOf\":{\"@id\":\"https:\\\/\\\/batijournal.com\\\/#website\"},\"primaryImageOfPage\":{\"@id\":\"https:\\\/\\\/batijournal.com\\\/index.php\\\/voyage-d%c2%92etude-en-suisse\\\/75365\\\/#primaryimage\"},\"image\":{\"@id\":\"https:\\\/\\\/batijournal.com\\\/index.php\\\/voyage-d%c2%92etude-en-suisse\\\/75365\\\/#primaryimage\"},\"thumbnailUrl\":\"https:\\\/\\\/batijournal.com\\\/wp-content\\\/uploads\\\/2015\\\/03\\\/09001844.jpg\",\"datePublished\":\"2010-01-27T08:41:44+00:00\",\"dateModified\":\"2019-07-15T09:35:56+00:00\",\"author\":{\"@id\":\"https:\\\/\\\/batijournal.com\\\/#\\\/schema\\\/person\\\/6a657e8967569e1b299972574848aa76\"},\"breadcrumb\":{\"@id\":\"https:\\\/\\\/batijournal.com\\\/index.php\\\/voyage-d%c2%92etude-en-suisse\\\/75365\\\/#breadcrumb\"},\"inLanguage\":\"fr-FR\",\"potentialAction\":[{\"@type\":\"ReadAction\",\"target\":[\"https:\\\/\\\/batijournal.com\\\/index.php\\\/voyage-d%c2%92etude-en-suisse\\\/75365\\\/\"]}]},{\"@type\":\"ImageObject\",\"inLanguage\":\"fr-FR\",\"@id\":\"https:\\\/\\\/batijournal.com\\\/index.php\\\/voyage-d%c2%92etude-en-suisse\\\/75365\\\/#primaryimage\",\"url\":\"https:\\\/\\\/batijournal.com\\\/wp-content\\\/uploads\\\/2015\\\/03\\\/09001844.jpg\",\"contentUrl\":\"https:\\\/\\\/batijournal.com\\\/wp-content\\\/uploads\\\/2015\\\/03\\\/09001844.jpg\",\"width\":600,\"height\":452},{\"@type\":\"BreadcrumbList\",\"@id\":\"https:\\\/\\\/batijournal.com\\\/index.php\\\/voyage-d%c2%92etude-en-suisse\\\/75365\\\/#breadcrumb\",\"itemListElement\":[{\"@type\":\"ListItem\",\"position\":1,\"name\":\"Accueil\",\"item\":\"https:\\\/\\\/batijournal.com\\\/\"},{\"@type\":\"ListItem\",\"position\":2,\"name\":\"Actualit\u00e9s\",\"item\":\"https:\\\/\\\/batijournal.com\\\/index.php\\\/category\\\/actualites\\\/\"},{\"@type\":\"ListItem\",\"position\":3,\"name\":\"Architecture &amp; Conception\",\"item\":\"https:\\\/\\\/batijournal.com\\\/index.php\\\/category\\\/actualites\\\/architecture-conception\\\/\"},{\"@type\":\"ListItem\",\"position\":4,\"name\":\"Voyage d\u0092&rsquo;\u00e9tude en Suisse\"}]},{\"@type\":\"WebSite\",\"@id\":\"https:\\\/\\\/batijournal.com\\\/#website\",\"url\":\"https:\\\/\\\/batijournal.com\\\/\",\"name\":\"Batijournal\",\"description\":\"L&#039;actualit\u00e9 du b\u00e2timent\",\"potentialAction\":[{\"@type\":\"SearchAction\",\"target\":{\"@type\":\"EntryPoint\",\"urlTemplate\":\"https:\\\/\\\/batijournal.com\\\/?s={search_term_string}\"},\"query-input\":{\"@type\":\"PropertyValueSpecification\",\"valueRequired\":true,\"valueName\":\"search_term_string\"}}],\"inLanguage\":\"fr-FR\"},{\"@type\":\"Person\",\"@id\":\"https:\\\/\\\/batijournal.com\\\/#\\\/schema\\\/person\\\/6a657e8967569e1b299972574848aa76\",\"name\":\"Bati-journal\",\"image\":{\"@type\":\"ImageObject\",\"inLanguage\":\"fr-FR\",\"@id\":\"https:\\\/\\\/secure.gravatar.com\\\/avatar\\\/a64364ea26392f9b4dd47e017ddaec74ff03aefc073b49e492e847201258f777?s=96&d=mm&r=g\",\"url\":\"https:\\\/\\\/secure.gravatar.com\\\/avatar\\\/a64364ea26392f9b4dd47e017ddaec74ff03aefc073b49e492e847201258f777?s=96&d=mm&r=g\",\"contentUrl\":\"https:\\\/\\\/secure.gravatar.com\\\/avatar\\\/a64364ea26392f9b4dd47e017ddaec74ff03aefc073b49e492e847201258f777?s=96&d=mm&r=g\",\"caption\":\"Bati-journal\"},\"url\":\"https:\\\/\\\/batijournal.com\\\/index.php\\\/author\\\/elodie\\\/\"}]}<\/script>\n<!-- \/ Yoast SEO plugin. -->","yoast_head_json":{"title":"Voyage d\u0092'\u00e9tude en Suisse","robots":{"index":"index","follow":"follow","max-snippet":"max-snippet:-1","max-image-preview":"max-image-preview:large","max-video-preview":"max-video-preview:-1"},"canonical":"https:\/\/batijournal.com\/index.php\/voyage-d\u0092etude-en-suisse\/75365\/","og_locale":"fr_FR","og_type":"article","og_title":"Voyage d\u0092'\u00e9tude en Suisse","og_description":"Le CAUE de Haute-Savoie organise, en partenariat avec le Comit\u00e9 national pour le d\u00e9veloppement du bois, un voyage d&rsquo;\u0092\u00e9tude en Suisse. Ce d\u00e9placement permettra de parcourir une grande partie de la Suisse : les participants y d\u00e9couvriront des r\u00e9alisations de r\u00e9f\u00e9rence, qui allient une architecture bois \u00e0 de fortes performances environnementales. Le voyage est pr\u00e9vu [&hellip;]","og_url":"https:\/\/batijournal.com\/index.php\/voyage-d\u0092etude-en-suisse\/75365\/","og_site_name":"Batijournal","article_published_time":"2010-01-27T08:41:44+00:00","article_modified_time":"2019-07-15T09:35:56+00:00","og_image":[{"width":600,"height":452,"url":"https:\/\/batijournal.com\/wp-content\/uploads\/2015\/03\/09001844.jpg","type":"image\/jpeg"}],"author":"Bati-journal","twitter_card":"summary_large_image","twitter_creator":"@bati_journal","twitter_site":"@bati_journal","twitter_misc":{"\u00c9crit par":"Bati-journal","Dur\u00e9e de lecture estim\u00e9e":"1 minute"},"schema":{"@context":"https:\/\/schema.org","@graph":[{"@type":"Article","@id":"https:\/\/batijournal.com\/index.php\/voyage-d%c2%92etude-en-suisse\/75365\/#article","isPartOf":{"@id":"https:\/\/batijournal.com\/index.php\/voyage-d%c2%92etude-en-suisse\/75365\/"},"author":{"name":"Bati-journal","@id":"https:\/\/batijournal.com\/#\/schema\/person\/6a657e8967569e1b299972574848aa76"},"headline":"Voyage d\u0092&rsquo;\u00e9tude en Suisse","datePublished":"2010-01-27T08:41:44+00:00","dateModified":"2019-07-15T09:35:56+00:00","mainEntityOfPage":{"@id":"https:\/\/batijournal.com\/index.php\/voyage-d%c2%92etude-en-suisse\/75365\/"},"wordCount":124,"commentCount":0,"image":{"@id":"https:\/\/batijournal.com\/index.php\/voyage-d%c2%92etude-en-suisse\/75365\/#primaryimage"},"thumbnailUrl":"https:\/\/batijournal.com\/wp-content\/uploads\/2015\/03\/09001844.jpg","keywords":["caue","CNDB","voyage detude"],"articleSection":["Architecture &amp; Conception"],"inLanguage":"fr-FR","potentialAction":[{"@type":"CommentAction","name":"Comment","target":["https:\/\/batijournal.com\/index.php\/voyage-d%c2%92etude-en-suisse\/75365\/#respond"]}]},{"@type":"WebPage","@id":"https:\/\/batijournal.com\/index.php\/voyage-d%c2%92etude-en-suisse\/75365\/","url":"https:\/\/batijournal.com\/index.php\/voyage-d%c2%92etude-en-suisse\/75365\/","name":"Voyage d\u0092'\u00e9tude en Suisse","isPartOf":{"@id":"https:\/\/batijournal.com\/#website"},"primaryImageOfPage":{"@id":"https:\/\/batijournal.com\/index.php\/voyage-d%c2%92etude-en-suisse\/75365\/#primaryimage"},"image":{"@id":"https:\/\/batijournal.com\/index.php\/voyage-d%c2%92etude-en-suisse\/75365\/#primaryimage"},"thumbnailUrl":"https:\/\/batijournal.com\/wp-content\/uploads\/2015\/03\/09001844.jpg","datePublished":"2010-01-27T08:41:44+00:00","dateModified":"2019-07-15T09:35:56+00:00","author":{"@id":"https:\/\/batijournal.com\/#\/schema\/person\/6a657e8967569e1b299972574848aa76"},"breadcrumb":{"@id":"https:\/\/batijournal.com\/index.php\/voyage-d%c2%92etude-en-suisse\/75365\/#breadcrumb"},"inLanguage":"fr-FR","potentialAction":[{"@type":"ReadAction","target":["https:\/\/batijournal.com\/index.php\/voyage-d%c2%92etude-en-suisse\/75365\/"]}]},{"@type":"ImageObject","inLanguage":"fr-FR","@id":"https:\/\/batijournal.com\/index.php\/voyage-d%c2%92etude-en-suisse\/75365\/#primaryimage","url":"https:\/\/batijournal.com\/wp-content\/uploads\/2015\/03\/09001844.jpg","contentUrl":"https:\/\/batijournal.com\/wp-content\/uploads\/2015\/03\/09001844.jpg","width":600,"height":452},{"@type":"BreadcrumbList","@id":"https:\/\/batijournal.com\/index.php\/voyage-d%c2%92etude-en-suisse\/75365\/#breadcrumb","itemListElement":[{"@type":"ListItem","position":1,"name":"Accueil","item":"https:\/\/batijournal.com\/"},{"@type":"ListItem","position":2,"name":"Actualit\u00e9s","item":"https:\/\/batijournal.com\/index.php\/category\/actualites\/"},{"@type":"ListItem","position":3,"name":"Architecture &amp; Conception","item":"https:\/\/batijournal.com\/index.php\/category\/actualites\/architecture-conception\/"},{"@type":"ListItem","position":4,"name":"Voyage d\u0092&rsquo;\u00e9tude en Suisse"}]},{"@type":"WebSite","@id":"https:\/\/batijournal.com\/#website","url":"https:\/\/batijournal.com\/","name":"Batijournal","description":"L&#039;actualit\u00e9 du b\u00e2timent","potentialAction":[{"@type":"SearchAction","target":{"@type":"EntryPoint","urlTemplate":"https:\/\/batijournal.com\/?s={search_term_string}"},"query-input":{"@type":"PropertyValueSpecification","valueRequired":true,"valueName":"search_term_string"}}],"inLanguage":"fr-FR"},{"@type":"Person","@id":"https:\/\/batijournal.com\/#\/schema\/person\/6a657e8967569e1b299972574848aa76","name":"Bati-journal","image":{"@type":"ImageObject","inLanguage":"fr-FR","@id":"https:\/\/secure.gravatar.com\/avatar\/a64364ea26392f9b4dd47e017ddaec74ff03aefc073b49e492e847201258f777?s=96&d=mm&r=g","url":"https:\/\/secure.gravatar.com\/avatar\/a64364ea26392f9b4dd47e017ddaec74ff03aefc073b49e492e847201258f777?s=96&d=mm&r=g","contentUrl":"https:\/\/secure.gravatar.com\/avatar\/a64364ea26392f9b4dd47e017ddaec74ff03aefc073b49e492e847201258f777?s=96&d=mm&r=g","caption":"Bati-journal"},"url":"https:\/\/batijournal.com\/index.php\/author\/elodie\/"}]}},"_links":{"self":[{"href":"https:\/\/batijournal.com\/index.php\/wp-json\/wp\/v2\/posts\/75365","targetHints":{"allow":["GET"]}}],"collection":[{"href":"https:\/\/batijournal.com\/index.php\/wp-json\/wp\/v2\/posts"}],"about":[{"href":"https:\/\/batijournal.com\/index.php\/wp-json\/wp\/v2\/types\/post"}],"author":[{"embeddable":true,"href":"https:\/\/batijournal.com\/index.php\/wp-json\/wp\/v2\/users\/1"}],"replies":[{"embeddable":true,"href":"https:\/\/batijournal.com\/index.php\/wp-json\/wp\/v2\/comments?post=75365"}],"version-history":[{"count":0,"href":"https:\/\/batijournal.com\/index.php\/wp-json\/wp\/v2\/posts\/75365\/revisions"}],"wp:featuredmedia":[{"embeddable":true,"href":"https:\/\/batijournal.com\/index.php\/wp-json\/wp\/v2\/media\/75366"}],"wp:attachment":[{"href":"https:\/\/batijournal.com\/index.php\/wp-json\/wp\/v2\/media?parent=75365"}],"wp:term":[{"taxonomy":"category","embeddable":true,"href":"https:\/\/batijournal.com\/index.php\/wp-json\/wp\/v2\/categories?post=75365"},{"taxonomy":"post_tag","embeddable":true,"href":"https:\/\/batijournal.com\/index.php\/wp-json\/wp\/v2\/tags?post=75365"}],"curies":[{"name":"wp","href":"https:\/\/api.w.org\/{rel}","templated":true}]}}