{"id":75382,"date":"2010-03-19T00:00:00","date_gmt":"2010-03-18T23:00:00","guid":{"rendered":"http:\/\/b.bati-journal.com\/nouveau-president-de-l%c2%92upa-rhone-alpes\/75382"},"modified":"2019-07-15T11:35:54","modified_gmt":"2019-07-15T09:35:54","slug":"nouveau-president-de-l%c2%92upa-rhone-alpes","status":"publish","type":"post","link":"https:\/\/batijournal.com\/index.php\/nouveau-president-de-l%c2%92upa-rhone-alpes\/75382\/","title":{"rendered":"Nouveau pr\u00e9sident de l&rsquo;\u0092UPA Rh\u00f4ne-Alpes"},"content":{"rendered":"<p>Alain Berlioz-Curlet a \u00e9t\u00e9 \u00e9lu le nouveau pr\u00e9sident de l&rsquo;\u0092UPA Rh\u00f4ne-Alpes, lors de l&rsquo;\u0092assembl\u00e9e g\u00e9n\u00e9rale de l\u0092&rsquo;Union professionnelle artisanale Rh\u00f4ne-Alpes du 18 mars 2010. Ce peintre d\u00e9corateur de 55 ans dirige, avec son fils, une entreprise sp\u00e9cialis\u00e9e dans la restauration de fresques pour les B\u00e2timents du Patrimoine et la cr\u00e9ation de fresques dans des demeures contemporaines. Install\u00e9e \u00e0 Saint-Priest dans le Rh\u00f4ne, la soci\u00e9t\u00e9 emploie trois salari\u00e9s et un apprenti.<\/p>\n","protected":false},"excerpt":{"rendered":"<p>Alain Berlioz-Curlet a \u00e9t\u00e9 \u00e9lu le nouveau pr\u00e9sident de l&rsquo;\u0092UPA Rh\u00f4ne-Alpes, lors de l&rsquo;\u0092assembl\u00e9e g\u00e9n\u00e9rale de l\u0092&rsquo;Union professionnelle artisanale Rh\u00f4ne-Alpes du 18 mars 2010. Ce peintre d\u00e9corateur de 55 ans dirige, avec son fils, une entreprise sp\u00e9cialis\u00e9e dans la restauration de fresques pour les B\u00e2timents du Patrimoine et la cr\u00e9ation de fresques dans des demeures [&hellip;]<\/p>\n","protected":false},"author":1,"featured_media":75383,"comment_status":"open","ping_status":"closed","sticky":false,"template":"","format":"standard","meta":{"_et_pb_use_builder":"","_et_pb_old_content":"","_et_gb_content_width":"","footnotes":""},"categories":[6340],"tags":[],"class_list":["post-75382","post","type-post","status-publish","format-standard","has-post-thumbnail","hentry","category-architecture-conception"],"yoast_head":"<!-- This site is optimized with the Yoast SEO plugin v27.4 - https:\/\/yoast.com\/product\/yoast-seo-wordpress\/ -->\n<title>Nouveau pr\u00e9sident de l&#039;\u0092UPA Rh\u00f4ne-Alpes<\/title>\n<meta name=\"robots\" content=\"index, follow, max-snippet:-1, max-image-preview:large, max-video-preview:-1\" \/>\n<link rel=\"canonical\" href=\"https:\/\/batijournal.com\/index.php\/nouveau-president-de-l\u0092upa-rhone-alpes\/75382\/\" \/>\n<meta property=\"og:locale\" content=\"fr_FR\" \/>\n<meta property=\"og:type\" content=\"article\" \/>\n<meta property=\"og:title\" content=\"Nouveau pr\u00e9sident de l&#039;\u0092UPA Rh\u00f4ne-Alpes\" \/>\n<meta property=\"og:description\" content=\"Alain Berlioz-Curlet a \u00e9t\u00e9 \u00e9lu le nouveau pr\u00e9sident de l&rsquo;\u0092UPA Rh\u00f4ne-Alpes, lors de l&rsquo;\u0092assembl\u00e9e g\u00e9n\u00e9rale de l\u0092&rsquo;Union professionnelle artisanale Rh\u00f4ne-Alpes du 18 mars 2010. Ce peintre d\u00e9corateur de 55 ans dirige, avec son fils, une entreprise sp\u00e9cialis\u00e9e dans la restauration de fresques pour les B\u00e2timents du Patrimoine et la cr\u00e9ation de fresques dans des demeures [&hellip;]\" \/>\n<meta property=\"og:url\" content=\"https:\/\/batijournal.com\/index.php\/nouveau-president-de-l\u0092upa-rhone-alpes\/75382\/\" \/>\n<meta property=\"og:site_name\" content=\"Batijournal\" \/>\n<meta property=\"article:published_time\" content=\"2010-03-18T23:00:00+00:00\" \/>\n<meta property=\"article:modified_time\" content=\"2019-07-15T09:35:54+00:00\" \/>\n<meta property=\"og:image\" content=\"https:\/\/batijournal.com\/wp-content\/uploads\/2015\/03\/10551520.jpg\" \/>\n\t<meta property=\"og:image:width\" content=\"399\" \/>\n\t<meta property=\"og:image:height\" content=\"599\" \/>\n\t<meta property=\"og:image:type\" content=\"image\/jpeg\" \/>\n<meta name=\"author\" content=\"Bati-journal\" \/>\n<meta name=\"twitter:card\" content=\"summary_large_image\" \/>\n<meta name=\"twitter:creator\" content=\"@bati_journal\" \/>\n<meta name=\"twitter:site\" content=\"@bati_journal\" \/>\n<meta name=\"twitter:label1\" content=\"\u00c9crit par\" \/>\n\t<meta name=\"twitter:data1\" content=\"Bati-journal\" \/>\n<script type=\"application\/ld+json\" class=\"yoast-schema-graph\">{\"@context\":\"https:\\\/\\\/schema.org\",\"@graph\":[{\"@type\":\"Article\",\"@id\":\"https:\\\/\\\/batijournal.com\\\/index.php\\\/nouveau-president-de-l%c2%92upa-rhone-alpes\\\/75382\\\/#article\",\"isPartOf\":{\"@id\":\"https:\\\/\\\/batijournal.com\\\/index.php\\\/nouveau-president-de-l%c2%92upa-rhone-alpes\\\/75382\\\/\"},\"author\":{\"name\":\"Bati-journal\",\"@id\":\"https:\\\/\\\/batijournal.com\\\/#\\\/schema\\\/person\\\/6a657e8967569e1b299972574848aa76\"},\"headline\":\"Nouveau pr\u00e9sident de l&rsquo;\u0092UPA Rh\u00f4ne-Alpes\",\"datePublished\":\"2010-03-18T23:00:00+00:00\",\"dateModified\":\"2019-07-15T09:35:54+00:00\",\"mainEntityOfPage\":{\"@id\":\"https:\\\/\\\/batijournal.com\\\/index.php\\\/nouveau-president-de-l%c2%92upa-rhone-alpes\\\/75382\\\/\"},\"wordCount\":92,\"commentCount\":0,\"image\":{\"@id\":\"https:\\\/\\\/batijournal.com\\\/index.php\\\/nouveau-president-de-l%c2%92upa-rhone-alpes\\\/75382\\\/#primaryimage\"},\"thumbnailUrl\":\"https:\\\/\\\/batijournal.com\\\/wp-content\\\/uploads\\\/2015\\\/03\\\/10551520.jpg\",\"articleSection\":[\"Architecture &amp; Conception\"],\"inLanguage\":\"fr-FR\",\"potentialAction\":[{\"@type\":\"CommentAction\",\"name\":\"Comment\",\"target\":[\"https:\\\/\\\/batijournal.com\\\/index.php\\\/nouveau-president-de-l%c2%92upa-rhone-alpes\\\/75382\\\/#respond\"]}]},{\"@type\":\"WebPage\",\"@id\":\"https:\\\/\\\/batijournal.com\\\/index.php\\\/nouveau-president-de-l%c2%92upa-rhone-alpes\\\/75382\\\/\",\"url\":\"https:\\\/\\\/batijournal.com\\\/index.php\\\/nouveau-president-de-l%c2%92upa-rhone-alpes\\\/75382\\\/\",\"name\":\"Nouveau pr\u00e9sident de l'\u0092UPA Rh\u00f4ne-Alpes\",\"isPartOf\":{\"@id\":\"https:\\\/\\\/batijournal.com\\\/#website\"},\"primaryImageOfPage\":{\"@id\":\"https:\\\/\\\/batijournal.com\\\/index.php\\\/nouveau-president-de-l%c2%92upa-rhone-alpes\\\/75382\\\/#primaryimage\"},\"image\":{\"@id\":\"https:\\\/\\\/batijournal.com\\\/index.php\\\/nouveau-president-de-l%c2%92upa-rhone-alpes\\\/75382\\\/#primaryimage\"},\"thumbnailUrl\":\"https:\\\/\\\/batijournal.com\\\/wp-content\\\/uploads\\\/2015\\\/03\\\/10551520.jpg\",\"datePublished\":\"2010-03-18T23:00:00+00:00\",\"dateModified\":\"2019-07-15T09:35:54+00:00\",\"author\":{\"@id\":\"https:\\\/\\\/batijournal.com\\\/#\\\/schema\\\/person\\\/6a657e8967569e1b299972574848aa76\"},\"breadcrumb\":{\"@id\":\"https:\\\/\\\/batijournal.com\\\/index.php\\\/nouveau-president-de-l%c2%92upa-rhone-alpes\\\/75382\\\/#breadcrumb\"},\"inLanguage\":\"fr-FR\",\"potentialAction\":[{\"@type\":\"ReadAction\",\"target\":[\"https:\\\/\\\/batijournal.com\\\/index.php\\\/nouveau-president-de-l%c2%92upa-rhone-alpes\\\/75382\\\/\"]}]},{\"@type\":\"ImageObject\",\"inLanguage\":\"fr-FR\",\"@id\":\"https:\\\/\\\/batijournal.com\\\/index.php\\\/nouveau-president-de-l%c2%92upa-rhone-alpes\\\/75382\\\/#primaryimage\",\"url\":\"https:\\\/\\\/batijournal.com\\\/wp-content\\\/uploads\\\/2015\\\/03\\\/10551520.jpg\",\"contentUrl\":\"https:\\\/\\\/batijournal.com\\\/wp-content\\\/uploads\\\/2015\\\/03\\\/10551520.jpg\",\"width\":399,\"height\":599},{\"@type\":\"BreadcrumbList\",\"@id\":\"https:\\\/\\\/batijournal.com\\\/index.php\\\/nouveau-president-de-l%c2%92upa-rhone-alpes\\\/75382\\\/#breadcrumb\",\"itemListElement\":[{\"@type\":\"ListItem\",\"position\":1,\"name\":\"Accueil\",\"item\":\"https:\\\/\\\/batijournal.com\\\/\"},{\"@type\":\"ListItem\",\"position\":2,\"name\":\"Actualit\u00e9s\",\"item\":\"https:\\\/\\\/batijournal.com\\\/index.php\\\/category\\\/actualites\\\/\"},{\"@type\":\"ListItem\",\"position\":3,\"name\":\"Architecture &amp; Conception\",\"item\":\"https:\\\/\\\/batijournal.com\\\/index.php\\\/category\\\/actualites\\\/architecture-conception\\\/\"},{\"@type\":\"ListItem\",\"position\":4,\"name\":\"Nouveau pr\u00e9sident de l&rsquo;\u0092UPA Rh\u00f4ne-Alpes\"}]},{\"@type\":\"WebSite\",\"@id\":\"https:\\\/\\\/batijournal.com\\\/#website\",\"url\":\"https:\\\/\\\/batijournal.com\\\/\",\"name\":\"Batijournal\",\"description\":\"L&#039;actualit\u00e9 du b\u00e2timent\",\"potentialAction\":[{\"@type\":\"SearchAction\",\"target\":{\"@type\":\"EntryPoint\",\"urlTemplate\":\"https:\\\/\\\/batijournal.com\\\/?s={search_term_string}\"},\"query-input\":{\"@type\":\"PropertyValueSpecification\",\"valueRequired\":true,\"valueName\":\"search_term_string\"}}],\"inLanguage\":\"fr-FR\"},{\"@type\":\"Person\",\"@id\":\"https:\\\/\\\/batijournal.com\\\/#\\\/schema\\\/person\\\/6a657e8967569e1b299972574848aa76\",\"name\":\"Bati-journal\",\"image\":{\"@type\":\"ImageObject\",\"inLanguage\":\"fr-FR\",\"@id\":\"https:\\\/\\\/secure.gravatar.com\\\/avatar\\\/a64364ea26392f9b4dd47e017ddaec74ff03aefc073b49e492e847201258f777?s=96&d=mm&r=g\",\"url\":\"https:\\\/\\\/secure.gravatar.com\\\/avatar\\\/a64364ea26392f9b4dd47e017ddaec74ff03aefc073b49e492e847201258f777?s=96&d=mm&r=g\",\"contentUrl\":\"https:\\\/\\\/secure.gravatar.com\\\/avatar\\\/a64364ea26392f9b4dd47e017ddaec74ff03aefc073b49e492e847201258f777?s=96&d=mm&r=g\",\"caption\":\"Bati-journal\"},\"url\":\"https:\\\/\\\/batijournal.com\\\/index.php\\\/author\\\/elodie\\\/\"}]}<\/script>\n<!-- \/ Yoast SEO plugin. -->","yoast_head_json":{"title":"Nouveau pr\u00e9sident de l'\u0092UPA Rh\u00f4ne-Alpes","robots":{"index":"index","follow":"follow","max-snippet":"max-snippet:-1","max-image-preview":"max-image-preview:large","max-video-preview":"max-video-preview:-1"},"canonical":"https:\/\/batijournal.com\/index.php\/nouveau-president-de-l\u0092upa-rhone-alpes\/75382\/","og_locale":"fr_FR","og_type":"article","og_title":"Nouveau pr\u00e9sident de l'\u0092UPA Rh\u00f4ne-Alpes","og_description":"Alain Berlioz-Curlet a \u00e9t\u00e9 \u00e9lu le nouveau pr\u00e9sident de l&rsquo;\u0092UPA Rh\u00f4ne-Alpes, lors de l&rsquo;\u0092assembl\u00e9e g\u00e9n\u00e9rale de l\u0092&rsquo;Union professionnelle artisanale Rh\u00f4ne-Alpes du 18 mars 2010. Ce peintre d\u00e9corateur de 55 ans dirige, avec son fils, une entreprise sp\u00e9cialis\u00e9e dans la restauration de fresques pour les B\u00e2timents du Patrimoine et la cr\u00e9ation de fresques dans des demeures [&hellip;]","og_url":"https:\/\/batijournal.com\/index.php\/nouveau-president-de-l\u0092upa-rhone-alpes\/75382\/","og_site_name":"Batijournal","article_published_time":"2010-03-18T23:00:00+00:00","article_modified_time":"2019-07-15T09:35:54+00:00","og_image":[{"width":399,"height":599,"url":"https:\/\/batijournal.com\/wp-content\/uploads\/2015\/03\/10551520.jpg","type":"image\/jpeg"}],"author":"Bati-journal","twitter_card":"summary_large_image","twitter_creator":"@bati_journal","twitter_site":"@bati_journal","twitter_misc":{"\u00c9crit par":"Bati-journal"},"schema":{"@context":"https:\/\/schema.org","@graph":[{"@type":"Article","@id":"https:\/\/batijournal.com\/index.php\/nouveau-president-de-l%c2%92upa-rhone-alpes\/75382\/#article","isPartOf":{"@id":"https:\/\/batijournal.com\/index.php\/nouveau-president-de-l%c2%92upa-rhone-alpes\/75382\/"},"author":{"name":"Bati-journal","@id":"https:\/\/batijournal.com\/#\/schema\/person\/6a657e8967569e1b299972574848aa76"},"headline":"Nouveau pr\u00e9sident de l&rsquo;\u0092UPA Rh\u00f4ne-Alpes","datePublished":"2010-03-18T23:00:00+00:00","dateModified":"2019-07-15T09:35:54+00:00","mainEntityOfPage":{"@id":"https:\/\/batijournal.com\/index.php\/nouveau-president-de-l%c2%92upa-rhone-alpes\/75382\/"},"wordCount":92,"commentCount":0,"image":{"@id":"https:\/\/batijournal.com\/index.php\/nouveau-president-de-l%c2%92upa-rhone-alpes\/75382\/#primaryimage"},"thumbnailUrl":"https:\/\/batijournal.com\/wp-content\/uploads\/2015\/03\/10551520.jpg","articleSection":["Architecture &amp; Conception"],"inLanguage":"fr-FR","potentialAction":[{"@type":"CommentAction","name":"Comment","target":["https:\/\/batijournal.com\/index.php\/nouveau-president-de-l%c2%92upa-rhone-alpes\/75382\/#respond"]}]},{"@type":"WebPage","@id":"https:\/\/batijournal.com\/index.php\/nouveau-president-de-l%c2%92upa-rhone-alpes\/75382\/","url":"https:\/\/batijournal.com\/index.php\/nouveau-president-de-l%c2%92upa-rhone-alpes\/75382\/","name":"Nouveau pr\u00e9sident de l'\u0092UPA Rh\u00f4ne-Alpes","isPartOf":{"@id":"https:\/\/batijournal.com\/#website"},"primaryImageOfPage":{"@id":"https:\/\/batijournal.com\/index.php\/nouveau-president-de-l%c2%92upa-rhone-alpes\/75382\/#primaryimage"},"image":{"@id":"https:\/\/batijournal.com\/index.php\/nouveau-president-de-l%c2%92upa-rhone-alpes\/75382\/#primaryimage"},"thumbnailUrl":"https:\/\/batijournal.com\/wp-content\/uploads\/2015\/03\/10551520.jpg","datePublished":"2010-03-18T23:00:00+00:00","dateModified":"2019-07-15T09:35:54+00:00","author":{"@id":"https:\/\/batijournal.com\/#\/schema\/person\/6a657e8967569e1b299972574848aa76"},"breadcrumb":{"@id":"https:\/\/batijournal.com\/index.php\/nouveau-president-de-l%c2%92upa-rhone-alpes\/75382\/#breadcrumb"},"inLanguage":"fr-FR","potentialAction":[{"@type":"ReadAction","target":["https:\/\/batijournal.com\/index.php\/nouveau-president-de-l%c2%92upa-rhone-alpes\/75382\/"]}]},{"@type":"ImageObject","inLanguage":"fr-FR","@id":"https:\/\/batijournal.com\/index.php\/nouveau-president-de-l%c2%92upa-rhone-alpes\/75382\/#primaryimage","url":"https:\/\/batijournal.com\/wp-content\/uploads\/2015\/03\/10551520.jpg","contentUrl":"https:\/\/batijournal.com\/wp-content\/uploads\/2015\/03\/10551520.jpg","width":399,"height":599},{"@type":"BreadcrumbList","@id":"https:\/\/batijournal.com\/index.php\/nouveau-president-de-l%c2%92upa-rhone-alpes\/75382\/#breadcrumb","itemListElement":[{"@type":"ListItem","position":1,"name":"Accueil","item":"https:\/\/batijournal.com\/"},{"@type":"ListItem","position":2,"name":"Actualit\u00e9s","item":"https:\/\/batijournal.com\/index.php\/category\/actualites\/"},{"@type":"ListItem","position":3,"name":"Architecture &amp; Conception","item":"https:\/\/batijournal.com\/index.php\/category\/actualites\/architecture-conception\/"},{"@type":"ListItem","position":4,"name":"Nouveau pr\u00e9sident de l&rsquo;\u0092UPA Rh\u00f4ne-Alpes"}]},{"@type":"WebSite","@id":"https:\/\/batijournal.com\/#website","url":"https:\/\/batijournal.com\/","name":"Batijournal","description":"L&#039;actualit\u00e9 du b\u00e2timent","potentialAction":[{"@type":"SearchAction","target":{"@type":"EntryPoint","urlTemplate":"https:\/\/batijournal.com\/?s={search_term_string}"},"query-input":{"@type":"PropertyValueSpecification","valueRequired":true,"valueName":"search_term_string"}}],"inLanguage":"fr-FR"},{"@type":"Person","@id":"https:\/\/batijournal.com\/#\/schema\/person\/6a657e8967569e1b299972574848aa76","name":"Bati-journal","image":{"@type":"ImageObject","inLanguage":"fr-FR","@id":"https:\/\/secure.gravatar.com\/avatar\/a64364ea26392f9b4dd47e017ddaec74ff03aefc073b49e492e847201258f777?s=96&d=mm&r=g","url":"https:\/\/secure.gravatar.com\/avatar\/a64364ea26392f9b4dd47e017ddaec74ff03aefc073b49e492e847201258f777?s=96&d=mm&r=g","contentUrl":"https:\/\/secure.gravatar.com\/avatar\/a64364ea26392f9b4dd47e017ddaec74ff03aefc073b49e492e847201258f777?s=96&d=mm&r=g","caption":"Bati-journal"},"url":"https:\/\/batijournal.com\/index.php\/author\/elodie\/"}]}},"_links":{"self":[{"href":"https:\/\/batijournal.com\/index.php\/wp-json\/wp\/v2\/posts\/75382","targetHints":{"allow":["GET"]}}],"collection":[{"href":"https:\/\/batijournal.com\/index.php\/wp-json\/wp\/v2\/posts"}],"about":[{"href":"https:\/\/batijournal.com\/index.php\/wp-json\/wp\/v2\/types\/post"}],"author":[{"embeddable":true,"href":"https:\/\/batijournal.com\/index.php\/wp-json\/wp\/v2\/users\/1"}],"replies":[{"embeddable":true,"href":"https:\/\/batijournal.com\/index.php\/wp-json\/wp\/v2\/comments?post=75382"}],"version-history":[{"count":0,"href":"https:\/\/batijournal.com\/index.php\/wp-json\/wp\/v2\/posts\/75382\/revisions"}],"wp:featuredmedia":[{"embeddable":true,"href":"https:\/\/batijournal.com\/index.php\/wp-json\/wp\/v2\/media\/75383"}],"wp:attachment":[{"href":"https:\/\/batijournal.com\/index.php\/wp-json\/wp\/v2\/media?parent=75382"}],"wp:term":[{"taxonomy":"category","embeddable":true,"href":"https:\/\/batijournal.com\/index.php\/wp-json\/wp\/v2\/categories?post=75382"},{"taxonomy":"post_tag","embeddable":true,"href":"https:\/\/batijournal.com\/index.php\/wp-json\/wp\/v2\/tags?post=75382"}],"curies":[{"name":"wp","href":"https:\/\/api.w.org\/{rel}","templated":true}]}}