{"id":75407,"date":"2010-06-23T00:00:00","date_gmt":"2010-06-22T22:00:00","guid":{"rendered":"http:\/\/b.bati-journal.com\/anne-lacaton-et-jean-philippe-vassal-retenus-pour-lextension-du-palais-de-tokyo\/75407"},"modified":"2019-07-15T11:35:52","modified_gmt":"2019-07-15T09:35:52","slug":"anne-lacaton-et-jean-philippe-vassal-retenus-pour-lextension-du-palais-de-tokyo","status":"publish","type":"post","link":"https:\/\/batijournal.com\/index.php\/anne-lacaton-et-jean-philippe-vassal-retenus-pour-lextension-du-palais-de-tokyo\/75407\/","title":{"rendered":"Anne Lacaton et Jean-Philippe Vassal retenus pour l&rsquo;extension du Palais de Tokyo"},"content":{"rendered":"<p>Fr\u00e9d\u00e9ric Mitterrand a retenu \u00e0 l&rsquo;issue de la consultation, les architectes Lacaton &amp; Vassal, grands prix nationaux d&rsquo;architecture 2008, comme ma\u00eetres d&rsquo;oeuvre de l&rsquo;op\u00e9ration d&rsquo;extension du Palais de Tokyo. Auteurs du premier projet de r\u00e9habilitation de l&rsquo;aile ouest du Palais de Tokyo en 2003, les architectes Anne Lacaton et Jean-Philippe Vassal ont \u00e9t\u00e9 choisis pour d\u00e9velopper le nouveau projet. Ils auront pour mission de r\u00e9aliser l&rsquo;ensemble des travaux de r\u00e9am\u00e9nagement. Passionn\u00e9s par l&rsquo;architecture du Palais de Tokyo, r\u00e9alis\u00e9 en 1937 pour l&rsquo;exposition universelle par Dondel et Aubert, Viard et Dastugue, les architectes ont choisi de respecter les qualit\u00e9s de ce lieu, dont le volume majestueux des espaces et la lumi\u00e8re z\u00e9nithale traversante. Le site devrait ouvrir ses portes d\u00e9but 2012.<\/p>\n","protected":false},"excerpt":{"rendered":"<p>Fr\u00e9d\u00e9ric Mitterrand a retenu \u00e0 l&rsquo;issue de la consultation, les architectes Lacaton &amp; Vassal, grands prix nationaux d&rsquo;architecture 2008, comme ma\u00eetres d&rsquo;oeuvre de l&rsquo;op\u00e9ration d&rsquo;extension du Palais de Tokyo. Auteurs du premier projet de r\u00e9habilitation de l&rsquo;aile ouest du Palais de Tokyo en 2003, les architectes Anne Lacaton et Jean-Philippe Vassal ont \u00e9t\u00e9 choisis pour [&hellip;]<\/p>\n","protected":false},"author":1,"featured_media":75408,"comment_status":"open","ping_status":"closed","sticky":false,"template":"","format":"standard","meta":{"_et_pb_use_builder":"","_et_pb_old_content":"","_et_gb_content_width":"","footnotes":""},"categories":[6340],"tags":[],"class_list":["post-75407","post","type-post","status-publish","format-standard","has-post-thumbnail","hentry","category-architecture-conception"],"yoast_head":"<!-- This site is optimized with the Yoast SEO plugin v27.4 - https:\/\/yoast.com\/product\/yoast-seo-wordpress\/ -->\n<title>Anne Lacaton et Jean-Philippe Vassal retenus pour l&#039;extension du Palais de Tokyo<\/title>\n<meta name=\"robots\" content=\"index, follow, max-snippet:-1, max-image-preview:large, max-video-preview:-1\" \/>\n<link rel=\"canonical\" href=\"https:\/\/batijournal.com\/index.php\/anne-lacaton-et-jean-philippe-vassal-retenus-pour-lextension-du-palais-de-tokyo\/75407\/\" \/>\n<meta property=\"og:locale\" content=\"fr_FR\" \/>\n<meta property=\"og:type\" content=\"article\" \/>\n<meta property=\"og:title\" content=\"Anne Lacaton et Jean-Philippe Vassal retenus pour l&#039;extension du Palais de Tokyo\" \/>\n<meta property=\"og:description\" content=\"Fr\u00e9d\u00e9ric Mitterrand a retenu \u00e0 l&rsquo;issue de la consultation, les architectes Lacaton &amp; Vassal, grands prix nationaux d&rsquo;architecture 2008, comme ma\u00eetres d&rsquo;oeuvre de l&rsquo;op\u00e9ration d&rsquo;extension du Palais de Tokyo. Auteurs du premier projet de r\u00e9habilitation de l&rsquo;aile ouest du Palais de Tokyo en 2003, les architectes Anne Lacaton et Jean-Philippe Vassal ont \u00e9t\u00e9 choisis pour [&hellip;]\" \/>\n<meta property=\"og:url\" content=\"https:\/\/batijournal.com\/index.php\/anne-lacaton-et-jean-philippe-vassal-retenus-pour-lextension-du-palais-de-tokyo\/75407\/\" \/>\n<meta property=\"og:site_name\" content=\"Batijournal\" \/>\n<meta property=\"article:published_time\" content=\"2010-06-22T22:00:00+00:00\" \/>\n<meta property=\"article:modified_time\" content=\"2019-07-15T09:35:52+00:00\" \/>\n<meta property=\"og:image\" content=\"https:\/\/batijournal.com\/wp-content\/uploads\/2015\/03\/138197862.jpg\" \/>\n\t<meta property=\"og:image:width\" content=\"600\" \/>\n\t<meta property=\"og:image:height\" content=\"260\" \/>\n\t<meta property=\"og:image:type\" content=\"image\/jpeg\" \/>\n<meta name=\"author\" content=\"Bati-journal\" \/>\n<meta name=\"twitter:card\" content=\"summary_large_image\" \/>\n<meta name=\"twitter:creator\" content=\"@bati_journal\" \/>\n<meta name=\"twitter:site\" content=\"@bati_journal\" \/>\n<meta name=\"twitter:label1\" content=\"\u00c9crit par\" \/>\n\t<meta name=\"twitter:data1\" content=\"Bati-journal\" \/>\n\t<meta name=\"twitter:label2\" content=\"Dur\u00e9e de lecture estim\u00e9e\" \/>\n\t<meta name=\"twitter:data2\" content=\"1 minute\" \/>\n<script type=\"application\/ld+json\" class=\"yoast-schema-graph\">{\"@context\":\"https:\\\/\\\/schema.org\",\"@graph\":[{\"@type\":\"Article\",\"@id\":\"https:\\\/\\\/batijournal.com\\\/index.php\\\/anne-lacaton-et-jean-philippe-vassal-retenus-pour-lextension-du-palais-de-tokyo\\\/75407\\\/#article\",\"isPartOf\":{\"@id\":\"https:\\\/\\\/batijournal.com\\\/index.php\\\/anne-lacaton-et-jean-philippe-vassal-retenus-pour-lextension-du-palais-de-tokyo\\\/75407\\\/\"},\"author\":{\"name\":\"Bati-journal\",\"@id\":\"https:\\\/\\\/batijournal.com\\\/#\\\/schema\\\/person\\\/6a657e8967569e1b299972574848aa76\"},\"headline\":\"Anne Lacaton et Jean-Philippe Vassal retenus pour l&rsquo;extension du Palais de Tokyo\",\"datePublished\":\"2010-06-22T22:00:00+00:00\",\"dateModified\":\"2019-07-15T09:35:52+00:00\",\"mainEntityOfPage\":{\"@id\":\"https:\\\/\\\/batijournal.com\\\/index.php\\\/anne-lacaton-et-jean-philippe-vassal-retenus-pour-lextension-du-palais-de-tokyo\\\/75407\\\/\"},\"wordCount\":152,\"commentCount\":0,\"image\":{\"@id\":\"https:\\\/\\\/batijournal.com\\\/index.php\\\/anne-lacaton-et-jean-philippe-vassal-retenus-pour-lextension-du-palais-de-tokyo\\\/75407\\\/#primaryimage\"},\"thumbnailUrl\":\"https:\\\/\\\/batijournal.com\\\/wp-content\\\/uploads\\\/2015\\\/03\\\/138197862.jpg\",\"articleSection\":[\"Architecture &amp; Conception\"],\"inLanguage\":\"fr-FR\",\"potentialAction\":[{\"@type\":\"CommentAction\",\"name\":\"Comment\",\"target\":[\"https:\\\/\\\/batijournal.com\\\/index.php\\\/anne-lacaton-et-jean-philippe-vassal-retenus-pour-lextension-du-palais-de-tokyo\\\/75407\\\/#respond\"]}]},{\"@type\":\"WebPage\",\"@id\":\"https:\\\/\\\/batijournal.com\\\/index.php\\\/anne-lacaton-et-jean-philippe-vassal-retenus-pour-lextension-du-palais-de-tokyo\\\/75407\\\/\",\"url\":\"https:\\\/\\\/batijournal.com\\\/index.php\\\/anne-lacaton-et-jean-philippe-vassal-retenus-pour-lextension-du-palais-de-tokyo\\\/75407\\\/\",\"name\":\"Anne Lacaton et Jean-Philippe Vassal retenus pour l'extension du Palais de Tokyo\",\"isPartOf\":{\"@id\":\"https:\\\/\\\/batijournal.com\\\/#website\"},\"primaryImageOfPage\":{\"@id\":\"https:\\\/\\\/batijournal.com\\\/index.php\\\/anne-lacaton-et-jean-philippe-vassal-retenus-pour-lextension-du-palais-de-tokyo\\\/75407\\\/#primaryimage\"},\"image\":{\"@id\":\"https:\\\/\\\/batijournal.com\\\/index.php\\\/anne-lacaton-et-jean-philippe-vassal-retenus-pour-lextension-du-palais-de-tokyo\\\/75407\\\/#primaryimage\"},\"thumbnailUrl\":\"https:\\\/\\\/batijournal.com\\\/wp-content\\\/uploads\\\/2015\\\/03\\\/138197862.jpg\",\"datePublished\":\"2010-06-22T22:00:00+00:00\",\"dateModified\":\"2019-07-15T09:35:52+00:00\",\"author\":{\"@id\":\"https:\\\/\\\/batijournal.com\\\/#\\\/schema\\\/person\\\/6a657e8967569e1b299972574848aa76\"},\"breadcrumb\":{\"@id\":\"https:\\\/\\\/batijournal.com\\\/index.php\\\/anne-lacaton-et-jean-philippe-vassal-retenus-pour-lextension-du-palais-de-tokyo\\\/75407\\\/#breadcrumb\"},\"inLanguage\":\"fr-FR\",\"potentialAction\":[{\"@type\":\"ReadAction\",\"target\":[\"https:\\\/\\\/batijournal.com\\\/index.php\\\/anne-lacaton-et-jean-philippe-vassal-retenus-pour-lextension-du-palais-de-tokyo\\\/75407\\\/\"]}]},{\"@type\":\"ImageObject\",\"inLanguage\":\"fr-FR\",\"@id\":\"https:\\\/\\\/batijournal.com\\\/index.php\\\/anne-lacaton-et-jean-philippe-vassal-retenus-pour-lextension-du-palais-de-tokyo\\\/75407\\\/#primaryimage\",\"url\":\"https:\\\/\\\/batijournal.com\\\/wp-content\\\/uploads\\\/2015\\\/03\\\/138197862.jpg\",\"contentUrl\":\"https:\\\/\\\/batijournal.com\\\/wp-content\\\/uploads\\\/2015\\\/03\\\/138197862.jpg\",\"width\":600,\"height\":260},{\"@type\":\"BreadcrumbList\",\"@id\":\"https:\\\/\\\/batijournal.com\\\/index.php\\\/anne-lacaton-et-jean-philippe-vassal-retenus-pour-lextension-du-palais-de-tokyo\\\/75407\\\/#breadcrumb\",\"itemListElement\":[{\"@type\":\"ListItem\",\"position\":1,\"name\":\"Accueil\",\"item\":\"https:\\\/\\\/batijournal.com\\\/\"},{\"@type\":\"ListItem\",\"position\":2,\"name\":\"Actualit\u00e9s\",\"item\":\"https:\\\/\\\/batijournal.com\\\/index.php\\\/category\\\/actualites\\\/\"},{\"@type\":\"ListItem\",\"position\":3,\"name\":\"Architecture &amp; Conception\",\"item\":\"https:\\\/\\\/batijournal.com\\\/index.php\\\/category\\\/actualites\\\/architecture-conception\\\/\"},{\"@type\":\"ListItem\",\"position\":4,\"name\":\"Anne Lacaton et Jean-Philippe Vassal retenus pour l&rsquo;extension du Palais de Tokyo\"}]},{\"@type\":\"WebSite\",\"@id\":\"https:\\\/\\\/batijournal.com\\\/#website\",\"url\":\"https:\\\/\\\/batijournal.com\\\/\",\"name\":\"Batijournal\",\"description\":\"L&#039;actualit\u00e9 du b\u00e2timent\",\"potentialAction\":[{\"@type\":\"SearchAction\",\"target\":{\"@type\":\"EntryPoint\",\"urlTemplate\":\"https:\\\/\\\/batijournal.com\\\/?s={search_term_string}\"},\"query-input\":{\"@type\":\"PropertyValueSpecification\",\"valueRequired\":true,\"valueName\":\"search_term_string\"}}],\"inLanguage\":\"fr-FR\"},{\"@type\":\"Person\",\"@id\":\"https:\\\/\\\/batijournal.com\\\/#\\\/schema\\\/person\\\/6a657e8967569e1b299972574848aa76\",\"name\":\"Bati-journal\",\"image\":{\"@type\":\"ImageObject\",\"inLanguage\":\"fr-FR\",\"@id\":\"https:\\\/\\\/secure.gravatar.com\\\/avatar\\\/a64364ea26392f9b4dd47e017ddaec74ff03aefc073b49e492e847201258f777?s=96&d=mm&r=g\",\"url\":\"https:\\\/\\\/secure.gravatar.com\\\/avatar\\\/a64364ea26392f9b4dd47e017ddaec74ff03aefc073b49e492e847201258f777?s=96&d=mm&r=g\",\"contentUrl\":\"https:\\\/\\\/secure.gravatar.com\\\/avatar\\\/a64364ea26392f9b4dd47e017ddaec74ff03aefc073b49e492e847201258f777?s=96&d=mm&r=g\",\"caption\":\"Bati-journal\"},\"url\":\"https:\\\/\\\/batijournal.com\\\/index.php\\\/author\\\/elodie\\\/\"}]}<\/script>\n<!-- \/ Yoast SEO plugin. -->","yoast_head_json":{"title":"Anne Lacaton et Jean-Philippe Vassal retenus pour l'extension du Palais de Tokyo","robots":{"index":"index","follow":"follow","max-snippet":"max-snippet:-1","max-image-preview":"max-image-preview:large","max-video-preview":"max-video-preview:-1"},"canonical":"https:\/\/batijournal.com\/index.php\/anne-lacaton-et-jean-philippe-vassal-retenus-pour-lextension-du-palais-de-tokyo\/75407\/","og_locale":"fr_FR","og_type":"article","og_title":"Anne Lacaton et Jean-Philippe Vassal retenus pour l'extension du Palais de Tokyo","og_description":"Fr\u00e9d\u00e9ric Mitterrand a retenu \u00e0 l&rsquo;issue de la consultation, les architectes Lacaton &amp; Vassal, grands prix nationaux d&rsquo;architecture 2008, comme ma\u00eetres d&rsquo;oeuvre de l&rsquo;op\u00e9ration d&rsquo;extension du Palais de Tokyo. Auteurs du premier projet de r\u00e9habilitation de l&rsquo;aile ouest du Palais de Tokyo en 2003, les architectes Anne Lacaton et Jean-Philippe Vassal ont \u00e9t\u00e9 choisis pour [&hellip;]","og_url":"https:\/\/batijournal.com\/index.php\/anne-lacaton-et-jean-philippe-vassal-retenus-pour-lextension-du-palais-de-tokyo\/75407\/","og_site_name":"Batijournal","article_published_time":"2010-06-22T22:00:00+00:00","article_modified_time":"2019-07-15T09:35:52+00:00","og_image":[{"width":600,"height":260,"url":"https:\/\/batijournal.com\/wp-content\/uploads\/2015\/03\/138197862.jpg","type":"image\/jpeg"}],"author":"Bati-journal","twitter_card":"summary_large_image","twitter_creator":"@bati_journal","twitter_site":"@bati_journal","twitter_misc":{"\u00c9crit par":"Bati-journal","Dur\u00e9e de lecture estim\u00e9e":"1 minute"},"schema":{"@context":"https:\/\/schema.org","@graph":[{"@type":"Article","@id":"https:\/\/batijournal.com\/index.php\/anne-lacaton-et-jean-philippe-vassal-retenus-pour-lextension-du-palais-de-tokyo\/75407\/#article","isPartOf":{"@id":"https:\/\/batijournal.com\/index.php\/anne-lacaton-et-jean-philippe-vassal-retenus-pour-lextension-du-palais-de-tokyo\/75407\/"},"author":{"name":"Bati-journal","@id":"https:\/\/batijournal.com\/#\/schema\/person\/6a657e8967569e1b299972574848aa76"},"headline":"Anne Lacaton et Jean-Philippe Vassal retenus pour l&rsquo;extension du Palais de Tokyo","datePublished":"2010-06-22T22:00:00+00:00","dateModified":"2019-07-15T09:35:52+00:00","mainEntityOfPage":{"@id":"https:\/\/batijournal.com\/index.php\/anne-lacaton-et-jean-philippe-vassal-retenus-pour-lextension-du-palais-de-tokyo\/75407\/"},"wordCount":152,"commentCount":0,"image":{"@id":"https:\/\/batijournal.com\/index.php\/anne-lacaton-et-jean-philippe-vassal-retenus-pour-lextension-du-palais-de-tokyo\/75407\/#primaryimage"},"thumbnailUrl":"https:\/\/batijournal.com\/wp-content\/uploads\/2015\/03\/138197862.jpg","articleSection":["Architecture &amp; Conception"],"inLanguage":"fr-FR","potentialAction":[{"@type":"CommentAction","name":"Comment","target":["https:\/\/batijournal.com\/index.php\/anne-lacaton-et-jean-philippe-vassal-retenus-pour-lextension-du-palais-de-tokyo\/75407\/#respond"]}]},{"@type":"WebPage","@id":"https:\/\/batijournal.com\/index.php\/anne-lacaton-et-jean-philippe-vassal-retenus-pour-lextension-du-palais-de-tokyo\/75407\/","url":"https:\/\/batijournal.com\/index.php\/anne-lacaton-et-jean-philippe-vassal-retenus-pour-lextension-du-palais-de-tokyo\/75407\/","name":"Anne Lacaton et Jean-Philippe Vassal retenus pour l'extension du Palais de Tokyo","isPartOf":{"@id":"https:\/\/batijournal.com\/#website"},"primaryImageOfPage":{"@id":"https:\/\/batijournal.com\/index.php\/anne-lacaton-et-jean-philippe-vassal-retenus-pour-lextension-du-palais-de-tokyo\/75407\/#primaryimage"},"image":{"@id":"https:\/\/batijournal.com\/index.php\/anne-lacaton-et-jean-philippe-vassal-retenus-pour-lextension-du-palais-de-tokyo\/75407\/#primaryimage"},"thumbnailUrl":"https:\/\/batijournal.com\/wp-content\/uploads\/2015\/03\/138197862.jpg","datePublished":"2010-06-22T22:00:00+00:00","dateModified":"2019-07-15T09:35:52+00:00","author":{"@id":"https:\/\/batijournal.com\/#\/schema\/person\/6a657e8967569e1b299972574848aa76"},"breadcrumb":{"@id":"https:\/\/batijournal.com\/index.php\/anne-lacaton-et-jean-philippe-vassal-retenus-pour-lextension-du-palais-de-tokyo\/75407\/#breadcrumb"},"inLanguage":"fr-FR","potentialAction":[{"@type":"ReadAction","target":["https:\/\/batijournal.com\/index.php\/anne-lacaton-et-jean-philippe-vassal-retenus-pour-lextension-du-palais-de-tokyo\/75407\/"]}]},{"@type":"ImageObject","inLanguage":"fr-FR","@id":"https:\/\/batijournal.com\/index.php\/anne-lacaton-et-jean-philippe-vassal-retenus-pour-lextension-du-palais-de-tokyo\/75407\/#primaryimage","url":"https:\/\/batijournal.com\/wp-content\/uploads\/2015\/03\/138197862.jpg","contentUrl":"https:\/\/batijournal.com\/wp-content\/uploads\/2015\/03\/138197862.jpg","width":600,"height":260},{"@type":"BreadcrumbList","@id":"https:\/\/batijournal.com\/index.php\/anne-lacaton-et-jean-philippe-vassal-retenus-pour-lextension-du-palais-de-tokyo\/75407\/#breadcrumb","itemListElement":[{"@type":"ListItem","position":1,"name":"Accueil","item":"https:\/\/batijournal.com\/"},{"@type":"ListItem","position":2,"name":"Actualit\u00e9s","item":"https:\/\/batijournal.com\/index.php\/category\/actualites\/"},{"@type":"ListItem","position":3,"name":"Architecture &amp; Conception","item":"https:\/\/batijournal.com\/index.php\/category\/actualites\/architecture-conception\/"},{"@type":"ListItem","position":4,"name":"Anne Lacaton et Jean-Philippe Vassal retenus pour l&rsquo;extension du Palais de Tokyo"}]},{"@type":"WebSite","@id":"https:\/\/batijournal.com\/#website","url":"https:\/\/batijournal.com\/","name":"Batijournal","description":"L&#039;actualit\u00e9 du b\u00e2timent","potentialAction":[{"@type":"SearchAction","target":{"@type":"EntryPoint","urlTemplate":"https:\/\/batijournal.com\/?s={search_term_string}"},"query-input":{"@type":"PropertyValueSpecification","valueRequired":true,"valueName":"search_term_string"}}],"inLanguage":"fr-FR"},{"@type":"Person","@id":"https:\/\/batijournal.com\/#\/schema\/person\/6a657e8967569e1b299972574848aa76","name":"Bati-journal","image":{"@type":"ImageObject","inLanguage":"fr-FR","@id":"https:\/\/secure.gravatar.com\/avatar\/a64364ea26392f9b4dd47e017ddaec74ff03aefc073b49e492e847201258f777?s=96&d=mm&r=g","url":"https:\/\/secure.gravatar.com\/avatar\/a64364ea26392f9b4dd47e017ddaec74ff03aefc073b49e492e847201258f777?s=96&d=mm&r=g","contentUrl":"https:\/\/secure.gravatar.com\/avatar\/a64364ea26392f9b4dd47e017ddaec74ff03aefc073b49e492e847201258f777?s=96&d=mm&r=g","caption":"Bati-journal"},"url":"https:\/\/batijournal.com\/index.php\/author\/elodie\/"}]}},"_links":{"self":[{"href":"https:\/\/batijournal.com\/index.php\/wp-json\/wp\/v2\/posts\/75407","targetHints":{"allow":["GET"]}}],"collection":[{"href":"https:\/\/batijournal.com\/index.php\/wp-json\/wp\/v2\/posts"}],"about":[{"href":"https:\/\/batijournal.com\/index.php\/wp-json\/wp\/v2\/types\/post"}],"author":[{"embeddable":true,"href":"https:\/\/batijournal.com\/index.php\/wp-json\/wp\/v2\/users\/1"}],"replies":[{"embeddable":true,"href":"https:\/\/batijournal.com\/index.php\/wp-json\/wp\/v2\/comments?post=75407"}],"version-history":[{"count":0,"href":"https:\/\/batijournal.com\/index.php\/wp-json\/wp\/v2\/posts\/75407\/revisions"}],"wp:featuredmedia":[{"embeddable":true,"href":"https:\/\/batijournal.com\/index.php\/wp-json\/wp\/v2\/media\/75408"}],"wp:attachment":[{"href":"https:\/\/batijournal.com\/index.php\/wp-json\/wp\/v2\/media?parent=75407"}],"wp:term":[{"taxonomy":"category","embeddable":true,"href":"https:\/\/batijournal.com\/index.php\/wp-json\/wp\/v2\/categories?post=75407"},{"taxonomy":"post_tag","embeddable":true,"href":"https:\/\/batijournal.com\/index.php\/wp-json\/wp\/v2\/tags?post=75407"}],"curies":[{"name":"wp","href":"https:\/\/api.w.org\/{rel}","templated":true}]}}