{"id":75418,"date":"2010-09-15T00:00:00","date_gmt":"2010-09-14T22:00:00","guid":{"rendered":"http:\/\/b.bati-journal.com\/la-capeb-aux-journees-du-patrimoine\/75418"},"modified":"2019-07-15T11:35:51","modified_gmt":"2019-07-15T09:35:51","slug":"la-capeb-aux-journees-du-patrimoine","status":"publish","type":"post","link":"https:\/\/batijournal.com\/index.php\/la-capeb-aux-journees-du-patrimoine\/75418\/","title":{"rendered":"La CAPEB aux Journ\u00e9es du Patrimoine"},"content":{"rendered":"<p>Lors des Journ\u00e9es Europ\u00e9ennes du Patrimoine les 18 et 19\u00a0septembre prochains, la Conf\u00e9d\u00e9ration de l\u0092&rsquo;Artisanat et des Petites Entreprises du B\u00e2timent (CAPEB), partenaire de l&rsquo;\u0092\u00e9v\u00e9nement, organise des animations et des d\u00e9monstrations dans toute la France. C&rsquo;\u0092est l\u0092&rsquo;occasion pour les artisans du b\u00e2timent de faire d\u00e9couvrir au grand public des savoir-faire indispensables \u00e0 la pr\u00e9servation du patrimoine. Le th\u00e8me de cette ann\u00e9e, \u00ab\u00a0\u00a0Les grands hommes : quand femmes et hommes construisent l&rsquo;Histoire \u00bb, nous invite \u00e0 mettre en lumi\u00e8re le travail de celles et ceux, qui, dans l\u0092&rsquo;ombre, ont fa\u00e7onn\u00e9 nos monuments, depuis leur construction jusqu&rsquo;\u0092\u00e0 leur restauration. Ces journ\u00e9es permettront \u00e9galement de poser la question de l\u0092&rsquo;int\u00e9gration des nouvelles exigences environnementales dans la restauration patrimoniale. Des animations auront lieu partout en France pour faire d\u00e9couvrir le r\u00f4le sp\u00e9cifique des artisans du b\u00e2timent dans la mise en valeur du patrimoine. De nombreux professionnels viendront pr\u00e9senter leur m\u00e9tier et leur savoir-faire au public. Patrick Li\u00e9bus, Pr\u00e9sident de la CAPEB, souligne\u00a0: \u00ab\u00a0Les Journ\u00e9es europ\u00e9ennes du Patrimoine sont pour nous l\u0092&rsquo;occasion de rendre hommage \u00e0 ces b\u00e2tisseurs de l\u0092&rsquo;ombre qui ont parfois consacr\u00e9 leur vie \u00e0 la construction de chefs-d&rsquo;oe\u0092\u009cuvre architecturaux. Chaque pierre, charpente ou toiture est marqu\u00e9e de l&rsquo;\u0092empreinte d&rsquo;\u0092un savoir-faire unique que nous sommes fiers de faire d\u00e9couvrir au grand public.\u00a0\u00bb Les artisans du b\u00e2timent sont des acteurs incontournables de la mise en valeur, de la restauration et de la r\u00e9habilitation du patrimoine b\u00e2ti.<\/p>\n","protected":false},"excerpt":{"rendered":"<p>Lors des Journ\u00e9es Europ\u00e9ennes du Patrimoine les 18 et 19\u00a0septembre prochains, la Conf\u00e9d\u00e9ration de l\u0092&rsquo;Artisanat et des Petites Entreprises du B\u00e2timent (CAPEB), partenaire de l&rsquo;\u0092\u00e9v\u00e9nement, organise des animations et des d\u00e9monstrations dans toute la France. C&rsquo;\u0092est l\u0092&rsquo;occasion pour les artisans du b\u00e2timent de faire d\u00e9couvrir au grand public des savoir-faire indispensables \u00e0 la pr\u00e9servation du [&hellip;]<\/p>\n","protected":false},"author":1,"featured_media":0,"comment_status":"open","ping_status":"closed","sticky":false,"template":"","format":"standard","meta":{"_et_pb_use_builder":"","_et_pb_old_content":"","_et_gb_content_width":"","footnotes":""},"categories":[6340],"tags":[647,1307],"class_list":["post-75418","post","type-post","status-publish","format-standard","hentry","category-architecture-conception","tag-capeb","tag-journees-du-patrimoine"],"yoast_head":"<!-- This site is optimized with the Yoast SEO plugin v27.4 - https:\/\/yoast.com\/product\/yoast-seo-wordpress\/ -->\n<title>La CAPEB aux Journ\u00e9es du Patrimoine<\/title>\n<meta name=\"robots\" content=\"index, follow, max-snippet:-1, max-image-preview:large, max-video-preview:-1\" \/>\n<link rel=\"canonical\" href=\"https:\/\/batijournal.com\/index.php\/la-capeb-aux-journees-du-patrimoine\/75418\/\" \/>\n<meta property=\"og:locale\" content=\"fr_FR\" \/>\n<meta property=\"og:type\" content=\"article\" \/>\n<meta property=\"og:title\" content=\"La CAPEB aux Journ\u00e9es du Patrimoine\" \/>\n<meta property=\"og:description\" content=\"Lors des Journ\u00e9es Europ\u00e9ennes du Patrimoine les 18 et 19\u00a0septembre prochains, la Conf\u00e9d\u00e9ration de l\u0092&rsquo;Artisanat et des Petites Entreprises du B\u00e2timent (CAPEB), partenaire de l&rsquo;\u0092\u00e9v\u00e9nement, organise des animations et des d\u00e9monstrations dans toute la France. C&rsquo;\u0092est l\u0092&rsquo;occasion pour les artisans du b\u00e2timent de faire d\u00e9couvrir au grand public des savoir-faire indispensables \u00e0 la pr\u00e9servation du [&hellip;]\" \/>\n<meta property=\"og:url\" content=\"https:\/\/batijournal.com\/index.php\/la-capeb-aux-journees-du-patrimoine\/75418\/\" \/>\n<meta property=\"og:site_name\" content=\"Batijournal\" \/>\n<meta property=\"article:published_time\" content=\"2010-09-14T22:00:00+00:00\" \/>\n<meta property=\"article:modified_time\" content=\"2019-07-15T09:35:51+00:00\" \/>\n<meta name=\"author\" content=\"Bati-journal\" \/>\n<meta name=\"twitter:card\" content=\"summary_large_image\" \/>\n<meta name=\"twitter:creator\" content=\"@bati_journal\" \/>\n<meta name=\"twitter:site\" content=\"@bati_journal\" \/>\n<meta name=\"twitter:label1\" content=\"\u00c9crit par\" \/>\n\t<meta name=\"twitter:data1\" content=\"Bati-journal\" \/>\n\t<meta name=\"twitter:label2\" content=\"Dur\u00e9e de lecture estim\u00e9e\" \/>\n\t<meta name=\"twitter:data2\" content=\"1 minute\" \/>\n<script type=\"application\/ld+json\" class=\"yoast-schema-graph\">{\"@context\":\"https:\\\/\\\/schema.org\",\"@graph\":[{\"@type\":\"Article\",\"@id\":\"https:\\\/\\\/batijournal.com\\\/index.php\\\/la-capeb-aux-journees-du-patrimoine\\\/75418\\\/#article\",\"isPartOf\":{\"@id\":\"https:\\\/\\\/batijournal.com\\\/index.php\\\/la-capeb-aux-journees-du-patrimoine\\\/75418\\\/\"},\"author\":{\"name\":\"Bati-journal\",\"@id\":\"https:\\\/\\\/batijournal.com\\\/#\\\/schema\\\/person\\\/6a657e8967569e1b299972574848aa76\"},\"headline\":\"La CAPEB aux Journ\u00e9es du Patrimoine\",\"datePublished\":\"2010-09-14T22:00:00+00:00\",\"dateModified\":\"2019-07-15T09:35:51+00:00\",\"mainEntityOfPage\":{\"@id\":\"https:\\\/\\\/batijournal.com\\\/index.php\\\/la-capeb-aux-journees-du-patrimoine\\\/75418\\\/\"},\"wordCount\":277,\"commentCount\":0,\"keywords\":[\"CAPEB\",\"journ\u00e9es du patrimoine\"],\"articleSection\":[\"Architecture &amp; Conception\"],\"inLanguage\":\"fr-FR\",\"potentialAction\":[{\"@type\":\"CommentAction\",\"name\":\"Comment\",\"target\":[\"https:\\\/\\\/batijournal.com\\\/index.php\\\/la-capeb-aux-journees-du-patrimoine\\\/75418\\\/#respond\"]}]},{\"@type\":\"WebPage\",\"@id\":\"https:\\\/\\\/batijournal.com\\\/index.php\\\/la-capeb-aux-journees-du-patrimoine\\\/75418\\\/\",\"url\":\"https:\\\/\\\/batijournal.com\\\/index.php\\\/la-capeb-aux-journees-du-patrimoine\\\/75418\\\/\",\"name\":\"La CAPEB aux Journ\u00e9es du Patrimoine\",\"isPartOf\":{\"@id\":\"https:\\\/\\\/batijournal.com\\\/#website\"},\"datePublished\":\"2010-09-14T22:00:00+00:00\",\"dateModified\":\"2019-07-15T09:35:51+00:00\",\"author\":{\"@id\":\"https:\\\/\\\/batijournal.com\\\/#\\\/schema\\\/person\\\/6a657e8967569e1b299972574848aa76\"},\"breadcrumb\":{\"@id\":\"https:\\\/\\\/batijournal.com\\\/index.php\\\/la-capeb-aux-journees-du-patrimoine\\\/75418\\\/#breadcrumb\"},\"inLanguage\":\"fr-FR\",\"potentialAction\":[{\"@type\":\"ReadAction\",\"target\":[\"https:\\\/\\\/batijournal.com\\\/index.php\\\/la-capeb-aux-journees-du-patrimoine\\\/75418\\\/\"]}]},{\"@type\":\"BreadcrumbList\",\"@id\":\"https:\\\/\\\/batijournal.com\\\/index.php\\\/la-capeb-aux-journees-du-patrimoine\\\/75418\\\/#breadcrumb\",\"itemListElement\":[{\"@type\":\"ListItem\",\"position\":1,\"name\":\"Accueil\",\"item\":\"https:\\\/\\\/batijournal.com\\\/\"},{\"@type\":\"ListItem\",\"position\":2,\"name\":\"Actualit\u00e9s\",\"item\":\"https:\\\/\\\/batijournal.com\\\/index.php\\\/category\\\/actualites\\\/\"},{\"@type\":\"ListItem\",\"position\":3,\"name\":\"Architecture &amp; Conception\",\"item\":\"https:\\\/\\\/batijournal.com\\\/index.php\\\/category\\\/actualites\\\/architecture-conception\\\/\"},{\"@type\":\"ListItem\",\"position\":4,\"name\":\"La CAPEB aux Journ\u00e9es du Patrimoine\"}]},{\"@type\":\"WebSite\",\"@id\":\"https:\\\/\\\/batijournal.com\\\/#website\",\"url\":\"https:\\\/\\\/batijournal.com\\\/\",\"name\":\"Batijournal\",\"description\":\"L&#039;actualit\u00e9 du b\u00e2timent\",\"potentialAction\":[{\"@type\":\"SearchAction\",\"target\":{\"@type\":\"EntryPoint\",\"urlTemplate\":\"https:\\\/\\\/batijournal.com\\\/?s={search_term_string}\"},\"query-input\":{\"@type\":\"PropertyValueSpecification\",\"valueRequired\":true,\"valueName\":\"search_term_string\"}}],\"inLanguage\":\"fr-FR\"},{\"@type\":\"Person\",\"@id\":\"https:\\\/\\\/batijournal.com\\\/#\\\/schema\\\/person\\\/6a657e8967569e1b299972574848aa76\",\"name\":\"Bati-journal\",\"image\":{\"@type\":\"ImageObject\",\"inLanguage\":\"fr-FR\",\"@id\":\"https:\\\/\\\/secure.gravatar.com\\\/avatar\\\/a64364ea26392f9b4dd47e017ddaec74ff03aefc073b49e492e847201258f777?s=96&d=mm&r=g\",\"url\":\"https:\\\/\\\/secure.gravatar.com\\\/avatar\\\/a64364ea26392f9b4dd47e017ddaec74ff03aefc073b49e492e847201258f777?s=96&d=mm&r=g\",\"contentUrl\":\"https:\\\/\\\/secure.gravatar.com\\\/avatar\\\/a64364ea26392f9b4dd47e017ddaec74ff03aefc073b49e492e847201258f777?s=96&d=mm&r=g\",\"caption\":\"Bati-journal\"},\"url\":\"https:\\\/\\\/batijournal.com\\\/index.php\\\/author\\\/elodie\\\/\"}]}<\/script>\n<!-- \/ Yoast SEO plugin. -->","yoast_head_json":{"title":"La CAPEB aux Journ\u00e9es du Patrimoine","robots":{"index":"index","follow":"follow","max-snippet":"max-snippet:-1","max-image-preview":"max-image-preview:large","max-video-preview":"max-video-preview:-1"},"canonical":"https:\/\/batijournal.com\/index.php\/la-capeb-aux-journees-du-patrimoine\/75418\/","og_locale":"fr_FR","og_type":"article","og_title":"La CAPEB aux Journ\u00e9es du Patrimoine","og_description":"Lors des Journ\u00e9es Europ\u00e9ennes du Patrimoine les 18 et 19\u00a0septembre prochains, la Conf\u00e9d\u00e9ration de l\u0092&rsquo;Artisanat et des Petites Entreprises du B\u00e2timent (CAPEB), partenaire de l&rsquo;\u0092\u00e9v\u00e9nement, organise des animations et des d\u00e9monstrations dans toute la France. C&rsquo;\u0092est l\u0092&rsquo;occasion pour les artisans du b\u00e2timent de faire d\u00e9couvrir au grand public des savoir-faire indispensables \u00e0 la pr\u00e9servation du [&hellip;]","og_url":"https:\/\/batijournal.com\/index.php\/la-capeb-aux-journees-du-patrimoine\/75418\/","og_site_name":"Batijournal","article_published_time":"2010-09-14T22:00:00+00:00","article_modified_time":"2019-07-15T09:35:51+00:00","author":"Bati-journal","twitter_card":"summary_large_image","twitter_creator":"@bati_journal","twitter_site":"@bati_journal","twitter_misc":{"\u00c9crit par":"Bati-journal","Dur\u00e9e de lecture estim\u00e9e":"1 minute"},"schema":{"@context":"https:\/\/schema.org","@graph":[{"@type":"Article","@id":"https:\/\/batijournal.com\/index.php\/la-capeb-aux-journees-du-patrimoine\/75418\/#article","isPartOf":{"@id":"https:\/\/batijournal.com\/index.php\/la-capeb-aux-journees-du-patrimoine\/75418\/"},"author":{"name":"Bati-journal","@id":"https:\/\/batijournal.com\/#\/schema\/person\/6a657e8967569e1b299972574848aa76"},"headline":"La CAPEB aux Journ\u00e9es du Patrimoine","datePublished":"2010-09-14T22:00:00+00:00","dateModified":"2019-07-15T09:35:51+00:00","mainEntityOfPage":{"@id":"https:\/\/batijournal.com\/index.php\/la-capeb-aux-journees-du-patrimoine\/75418\/"},"wordCount":277,"commentCount":0,"keywords":["CAPEB","journ\u00e9es du patrimoine"],"articleSection":["Architecture &amp; Conception"],"inLanguage":"fr-FR","potentialAction":[{"@type":"CommentAction","name":"Comment","target":["https:\/\/batijournal.com\/index.php\/la-capeb-aux-journees-du-patrimoine\/75418\/#respond"]}]},{"@type":"WebPage","@id":"https:\/\/batijournal.com\/index.php\/la-capeb-aux-journees-du-patrimoine\/75418\/","url":"https:\/\/batijournal.com\/index.php\/la-capeb-aux-journees-du-patrimoine\/75418\/","name":"La CAPEB aux Journ\u00e9es du Patrimoine","isPartOf":{"@id":"https:\/\/batijournal.com\/#website"},"datePublished":"2010-09-14T22:00:00+00:00","dateModified":"2019-07-15T09:35:51+00:00","author":{"@id":"https:\/\/batijournal.com\/#\/schema\/person\/6a657e8967569e1b299972574848aa76"},"breadcrumb":{"@id":"https:\/\/batijournal.com\/index.php\/la-capeb-aux-journees-du-patrimoine\/75418\/#breadcrumb"},"inLanguage":"fr-FR","potentialAction":[{"@type":"ReadAction","target":["https:\/\/batijournal.com\/index.php\/la-capeb-aux-journees-du-patrimoine\/75418\/"]}]},{"@type":"BreadcrumbList","@id":"https:\/\/batijournal.com\/index.php\/la-capeb-aux-journees-du-patrimoine\/75418\/#breadcrumb","itemListElement":[{"@type":"ListItem","position":1,"name":"Accueil","item":"https:\/\/batijournal.com\/"},{"@type":"ListItem","position":2,"name":"Actualit\u00e9s","item":"https:\/\/batijournal.com\/index.php\/category\/actualites\/"},{"@type":"ListItem","position":3,"name":"Architecture &amp; Conception","item":"https:\/\/batijournal.com\/index.php\/category\/actualites\/architecture-conception\/"},{"@type":"ListItem","position":4,"name":"La CAPEB aux Journ\u00e9es du Patrimoine"}]},{"@type":"WebSite","@id":"https:\/\/batijournal.com\/#website","url":"https:\/\/batijournal.com\/","name":"Batijournal","description":"L&#039;actualit\u00e9 du b\u00e2timent","potentialAction":[{"@type":"SearchAction","target":{"@type":"EntryPoint","urlTemplate":"https:\/\/batijournal.com\/?s={search_term_string}"},"query-input":{"@type":"PropertyValueSpecification","valueRequired":true,"valueName":"search_term_string"}}],"inLanguage":"fr-FR"},{"@type":"Person","@id":"https:\/\/batijournal.com\/#\/schema\/person\/6a657e8967569e1b299972574848aa76","name":"Bati-journal","image":{"@type":"ImageObject","inLanguage":"fr-FR","@id":"https:\/\/secure.gravatar.com\/avatar\/a64364ea26392f9b4dd47e017ddaec74ff03aefc073b49e492e847201258f777?s=96&d=mm&r=g","url":"https:\/\/secure.gravatar.com\/avatar\/a64364ea26392f9b4dd47e017ddaec74ff03aefc073b49e492e847201258f777?s=96&d=mm&r=g","contentUrl":"https:\/\/secure.gravatar.com\/avatar\/a64364ea26392f9b4dd47e017ddaec74ff03aefc073b49e492e847201258f777?s=96&d=mm&r=g","caption":"Bati-journal"},"url":"https:\/\/batijournal.com\/index.php\/author\/elodie\/"}]}},"_links":{"self":[{"href":"https:\/\/batijournal.com\/index.php\/wp-json\/wp\/v2\/posts\/75418","targetHints":{"allow":["GET"]}}],"collection":[{"href":"https:\/\/batijournal.com\/index.php\/wp-json\/wp\/v2\/posts"}],"about":[{"href":"https:\/\/batijournal.com\/index.php\/wp-json\/wp\/v2\/types\/post"}],"author":[{"embeddable":true,"href":"https:\/\/batijournal.com\/index.php\/wp-json\/wp\/v2\/users\/1"}],"replies":[{"embeddable":true,"href":"https:\/\/batijournal.com\/index.php\/wp-json\/wp\/v2\/comments?post=75418"}],"version-history":[{"count":0,"href":"https:\/\/batijournal.com\/index.php\/wp-json\/wp\/v2\/posts\/75418\/revisions"}],"wp:attachment":[{"href":"https:\/\/batijournal.com\/index.php\/wp-json\/wp\/v2\/media?parent=75418"}],"wp:term":[{"taxonomy":"category","embeddable":true,"href":"https:\/\/batijournal.com\/index.php\/wp-json\/wp\/v2\/categories?post=75418"},{"taxonomy":"post_tag","embeddable":true,"href":"https:\/\/batijournal.com\/index.php\/wp-json\/wp\/v2\/tags?post=75418"}],"curies":[{"name":"wp","href":"https:\/\/api.w.org\/{rel}","templated":true}]}}