{"id":75429,"date":"2010-12-08T00:00:00","date_gmt":"2010-12-07T23:00:00","guid":{"rendered":"http:\/\/b.bati-journal.com\/bertrand-pierre-galey-est-nomme-directeur-adjoint-au-directeur-general-des-patrimoines-charge-de-l%c2%92architecture\/75429"},"modified":"2019-07-15T11:35:49","modified_gmt":"2019-07-15T09:35:49","slug":"bertrand-pierre-galey-est-nomme-directeur-adjoint-au-directeur-general-des-patrimoines-charge-de-l%c2%92architecture","status":"publish","type":"post","link":"https:\/\/batijournal.com\/index.php\/bertrand-pierre-galey-est-nomme-directeur-adjoint-au-directeur-general-des-patrimoines-charge-de-l%c2%92architecture\/75429\/","title":{"rendered":"Bertrand-Pierre Galey est nomm\u00e9 directeur adjoint au directeur g\u00e9n\u00e9ral des patrimoines, charg\u00e9 de l\u0092&rsquo;architecture"},"content":{"rendered":"<p>Sur proposition du ministre de la Culture et de la Communication, le Pr\u00e9sident de la R\u00e9publique vient de nommer en conseil des ministres, Bertrand-Pierre Galey, directeur adjoint au directeur g\u00e9n\u00e9ral des patrimoines, charg\u00e9 de l\u0092&rsquo;architecture. Administrateur civil hors classe, Bertrand-Pierre Galey a commenc\u00e9 sa carri\u00e8re, en 1984, au minist\u00e8re de la culture, \u00e0 la direction des mus\u00e9es de France puis \u00e0 la direction de l&rsquo;\u0092administration g\u00e9n\u00e9rale et de l\u0092&rsquo;environnement culturel. Rapporteur au Conseil d&rsquo;Etat (1988-91), il devient D\u00e9l\u00e9gu\u00e9 du club Capitale \u00e9conomique aupr\u00e8s de la Chambre de commerce d&rsquo;industrie de Paris de 1991 \u00e0 1993. De 1993 \u00e0 1994, Bertrand-Pierre Galey rejoint le cabinet de Simone Veil alors ministre des Affaires sociales, de la Sant\u00e9 et de la Ville, puis de 1995 \u00e0 2000, celui de Fran\u00e7ois L\u00e9otard alors ministre de la D\u00e9fense. Pendant un an (1994-95), il dirige la Caisse nationale des monuments historiques et des sites devenue, en 2000, le Centre des monuments nationaux. Apr\u00e8s avoir conseill\u00e9 pendant deux ans le directeur g\u00e9n\u00e9ral adjoint de la Caisse des d\u00e9p\u00f4ts et consignations pour le tourisme et la culture, Bertrand-Pierre Galey \u00e9tait depuis 2002 directeur g\u00e9n\u00e9ral du mus\u00e9um d&rsquo;\u0092histoire naturelle. Il succ\u00e8de dans ces fonctions \u00e0 Jean Gautier, directeur, adjoint au directeur g\u00e9n\u00e9ral des patrimoines, charg\u00e9 de l\u0092&rsquo;architecture au minist\u00e8re de la Culture et de la Communication depuis 2006.<\/p>\n","protected":false},"excerpt":{"rendered":"<p>Sur proposition du ministre de la Culture et de la Communication, le Pr\u00e9sident de la R\u00e9publique vient de nommer en conseil des ministres, Bertrand-Pierre Galey, directeur adjoint au directeur g\u00e9n\u00e9ral des patrimoines, charg\u00e9 de l\u0092&rsquo;architecture. Administrateur civil hors classe, Bertrand-Pierre Galey a commenc\u00e9 sa carri\u00e8re, en 1984, au minist\u00e8re de la culture, \u00e0 la direction [&hellip;]<\/p>\n","protected":false},"author":1,"featured_media":0,"comment_status":"open","ping_status":"closed","sticky":false,"template":"","format":"standard","meta":{"_et_pb_use_builder":"","_et_pb_old_content":"","_et_gb_content_width":"","footnotes":""},"categories":[6340],"tags":[],"class_list":["post-75429","post","type-post","status-publish","format-standard","hentry","category-architecture-conception"],"yoast_head":"<!-- This site is optimized with the Yoast SEO plugin v27.4 - https:\/\/yoast.com\/product\/yoast-seo-wordpress\/ -->\n<title>Bertrand-Pierre Galey est nomm\u00e9 directeur adjoint au directeur g\u00e9n\u00e9ral des patrimoines, charg\u00e9 de l\u0092&#039;architecture<\/title>\n<meta name=\"robots\" content=\"index, follow, max-snippet:-1, max-image-preview:large, max-video-preview:-1\" \/>\n<link rel=\"canonical\" href=\"https:\/\/batijournal.com\/index.php\/bertrand-pierre-galey-est-nomme-directeur-adjoint-au-directeur-general-des-patrimoines-charge-de-l\u0092architecture\/75429\/\" \/>\n<meta property=\"og:locale\" content=\"fr_FR\" \/>\n<meta property=\"og:type\" content=\"article\" \/>\n<meta property=\"og:title\" content=\"Bertrand-Pierre Galey est nomm\u00e9 directeur adjoint au directeur g\u00e9n\u00e9ral des patrimoines, charg\u00e9 de l\u0092&#039;architecture\" \/>\n<meta property=\"og:description\" content=\"Sur proposition du ministre de la Culture et de la Communication, le Pr\u00e9sident de la R\u00e9publique vient de nommer en conseil des ministres, Bertrand-Pierre Galey, directeur adjoint au directeur g\u00e9n\u00e9ral des patrimoines, charg\u00e9 de l\u0092&rsquo;architecture. Administrateur civil hors classe, Bertrand-Pierre Galey a commenc\u00e9 sa carri\u00e8re, en 1984, au minist\u00e8re de la culture, \u00e0 la direction [&hellip;]\" \/>\n<meta property=\"og:url\" content=\"https:\/\/batijournal.com\/index.php\/bertrand-pierre-galey-est-nomme-directeur-adjoint-au-directeur-general-des-patrimoines-charge-de-l\u0092architecture\/75429\/\" \/>\n<meta property=\"og:site_name\" content=\"Batijournal\" \/>\n<meta property=\"article:published_time\" content=\"2010-12-07T23:00:00+00:00\" \/>\n<meta property=\"article:modified_time\" content=\"2019-07-15T09:35:49+00:00\" \/>\n<meta name=\"author\" content=\"Bati-journal\" \/>\n<meta name=\"twitter:card\" content=\"summary_large_image\" \/>\n<meta name=\"twitter:creator\" content=\"@bati_journal\" \/>\n<meta name=\"twitter:site\" content=\"@bati_journal\" \/>\n<meta name=\"twitter:label1\" content=\"\u00c9crit par\" \/>\n\t<meta name=\"twitter:data1\" content=\"Bati-journal\" \/>\n\t<meta name=\"twitter:label2\" content=\"Dur\u00e9e de lecture estim\u00e9e\" \/>\n\t<meta name=\"twitter:data2\" content=\"1 minute\" \/>\n<script type=\"application\/ld+json\" class=\"yoast-schema-graph\">{\"@context\":\"https:\\\/\\\/schema.org\",\"@graph\":[{\"@type\":\"Article\",\"@id\":\"https:\\\/\\\/batijournal.com\\\/index.php\\\/bertrand-pierre-galey-est-nomme-directeur-adjoint-au-directeur-general-des-patrimoines-charge-de-l%c2%92architecture\\\/75429\\\/#article\",\"isPartOf\":{\"@id\":\"https:\\\/\\\/batijournal.com\\\/index.php\\\/bertrand-pierre-galey-est-nomme-directeur-adjoint-au-directeur-general-des-patrimoines-charge-de-l%c2%92architecture\\\/75429\\\/\"},\"author\":{\"name\":\"Bati-journal\",\"@id\":\"https:\\\/\\\/batijournal.com\\\/#\\\/schema\\\/person\\\/6a657e8967569e1b299972574848aa76\"},\"headline\":\"Bertrand-Pierre Galey est nomm\u00e9 directeur adjoint au directeur g\u00e9n\u00e9ral des patrimoines, charg\u00e9 de l\u0092&rsquo;architecture\",\"datePublished\":\"2010-12-07T23:00:00+00:00\",\"dateModified\":\"2019-07-15T09:35:49+00:00\",\"mainEntityOfPage\":{\"@id\":\"https:\\\/\\\/batijournal.com\\\/index.php\\\/bertrand-pierre-galey-est-nomme-directeur-adjoint-au-directeur-general-des-patrimoines-charge-de-l%c2%92architecture\\\/75429\\\/\"},\"wordCount\":254,\"commentCount\":0,\"articleSection\":[\"Architecture &amp; Conception\"],\"inLanguage\":\"fr-FR\",\"potentialAction\":[{\"@type\":\"CommentAction\",\"name\":\"Comment\",\"target\":[\"https:\\\/\\\/batijournal.com\\\/index.php\\\/bertrand-pierre-galey-est-nomme-directeur-adjoint-au-directeur-general-des-patrimoines-charge-de-l%c2%92architecture\\\/75429\\\/#respond\"]}]},{\"@type\":\"WebPage\",\"@id\":\"https:\\\/\\\/batijournal.com\\\/index.php\\\/bertrand-pierre-galey-est-nomme-directeur-adjoint-au-directeur-general-des-patrimoines-charge-de-l%c2%92architecture\\\/75429\\\/\",\"url\":\"https:\\\/\\\/batijournal.com\\\/index.php\\\/bertrand-pierre-galey-est-nomme-directeur-adjoint-au-directeur-general-des-patrimoines-charge-de-l%c2%92architecture\\\/75429\\\/\",\"name\":\"Bertrand-Pierre Galey est nomm\u00e9 directeur adjoint au directeur g\u00e9n\u00e9ral des patrimoines, charg\u00e9 de l\u0092'architecture\",\"isPartOf\":{\"@id\":\"https:\\\/\\\/batijournal.com\\\/#website\"},\"datePublished\":\"2010-12-07T23:00:00+00:00\",\"dateModified\":\"2019-07-15T09:35:49+00:00\",\"author\":{\"@id\":\"https:\\\/\\\/batijournal.com\\\/#\\\/schema\\\/person\\\/6a657e8967569e1b299972574848aa76\"},\"breadcrumb\":{\"@id\":\"https:\\\/\\\/batijournal.com\\\/index.php\\\/bertrand-pierre-galey-est-nomme-directeur-adjoint-au-directeur-general-des-patrimoines-charge-de-l%c2%92architecture\\\/75429\\\/#breadcrumb\"},\"inLanguage\":\"fr-FR\",\"potentialAction\":[{\"@type\":\"ReadAction\",\"target\":[\"https:\\\/\\\/batijournal.com\\\/index.php\\\/bertrand-pierre-galey-est-nomme-directeur-adjoint-au-directeur-general-des-patrimoines-charge-de-l%c2%92architecture\\\/75429\\\/\"]}]},{\"@type\":\"BreadcrumbList\",\"@id\":\"https:\\\/\\\/batijournal.com\\\/index.php\\\/bertrand-pierre-galey-est-nomme-directeur-adjoint-au-directeur-general-des-patrimoines-charge-de-l%c2%92architecture\\\/75429\\\/#breadcrumb\",\"itemListElement\":[{\"@type\":\"ListItem\",\"position\":1,\"name\":\"Accueil\",\"item\":\"https:\\\/\\\/batijournal.com\\\/\"},{\"@type\":\"ListItem\",\"position\":2,\"name\":\"Actualit\u00e9s\",\"item\":\"https:\\\/\\\/batijournal.com\\\/index.php\\\/category\\\/actualites\\\/\"},{\"@type\":\"ListItem\",\"position\":3,\"name\":\"Architecture &amp; Conception\",\"item\":\"https:\\\/\\\/batijournal.com\\\/index.php\\\/category\\\/actualites\\\/architecture-conception\\\/\"},{\"@type\":\"ListItem\",\"position\":4,\"name\":\"Bertrand-Pierre Galey est nomm\u00e9 directeur adjoint au directeur g\u00e9n\u00e9ral des patrimoines, charg\u00e9 de l\u0092&rsquo;architecture\"}]},{\"@type\":\"WebSite\",\"@id\":\"https:\\\/\\\/batijournal.com\\\/#website\",\"url\":\"https:\\\/\\\/batijournal.com\\\/\",\"name\":\"Batijournal\",\"description\":\"L&#039;actualit\u00e9 du b\u00e2timent\",\"potentialAction\":[{\"@type\":\"SearchAction\",\"target\":{\"@type\":\"EntryPoint\",\"urlTemplate\":\"https:\\\/\\\/batijournal.com\\\/?s={search_term_string}\"},\"query-input\":{\"@type\":\"PropertyValueSpecification\",\"valueRequired\":true,\"valueName\":\"search_term_string\"}}],\"inLanguage\":\"fr-FR\"},{\"@type\":\"Person\",\"@id\":\"https:\\\/\\\/batijournal.com\\\/#\\\/schema\\\/person\\\/6a657e8967569e1b299972574848aa76\",\"name\":\"Bati-journal\",\"image\":{\"@type\":\"ImageObject\",\"inLanguage\":\"fr-FR\",\"@id\":\"https:\\\/\\\/secure.gravatar.com\\\/avatar\\\/a64364ea26392f9b4dd47e017ddaec74ff03aefc073b49e492e847201258f777?s=96&d=mm&r=g\",\"url\":\"https:\\\/\\\/secure.gravatar.com\\\/avatar\\\/a64364ea26392f9b4dd47e017ddaec74ff03aefc073b49e492e847201258f777?s=96&d=mm&r=g\",\"contentUrl\":\"https:\\\/\\\/secure.gravatar.com\\\/avatar\\\/a64364ea26392f9b4dd47e017ddaec74ff03aefc073b49e492e847201258f777?s=96&d=mm&r=g\",\"caption\":\"Bati-journal\"},\"url\":\"https:\\\/\\\/batijournal.com\\\/index.php\\\/author\\\/elodie\\\/\"}]}<\/script>\n<!-- \/ Yoast SEO plugin. -->","yoast_head_json":{"title":"Bertrand-Pierre Galey est nomm\u00e9 directeur adjoint au directeur g\u00e9n\u00e9ral des patrimoines, charg\u00e9 de l\u0092'architecture","robots":{"index":"index","follow":"follow","max-snippet":"max-snippet:-1","max-image-preview":"max-image-preview:large","max-video-preview":"max-video-preview:-1"},"canonical":"https:\/\/batijournal.com\/index.php\/bertrand-pierre-galey-est-nomme-directeur-adjoint-au-directeur-general-des-patrimoines-charge-de-l\u0092architecture\/75429\/","og_locale":"fr_FR","og_type":"article","og_title":"Bertrand-Pierre Galey est nomm\u00e9 directeur adjoint au directeur g\u00e9n\u00e9ral des patrimoines, charg\u00e9 de l\u0092'architecture","og_description":"Sur proposition du ministre de la Culture et de la Communication, le Pr\u00e9sident de la R\u00e9publique vient de nommer en conseil des ministres, Bertrand-Pierre Galey, directeur adjoint au directeur g\u00e9n\u00e9ral des patrimoines, charg\u00e9 de l\u0092&rsquo;architecture. Administrateur civil hors classe, Bertrand-Pierre Galey a commenc\u00e9 sa carri\u00e8re, en 1984, au minist\u00e8re de la culture, \u00e0 la direction [&hellip;]","og_url":"https:\/\/batijournal.com\/index.php\/bertrand-pierre-galey-est-nomme-directeur-adjoint-au-directeur-general-des-patrimoines-charge-de-l\u0092architecture\/75429\/","og_site_name":"Batijournal","article_published_time":"2010-12-07T23:00:00+00:00","article_modified_time":"2019-07-15T09:35:49+00:00","author":"Bati-journal","twitter_card":"summary_large_image","twitter_creator":"@bati_journal","twitter_site":"@bati_journal","twitter_misc":{"\u00c9crit par":"Bati-journal","Dur\u00e9e de lecture estim\u00e9e":"1 minute"},"schema":{"@context":"https:\/\/schema.org","@graph":[{"@type":"Article","@id":"https:\/\/batijournal.com\/index.php\/bertrand-pierre-galey-est-nomme-directeur-adjoint-au-directeur-general-des-patrimoines-charge-de-l%c2%92architecture\/75429\/#article","isPartOf":{"@id":"https:\/\/batijournal.com\/index.php\/bertrand-pierre-galey-est-nomme-directeur-adjoint-au-directeur-general-des-patrimoines-charge-de-l%c2%92architecture\/75429\/"},"author":{"name":"Bati-journal","@id":"https:\/\/batijournal.com\/#\/schema\/person\/6a657e8967569e1b299972574848aa76"},"headline":"Bertrand-Pierre Galey est nomm\u00e9 directeur adjoint au directeur g\u00e9n\u00e9ral des patrimoines, charg\u00e9 de l\u0092&rsquo;architecture","datePublished":"2010-12-07T23:00:00+00:00","dateModified":"2019-07-15T09:35:49+00:00","mainEntityOfPage":{"@id":"https:\/\/batijournal.com\/index.php\/bertrand-pierre-galey-est-nomme-directeur-adjoint-au-directeur-general-des-patrimoines-charge-de-l%c2%92architecture\/75429\/"},"wordCount":254,"commentCount":0,"articleSection":["Architecture &amp; Conception"],"inLanguage":"fr-FR","potentialAction":[{"@type":"CommentAction","name":"Comment","target":["https:\/\/batijournal.com\/index.php\/bertrand-pierre-galey-est-nomme-directeur-adjoint-au-directeur-general-des-patrimoines-charge-de-l%c2%92architecture\/75429\/#respond"]}]},{"@type":"WebPage","@id":"https:\/\/batijournal.com\/index.php\/bertrand-pierre-galey-est-nomme-directeur-adjoint-au-directeur-general-des-patrimoines-charge-de-l%c2%92architecture\/75429\/","url":"https:\/\/batijournal.com\/index.php\/bertrand-pierre-galey-est-nomme-directeur-adjoint-au-directeur-general-des-patrimoines-charge-de-l%c2%92architecture\/75429\/","name":"Bertrand-Pierre Galey est nomm\u00e9 directeur adjoint au directeur g\u00e9n\u00e9ral des patrimoines, charg\u00e9 de l\u0092'architecture","isPartOf":{"@id":"https:\/\/batijournal.com\/#website"},"datePublished":"2010-12-07T23:00:00+00:00","dateModified":"2019-07-15T09:35:49+00:00","author":{"@id":"https:\/\/batijournal.com\/#\/schema\/person\/6a657e8967569e1b299972574848aa76"},"breadcrumb":{"@id":"https:\/\/batijournal.com\/index.php\/bertrand-pierre-galey-est-nomme-directeur-adjoint-au-directeur-general-des-patrimoines-charge-de-l%c2%92architecture\/75429\/#breadcrumb"},"inLanguage":"fr-FR","potentialAction":[{"@type":"ReadAction","target":["https:\/\/batijournal.com\/index.php\/bertrand-pierre-galey-est-nomme-directeur-adjoint-au-directeur-general-des-patrimoines-charge-de-l%c2%92architecture\/75429\/"]}]},{"@type":"BreadcrumbList","@id":"https:\/\/batijournal.com\/index.php\/bertrand-pierre-galey-est-nomme-directeur-adjoint-au-directeur-general-des-patrimoines-charge-de-l%c2%92architecture\/75429\/#breadcrumb","itemListElement":[{"@type":"ListItem","position":1,"name":"Accueil","item":"https:\/\/batijournal.com\/"},{"@type":"ListItem","position":2,"name":"Actualit\u00e9s","item":"https:\/\/batijournal.com\/index.php\/category\/actualites\/"},{"@type":"ListItem","position":3,"name":"Architecture &amp; Conception","item":"https:\/\/batijournal.com\/index.php\/category\/actualites\/architecture-conception\/"},{"@type":"ListItem","position":4,"name":"Bertrand-Pierre Galey est nomm\u00e9 directeur adjoint au directeur g\u00e9n\u00e9ral des patrimoines, charg\u00e9 de l\u0092&rsquo;architecture"}]},{"@type":"WebSite","@id":"https:\/\/batijournal.com\/#website","url":"https:\/\/batijournal.com\/","name":"Batijournal","description":"L&#039;actualit\u00e9 du b\u00e2timent","potentialAction":[{"@type":"SearchAction","target":{"@type":"EntryPoint","urlTemplate":"https:\/\/batijournal.com\/?s={search_term_string}"},"query-input":{"@type":"PropertyValueSpecification","valueRequired":true,"valueName":"search_term_string"}}],"inLanguage":"fr-FR"},{"@type":"Person","@id":"https:\/\/batijournal.com\/#\/schema\/person\/6a657e8967569e1b299972574848aa76","name":"Bati-journal","image":{"@type":"ImageObject","inLanguage":"fr-FR","@id":"https:\/\/secure.gravatar.com\/avatar\/a64364ea26392f9b4dd47e017ddaec74ff03aefc073b49e492e847201258f777?s=96&d=mm&r=g","url":"https:\/\/secure.gravatar.com\/avatar\/a64364ea26392f9b4dd47e017ddaec74ff03aefc073b49e492e847201258f777?s=96&d=mm&r=g","contentUrl":"https:\/\/secure.gravatar.com\/avatar\/a64364ea26392f9b4dd47e017ddaec74ff03aefc073b49e492e847201258f777?s=96&d=mm&r=g","caption":"Bati-journal"},"url":"https:\/\/batijournal.com\/index.php\/author\/elodie\/"}]}},"_links":{"self":[{"href":"https:\/\/batijournal.com\/index.php\/wp-json\/wp\/v2\/posts\/75429","targetHints":{"allow":["GET"]}}],"collection":[{"href":"https:\/\/batijournal.com\/index.php\/wp-json\/wp\/v2\/posts"}],"about":[{"href":"https:\/\/batijournal.com\/index.php\/wp-json\/wp\/v2\/types\/post"}],"author":[{"embeddable":true,"href":"https:\/\/batijournal.com\/index.php\/wp-json\/wp\/v2\/users\/1"}],"replies":[{"embeddable":true,"href":"https:\/\/batijournal.com\/index.php\/wp-json\/wp\/v2\/comments?post=75429"}],"version-history":[{"count":0,"href":"https:\/\/batijournal.com\/index.php\/wp-json\/wp\/v2\/posts\/75429\/revisions"}],"wp:attachment":[{"href":"https:\/\/batijournal.com\/index.php\/wp-json\/wp\/v2\/media?parent=75429"}],"wp:term":[{"taxonomy":"category","embeddable":true,"href":"https:\/\/batijournal.com\/index.php\/wp-json\/wp\/v2\/categories?post=75429"},{"taxonomy":"post_tag","embeddable":true,"href":"https:\/\/batijournal.com\/index.php\/wp-json\/wp\/v2\/tags?post=75429"}],"curies":[{"name":"wp","href":"https:\/\/api.w.org\/{rel}","templated":true}]}}