{"id":75430,"date":"2010-12-15T00:00:00","date_gmt":"2010-12-14T23:00:00","guid":{"rendered":"http:\/\/b.bati-journal.com\/thierry-van-de-wyngaert-devient-president-de-lacademie-darchitecture\/75430"},"modified":"2019-07-15T11:35:49","modified_gmt":"2019-07-15T09:35:49","slug":"thierry-van-de-wyngaert-devient-president-de-lacademie-darchitecture","status":"publish","type":"post","link":"https:\/\/batijournal.com\/index.php\/thierry-van-de-wyngaert-devient-president-de-lacademie-darchitecture\/75430\/","title":{"rendered":"Thierry Van de Wyngaert devient Pr\u00e9sident de l&rsquo;Acad\u00e9mie d&rsquo;Architecture"},"content":{"rendered":"<p>L&rsquo;assembl\u00e9e g\u00e9n\u00e9rale de l&rsquo;Acad\u00e9mie d&rsquo;Architecture a \u00e9lu son nouveau pr\u00e9sident, Thierry van de Wyngaert, architecte dplg. Ancien vice pr\u00e9sident, il succ\u00e8de ainsi \u00e0 Franck Hammout\u00e8ne. L&rsquo;assembl\u00e9e g\u00e9n\u00e9rale a \u00e9galement nomm\u00e9 les nouveaux membres du bureau : Christiane Schmuckle-Mollard et Michel Seban (vice-pr\u00e9sidents), Joanna Fourquier (secr\u00e9taire g\u00e9n\u00e9ral), Herv\u00e9 Beaudoin (secr\u00e9taire adjoint), Bertrand Dubus (tr\u00e9sorier) et Paul Quintrand (conservateur archiviste). La nouvelle \u00e9quipe souhaite d\u00e9velopper l&rsquo;Acad\u00e9mie d&rsquo;Architecture comme lieu de r\u00e9flexion ouvert sur le monde et consolider la place de l&rsquo;architecture dans la soci\u00e9t\u00e9 et dans les villes, foyers durables de culture et de civilisation.<\/p>\n","protected":false},"excerpt":{"rendered":"<p>L&rsquo;assembl\u00e9e g\u00e9n\u00e9rale de l&rsquo;Acad\u00e9mie d&rsquo;Architecture a \u00e9lu son nouveau pr\u00e9sident, Thierry van de Wyngaert, architecte dplg. Ancien vice pr\u00e9sident, il succ\u00e8de ainsi \u00e0 Franck Hammout\u00e8ne. L&rsquo;assembl\u00e9e g\u00e9n\u00e9rale a \u00e9galement nomm\u00e9 les nouveaux membres du bureau : Christiane Schmuckle-Mollard et Michel Seban (vice-pr\u00e9sidents), Joanna Fourquier (secr\u00e9taire g\u00e9n\u00e9ral), Herv\u00e9 Beaudoin (secr\u00e9taire adjoint), Bertrand Dubus (tr\u00e9sorier) et Paul [&hellip;]<\/p>\n","protected":false},"author":1,"featured_media":0,"comment_status":"open","ping_status":"closed","sticky":false,"template":"","format":"standard","meta":{"_et_pb_use_builder":"","_et_pb_old_content":"","_et_gb_content_width":"","footnotes":""},"categories":[6340],"tags":[],"class_list":["post-75430","post","type-post","status-publish","format-standard","hentry","category-architecture-conception"],"yoast_head":"<!-- This site is optimized with the Yoast SEO plugin v27.4 - https:\/\/yoast.com\/product\/yoast-seo-wordpress\/ -->\n<title>Thierry Van de Wyngaert devient Pr\u00e9sident de l&#039;Acad\u00e9mie d&#039;Architecture<\/title>\n<meta name=\"robots\" content=\"index, follow, max-snippet:-1, max-image-preview:large, max-video-preview:-1\" \/>\n<link rel=\"canonical\" href=\"https:\/\/batijournal.com\/index.php\/thierry-van-de-wyngaert-devient-president-de-lacademie-darchitecture\/75430\/\" \/>\n<meta property=\"og:locale\" content=\"fr_FR\" \/>\n<meta property=\"og:type\" content=\"article\" \/>\n<meta property=\"og:title\" content=\"Thierry Van de Wyngaert devient Pr\u00e9sident de l&#039;Acad\u00e9mie d&#039;Architecture\" \/>\n<meta property=\"og:description\" content=\"L&rsquo;assembl\u00e9e g\u00e9n\u00e9rale de l&rsquo;Acad\u00e9mie d&rsquo;Architecture a \u00e9lu son nouveau pr\u00e9sident, Thierry van de Wyngaert, architecte dplg. Ancien vice pr\u00e9sident, il succ\u00e8de ainsi \u00e0 Franck Hammout\u00e8ne. L&rsquo;assembl\u00e9e g\u00e9n\u00e9rale a \u00e9galement nomm\u00e9 les nouveaux membres du bureau : Christiane Schmuckle-Mollard et Michel Seban (vice-pr\u00e9sidents), Joanna Fourquier (secr\u00e9taire g\u00e9n\u00e9ral), Herv\u00e9 Beaudoin (secr\u00e9taire adjoint), Bertrand Dubus (tr\u00e9sorier) et Paul [&hellip;]\" \/>\n<meta property=\"og:url\" content=\"https:\/\/batijournal.com\/index.php\/thierry-van-de-wyngaert-devient-president-de-lacademie-darchitecture\/75430\/\" \/>\n<meta property=\"og:site_name\" content=\"Batijournal\" \/>\n<meta property=\"article:published_time\" content=\"2010-12-14T23:00:00+00:00\" \/>\n<meta property=\"article:modified_time\" content=\"2019-07-15T09:35:49+00:00\" \/>\n<meta name=\"author\" content=\"Bati-journal\" \/>\n<meta name=\"twitter:card\" content=\"summary_large_image\" \/>\n<meta name=\"twitter:creator\" content=\"@bati_journal\" \/>\n<meta name=\"twitter:site\" content=\"@bati_journal\" \/>\n<meta name=\"twitter:label1\" content=\"\u00c9crit par\" \/>\n\t<meta name=\"twitter:data1\" content=\"Bati-journal\" \/>\n\t<meta name=\"twitter:label2\" content=\"Dur\u00e9e de lecture estim\u00e9e\" \/>\n\t<meta name=\"twitter:data2\" content=\"1 minute\" \/>\n<script type=\"application\/ld+json\" class=\"yoast-schema-graph\">{\"@context\":\"https:\\\/\\\/schema.org\",\"@graph\":[{\"@type\":\"Article\",\"@id\":\"https:\\\/\\\/batijournal.com\\\/index.php\\\/thierry-van-de-wyngaert-devient-president-de-lacademie-darchitecture\\\/75430\\\/#article\",\"isPartOf\":{\"@id\":\"https:\\\/\\\/batijournal.com\\\/index.php\\\/thierry-van-de-wyngaert-devient-president-de-lacademie-darchitecture\\\/75430\\\/\"},\"author\":{\"name\":\"Bati-journal\",\"@id\":\"https:\\\/\\\/batijournal.com\\\/#\\\/schema\\\/person\\\/6a657e8967569e1b299972574848aa76\"},\"headline\":\"Thierry Van de Wyngaert devient Pr\u00e9sident de l&rsquo;Acad\u00e9mie d&rsquo;Architecture\",\"datePublished\":\"2010-12-14T23:00:00+00:00\",\"dateModified\":\"2019-07-15T09:35:49+00:00\",\"mainEntityOfPage\":{\"@id\":\"https:\\\/\\\/batijournal.com\\\/index.php\\\/thierry-van-de-wyngaert-devient-president-de-lacademie-darchitecture\\\/75430\\\/\"},\"wordCount\":132,\"commentCount\":0,\"articleSection\":[\"Architecture &amp; Conception\"],\"inLanguage\":\"fr-FR\",\"potentialAction\":[{\"@type\":\"CommentAction\",\"name\":\"Comment\",\"target\":[\"https:\\\/\\\/batijournal.com\\\/index.php\\\/thierry-van-de-wyngaert-devient-president-de-lacademie-darchitecture\\\/75430\\\/#respond\"]}]},{\"@type\":\"WebPage\",\"@id\":\"https:\\\/\\\/batijournal.com\\\/index.php\\\/thierry-van-de-wyngaert-devient-president-de-lacademie-darchitecture\\\/75430\\\/\",\"url\":\"https:\\\/\\\/batijournal.com\\\/index.php\\\/thierry-van-de-wyngaert-devient-president-de-lacademie-darchitecture\\\/75430\\\/\",\"name\":\"Thierry Van de Wyngaert devient Pr\u00e9sident de l'Acad\u00e9mie d'Architecture\",\"isPartOf\":{\"@id\":\"https:\\\/\\\/batijournal.com\\\/#website\"},\"datePublished\":\"2010-12-14T23:00:00+00:00\",\"dateModified\":\"2019-07-15T09:35:49+00:00\",\"author\":{\"@id\":\"https:\\\/\\\/batijournal.com\\\/#\\\/schema\\\/person\\\/6a657e8967569e1b299972574848aa76\"},\"breadcrumb\":{\"@id\":\"https:\\\/\\\/batijournal.com\\\/index.php\\\/thierry-van-de-wyngaert-devient-president-de-lacademie-darchitecture\\\/75430\\\/#breadcrumb\"},\"inLanguage\":\"fr-FR\",\"potentialAction\":[{\"@type\":\"ReadAction\",\"target\":[\"https:\\\/\\\/batijournal.com\\\/index.php\\\/thierry-van-de-wyngaert-devient-president-de-lacademie-darchitecture\\\/75430\\\/\"]}]},{\"@type\":\"BreadcrumbList\",\"@id\":\"https:\\\/\\\/batijournal.com\\\/index.php\\\/thierry-van-de-wyngaert-devient-president-de-lacademie-darchitecture\\\/75430\\\/#breadcrumb\",\"itemListElement\":[{\"@type\":\"ListItem\",\"position\":1,\"name\":\"Accueil\",\"item\":\"https:\\\/\\\/batijournal.com\\\/\"},{\"@type\":\"ListItem\",\"position\":2,\"name\":\"Actualit\u00e9s\",\"item\":\"https:\\\/\\\/batijournal.com\\\/index.php\\\/category\\\/actualites\\\/\"},{\"@type\":\"ListItem\",\"position\":3,\"name\":\"Architecture &amp; Conception\",\"item\":\"https:\\\/\\\/batijournal.com\\\/index.php\\\/category\\\/actualites\\\/architecture-conception\\\/\"},{\"@type\":\"ListItem\",\"position\":4,\"name\":\"Thierry Van de Wyngaert devient Pr\u00e9sident de l&rsquo;Acad\u00e9mie d&rsquo;Architecture\"}]},{\"@type\":\"WebSite\",\"@id\":\"https:\\\/\\\/batijournal.com\\\/#website\",\"url\":\"https:\\\/\\\/batijournal.com\\\/\",\"name\":\"Batijournal\",\"description\":\"L&#039;actualit\u00e9 du b\u00e2timent\",\"potentialAction\":[{\"@type\":\"SearchAction\",\"target\":{\"@type\":\"EntryPoint\",\"urlTemplate\":\"https:\\\/\\\/batijournal.com\\\/?s={search_term_string}\"},\"query-input\":{\"@type\":\"PropertyValueSpecification\",\"valueRequired\":true,\"valueName\":\"search_term_string\"}}],\"inLanguage\":\"fr-FR\"},{\"@type\":\"Person\",\"@id\":\"https:\\\/\\\/batijournal.com\\\/#\\\/schema\\\/person\\\/6a657e8967569e1b299972574848aa76\",\"name\":\"Bati-journal\",\"image\":{\"@type\":\"ImageObject\",\"inLanguage\":\"fr-FR\",\"@id\":\"https:\\\/\\\/secure.gravatar.com\\\/avatar\\\/a64364ea26392f9b4dd47e017ddaec74ff03aefc073b49e492e847201258f777?s=96&d=mm&r=g\",\"url\":\"https:\\\/\\\/secure.gravatar.com\\\/avatar\\\/a64364ea26392f9b4dd47e017ddaec74ff03aefc073b49e492e847201258f777?s=96&d=mm&r=g\",\"contentUrl\":\"https:\\\/\\\/secure.gravatar.com\\\/avatar\\\/a64364ea26392f9b4dd47e017ddaec74ff03aefc073b49e492e847201258f777?s=96&d=mm&r=g\",\"caption\":\"Bati-journal\"},\"url\":\"https:\\\/\\\/batijournal.com\\\/index.php\\\/author\\\/elodie\\\/\"}]}<\/script>\n<!-- \/ Yoast SEO plugin. -->","yoast_head_json":{"title":"Thierry Van de Wyngaert devient Pr\u00e9sident de l'Acad\u00e9mie d'Architecture","robots":{"index":"index","follow":"follow","max-snippet":"max-snippet:-1","max-image-preview":"max-image-preview:large","max-video-preview":"max-video-preview:-1"},"canonical":"https:\/\/batijournal.com\/index.php\/thierry-van-de-wyngaert-devient-president-de-lacademie-darchitecture\/75430\/","og_locale":"fr_FR","og_type":"article","og_title":"Thierry Van de Wyngaert devient Pr\u00e9sident de l'Acad\u00e9mie d'Architecture","og_description":"L&rsquo;assembl\u00e9e g\u00e9n\u00e9rale de l&rsquo;Acad\u00e9mie d&rsquo;Architecture a \u00e9lu son nouveau pr\u00e9sident, Thierry van de Wyngaert, architecte dplg. Ancien vice pr\u00e9sident, il succ\u00e8de ainsi \u00e0 Franck Hammout\u00e8ne. L&rsquo;assembl\u00e9e g\u00e9n\u00e9rale a \u00e9galement nomm\u00e9 les nouveaux membres du bureau : Christiane Schmuckle-Mollard et Michel Seban (vice-pr\u00e9sidents), Joanna Fourquier (secr\u00e9taire g\u00e9n\u00e9ral), Herv\u00e9 Beaudoin (secr\u00e9taire adjoint), Bertrand Dubus (tr\u00e9sorier) et Paul [&hellip;]","og_url":"https:\/\/batijournal.com\/index.php\/thierry-van-de-wyngaert-devient-president-de-lacademie-darchitecture\/75430\/","og_site_name":"Batijournal","article_published_time":"2010-12-14T23:00:00+00:00","article_modified_time":"2019-07-15T09:35:49+00:00","author":"Bati-journal","twitter_card":"summary_large_image","twitter_creator":"@bati_journal","twitter_site":"@bati_journal","twitter_misc":{"\u00c9crit par":"Bati-journal","Dur\u00e9e de lecture estim\u00e9e":"1 minute"},"schema":{"@context":"https:\/\/schema.org","@graph":[{"@type":"Article","@id":"https:\/\/batijournal.com\/index.php\/thierry-van-de-wyngaert-devient-president-de-lacademie-darchitecture\/75430\/#article","isPartOf":{"@id":"https:\/\/batijournal.com\/index.php\/thierry-van-de-wyngaert-devient-president-de-lacademie-darchitecture\/75430\/"},"author":{"name":"Bati-journal","@id":"https:\/\/batijournal.com\/#\/schema\/person\/6a657e8967569e1b299972574848aa76"},"headline":"Thierry Van de Wyngaert devient Pr\u00e9sident de l&rsquo;Acad\u00e9mie d&rsquo;Architecture","datePublished":"2010-12-14T23:00:00+00:00","dateModified":"2019-07-15T09:35:49+00:00","mainEntityOfPage":{"@id":"https:\/\/batijournal.com\/index.php\/thierry-van-de-wyngaert-devient-president-de-lacademie-darchitecture\/75430\/"},"wordCount":132,"commentCount":0,"articleSection":["Architecture &amp; Conception"],"inLanguage":"fr-FR","potentialAction":[{"@type":"CommentAction","name":"Comment","target":["https:\/\/batijournal.com\/index.php\/thierry-van-de-wyngaert-devient-president-de-lacademie-darchitecture\/75430\/#respond"]}]},{"@type":"WebPage","@id":"https:\/\/batijournal.com\/index.php\/thierry-van-de-wyngaert-devient-president-de-lacademie-darchitecture\/75430\/","url":"https:\/\/batijournal.com\/index.php\/thierry-van-de-wyngaert-devient-president-de-lacademie-darchitecture\/75430\/","name":"Thierry Van de Wyngaert devient Pr\u00e9sident de l'Acad\u00e9mie d'Architecture","isPartOf":{"@id":"https:\/\/batijournal.com\/#website"},"datePublished":"2010-12-14T23:00:00+00:00","dateModified":"2019-07-15T09:35:49+00:00","author":{"@id":"https:\/\/batijournal.com\/#\/schema\/person\/6a657e8967569e1b299972574848aa76"},"breadcrumb":{"@id":"https:\/\/batijournal.com\/index.php\/thierry-van-de-wyngaert-devient-president-de-lacademie-darchitecture\/75430\/#breadcrumb"},"inLanguage":"fr-FR","potentialAction":[{"@type":"ReadAction","target":["https:\/\/batijournal.com\/index.php\/thierry-van-de-wyngaert-devient-president-de-lacademie-darchitecture\/75430\/"]}]},{"@type":"BreadcrumbList","@id":"https:\/\/batijournal.com\/index.php\/thierry-van-de-wyngaert-devient-president-de-lacademie-darchitecture\/75430\/#breadcrumb","itemListElement":[{"@type":"ListItem","position":1,"name":"Accueil","item":"https:\/\/batijournal.com\/"},{"@type":"ListItem","position":2,"name":"Actualit\u00e9s","item":"https:\/\/batijournal.com\/index.php\/category\/actualites\/"},{"@type":"ListItem","position":3,"name":"Architecture &amp; Conception","item":"https:\/\/batijournal.com\/index.php\/category\/actualites\/architecture-conception\/"},{"@type":"ListItem","position":4,"name":"Thierry Van de Wyngaert devient Pr\u00e9sident de l&rsquo;Acad\u00e9mie d&rsquo;Architecture"}]},{"@type":"WebSite","@id":"https:\/\/batijournal.com\/#website","url":"https:\/\/batijournal.com\/","name":"Batijournal","description":"L&#039;actualit\u00e9 du b\u00e2timent","potentialAction":[{"@type":"SearchAction","target":{"@type":"EntryPoint","urlTemplate":"https:\/\/batijournal.com\/?s={search_term_string}"},"query-input":{"@type":"PropertyValueSpecification","valueRequired":true,"valueName":"search_term_string"}}],"inLanguage":"fr-FR"},{"@type":"Person","@id":"https:\/\/batijournal.com\/#\/schema\/person\/6a657e8967569e1b299972574848aa76","name":"Bati-journal","image":{"@type":"ImageObject","inLanguage":"fr-FR","@id":"https:\/\/secure.gravatar.com\/avatar\/a64364ea26392f9b4dd47e017ddaec74ff03aefc073b49e492e847201258f777?s=96&d=mm&r=g","url":"https:\/\/secure.gravatar.com\/avatar\/a64364ea26392f9b4dd47e017ddaec74ff03aefc073b49e492e847201258f777?s=96&d=mm&r=g","contentUrl":"https:\/\/secure.gravatar.com\/avatar\/a64364ea26392f9b4dd47e017ddaec74ff03aefc073b49e492e847201258f777?s=96&d=mm&r=g","caption":"Bati-journal"},"url":"https:\/\/batijournal.com\/index.php\/author\/elodie\/"}]}},"_links":{"self":[{"href":"https:\/\/batijournal.com\/index.php\/wp-json\/wp\/v2\/posts\/75430","targetHints":{"allow":["GET"]}}],"collection":[{"href":"https:\/\/batijournal.com\/index.php\/wp-json\/wp\/v2\/posts"}],"about":[{"href":"https:\/\/batijournal.com\/index.php\/wp-json\/wp\/v2\/types\/post"}],"author":[{"embeddable":true,"href":"https:\/\/batijournal.com\/index.php\/wp-json\/wp\/v2\/users\/1"}],"replies":[{"embeddable":true,"href":"https:\/\/batijournal.com\/index.php\/wp-json\/wp\/v2\/comments?post=75430"}],"version-history":[{"count":0,"href":"https:\/\/batijournal.com\/index.php\/wp-json\/wp\/v2\/posts\/75430\/revisions"}],"wp:attachment":[{"href":"https:\/\/batijournal.com\/index.php\/wp-json\/wp\/v2\/media?parent=75430"}],"wp:term":[{"taxonomy":"category","embeddable":true,"href":"https:\/\/batijournal.com\/index.php\/wp-json\/wp\/v2\/categories?post=75430"},{"taxonomy":"post_tag","embeddable":true,"href":"https:\/\/batijournal.com\/index.php\/wp-json\/wp\/v2\/tags?post=75430"}],"curies":[{"name":"wp","href":"https:\/\/api.w.org\/{rel}","templated":true}]}}