{"id":75434,"date":"2011-03-21T00:00:00","date_gmt":"2011-03-20T23:00:00","guid":{"rendered":"http:\/\/b.bati-journal.com\/didier-ridoret-reste-a-la-tete-de-la-ffb\/75434"},"modified":"2019-07-15T11:35:48","modified_gmt":"2019-07-15T09:35:48","slug":"didier-ridoret-reste-a-la-tete-de-la-ffb","status":"publish","type":"post","link":"https:\/\/batijournal.com\/index.php\/didier-ridoret-reste-a-la-tete-de-la-ffb\/75434\/","title":{"rendered":"Didier Ridoret reste \u00e0 la t\u00eate de la FFB"},"content":{"rendered":"<p><span class=\"lettrine\">D<\/span>idier Ridoret, 59 ans, a \u00e9t\u00e9 r\u00e9\u00e9lu, pour un deuxi\u00e8me mandat de trois ans, \u00e0 la pr\u00e9sidence de la FFB lors du conseil d\u2019administration qui s\u2019est tenu le 18 mars 2011. Cog\u00e9rant d\u2019entreprises de menuiserie situ\u00e9es en Poitou-Charentes, le pr\u00e9sident de la FFB a l\u2019intention de poursuivre les actions pour le d\u00e9veloppement des march\u00e9s : maintenir la TVA \u00e0 taux r\u00e9duit, stimuler l\u2019offre des entreprises, relancer l\u2019accession \u00e0 la propri\u00e9t\u00e9 et les travaux immobiliers, accompagner l\u2019\u00e9volution des m\u00e9tiers&#8230; \u00ab Ensemble, nous ferons tout pour d\u00e9velopper nos march\u00e9s, d\u00e9fendre nos prix, prot\u00e9ger nos entreprises et nos salari\u00e9s, a-t-il d\u00e9clar\u00e9 \u00e0 l\u2019issue du conseil d\u2019administration. Nous serons aussi les derniers d\u00e9fenseurs du travail manuel fond\u00e9 sur des gestes ma\u00eetris\u00e9s, enrichi des technologies les plus modernes, ouvert \u00e0 l\u2019intelligence et \u00e0 l\u2019initiative. \u00bb<\/p>\n","protected":false},"excerpt":{"rendered":"<p>Didier Ridoret, 59 ans, a \u00e9t\u00e9 r\u00e9\u00e9lu, pour un deuxi\u00e8me mandat de trois ans, \u00e0 la pr\u00e9sidence de la FFB lors du conseil d\u2019administration qui s\u2019est tenu le 18 mars 2011. Cog\u00e9rant d\u2019entreprises de menuiserie situ\u00e9es en Poitou-Charentes, le pr\u00e9sident de la FFB a l\u2019intention de poursuivre les actions pour le d\u00e9veloppement des march\u00e9s : [&hellip;]<\/p>\n","protected":false},"author":1,"featured_media":75435,"comment_status":"open","ping_status":"closed","sticky":false,"template":"","format":"standard","meta":{"_et_pb_use_builder":"","_et_pb_old_content":"","_et_gb_content_width":"","footnotes":""},"categories":[6340],"tags":[373],"class_list":["post-75434","post","type-post","status-publish","format-standard","has-post-thumbnail","hentry","category-architecture-conception","tag-ffb"],"yoast_head":"<!-- This site is optimized with the Yoast SEO plugin v27.4 - https:\/\/yoast.com\/product\/yoast-seo-wordpress\/ -->\n<title>Didier Ridoret reste \u00e0 la t\u00eate de la FFB<\/title>\n<meta name=\"robots\" content=\"index, follow, max-snippet:-1, max-image-preview:large, max-video-preview:-1\" \/>\n<link rel=\"canonical\" href=\"https:\/\/batijournal.com\/index.php\/didier-ridoret-reste-a-la-tete-de-la-ffb\/75434\/\" \/>\n<meta property=\"og:locale\" content=\"fr_FR\" \/>\n<meta property=\"og:type\" content=\"article\" \/>\n<meta property=\"og:title\" content=\"Didier Ridoret reste \u00e0 la t\u00eate de la FFB\" \/>\n<meta property=\"og:description\" content=\"Didier Ridoret, 59 ans, a \u00e9t\u00e9 r\u00e9\u00e9lu, pour un deuxi\u00e8me mandat de trois ans, \u00e0 la pr\u00e9sidence de la FFB lors du conseil d\u2019administration qui s\u2019est tenu le 18 mars 2011. Cog\u00e9rant d\u2019entreprises de menuiserie situ\u00e9es en Poitou-Charentes, le pr\u00e9sident de la FFB a l\u2019intention de poursuivre les actions pour le d\u00e9veloppement des march\u00e9s : [&hellip;]\" \/>\n<meta property=\"og:url\" content=\"https:\/\/batijournal.com\/index.php\/didier-ridoret-reste-a-la-tete-de-la-ffb\/75434\/\" \/>\n<meta property=\"og:site_name\" content=\"Batijournal\" \/>\n<meta property=\"article:published_time\" content=\"2011-03-20T23:00:00+00:00\" \/>\n<meta property=\"article:modified_time\" content=\"2019-07-15T09:35:48+00:00\" \/>\n<meta property=\"og:image\" content=\"https:\/\/batijournal.com\/wp-content\/uploads\/2015\/03\/21870604.jpg\" \/>\n\t<meta property=\"og:image:width\" content=\"399\" \/>\n\t<meta property=\"og:image:height\" content=\"599\" \/>\n\t<meta property=\"og:image:type\" content=\"image\/jpeg\" \/>\n<meta name=\"author\" content=\"Bati-journal\" \/>\n<meta name=\"twitter:card\" content=\"summary_large_image\" \/>\n<meta name=\"twitter:creator\" content=\"@bati_journal\" \/>\n<meta name=\"twitter:site\" content=\"@bati_journal\" \/>\n<meta name=\"twitter:label1\" content=\"\u00c9crit par\" \/>\n\t<meta name=\"twitter:data1\" content=\"Bati-journal\" \/>\n\t<meta name=\"twitter:label2\" content=\"Dur\u00e9e de lecture estim\u00e9e\" \/>\n\t<meta name=\"twitter:data2\" content=\"1 minute\" \/>\n<script type=\"application\/ld+json\" class=\"yoast-schema-graph\">{\"@context\":\"https:\\\/\\\/schema.org\",\"@graph\":[{\"@type\":\"Article\",\"@id\":\"https:\\\/\\\/batijournal.com\\\/index.php\\\/didier-ridoret-reste-a-la-tete-de-la-ffb\\\/75434\\\/#article\",\"isPartOf\":{\"@id\":\"https:\\\/\\\/batijournal.com\\\/index.php\\\/didier-ridoret-reste-a-la-tete-de-la-ffb\\\/75434\\\/\"},\"author\":{\"name\":\"Bati-journal\",\"@id\":\"https:\\\/\\\/batijournal.com\\\/#\\\/schema\\\/person\\\/6a657e8967569e1b299972574848aa76\"},\"headline\":\"Didier Ridoret reste \u00e0 la t\u00eate de la FFB\",\"datePublished\":\"2011-03-20T23:00:00+00:00\",\"dateModified\":\"2019-07-15T09:35:48+00:00\",\"mainEntityOfPage\":{\"@id\":\"https:\\\/\\\/batijournal.com\\\/index.php\\\/didier-ridoret-reste-a-la-tete-de-la-ffb\\\/75434\\\/\"},\"wordCount\":158,\"commentCount\":0,\"image\":{\"@id\":\"https:\\\/\\\/batijournal.com\\\/index.php\\\/didier-ridoret-reste-a-la-tete-de-la-ffb\\\/75434\\\/#primaryimage\"},\"thumbnailUrl\":\"https:\\\/\\\/batijournal.com\\\/wp-content\\\/uploads\\\/2015\\\/03\\\/21870604.jpg\",\"keywords\":[\"ffb\"],\"articleSection\":[\"Architecture &amp; Conception\"],\"inLanguage\":\"fr-FR\",\"potentialAction\":[{\"@type\":\"CommentAction\",\"name\":\"Comment\",\"target\":[\"https:\\\/\\\/batijournal.com\\\/index.php\\\/didier-ridoret-reste-a-la-tete-de-la-ffb\\\/75434\\\/#respond\"]}]},{\"@type\":\"WebPage\",\"@id\":\"https:\\\/\\\/batijournal.com\\\/index.php\\\/didier-ridoret-reste-a-la-tete-de-la-ffb\\\/75434\\\/\",\"url\":\"https:\\\/\\\/batijournal.com\\\/index.php\\\/didier-ridoret-reste-a-la-tete-de-la-ffb\\\/75434\\\/\",\"name\":\"Didier Ridoret reste \u00e0 la t\u00eate de la FFB\",\"isPartOf\":{\"@id\":\"https:\\\/\\\/batijournal.com\\\/#website\"},\"primaryImageOfPage\":{\"@id\":\"https:\\\/\\\/batijournal.com\\\/index.php\\\/didier-ridoret-reste-a-la-tete-de-la-ffb\\\/75434\\\/#primaryimage\"},\"image\":{\"@id\":\"https:\\\/\\\/batijournal.com\\\/index.php\\\/didier-ridoret-reste-a-la-tete-de-la-ffb\\\/75434\\\/#primaryimage\"},\"thumbnailUrl\":\"https:\\\/\\\/batijournal.com\\\/wp-content\\\/uploads\\\/2015\\\/03\\\/21870604.jpg\",\"datePublished\":\"2011-03-20T23:00:00+00:00\",\"dateModified\":\"2019-07-15T09:35:48+00:00\",\"author\":{\"@id\":\"https:\\\/\\\/batijournal.com\\\/#\\\/schema\\\/person\\\/6a657e8967569e1b299972574848aa76\"},\"breadcrumb\":{\"@id\":\"https:\\\/\\\/batijournal.com\\\/index.php\\\/didier-ridoret-reste-a-la-tete-de-la-ffb\\\/75434\\\/#breadcrumb\"},\"inLanguage\":\"fr-FR\",\"potentialAction\":[{\"@type\":\"ReadAction\",\"target\":[\"https:\\\/\\\/batijournal.com\\\/index.php\\\/didier-ridoret-reste-a-la-tete-de-la-ffb\\\/75434\\\/\"]}]},{\"@type\":\"ImageObject\",\"inLanguage\":\"fr-FR\",\"@id\":\"https:\\\/\\\/batijournal.com\\\/index.php\\\/didier-ridoret-reste-a-la-tete-de-la-ffb\\\/75434\\\/#primaryimage\",\"url\":\"https:\\\/\\\/batijournal.com\\\/wp-content\\\/uploads\\\/2015\\\/03\\\/21870604.jpg\",\"contentUrl\":\"https:\\\/\\\/batijournal.com\\\/wp-content\\\/uploads\\\/2015\\\/03\\\/21870604.jpg\",\"width\":399,\"height\":599},{\"@type\":\"BreadcrumbList\",\"@id\":\"https:\\\/\\\/batijournal.com\\\/index.php\\\/didier-ridoret-reste-a-la-tete-de-la-ffb\\\/75434\\\/#breadcrumb\",\"itemListElement\":[{\"@type\":\"ListItem\",\"position\":1,\"name\":\"Accueil\",\"item\":\"https:\\\/\\\/batijournal.com\\\/\"},{\"@type\":\"ListItem\",\"position\":2,\"name\":\"Actualit\u00e9s\",\"item\":\"https:\\\/\\\/batijournal.com\\\/index.php\\\/category\\\/actualites\\\/\"},{\"@type\":\"ListItem\",\"position\":3,\"name\":\"Architecture &amp; Conception\",\"item\":\"https:\\\/\\\/batijournal.com\\\/index.php\\\/category\\\/actualites\\\/architecture-conception\\\/\"},{\"@type\":\"ListItem\",\"position\":4,\"name\":\"Didier Ridoret reste \u00e0 la t\u00eate de la FFB\"}]},{\"@type\":\"WebSite\",\"@id\":\"https:\\\/\\\/batijournal.com\\\/#website\",\"url\":\"https:\\\/\\\/batijournal.com\\\/\",\"name\":\"Batijournal\",\"description\":\"L&#039;actualit\u00e9 du b\u00e2timent\",\"potentialAction\":[{\"@type\":\"SearchAction\",\"target\":{\"@type\":\"EntryPoint\",\"urlTemplate\":\"https:\\\/\\\/batijournal.com\\\/?s={search_term_string}\"},\"query-input\":{\"@type\":\"PropertyValueSpecification\",\"valueRequired\":true,\"valueName\":\"search_term_string\"}}],\"inLanguage\":\"fr-FR\"},{\"@type\":\"Person\",\"@id\":\"https:\\\/\\\/batijournal.com\\\/#\\\/schema\\\/person\\\/6a657e8967569e1b299972574848aa76\",\"name\":\"Bati-journal\",\"image\":{\"@type\":\"ImageObject\",\"inLanguage\":\"fr-FR\",\"@id\":\"https:\\\/\\\/secure.gravatar.com\\\/avatar\\\/a64364ea26392f9b4dd47e017ddaec74ff03aefc073b49e492e847201258f777?s=96&d=mm&r=g\",\"url\":\"https:\\\/\\\/secure.gravatar.com\\\/avatar\\\/a64364ea26392f9b4dd47e017ddaec74ff03aefc073b49e492e847201258f777?s=96&d=mm&r=g\",\"contentUrl\":\"https:\\\/\\\/secure.gravatar.com\\\/avatar\\\/a64364ea26392f9b4dd47e017ddaec74ff03aefc073b49e492e847201258f777?s=96&d=mm&r=g\",\"caption\":\"Bati-journal\"},\"url\":\"https:\\\/\\\/batijournal.com\\\/index.php\\\/author\\\/elodie\\\/\"}]}<\/script>\n<!-- \/ Yoast SEO plugin. -->","yoast_head_json":{"title":"Didier Ridoret reste \u00e0 la t\u00eate de la FFB","robots":{"index":"index","follow":"follow","max-snippet":"max-snippet:-1","max-image-preview":"max-image-preview:large","max-video-preview":"max-video-preview:-1"},"canonical":"https:\/\/batijournal.com\/index.php\/didier-ridoret-reste-a-la-tete-de-la-ffb\/75434\/","og_locale":"fr_FR","og_type":"article","og_title":"Didier Ridoret reste \u00e0 la t\u00eate de la FFB","og_description":"Didier Ridoret, 59 ans, a \u00e9t\u00e9 r\u00e9\u00e9lu, pour un deuxi\u00e8me mandat de trois ans, \u00e0 la pr\u00e9sidence de la FFB lors du conseil d\u2019administration qui s\u2019est tenu le 18 mars 2011. Cog\u00e9rant d\u2019entreprises de menuiserie situ\u00e9es en Poitou-Charentes, le pr\u00e9sident de la FFB a l\u2019intention de poursuivre les actions pour le d\u00e9veloppement des march\u00e9s : [&hellip;]","og_url":"https:\/\/batijournal.com\/index.php\/didier-ridoret-reste-a-la-tete-de-la-ffb\/75434\/","og_site_name":"Batijournal","article_published_time":"2011-03-20T23:00:00+00:00","article_modified_time":"2019-07-15T09:35:48+00:00","og_image":[{"width":399,"height":599,"url":"https:\/\/batijournal.com\/wp-content\/uploads\/2015\/03\/21870604.jpg","type":"image\/jpeg"}],"author":"Bati-journal","twitter_card":"summary_large_image","twitter_creator":"@bati_journal","twitter_site":"@bati_journal","twitter_misc":{"\u00c9crit par":"Bati-journal","Dur\u00e9e de lecture estim\u00e9e":"1 minute"},"schema":{"@context":"https:\/\/schema.org","@graph":[{"@type":"Article","@id":"https:\/\/batijournal.com\/index.php\/didier-ridoret-reste-a-la-tete-de-la-ffb\/75434\/#article","isPartOf":{"@id":"https:\/\/batijournal.com\/index.php\/didier-ridoret-reste-a-la-tete-de-la-ffb\/75434\/"},"author":{"name":"Bati-journal","@id":"https:\/\/batijournal.com\/#\/schema\/person\/6a657e8967569e1b299972574848aa76"},"headline":"Didier Ridoret reste \u00e0 la t\u00eate de la FFB","datePublished":"2011-03-20T23:00:00+00:00","dateModified":"2019-07-15T09:35:48+00:00","mainEntityOfPage":{"@id":"https:\/\/batijournal.com\/index.php\/didier-ridoret-reste-a-la-tete-de-la-ffb\/75434\/"},"wordCount":158,"commentCount":0,"image":{"@id":"https:\/\/batijournal.com\/index.php\/didier-ridoret-reste-a-la-tete-de-la-ffb\/75434\/#primaryimage"},"thumbnailUrl":"https:\/\/batijournal.com\/wp-content\/uploads\/2015\/03\/21870604.jpg","keywords":["ffb"],"articleSection":["Architecture &amp; Conception"],"inLanguage":"fr-FR","potentialAction":[{"@type":"CommentAction","name":"Comment","target":["https:\/\/batijournal.com\/index.php\/didier-ridoret-reste-a-la-tete-de-la-ffb\/75434\/#respond"]}]},{"@type":"WebPage","@id":"https:\/\/batijournal.com\/index.php\/didier-ridoret-reste-a-la-tete-de-la-ffb\/75434\/","url":"https:\/\/batijournal.com\/index.php\/didier-ridoret-reste-a-la-tete-de-la-ffb\/75434\/","name":"Didier Ridoret reste \u00e0 la t\u00eate de la FFB","isPartOf":{"@id":"https:\/\/batijournal.com\/#website"},"primaryImageOfPage":{"@id":"https:\/\/batijournal.com\/index.php\/didier-ridoret-reste-a-la-tete-de-la-ffb\/75434\/#primaryimage"},"image":{"@id":"https:\/\/batijournal.com\/index.php\/didier-ridoret-reste-a-la-tete-de-la-ffb\/75434\/#primaryimage"},"thumbnailUrl":"https:\/\/batijournal.com\/wp-content\/uploads\/2015\/03\/21870604.jpg","datePublished":"2011-03-20T23:00:00+00:00","dateModified":"2019-07-15T09:35:48+00:00","author":{"@id":"https:\/\/batijournal.com\/#\/schema\/person\/6a657e8967569e1b299972574848aa76"},"breadcrumb":{"@id":"https:\/\/batijournal.com\/index.php\/didier-ridoret-reste-a-la-tete-de-la-ffb\/75434\/#breadcrumb"},"inLanguage":"fr-FR","potentialAction":[{"@type":"ReadAction","target":["https:\/\/batijournal.com\/index.php\/didier-ridoret-reste-a-la-tete-de-la-ffb\/75434\/"]}]},{"@type":"ImageObject","inLanguage":"fr-FR","@id":"https:\/\/batijournal.com\/index.php\/didier-ridoret-reste-a-la-tete-de-la-ffb\/75434\/#primaryimage","url":"https:\/\/batijournal.com\/wp-content\/uploads\/2015\/03\/21870604.jpg","contentUrl":"https:\/\/batijournal.com\/wp-content\/uploads\/2015\/03\/21870604.jpg","width":399,"height":599},{"@type":"BreadcrumbList","@id":"https:\/\/batijournal.com\/index.php\/didier-ridoret-reste-a-la-tete-de-la-ffb\/75434\/#breadcrumb","itemListElement":[{"@type":"ListItem","position":1,"name":"Accueil","item":"https:\/\/batijournal.com\/"},{"@type":"ListItem","position":2,"name":"Actualit\u00e9s","item":"https:\/\/batijournal.com\/index.php\/category\/actualites\/"},{"@type":"ListItem","position":3,"name":"Architecture &amp; Conception","item":"https:\/\/batijournal.com\/index.php\/category\/actualites\/architecture-conception\/"},{"@type":"ListItem","position":4,"name":"Didier Ridoret reste \u00e0 la t\u00eate de la FFB"}]},{"@type":"WebSite","@id":"https:\/\/batijournal.com\/#website","url":"https:\/\/batijournal.com\/","name":"Batijournal","description":"L&#039;actualit\u00e9 du b\u00e2timent","potentialAction":[{"@type":"SearchAction","target":{"@type":"EntryPoint","urlTemplate":"https:\/\/batijournal.com\/?s={search_term_string}"},"query-input":{"@type":"PropertyValueSpecification","valueRequired":true,"valueName":"search_term_string"}}],"inLanguage":"fr-FR"},{"@type":"Person","@id":"https:\/\/batijournal.com\/#\/schema\/person\/6a657e8967569e1b299972574848aa76","name":"Bati-journal","image":{"@type":"ImageObject","inLanguage":"fr-FR","@id":"https:\/\/secure.gravatar.com\/avatar\/a64364ea26392f9b4dd47e017ddaec74ff03aefc073b49e492e847201258f777?s=96&d=mm&r=g","url":"https:\/\/secure.gravatar.com\/avatar\/a64364ea26392f9b4dd47e017ddaec74ff03aefc073b49e492e847201258f777?s=96&d=mm&r=g","contentUrl":"https:\/\/secure.gravatar.com\/avatar\/a64364ea26392f9b4dd47e017ddaec74ff03aefc073b49e492e847201258f777?s=96&d=mm&r=g","caption":"Bati-journal"},"url":"https:\/\/batijournal.com\/index.php\/author\/elodie\/"}]}},"_links":{"self":[{"href":"https:\/\/batijournal.com\/index.php\/wp-json\/wp\/v2\/posts\/75434","targetHints":{"allow":["GET"]}}],"collection":[{"href":"https:\/\/batijournal.com\/index.php\/wp-json\/wp\/v2\/posts"}],"about":[{"href":"https:\/\/batijournal.com\/index.php\/wp-json\/wp\/v2\/types\/post"}],"author":[{"embeddable":true,"href":"https:\/\/batijournal.com\/index.php\/wp-json\/wp\/v2\/users\/1"}],"replies":[{"embeddable":true,"href":"https:\/\/batijournal.com\/index.php\/wp-json\/wp\/v2\/comments?post=75434"}],"version-history":[{"count":0,"href":"https:\/\/batijournal.com\/index.php\/wp-json\/wp\/v2\/posts\/75434\/revisions"}],"wp:featuredmedia":[{"embeddable":true,"href":"https:\/\/batijournal.com\/index.php\/wp-json\/wp\/v2\/media\/75435"}],"wp:attachment":[{"href":"https:\/\/batijournal.com\/index.php\/wp-json\/wp\/v2\/media?parent=75434"}],"wp:term":[{"taxonomy":"category","embeddable":true,"href":"https:\/\/batijournal.com\/index.php\/wp-json\/wp\/v2\/categories?post=75434"},{"taxonomy":"post_tag","embeddable":true,"href":"https:\/\/batijournal.com\/index.php\/wp-json\/wp\/v2\/tags?post=75434"}],"curies":[{"name":"wp","href":"https:\/\/api.w.org\/{rel}","templated":true}]}}