{"id":75444,"date":"2011-04-20T13:56:38","date_gmt":"2011-04-20T11:56:38","guid":{"rendered":"http:\/\/b.bati-journal.com\/grande-campagne-de-promotion-de-la-foret-et-du-bois\/75444"},"modified":"2019-07-15T11:35:48","modified_gmt":"2019-07-15T09:35:48","slug":"grande-campagne-de-promotion-de-la-foret-et-du-bois","status":"publish","type":"post","link":"https:\/\/batijournal.com\/index.php\/grande-campagne-de-promotion-de-la-foret-et-du-bois\/75444\/","title":{"rendered":"Grande campagne de promotion de la for\u00eat et du bois"},"content":{"rendered":"<p>Dans le cadre de l\u2019Ann\u00e9e internationale des for\u00eats, proclam\u00e9e par l\u2019ONU, et dans la continuit\u00e9 des actions de promotion de la for\u00eat et du bois, France Bois For\u00eat lance une campagne de communication en partenariat avec le minist\u00e8re de l\u2019Agriculture, de l\u2019Alimentation, de la P\u00eache, de la Ruralit\u00e9 et de l\u2019Am\u00e9nagement du territoire. Celle-ci, avec le slogan \u00ab Merci la for\u00eat ! \u00bb, a pour objectif de faire mieux conna\u00eetre l\u2019importance de la for\u00eat pour l\u2019\u00e9quilibre de notre plan\u00e8te, de valoriser l\u2019ensemble des m\u00e9tiers de la fili\u00e8re fran\u00e7aise for\u00eat-bois et d&rsquo;encourager l\u2019utilisation de ce mat\u00e9riau renouvelable, \u00e0 partir de for\u00eats g\u00e9r\u00e9es durablement. A la t\u00e9l\u00e9vision, huit professionnels de la fili\u00e8re for\u00eat-bois partagent leur passion pour le bois avec les t\u00e9l\u00e9spectateurs \u00e0 travers huit spots de 30 secondes, diffus\u00e9s plus de 1 800 fois sur les cha\u00eenes de France T\u00e9l\u00e9vision, \u00e0 partir du 25 avril \u00e0 19 h 50 sur France 2. Dans 753 gares, pr\u00e8s de 3 000 affiches d\u00e9velopperont les avantages du bois sur le th\u00e8me \u00ab Le bois, source de\u2026 bien-\u00eatre, avenir, cr\u00e9ativit\u00e9, chaleur, vie&#8230; \u00bb. Une bo\u00eete \u00e0 outils destin\u00e9e \u00e0 permettre aux entreprises de communiquer avec leurs clients comporte une brochure argumentaire de 16 pages, quatre affiches de la campagne d\u2019affichage en gares et une s\u00e9rie de 9 affiches th\u00e9matiques, des banni\u00e8res Web afin de relayer la campagne sur Internet, une charte graphique pour d\u00e9finir l\u2019utilisation du logo, etc. L\u2019ensemble de la fili\u00e8re for\u00eat-bois sera r\u00e9uni sous le Pavillon Bois lors du Salon des maires et des collectivit\u00e9s locales 2011, du 22 au 24 novembre, afin de pouvoir communiquer largement aupr\u00e8s des \u00e9lus.<\/p>\n","protected":false},"excerpt":{"rendered":"<p>Dans le cadre de l\u2019Ann\u00e9e internationale des for\u00eats, proclam\u00e9e par l\u2019ONU, et dans la continuit\u00e9 des actions de promotion de la for\u00eat et du bois, France Bois For\u00eat lance une campagne de communication en partenariat avec le minist\u00e8re de l\u2019Agriculture, de l\u2019Alimentation, de la P\u00eache, de la Ruralit\u00e9 et de l\u2019Am\u00e9nagement du territoire. Celle-ci, avec [&hellip;]<\/p>\n","protected":false},"author":1,"featured_media":75445,"comment_status":"open","ping_status":"closed","sticky":false,"template":"","format":"standard","meta":{"_et_pb_use_builder":"","_et_pb_old_content":"","_et_gb_content_width":"","footnotes":""},"categories":[6340],"tags":[3290,1679,3135],"class_list":["post-75444","post","type-post","status-publish","format-standard","has-post-thumbnail","hentry","category-architecture-conception","tag-campagne","tag-france-bois-foret","tag-promotion"],"yoast_head":"<!-- This site is optimized with the Yoast SEO plugin v27.4 - https:\/\/yoast.com\/product\/yoast-seo-wordpress\/ -->\n<title>Grande campagne de promotion de la for\u00eat et du bois<\/title>\n<meta name=\"robots\" content=\"index, follow, max-snippet:-1, max-image-preview:large, max-video-preview:-1\" \/>\n<link rel=\"canonical\" href=\"https:\/\/batijournal.com\/index.php\/grande-campagne-de-promotion-de-la-foret-et-du-bois\/75444\/\" \/>\n<meta property=\"og:locale\" content=\"fr_FR\" \/>\n<meta property=\"og:type\" content=\"article\" \/>\n<meta property=\"og:title\" content=\"Grande campagne de promotion de la for\u00eat et du bois\" \/>\n<meta property=\"og:description\" content=\"Dans le cadre de l\u2019Ann\u00e9e internationale des for\u00eats, proclam\u00e9e par l\u2019ONU, et dans la continuit\u00e9 des actions de promotion de la for\u00eat et du bois, France Bois For\u00eat lance une campagne de communication en partenariat avec le minist\u00e8re de l\u2019Agriculture, de l\u2019Alimentation, de la P\u00eache, de la Ruralit\u00e9 et de l\u2019Am\u00e9nagement du territoire. Celle-ci, avec [&hellip;]\" \/>\n<meta property=\"og:url\" content=\"https:\/\/batijournal.com\/index.php\/grande-campagne-de-promotion-de-la-foret-et-du-bois\/75444\/\" \/>\n<meta property=\"og:site_name\" content=\"Batijournal\" \/>\n<meta property=\"article:published_time\" content=\"2011-04-20T11:56:38+00:00\" \/>\n<meta property=\"article:modified_time\" content=\"2019-07-15T09:35:48+00:00\" \/>\n<meta property=\"og:image\" content=\"https:\/\/batijournal.com\/wp-content\/uploads\/2015\/03\/23123854.jpg\" \/>\n\t<meta property=\"og:image:width\" content=\"600\" \/>\n\t<meta property=\"og:image:height\" content=\"211\" \/>\n\t<meta property=\"og:image:type\" content=\"image\/jpeg\" \/>\n<meta name=\"author\" content=\"Bati-journal\" \/>\n<meta name=\"twitter:card\" content=\"summary_large_image\" \/>\n<meta name=\"twitter:creator\" content=\"@bati_journal\" \/>\n<meta name=\"twitter:site\" content=\"@bati_journal\" \/>\n<meta name=\"twitter:label1\" content=\"\u00c9crit par\" \/>\n\t<meta name=\"twitter:data1\" content=\"Bati-journal\" \/>\n\t<meta name=\"twitter:label2\" content=\"Dur\u00e9e de lecture estim\u00e9e\" \/>\n\t<meta name=\"twitter:data2\" content=\"1 minute\" \/>\n<script type=\"application\/ld+json\" class=\"yoast-schema-graph\">{\"@context\":\"https:\\\/\\\/schema.org\",\"@graph\":[{\"@type\":\"Article\",\"@id\":\"https:\\\/\\\/batijournal.com\\\/index.php\\\/grande-campagne-de-promotion-de-la-foret-et-du-bois\\\/75444\\\/#article\",\"isPartOf\":{\"@id\":\"https:\\\/\\\/batijournal.com\\\/index.php\\\/grande-campagne-de-promotion-de-la-foret-et-du-bois\\\/75444\\\/\"},\"author\":{\"name\":\"Bati-journal\",\"@id\":\"https:\\\/\\\/batijournal.com\\\/#\\\/schema\\\/person\\\/6a657e8967569e1b299972574848aa76\"},\"headline\":\"Grande campagne de promotion de la for\u00eat et du bois\",\"datePublished\":\"2011-04-20T11:56:38+00:00\",\"dateModified\":\"2019-07-15T09:35:48+00:00\",\"mainEntityOfPage\":{\"@id\":\"https:\\\/\\\/batijournal.com\\\/index.php\\\/grande-campagne-de-promotion-de-la-foret-et-du-bois\\\/75444\\\/\"},\"wordCount\":311,\"commentCount\":0,\"image\":{\"@id\":\"https:\\\/\\\/batijournal.com\\\/index.php\\\/grande-campagne-de-promotion-de-la-foret-et-du-bois\\\/75444\\\/#primaryimage\"},\"thumbnailUrl\":\"https:\\\/\\\/batijournal.com\\\/wp-content\\\/uploads\\\/2015\\\/03\\\/23123854.jpg\",\"keywords\":[\"campagne\",\"france bois foret\",\"promotion\"],\"articleSection\":[\"Architecture &amp; Conception\"],\"inLanguage\":\"fr-FR\",\"potentialAction\":[{\"@type\":\"CommentAction\",\"name\":\"Comment\",\"target\":[\"https:\\\/\\\/batijournal.com\\\/index.php\\\/grande-campagne-de-promotion-de-la-foret-et-du-bois\\\/75444\\\/#respond\"]}]},{\"@type\":\"WebPage\",\"@id\":\"https:\\\/\\\/batijournal.com\\\/index.php\\\/grande-campagne-de-promotion-de-la-foret-et-du-bois\\\/75444\\\/\",\"url\":\"https:\\\/\\\/batijournal.com\\\/index.php\\\/grande-campagne-de-promotion-de-la-foret-et-du-bois\\\/75444\\\/\",\"name\":\"Grande campagne de promotion de la for\u00eat et du bois\",\"isPartOf\":{\"@id\":\"https:\\\/\\\/batijournal.com\\\/#website\"},\"primaryImageOfPage\":{\"@id\":\"https:\\\/\\\/batijournal.com\\\/index.php\\\/grande-campagne-de-promotion-de-la-foret-et-du-bois\\\/75444\\\/#primaryimage\"},\"image\":{\"@id\":\"https:\\\/\\\/batijournal.com\\\/index.php\\\/grande-campagne-de-promotion-de-la-foret-et-du-bois\\\/75444\\\/#primaryimage\"},\"thumbnailUrl\":\"https:\\\/\\\/batijournal.com\\\/wp-content\\\/uploads\\\/2015\\\/03\\\/23123854.jpg\",\"datePublished\":\"2011-04-20T11:56:38+00:00\",\"dateModified\":\"2019-07-15T09:35:48+00:00\",\"author\":{\"@id\":\"https:\\\/\\\/batijournal.com\\\/#\\\/schema\\\/person\\\/6a657e8967569e1b299972574848aa76\"},\"breadcrumb\":{\"@id\":\"https:\\\/\\\/batijournal.com\\\/index.php\\\/grande-campagne-de-promotion-de-la-foret-et-du-bois\\\/75444\\\/#breadcrumb\"},\"inLanguage\":\"fr-FR\",\"potentialAction\":[{\"@type\":\"ReadAction\",\"target\":[\"https:\\\/\\\/batijournal.com\\\/index.php\\\/grande-campagne-de-promotion-de-la-foret-et-du-bois\\\/75444\\\/\"]}]},{\"@type\":\"ImageObject\",\"inLanguage\":\"fr-FR\",\"@id\":\"https:\\\/\\\/batijournal.com\\\/index.php\\\/grande-campagne-de-promotion-de-la-foret-et-du-bois\\\/75444\\\/#primaryimage\",\"url\":\"https:\\\/\\\/batijournal.com\\\/wp-content\\\/uploads\\\/2015\\\/03\\\/23123854.jpg\",\"contentUrl\":\"https:\\\/\\\/batijournal.com\\\/wp-content\\\/uploads\\\/2015\\\/03\\\/23123854.jpg\",\"width\":600,\"height\":211},{\"@type\":\"BreadcrumbList\",\"@id\":\"https:\\\/\\\/batijournal.com\\\/index.php\\\/grande-campagne-de-promotion-de-la-foret-et-du-bois\\\/75444\\\/#breadcrumb\",\"itemListElement\":[{\"@type\":\"ListItem\",\"position\":1,\"name\":\"Accueil\",\"item\":\"https:\\\/\\\/batijournal.com\\\/\"},{\"@type\":\"ListItem\",\"position\":2,\"name\":\"Actualit\u00e9s\",\"item\":\"https:\\\/\\\/batijournal.com\\\/index.php\\\/category\\\/actualites\\\/\"},{\"@type\":\"ListItem\",\"position\":3,\"name\":\"Architecture &amp; Conception\",\"item\":\"https:\\\/\\\/batijournal.com\\\/index.php\\\/category\\\/actualites\\\/architecture-conception\\\/\"},{\"@type\":\"ListItem\",\"position\":4,\"name\":\"Grande campagne de promotion de la for\u00eat et du bois\"}]},{\"@type\":\"WebSite\",\"@id\":\"https:\\\/\\\/batijournal.com\\\/#website\",\"url\":\"https:\\\/\\\/batijournal.com\\\/\",\"name\":\"Batijournal\",\"description\":\"L&#039;actualit\u00e9 du b\u00e2timent\",\"potentialAction\":[{\"@type\":\"SearchAction\",\"target\":{\"@type\":\"EntryPoint\",\"urlTemplate\":\"https:\\\/\\\/batijournal.com\\\/?s={search_term_string}\"},\"query-input\":{\"@type\":\"PropertyValueSpecification\",\"valueRequired\":true,\"valueName\":\"search_term_string\"}}],\"inLanguage\":\"fr-FR\"},{\"@type\":\"Person\",\"@id\":\"https:\\\/\\\/batijournal.com\\\/#\\\/schema\\\/person\\\/6a657e8967569e1b299972574848aa76\",\"name\":\"Bati-journal\",\"image\":{\"@type\":\"ImageObject\",\"inLanguage\":\"fr-FR\",\"@id\":\"https:\\\/\\\/secure.gravatar.com\\\/avatar\\\/a64364ea26392f9b4dd47e017ddaec74ff03aefc073b49e492e847201258f777?s=96&d=mm&r=g\",\"url\":\"https:\\\/\\\/secure.gravatar.com\\\/avatar\\\/a64364ea26392f9b4dd47e017ddaec74ff03aefc073b49e492e847201258f777?s=96&d=mm&r=g\",\"contentUrl\":\"https:\\\/\\\/secure.gravatar.com\\\/avatar\\\/a64364ea26392f9b4dd47e017ddaec74ff03aefc073b49e492e847201258f777?s=96&d=mm&r=g\",\"caption\":\"Bati-journal\"},\"url\":\"https:\\\/\\\/batijournal.com\\\/index.php\\\/author\\\/elodie\\\/\"}]}<\/script>\n<!-- \/ Yoast SEO plugin. -->","yoast_head_json":{"title":"Grande campagne de promotion de la for\u00eat et du bois","robots":{"index":"index","follow":"follow","max-snippet":"max-snippet:-1","max-image-preview":"max-image-preview:large","max-video-preview":"max-video-preview:-1"},"canonical":"https:\/\/batijournal.com\/index.php\/grande-campagne-de-promotion-de-la-foret-et-du-bois\/75444\/","og_locale":"fr_FR","og_type":"article","og_title":"Grande campagne de promotion de la for\u00eat et du bois","og_description":"Dans le cadre de l\u2019Ann\u00e9e internationale des for\u00eats, proclam\u00e9e par l\u2019ONU, et dans la continuit\u00e9 des actions de promotion de la for\u00eat et du bois, France Bois For\u00eat lance une campagne de communication en partenariat avec le minist\u00e8re de l\u2019Agriculture, de l\u2019Alimentation, de la P\u00eache, de la Ruralit\u00e9 et de l\u2019Am\u00e9nagement du territoire. Celle-ci, avec [&hellip;]","og_url":"https:\/\/batijournal.com\/index.php\/grande-campagne-de-promotion-de-la-foret-et-du-bois\/75444\/","og_site_name":"Batijournal","article_published_time":"2011-04-20T11:56:38+00:00","article_modified_time":"2019-07-15T09:35:48+00:00","og_image":[{"width":600,"height":211,"url":"https:\/\/batijournal.com\/wp-content\/uploads\/2015\/03\/23123854.jpg","type":"image\/jpeg"}],"author":"Bati-journal","twitter_card":"summary_large_image","twitter_creator":"@bati_journal","twitter_site":"@bati_journal","twitter_misc":{"\u00c9crit par":"Bati-journal","Dur\u00e9e de lecture estim\u00e9e":"1 minute"},"schema":{"@context":"https:\/\/schema.org","@graph":[{"@type":"Article","@id":"https:\/\/batijournal.com\/index.php\/grande-campagne-de-promotion-de-la-foret-et-du-bois\/75444\/#article","isPartOf":{"@id":"https:\/\/batijournal.com\/index.php\/grande-campagne-de-promotion-de-la-foret-et-du-bois\/75444\/"},"author":{"name":"Bati-journal","@id":"https:\/\/batijournal.com\/#\/schema\/person\/6a657e8967569e1b299972574848aa76"},"headline":"Grande campagne de promotion de la for\u00eat et du bois","datePublished":"2011-04-20T11:56:38+00:00","dateModified":"2019-07-15T09:35:48+00:00","mainEntityOfPage":{"@id":"https:\/\/batijournal.com\/index.php\/grande-campagne-de-promotion-de-la-foret-et-du-bois\/75444\/"},"wordCount":311,"commentCount":0,"image":{"@id":"https:\/\/batijournal.com\/index.php\/grande-campagne-de-promotion-de-la-foret-et-du-bois\/75444\/#primaryimage"},"thumbnailUrl":"https:\/\/batijournal.com\/wp-content\/uploads\/2015\/03\/23123854.jpg","keywords":["campagne","france bois foret","promotion"],"articleSection":["Architecture &amp; Conception"],"inLanguage":"fr-FR","potentialAction":[{"@type":"CommentAction","name":"Comment","target":["https:\/\/batijournal.com\/index.php\/grande-campagne-de-promotion-de-la-foret-et-du-bois\/75444\/#respond"]}]},{"@type":"WebPage","@id":"https:\/\/batijournal.com\/index.php\/grande-campagne-de-promotion-de-la-foret-et-du-bois\/75444\/","url":"https:\/\/batijournal.com\/index.php\/grande-campagne-de-promotion-de-la-foret-et-du-bois\/75444\/","name":"Grande campagne de promotion de la for\u00eat et du bois","isPartOf":{"@id":"https:\/\/batijournal.com\/#website"},"primaryImageOfPage":{"@id":"https:\/\/batijournal.com\/index.php\/grande-campagne-de-promotion-de-la-foret-et-du-bois\/75444\/#primaryimage"},"image":{"@id":"https:\/\/batijournal.com\/index.php\/grande-campagne-de-promotion-de-la-foret-et-du-bois\/75444\/#primaryimage"},"thumbnailUrl":"https:\/\/batijournal.com\/wp-content\/uploads\/2015\/03\/23123854.jpg","datePublished":"2011-04-20T11:56:38+00:00","dateModified":"2019-07-15T09:35:48+00:00","author":{"@id":"https:\/\/batijournal.com\/#\/schema\/person\/6a657e8967569e1b299972574848aa76"},"breadcrumb":{"@id":"https:\/\/batijournal.com\/index.php\/grande-campagne-de-promotion-de-la-foret-et-du-bois\/75444\/#breadcrumb"},"inLanguage":"fr-FR","potentialAction":[{"@type":"ReadAction","target":["https:\/\/batijournal.com\/index.php\/grande-campagne-de-promotion-de-la-foret-et-du-bois\/75444\/"]}]},{"@type":"ImageObject","inLanguage":"fr-FR","@id":"https:\/\/batijournal.com\/index.php\/grande-campagne-de-promotion-de-la-foret-et-du-bois\/75444\/#primaryimage","url":"https:\/\/batijournal.com\/wp-content\/uploads\/2015\/03\/23123854.jpg","contentUrl":"https:\/\/batijournal.com\/wp-content\/uploads\/2015\/03\/23123854.jpg","width":600,"height":211},{"@type":"BreadcrumbList","@id":"https:\/\/batijournal.com\/index.php\/grande-campagne-de-promotion-de-la-foret-et-du-bois\/75444\/#breadcrumb","itemListElement":[{"@type":"ListItem","position":1,"name":"Accueil","item":"https:\/\/batijournal.com\/"},{"@type":"ListItem","position":2,"name":"Actualit\u00e9s","item":"https:\/\/batijournal.com\/index.php\/category\/actualites\/"},{"@type":"ListItem","position":3,"name":"Architecture &amp; Conception","item":"https:\/\/batijournal.com\/index.php\/category\/actualites\/architecture-conception\/"},{"@type":"ListItem","position":4,"name":"Grande campagne de promotion de la for\u00eat et du bois"}]},{"@type":"WebSite","@id":"https:\/\/batijournal.com\/#website","url":"https:\/\/batijournal.com\/","name":"Batijournal","description":"L&#039;actualit\u00e9 du b\u00e2timent","potentialAction":[{"@type":"SearchAction","target":{"@type":"EntryPoint","urlTemplate":"https:\/\/batijournal.com\/?s={search_term_string}"},"query-input":{"@type":"PropertyValueSpecification","valueRequired":true,"valueName":"search_term_string"}}],"inLanguage":"fr-FR"},{"@type":"Person","@id":"https:\/\/batijournal.com\/#\/schema\/person\/6a657e8967569e1b299972574848aa76","name":"Bati-journal","image":{"@type":"ImageObject","inLanguage":"fr-FR","@id":"https:\/\/secure.gravatar.com\/avatar\/a64364ea26392f9b4dd47e017ddaec74ff03aefc073b49e492e847201258f777?s=96&d=mm&r=g","url":"https:\/\/secure.gravatar.com\/avatar\/a64364ea26392f9b4dd47e017ddaec74ff03aefc073b49e492e847201258f777?s=96&d=mm&r=g","contentUrl":"https:\/\/secure.gravatar.com\/avatar\/a64364ea26392f9b4dd47e017ddaec74ff03aefc073b49e492e847201258f777?s=96&d=mm&r=g","caption":"Bati-journal"},"url":"https:\/\/batijournal.com\/index.php\/author\/elodie\/"}]}},"_links":{"self":[{"href":"https:\/\/batijournal.com\/index.php\/wp-json\/wp\/v2\/posts\/75444","targetHints":{"allow":["GET"]}}],"collection":[{"href":"https:\/\/batijournal.com\/index.php\/wp-json\/wp\/v2\/posts"}],"about":[{"href":"https:\/\/batijournal.com\/index.php\/wp-json\/wp\/v2\/types\/post"}],"author":[{"embeddable":true,"href":"https:\/\/batijournal.com\/index.php\/wp-json\/wp\/v2\/users\/1"}],"replies":[{"embeddable":true,"href":"https:\/\/batijournal.com\/index.php\/wp-json\/wp\/v2\/comments?post=75444"}],"version-history":[{"count":0,"href":"https:\/\/batijournal.com\/index.php\/wp-json\/wp\/v2\/posts\/75444\/revisions"}],"wp:featuredmedia":[{"embeddable":true,"href":"https:\/\/batijournal.com\/index.php\/wp-json\/wp\/v2\/media\/75445"}],"wp:attachment":[{"href":"https:\/\/batijournal.com\/index.php\/wp-json\/wp\/v2\/media?parent=75444"}],"wp:term":[{"taxonomy":"category","embeddable":true,"href":"https:\/\/batijournal.com\/index.php\/wp-json\/wp\/v2\/categories?post=75444"},{"taxonomy":"post_tag","embeddable":true,"href":"https:\/\/batijournal.com\/index.php\/wp-json\/wp\/v2\/tags?post=75444"}],"curies":[{"name":"wp","href":"https:\/\/api.w.org\/{rel}","templated":true}]}}