{"id":75493,"date":"2011-08-31T00:00:00","date_gmt":"2011-08-30T22:00:00","guid":{"rendered":"http:\/\/b.bati-journal.com\/restauration-des-decors-de-la-chancellerie-dorleans\/75493"},"modified":"2019-07-15T11:18:33","modified_gmt":"2019-07-15T09:18:33","slug":"restauration-des-decors-de-la-chancellerie-dorleans","status":"publish","type":"post","link":"https:\/\/batijournal.com\/index.php\/restauration-des-decors-de-la-chancellerie-dorleans\/75493\/","title":{"rendered":"Restauration des d\u00e9cors de la Chancellerie d&rsquo;Orl\u00e9ans"},"content":{"rendered":"<p>Fr\u00e9d\u00e9ric Mitterrand; ministre de la Culture et de la Communication, Christian Noyer, gouverneur de la Banque de France et Bertrand du Vignaud, pr\u00e9sident du World Monuments Fund (WMF) Europe ont sign\u00e9 un protocole d&rsquo;accord qui permettra la restauration et l&rsquo;installation aux Archives Nationales de l&rsquo;ensemble des d\u00e9cors qui provient \u00e0 l\u0092origine de l\u0092H\u00f4tel de la Chancellerie d\u0092Orl\u00e9ans, \u00e9galement dit h\u00f4tel d\u0092Argenson. Construit dans les toutes premi\u00e8res ann\u00e9es du 18e si\u00e8cle par l\u0092architecte Germain Boffrand \u00e0 la demande du R\u00e9gent Philippe d\u0092Orl\u00e9ans, cet h\u00f4tel, class\u00e9 monument historique en 1914, devient la propri\u00e9t\u00e9 de la Banque de France. Celle-ci obtiendra l\u0092autorisation de le d\u00e9molir en 1923 \u00e0 la condition d\u0092en d\u00e9monter les d\u00e9cors et d\u0092en favoriser la restauration \u00e0 terme, apr\u00e8s convention entre elle et la Ville de Paris. Depuis cette date, la Banque de France a pr\u00e9cieusement conserv\u00e9 dans ses d\u00e9p\u00f4ts d\u0092Asni\u00e8res les plus beaux \u00e9l\u00e9ments d\u00e9coratifs de cet h\u00f4tel. Avec l\u0092accord de la Banque de France, le World Monuments Fund proc\u00e8de \u00e0 partir de 2000 \u00e0 un inventaire scientifique de l\u0092ensemble des d\u00e9cors. Apr\u00e8s une s\u00e9rie d\u0092\u00e9tudes, l\u0092H\u00f4tel de Rohan-Strasbourg, partie int\u00e9grante du si\u00e8ge historique des Archives nationales, minist\u00e8re de la Culture et de la Communication, est d\u00e9sign\u00e9 comme lieu id\u00e9al \u0096 hauteur sous plafond, disposition des pi\u00e8ces entre cour et jardin, \u00e9poque, histoire et style de l\u0092h\u00f4tel pour accueillir ces boiseries. Parmi les \u00e9l\u00e9ments en boiseries significatifs de la Chancellerie, on peut citer ainsi le plafond du grand salon repr\u00e9sentant \u00ab Le Triomphe de l\u0092Amour sur les Dieux \u00bb, de la main du peintre Antoine Coypel, datant de 1706-1708 ; le plafond du petit salon du sud, devenu chambre \u00e0 coucher sous Wailly, repr\u00e9sentant le \u00ab Lever de l\u0092Aurore \u00bb, de Louis Durameau (1733-1796) ; le plafond de la pi\u00e8ce du nord sur la rue de Valois, devenu salle \u00e0 manger sous Wailly, repr\u00e9sentant \u00ab Jupiter et H\u00e9b\u00e9 \u00bb, de Jean-Jacques Lagren\u00e9e (1739-1821), etc. L\u0092installation des d\u00e9cors de la Chancellerie d\u0092Orl\u00e9ans dans l\u0092H\u00f4tel de Rohan-Strasbourg s\u0092inscrit dans le cadre d&rsquo;un programme pluriannuel de restauration souhait\u00e9 par le Ministre de la Culture et de la Communication pour le quadrilat\u00e8re des Archives nationales en parall\u00e8le de la construction \u00e0 Pierrefitte-sur-Seine du nouveau b\u00e2timent des Archives nationales (architecte Massimiliano Fuksas) qui sera le plus grand et le plus moderne d&rsquo;Europe. Avec l&rsquo;installation dans l&rsquo;H\u00f4tel de Rohan de ces d\u00e9cors exceptionnels, c&rsquo;est aussi le caract\u00e8re patrimonial et historique du site parisien des Archives nationales qui est remis en valeur. L&rsquo;h\u00f4tel de Rohan, comme aujourd&rsquo;hui son contemporain l&rsquo;h\u00f4tel de Soubise, sera ouvert au public \u00e0 l&rsquo;issue de cette restauration. Tous deux formeront, au coeur de Paris, un ensemble palatial du 18e si\u00e8cle de tout premier ordre.<\/p>\n","protected":false},"excerpt":{"rendered":"<p>Fr\u00e9d\u00e9ric Mitterrand; ministre de la Culture et de la Communication, Christian Noyer, gouverneur de la Banque de France et Bertrand du Vignaud, pr\u00e9sident du World Monuments Fund (WMF) Europe ont sign\u00e9 un protocole d&rsquo;accord qui permettra la restauration et l&rsquo;installation aux Archives Nationales de l&rsquo;ensemble des d\u00e9cors qui provient \u00e0 l\u0092origine de l\u0092H\u00f4tel de la [&hellip;]<\/p>\n","protected":false},"author":1,"featured_media":0,"comment_status":"open","ping_status":"closed","sticky":false,"template":"","format":"standard","meta":{"_et_pb_use_builder":"","_et_pb_old_content":"","_et_gb_content_width":"","footnotes":""},"categories":[6340],"tags":[],"class_list":["post-75493","post","type-post","status-publish","format-standard","hentry","category-architecture-conception"],"yoast_head":"<!-- This site is optimized with the Yoast SEO plugin v27.4 - https:\/\/yoast.com\/product\/yoast-seo-wordpress\/ -->\n<title>Restauration des d\u00e9cors de la Chancellerie d&#039;Orl\u00e9ans<\/title>\n<meta name=\"robots\" content=\"index, follow, max-snippet:-1, max-image-preview:large, max-video-preview:-1\" \/>\n<link rel=\"canonical\" href=\"https:\/\/batijournal.com\/index.php\/restauration-des-decors-de-la-chancellerie-dorleans\/75493\/\" \/>\n<meta property=\"og:locale\" content=\"fr_FR\" \/>\n<meta property=\"og:type\" content=\"article\" \/>\n<meta property=\"og:title\" content=\"Restauration des d\u00e9cors de la Chancellerie d&#039;Orl\u00e9ans\" \/>\n<meta property=\"og:description\" content=\"Fr\u00e9d\u00e9ric Mitterrand; ministre de la Culture et de la Communication, Christian Noyer, gouverneur de la Banque de France et Bertrand du Vignaud, pr\u00e9sident du World Monuments Fund (WMF) Europe ont sign\u00e9 un protocole d&rsquo;accord qui permettra la restauration et l&rsquo;installation aux Archives Nationales de l&rsquo;ensemble des d\u00e9cors qui provient \u00e0 l\u0092origine de l\u0092H\u00f4tel de la [&hellip;]\" \/>\n<meta property=\"og:url\" content=\"https:\/\/batijournal.com\/index.php\/restauration-des-decors-de-la-chancellerie-dorleans\/75493\/\" \/>\n<meta property=\"og:site_name\" content=\"Batijournal\" \/>\n<meta property=\"article:published_time\" content=\"2011-08-30T22:00:00+00:00\" \/>\n<meta property=\"article:modified_time\" content=\"2019-07-15T09:18:33+00:00\" \/>\n<meta name=\"author\" content=\"Bati-journal\" \/>\n<meta name=\"twitter:card\" content=\"summary_large_image\" \/>\n<meta name=\"twitter:creator\" content=\"@bati_journal\" \/>\n<meta name=\"twitter:site\" content=\"@bati_journal\" \/>\n<meta name=\"twitter:label1\" content=\"\u00c9crit par\" \/>\n\t<meta name=\"twitter:data1\" content=\"Bati-journal\" \/>\n\t<meta name=\"twitter:label2\" content=\"Dur\u00e9e de lecture estim\u00e9e\" \/>\n\t<meta name=\"twitter:data2\" content=\"2 minutes\" \/>\n<script type=\"application\/ld+json\" class=\"yoast-schema-graph\">{\"@context\":\"https:\\\/\\\/schema.org\",\"@graph\":[{\"@type\":\"Article\",\"@id\":\"https:\\\/\\\/batijournal.com\\\/index.php\\\/restauration-des-decors-de-la-chancellerie-dorleans\\\/75493\\\/#article\",\"isPartOf\":{\"@id\":\"https:\\\/\\\/batijournal.com\\\/index.php\\\/restauration-des-decors-de-la-chancellerie-dorleans\\\/75493\\\/\"},\"author\":{\"name\":\"Bati-journal\",\"@id\":\"https:\\\/\\\/batijournal.com\\\/#\\\/schema\\\/person\\\/6a657e8967569e1b299972574848aa76\"},\"headline\":\"Restauration des d\u00e9cors de la Chancellerie d&rsquo;Orl\u00e9ans\",\"datePublished\":\"2011-08-30T22:00:00+00:00\",\"dateModified\":\"2019-07-15T09:18:33+00:00\",\"mainEntityOfPage\":{\"@id\":\"https:\\\/\\\/batijournal.com\\\/index.php\\\/restauration-des-decors-de-la-chancellerie-dorleans\\\/75493\\\/\"},\"wordCount\":519,\"commentCount\":0,\"articleSection\":[\"Architecture &amp; Conception\"],\"inLanguage\":\"fr-FR\",\"potentialAction\":[{\"@type\":\"CommentAction\",\"name\":\"Comment\",\"target\":[\"https:\\\/\\\/batijournal.com\\\/index.php\\\/restauration-des-decors-de-la-chancellerie-dorleans\\\/75493\\\/#respond\"]}]},{\"@type\":\"WebPage\",\"@id\":\"https:\\\/\\\/batijournal.com\\\/index.php\\\/restauration-des-decors-de-la-chancellerie-dorleans\\\/75493\\\/\",\"url\":\"https:\\\/\\\/batijournal.com\\\/index.php\\\/restauration-des-decors-de-la-chancellerie-dorleans\\\/75493\\\/\",\"name\":\"Restauration des d\u00e9cors de la Chancellerie d'Orl\u00e9ans\",\"isPartOf\":{\"@id\":\"https:\\\/\\\/batijournal.com\\\/#website\"},\"datePublished\":\"2011-08-30T22:00:00+00:00\",\"dateModified\":\"2019-07-15T09:18:33+00:00\",\"author\":{\"@id\":\"https:\\\/\\\/batijournal.com\\\/#\\\/schema\\\/person\\\/6a657e8967569e1b299972574848aa76\"},\"breadcrumb\":{\"@id\":\"https:\\\/\\\/batijournal.com\\\/index.php\\\/restauration-des-decors-de-la-chancellerie-dorleans\\\/75493\\\/#breadcrumb\"},\"inLanguage\":\"fr-FR\",\"potentialAction\":[{\"@type\":\"ReadAction\",\"target\":[\"https:\\\/\\\/batijournal.com\\\/index.php\\\/restauration-des-decors-de-la-chancellerie-dorleans\\\/75493\\\/\"]}]},{\"@type\":\"BreadcrumbList\",\"@id\":\"https:\\\/\\\/batijournal.com\\\/index.php\\\/restauration-des-decors-de-la-chancellerie-dorleans\\\/75493\\\/#breadcrumb\",\"itemListElement\":[{\"@type\":\"ListItem\",\"position\":1,\"name\":\"Accueil\",\"item\":\"https:\\\/\\\/batijournal.com\\\/\"},{\"@type\":\"ListItem\",\"position\":2,\"name\":\"Actualit\u00e9s\",\"item\":\"https:\\\/\\\/batijournal.com\\\/index.php\\\/category\\\/actualites\\\/\"},{\"@type\":\"ListItem\",\"position\":3,\"name\":\"Architecture &amp; Conception\",\"item\":\"https:\\\/\\\/batijournal.com\\\/index.php\\\/category\\\/actualites\\\/architecture-conception\\\/\"},{\"@type\":\"ListItem\",\"position\":4,\"name\":\"Restauration des d\u00e9cors de la Chancellerie d&rsquo;Orl\u00e9ans\"}]},{\"@type\":\"WebSite\",\"@id\":\"https:\\\/\\\/batijournal.com\\\/#website\",\"url\":\"https:\\\/\\\/batijournal.com\\\/\",\"name\":\"Batijournal\",\"description\":\"L&#039;actualit\u00e9 du b\u00e2timent\",\"potentialAction\":[{\"@type\":\"SearchAction\",\"target\":{\"@type\":\"EntryPoint\",\"urlTemplate\":\"https:\\\/\\\/batijournal.com\\\/?s={search_term_string}\"},\"query-input\":{\"@type\":\"PropertyValueSpecification\",\"valueRequired\":true,\"valueName\":\"search_term_string\"}}],\"inLanguage\":\"fr-FR\"},{\"@type\":\"Person\",\"@id\":\"https:\\\/\\\/batijournal.com\\\/#\\\/schema\\\/person\\\/6a657e8967569e1b299972574848aa76\",\"name\":\"Bati-journal\",\"image\":{\"@type\":\"ImageObject\",\"inLanguage\":\"fr-FR\",\"@id\":\"https:\\\/\\\/secure.gravatar.com\\\/avatar\\\/a64364ea26392f9b4dd47e017ddaec74ff03aefc073b49e492e847201258f777?s=96&d=mm&r=g\",\"url\":\"https:\\\/\\\/secure.gravatar.com\\\/avatar\\\/a64364ea26392f9b4dd47e017ddaec74ff03aefc073b49e492e847201258f777?s=96&d=mm&r=g\",\"contentUrl\":\"https:\\\/\\\/secure.gravatar.com\\\/avatar\\\/a64364ea26392f9b4dd47e017ddaec74ff03aefc073b49e492e847201258f777?s=96&d=mm&r=g\",\"caption\":\"Bati-journal\"},\"url\":\"https:\\\/\\\/batijournal.com\\\/index.php\\\/author\\\/elodie\\\/\"}]}<\/script>\n<!-- \/ Yoast SEO plugin. -->","yoast_head_json":{"title":"Restauration des d\u00e9cors de la Chancellerie d'Orl\u00e9ans","robots":{"index":"index","follow":"follow","max-snippet":"max-snippet:-1","max-image-preview":"max-image-preview:large","max-video-preview":"max-video-preview:-1"},"canonical":"https:\/\/batijournal.com\/index.php\/restauration-des-decors-de-la-chancellerie-dorleans\/75493\/","og_locale":"fr_FR","og_type":"article","og_title":"Restauration des d\u00e9cors de la Chancellerie d'Orl\u00e9ans","og_description":"Fr\u00e9d\u00e9ric Mitterrand; ministre de la Culture et de la Communication, Christian Noyer, gouverneur de la Banque de France et Bertrand du Vignaud, pr\u00e9sident du World Monuments Fund (WMF) Europe ont sign\u00e9 un protocole d&rsquo;accord qui permettra la restauration et l&rsquo;installation aux Archives Nationales de l&rsquo;ensemble des d\u00e9cors qui provient \u00e0 l\u0092origine de l\u0092H\u00f4tel de la [&hellip;]","og_url":"https:\/\/batijournal.com\/index.php\/restauration-des-decors-de-la-chancellerie-dorleans\/75493\/","og_site_name":"Batijournal","article_published_time":"2011-08-30T22:00:00+00:00","article_modified_time":"2019-07-15T09:18:33+00:00","author":"Bati-journal","twitter_card":"summary_large_image","twitter_creator":"@bati_journal","twitter_site":"@bati_journal","twitter_misc":{"\u00c9crit par":"Bati-journal","Dur\u00e9e de lecture estim\u00e9e":"2 minutes"},"schema":{"@context":"https:\/\/schema.org","@graph":[{"@type":"Article","@id":"https:\/\/batijournal.com\/index.php\/restauration-des-decors-de-la-chancellerie-dorleans\/75493\/#article","isPartOf":{"@id":"https:\/\/batijournal.com\/index.php\/restauration-des-decors-de-la-chancellerie-dorleans\/75493\/"},"author":{"name":"Bati-journal","@id":"https:\/\/batijournal.com\/#\/schema\/person\/6a657e8967569e1b299972574848aa76"},"headline":"Restauration des d\u00e9cors de la Chancellerie d&rsquo;Orl\u00e9ans","datePublished":"2011-08-30T22:00:00+00:00","dateModified":"2019-07-15T09:18:33+00:00","mainEntityOfPage":{"@id":"https:\/\/batijournal.com\/index.php\/restauration-des-decors-de-la-chancellerie-dorleans\/75493\/"},"wordCount":519,"commentCount":0,"articleSection":["Architecture &amp; Conception"],"inLanguage":"fr-FR","potentialAction":[{"@type":"CommentAction","name":"Comment","target":["https:\/\/batijournal.com\/index.php\/restauration-des-decors-de-la-chancellerie-dorleans\/75493\/#respond"]}]},{"@type":"WebPage","@id":"https:\/\/batijournal.com\/index.php\/restauration-des-decors-de-la-chancellerie-dorleans\/75493\/","url":"https:\/\/batijournal.com\/index.php\/restauration-des-decors-de-la-chancellerie-dorleans\/75493\/","name":"Restauration des d\u00e9cors de la Chancellerie d'Orl\u00e9ans","isPartOf":{"@id":"https:\/\/batijournal.com\/#website"},"datePublished":"2011-08-30T22:00:00+00:00","dateModified":"2019-07-15T09:18:33+00:00","author":{"@id":"https:\/\/batijournal.com\/#\/schema\/person\/6a657e8967569e1b299972574848aa76"},"breadcrumb":{"@id":"https:\/\/batijournal.com\/index.php\/restauration-des-decors-de-la-chancellerie-dorleans\/75493\/#breadcrumb"},"inLanguage":"fr-FR","potentialAction":[{"@type":"ReadAction","target":["https:\/\/batijournal.com\/index.php\/restauration-des-decors-de-la-chancellerie-dorleans\/75493\/"]}]},{"@type":"BreadcrumbList","@id":"https:\/\/batijournal.com\/index.php\/restauration-des-decors-de-la-chancellerie-dorleans\/75493\/#breadcrumb","itemListElement":[{"@type":"ListItem","position":1,"name":"Accueil","item":"https:\/\/batijournal.com\/"},{"@type":"ListItem","position":2,"name":"Actualit\u00e9s","item":"https:\/\/batijournal.com\/index.php\/category\/actualites\/"},{"@type":"ListItem","position":3,"name":"Architecture &amp; Conception","item":"https:\/\/batijournal.com\/index.php\/category\/actualites\/architecture-conception\/"},{"@type":"ListItem","position":4,"name":"Restauration des d\u00e9cors de la Chancellerie d&rsquo;Orl\u00e9ans"}]},{"@type":"WebSite","@id":"https:\/\/batijournal.com\/#website","url":"https:\/\/batijournal.com\/","name":"Batijournal","description":"L&#039;actualit\u00e9 du b\u00e2timent","potentialAction":[{"@type":"SearchAction","target":{"@type":"EntryPoint","urlTemplate":"https:\/\/batijournal.com\/?s={search_term_string}"},"query-input":{"@type":"PropertyValueSpecification","valueRequired":true,"valueName":"search_term_string"}}],"inLanguage":"fr-FR"},{"@type":"Person","@id":"https:\/\/batijournal.com\/#\/schema\/person\/6a657e8967569e1b299972574848aa76","name":"Bati-journal","image":{"@type":"ImageObject","inLanguage":"fr-FR","@id":"https:\/\/secure.gravatar.com\/avatar\/a64364ea26392f9b4dd47e017ddaec74ff03aefc073b49e492e847201258f777?s=96&d=mm&r=g","url":"https:\/\/secure.gravatar.com\/avatar\/a64364ea26392f9b4dd47e017ddaec74ff03aefc073b49e492e847201258f777?s=96&d=mm&r=g","contentUrl":"https:\/\/secure.gravatar.com\/avatar\/a64364ea26392f9b4dd47e017ddaec74ff03aefc073b49e492e847201258f777?s=96&d=mm&r=g","caption":"Bati-journal"},"url":"https:\/\/batijournal.com\/index.php\/author\/elodie\/"}]}},"_links":{"self":[{"href":"https:\/\/batijournal.com\/index.php\/wp-json\/wp\/v2\/posts\/75493","targetHints":{"allow":["GET"]}}],"collection":[{"href":"https:\/\/batijournal.com\/index.php\/wp-json\/wp\/v2\/posts"}],"about":[{"href":"https:\/\/batijournal.com\/index.php\/wp-json\/wp\/v2\/types\/post"}],"author":[{"embeddable":true,"href":"https:\/\/batijournal.com\/index.php\/wp-json\/wp\/v2\/users\/1"}],"replies":[{"embeddable":true,"href":"https:\/\/batijournal.com\/index.php\/wp-json\/wp\/v2\/comments?post=75493"}],"version-history":[{"count":0,"href":"https:\/\/batijournal.com\/index.php\/wp-json\/wp\/v2\/posts\/75493\/revisions"}],"wp:attachment":[{"href":"https:\/\/batijournal.com\/index.php\/wp-json\/wp\/v2\/media?parent=75493"}],"wp:term":[{"taxonomy":"category","embeddable":true,"href":"https:\/\/batijournal.com\/index.php\/wp-json\/wp\/v2\/categories?post=75493"},{"taxonomy":"post_tag","embeddable":true,"href":"https:\/\/batijournal.com\/index.php\/wp-json\/wp\/v2\/tags?post=75493"}],"curies":[{"name":"wp","href":"https:\/\/api.w.org\/{rel}","templated":true}]}}