{"id":75494,"date":"2011-08-31T00:00:00","date_gmt":"2011-08-30T22:00:00","guid":{"rendered":"http:\/\/b.bati-journal.com\/demolition-programmee-d%c2%92une-sucrerie-du-xixe-siecle-tout-le-monde-n%c2%92est-pas-d%c2%92accord\/75494"},"modified":"2019-07-15T11:18:34","modified_gmt":"2019-07-15T09:18:34","slug":"demolition-programmee-d%c2%92une-sucrerie-du-xixe-siecle-tout-le-monde-n%c2%92est-pas-d%c2%92accord","status":"publish","type":"post","link":"https:\/\/batijournal.com\/index.php\/demolition-programmee-d%c2%92une-sucrerie-du-xixe-siecle-tout-le-monde-n%c2%92est-pas-d%c2%92accord\/75494\/","title":{"rendered":"D\u00e9molition programm\u00e9e d\u0092&rsquo;une sucrerie du XIXe si\u00e8cle, tout le monde n\u0092&rsquo;est pas d\u0092&rsquo;accord"},"content":{"rendered":"<p>Dans le cadre de la transformation du quartier Saint-Cosme de Chalon-sur-Sa\u00f4ne, il est pr\u00e9vu de d\u00e9molir la Sucrerie blanche dans les mois \u00e0 venir. Ce b\u00e2timent industriel du XIXe si\u00e8cle devrait laisser la place \u00e0 un p\u00f4le \u00e9tudiant. L\u0092&rsquo;Agence pour le d\u00e9veloppement \u00e9conomique de la r\u00e9gion chalonnaise et la mairie, porteurs de ce projet, ne souhaitent pas conserver ce b\u00e2timent parce que la cote du plan de pr\u00e9vention des risques d&rsquo;\u0092inondation va \u00eatre relev\u00e9e de 44 cm. R\u00e9am\u00e9nager la sucrerie serait trop co\u00fbteux car il faudrait sur\u00e9lever ses planchers. Cependant, une partie des chalonnais s\u0092&rsquo;est mobilis\u00e9e contre cette d\u00e9molition. La sucrerie abrite un moulin \u00e0 vapeur dont peu d\u0092exemplaires subsistent en France. Le moulin \u00e0 vapeur de Chalon est un exemple exceptionnel par ses dimensions et son architecture bien conserv\u00e9e permettant de loger une des premi\u00e8res meuneries \u00e0 l&rsquo;anglaise. Il a connu la grande crue de 1840, et a surv\u00e9cu. Le premier \u00e9tage, qui abritait les meules, est situ\u00e9 \u00e0 2,50 m du sol, il a \u00e9t\u00e9 con\u00e7u pour que le mat\u00e9riel de production reste au sec en cas d&rsquo;inondation. Ne pas utiliser le rez-de-chauss\u00e9e de ce b\u00e2timent comme surface am\u00e9nageable serait une solution simple pour le Collectif Sauvons la sucrerie de Chalon. Selon lui, toutes les ouvertures \u00e0 partir du premier \u00e9tage sont parfaitement r\u00e9utilisables sans aucun am\u00e9nagement. Le collectif a adress\u00e9 mi-juillet un courrier \u00e0 la \u00abDirection R\u00e9gionale des Affaires Culturelles\u00bb demandant l&rsquo;inscription en urgence du site de la Sucrerie Blanche et du Moulin \u00e0 Vapeur \u00e0 l&rsquo;inventaire des monuments historiques, afin d\u0092&rsquo;essayer de bloquer sa destruction.<\/p>\n","protected":false},"excerpt":{"rendered":"<p>Dans le cadre de la transformation du quartier Saint-Cosme de Chalon-sur-Sa\u00f4ne, il est pr\u00e9vu de d\u00e9molir la Sucrerie blanche dans les mois \u00e0 venir. Ce b\u00e2timent industriel du XIXe si\u00e8cle devrait laisser la place \u00e0 un p\u00f4le \u00e9tudiant. L\u0092&rsquo;Agence pour le d\u00e9veloppement \u00e9conomique de la r\u00e9gion chalonnaise et la mairie, porteurs de ce projet, ne [&hellip;]<\/p>\n","protected":false},"author":1,"featured_media":75495,"comment_status":"open","ping_status":"closed","sticky":false,"template":"","format":"standard","meta":{"_et_pb_use_builder":"","_et_pb_old_content":"","_et_gb_content_width":"","footnotes":""},"categories":[6340],"tags":[2943],"class_list":["post-75494","post","type-post","status-publish","format-standard","has-post-thumbnail","hentry","category-architecture-conception","tag-demolition"],"yoast_head":"<!-- This site is optimized with the Yoast SEO plugin v27.4 - https:\/\/yoast.com\/product\/yoast-seo-wordpress\/ -->\n<title>D\u00e9molition programm\u00e9e d\u0092&#039;une sucrerie du XIXe si\u00e8cle, tout le monde n\u0092&#039;est pas d\u0092&#039;accord<\/title>\n<meta name=\"robots\" content=\"index, follow, max-snippet:-1, max-image-preview:large, max-video-preview:-1\" \/>\n<link rel=\"canonical\" href=\"https:\/\/batijournal.com\/index.php\/demolition-programmee-d\u0092une-sucrerie-du-xixe-siecle-tout-le-monde-n\u0092est-pas-d\u0092accord\/75494\/\" \/>\n<meta property=\"og:locale\" content=\"fr_FR\" \/>\n<meta property=\"og:type\" content=\"article\" \/>\n<meta property=\"og:title\" content=\"D\u00e9molition programm\u00e9e d\u0092&#039;une sucrerie du XIXe si\u00e8cle, tout le monde n\u0092&#039;est pas d\u0092&#039;accord\" \/>\n<meta property=\"og:description\" content=\"Dans le cadre de la transformation du quartier Saint-Cosme de Chalon-sur-Sa\u00f4ne, il est pr\u00e9vu de d\u00e9molir la Sucrerie blanche dans les mois \u00e0 venir. Ce b\u00e2timent industriel du XIXe si\u00e8cle devrait laisser la place \u00e0 un p\u00f4le \u00e9tudiant. L\u0092&rsquo;Agence pour le d\u00e9veloppement \u00e9conomique de la r\u00e9gion chalonnaise et la mairie, porteurs de ce projet, ne [&hellip;]\" \/>\n<meta property=\"og:url\" content=\"https:\/\/batijournal.com\/index.php\/demolition-programmee-d\u0092une-sucrerie-du-xixe-siecle-tout-le-monde-n\u0092est-pas-d\u0092accord\/75494\/\" \/>\n<meta property=\"og:site_name\" content=\"Batijournal\" \/>\n<meta property=\"article:published_time\" content=\"2011-08-30T22:00:00+00:00\" \/>\n<meta property=\"article:modified_time\" content=\"2019-07-15T09:18:34+00:00\" \/>\n<meta property=\"og:image\" content=\"https:\/\/batijournal.com\/wp-content\/uploads\/2015\/03\/29629915.jpg\" \/>\n\t<meta property=\"og:image:width\" content=\"599\" \/>\n\t<meta property=\"og:image:height\" content=\"338\" \/>\n\t<meta property=\"og:image:type\" content=\"image\/jpeg\" \/>\n<meta name=\"author\" content=\"Bati-journal\" \/>\n<meta name=\"twitter:card\" content=\"summary_large_image\" \/>\n<meta name=\"twitter:creator\" content=\"@bati_journal\" \/>\n<meta name=\"twitter:site\" content=\"@bati_journal\" \/>\n<meta name=\"twitter:label1\" content=\"\u00c9crit par\" \/>\n\t<meta name=\"twitter:data1\" content=\"Bati-journal\" \/>\n\t<meta name=\"twitter:label2\" content=\"Dur\u00e9e de lecture estim\u00e9e\" \/>\n\t<meta name=\"twitter:data2\" content=\"1 minute\" \/>\n<script type=\"application\/ld+json\" class=\"yoast-schema-graph\">{\"@context\":\"https:\\\/\\\/schema.org\",\"@graph\":[{\"@type\":\"Article\",\"@id\":\"https:\\\/\\\/batijournal.com\\\/index.php\\\/demolition-programmee-d%c2%92une-sucrerie-du-xixe-siecle-tout-le-monde-n%c2%92est-pas-d%c2%92accord\\\/75494\\\/#article\",\"isPartOf\":{\"@id\":\"https:\\\/\\\/batijournal.com\\\/index.php\\\/demolition-programmee-d%c2%92une-sucrerie-du-xixe-siecle-tout-le-monde-n%c2%92est-pas-d%c2%92accord\\\/75494\\\/\"},\"author\":{\"name\":\"Bati-journal\",\"@id\":\"https:\\\/\\\/batijournal.com\\\/#\\\/schema\\\/person\\\/6a657e8967569e1b299972574848aa76\"},\"headline\":\"D\u00e9molition programm\u00e9e d\u0092&rsquo;une sucrerie du XIXe si\u00e8cle, tout le monde n\u0092&rsquo;est pas d\u0092&rsquo;accord\",\"datePublished\":\"2011-08-30T22:00:00+00:00\",\"dateModified\":\"2019-07-15T09:18:34+00:00\",\"mainEntityOfPage\":{\"@id\":\"https:\\\/\\\/batijournal.com\\\/index.php\\\/demolition-programmee-d%c2%92une-sucrerie-du-xixe-siecle-tout-le-monde-n%c2%92est-pas-d%c2%92accord\\\/75494\\\/\"},\"wordCount\":302,\"commentCount\":0,\"image\":{\"@id\":\"https:\\\/\\\/batijournal.com\\\/index.php\\\/demolition-programmee-d%c2%92une-sucrerie-du-xixe-siecle-tout-le-monde-n%c2%92est-pas-d%c2%92accord\\\/75494\\\/#primaryimage\"},\"thumbnailUrl\":\"https:\\\/\\\/batijournal.com\\\/wp-content\\\/uploads\\\/2015\\\/03\\\/29629915.jpg\",\"keywords\":[\"d\u00e9molition\"],\"articleSection\":[\"Architecture &amp; Conception\"],\"inLanguage\":\"fr-FR\",\"potentialAction\":[{\"@type\":\"CommentAction\",\"name\":\"Comment\",\"target\":[\"https:\\\/\\\/batijournal.com\\\/index.php\\\/demolition-programmee-d%c2%92une-sucrerie-du-xixe-siecle-tout-le-monde-n%c2%92est-pas-d%c2%92accord\\\/75494\\\/#respond\"]}]},{\"@type\":\"WebPage\",\"@id\":\"https:\\\/\\\/batijournal.com\\\/index.php\\\/demolition-programmee-d%c2%92une-sucrerie-du-xixe-siecle-tout-le-monde-n%c2%92est-pas-d%c2%92accord\\\/75494\\\/\",\"url\":\"https:\\\/\\\/batijournal.com\\\/index.php\\\/demolition-programmee-d%c2%92une-sucrerie-du-xixe-siecle-tout-le-monde-n%c2%92est-pas-d%c2%92accord\\\/75494\\\/\",\"name\":\"D\u00e9molition programm\u00e9e d\u0092'une sucrerie du XIXe si\u00e8cle, tout le monde n\u0092'est pas d\u0092'accord\",\"isPartOf\":{\"@id\":\"https:\\\/\\\/batijournal.com\\\/#website\"},\"primaryImageOfPage\":{\"@id\":\"https:\\\/\\\/batijournal.com\\\/index.php\\\/demolition-programmee-d%c2%92une-sucrerie-du-xixe-siecle-tout-le-monde-n%c2%92est-pas-d%c2%92accord\\\/75494\\\/#primaryimage\"},\"image\":{\"@id\":\"https:\\\/\\\/batijournal.com\\\/index.php\\\/demolition-programmee-d%c2%92une-sucrerie-du-xixe-siecle-tout-le-monde-n%c2%92est-pas-d%c2%92accord\\\/75494\\\/#primaryimage\"},\"thumbnailUrl\":\"https:\\\/\\\/batijournal.com\\\/wp-content\\\/uploads\\\/2015\\\/03\\\/29629915.jpg\",\"datePublished\":\"2011-08-30T22:00:00+00:00\",\"dateModified\":\"2019-07-15T09:18:34+00:00\",\"author\":{\"@id\":\"https:\\\/\\\/batijournal.com\\\/#\\\/schema\\\/person\\\/6a657e8967569e1b299972574848aa76\"},\"breadcrumb\":{\"@id\":\"https:\\\/\\\/batijournal.com\\\/index.php\\\/demolition-programmee-d%c2%92une-sucrerie-du-xixe-siecle-tout-le-monde-n%c2%92est-pas-d%c2%92accord\\\/75494\\\/#breadcrumb\"},\"inLanguage\":\"fr-FR\",\"potentialAction\":[{\"@type\":\"ReadAction\",\"target\":[\"https:\\\/\\\/batijournal.com\\\/index.php\\\/demolition-programmee-d%c2%92une-sucrerie-du-xixe-siecle-tout-le-monde-n%c2%92est-pas-d%c2%92accord\\\/75494\\\/\"]}]},{\"@type\":\"ImageObject\",\"inLanguage\":\"fr-FR\",\"@id\":\"https:\\\/\\\/batijournal.com\\\/index.php\\\/demolition-programmee-d%c2%92une-sucrerie-du-xixe-siecle-tout-le-monde-n%c2%92est-pas-d%c2%92accord\\\/75494\\\/#primaryimage\",\"url\":\"https:\\\/\\\/batijournal.com\\\/wp-content\\\/uploads\\\/2015\\\/03\\\/29629915.jpg\",\"contentUrl\":\"https:\\\/\\\/batijournal.com\\\/wp-content\\\/uploads\\\/2015\\\/03\\\/29629915.jpg\",\"width\":599,\"height\":338},{\"@type\":\"BreadcrumbList\",\"@id\":\"https:\\\/\\\/batijournal.com\\\/index.php\\\/demolition-programmee-d%c2%92une-sucrerie-du-xixe-siecle-tout-le-monde-n%c2%92est-pas-d%c2%92accord\\\/75494\\\/#breadcrumb\",\"itemListElement\":[{\"@type\":\"ListItem\",\"position\":1,\"name\":\"Accueil\",\"item\":\"https:\\\/\\\/batijournal.com\\\/\"},{\"@type\":\"ListItem\",\"position\":2,\"name\":\"Actualit\u00e9s\",\"item\":\"https:\\\/\\\/batijournal.com\\\/index.php\\\/category\\\/actualites\\\/\"},{\"@type\":\"ListItem\",\"position\":3,\"name\":\"Architecture &amp; Conception\",\"item\":\"https:\\\/\\\/batijournal.com\\\/index.php\\\/category\\\/actualites\\\/architecture-conception\\\/\"},{\"@type\":\"ListItem\",\"position\":4,\"name\":\"D\u00e9molition programm\u00e9e d\u0092&rsquo;une sucrerie du XIXe si\u00e8cle, tout le monde n\u0092&rsquo;est pas d\u0092&rsquo;accord\"}]},{\"@type\":\"WebSite\",\"@id\":\"https:\\\/\\\/batijournal.com\\\/#website\",\"url\":\"https:\\\/\\\/batijournal.com\\\/\",\"name\":\"Batijournal\",\"description\":\"L&#039;actualit\u00e9 du b\u00e2timent\",\"potentialAction\":[{\"@type\":\"SearchAction\",\"target\":{\"@type\":\"EntryPoint\",\"urlTemplate\":\"https:\\\/\\\/batijournal.com\\\/?s={search_term_string}\"},\"query-input\":{\"@type\":\"PropertyValueSpecification\",\"valueRequired\":true,\"valueName\":\"search_term_string\"}}],\"inLanguage\":\"fr-FR\"},{\"@type\":\"Person\",\"@id\":\"https:\\\/\\\/batijournal.com\\\/#\\\/schema\\\/person\\\/6a657e8967569e1b299972574848aa76\",\"name\":\"Bati-journal\",\"image\":{\"@type\":\"ImageObject\",\"inLanguage\":\"fr-FR\",\"@id\":\"https:\\\/\\\/secure.gravatar.com\\\/avatar\\\/a64364ea26392f9b4dd47e017ddaec74ff03aefc073b49e492e847201258f777?s=96&d=mm&r=g\",\"url\":\"https:\\\/\\\/secure.gravatar.com\\\/avatar\\\/a64364ea26392f9b4dd47e017ddaec74ff03aefc073b49e492e847201258f777?s=96&d=mm&r=g\",\"contentUrl\":\"https:\\\/\\\/secure.gravatar.com\\\/avatar\\\/a64364ea26392f9b4dd47e017ddaec74ff03aefc073b49e492e847201258f777?s=96&d=mm&r=g\",\"caption\":\"Bati-journal\"},\"url\":\"https:\\\/\\\/batijournal.com\\\/index.php\\\/author\\\/elodie\\\/\"}]}<\/script>\n<!-- \/ Yoast SEO plugin. -->","yoast_head_json":{"title":"D\u00e9molition programm\u00e9e d\u0092'une sucrerie du XIXe si\u00e8cle, tout le monde n\u0092'est pas d\u0092'accord","robots":{"index":"index","follow":"follow","max-snippet":"max-snippet:-1","max-image-preview":"max-image-preview:large","max-video-preview":"max-video-preview:-1"},"canonical":"https:\/\/batijournal.com\/index.php\/demolition-programmee-d\u0092une-sucrerie-du-xixe-siecle-tout-le-monde-n\u0092est-pas-d\u0092accord\/75494\/","og_locale":"fr_FR","og_type":"article","og_title":"D\u00e9molition programm\u00e9e d\u0092'une sucrerie du XIXe si\u00e8cle, tout le monde n\u0092'est pas d\u0092'accord","og_description":"Dans le cadre de la transformation du quartier Saint-Cosme de Chalon-sur-Sa\u00f4ne, il est pr\u00e9vu de d\u00e9molir la Sucrerie blanche dans les mois \u00e0 venir. Ce b\u00e2timent industriel du XIXe si\u00e8cle devrait laisser la place \u00e0 un p\u00f4le \u00e9tudiant. L\u0092&rsquo;Agence pour le d\u00e9veloppement \u00e9conomique de la r\u00e9gion chalonnaise et la mairie, porteurs de ce projet, ne [&hellip;]","og_url":"https:\/\/batijournal.com\/index.php\/demolition-programmee-d\u0092une-sucrerie-du-xixe-siecle-tout-le-monde-n\u0092est-pas-d\u0092accord\/75494\/","og_site_name":"Batijournal","article_published_time":"2011-08-30T22:00:00+00:00","article_modified_time":"2019-07-15T09:18:34+00:00","og_image":[{"width":599,"height":338,"url":"https:\/\/batijournal.com\/wp-content\/uploads\/2015\/03\/29629915.jpg","type":"image\/jpeg"}],"author":"Bati-journal","twitter_card":"summary_large_image","twitter_creator":"@bati_journal","twitter_site":"@bati_journal","twitter_misc":{"\u00c9crit par":"Bati-journal","Dur\u00e9e de lecture estim\u00e9e":"1 minute"},"schema":{"@context":"https:\/\/schema.org","@graph":[{"@type":"Article","@id":"https:\/\/batijournal.com\/index.php\/demolition-programmee-d%c2%92une-sucrerie-du-xixe-siecle-tout-le-monde-n%c2%92est-pas-d%c2%92accord\/75494\/#article","isPartOf":{"@id":"https:\/\/batijournal.com\/index.php\/demolition-programmee-d%c2%92une-sucrerie-du-xixe-siecle-tout-le-monde-n%c2%92est-pas-d%c2%92accord\/75494\/"},"author":{"name":"Bati-journal","@id":"https:\/\/batijournal.com\/#\/schema\/person\/6a657e8967569e1b299972574848aa76"},"headline":"D\u00e9molition programm\u00e9e d\u0092&rsquo;une sucrerie du XIXe si\u00e8cle, tout le monde n\u0092&rsquo;est pas d\u0092&rsquo;accord","datePublished":"2011-08-30T22:00:00+00:00","dateModified":"2019-07-15T09:18:34+00:00","mainEntityOfPage":{"@id":"https:\/\/batijournal.com\/index.php\/demolition-programmee-d%c2%92une-sucrerie-du-xixe-siecle-tout-le-monde-n%c2%92est-pas-d%c2%92accord\/75494\/"},"wordCount":302,"commentCount":0,"image":{"@id":"https:\/\/batijournal.com\/index.php\/demolition-programmee-d%c2%92une-sucrerie-du-xixe-siecle-tout-le-monde-n%c2%92est-pas-d%c2%92accord\/75494\/#primaryimage"},"thumbnailUrl":"https:\/\/batijournal.com\/wp-content\/uploads\/2015\/03\/29629915.jpg","keywords":["d\u00e9molition"],"articleSection":["Architecture &amp; Conception"],"inLanguage":"fr-FR","potentialAction":[{"@type":"CommentAction","name":"Comment","target":["https:\/\/batijournal.com\/index.php\/demolition-programmee-d%c2%92une-sucrerie-du-xixe-siecle-tout-le-monde-n%c2%92est-pas-d%c2%92accord\/75494\/#respond"]}]},{"@type":"WebPage","@id":"https:\/\/batijournal.com\/index.php\/demolition-programmee-d%c2%92une-sucrerie-du-xixe-siecle-tout-le-monde-n%c2%92est-pas-d%c2%92accord\/75494\/","url":"https:\/\/batijournal.com\/index.php\/demolition-programmee-d%c2%92une-sucrerie-du-xixe-siecle-tout-le-monde-n%c2%92est-pas-d%c2%92accord\/75494\/","name":"D\u00e9molition programm\u00e9e d\u0092'une sucrerie du XIXe si\u00e8cle, tout le monde n\u0092'est pas d\u0092'accord","isPartOf":{"@id":"https:\/\/batijournal.com\/#website"},"primaryImageOfPage":{"@id":"https:\/\/batijournal.com\/index.php\/demolition-programmee-d%c2%92une-sucrerie-du-xixe-siecle-tout-le-monde-n%c2%92est-pas-d%c2%92accord\/75494\/#primaryimage"},"image":{"@id":"https:\/\/batijournal.com\/index.php\/demolition-programmee-d%c2%92une-sucrerie-du-xixe-siecle-tout-le-monde-n%c2%92est-pas-d%c2%92accord\/75494\/#primaryimage"},"thumbnailUrl":"https:\/\/batijournal.com\/wp-content\/uploads\/2015\/03\/29629915.jpg","datePublished":"2011-08-30T22:00:00+00:00","dateModified":"2019-07-15T09:18:34+00:00","author":{"@id":"https:\/\/batijournal.com\/#\/schema\/person\/6a657e8967569e1b299972574848aa76"},"breadcrumb":{"@id":"https:\/\/batijournal.com\/index.php\/demolition-programmee-d%c2%92une-sucrerie-du-xixe-siecle-tout-le-monde-n%c2%92est-pas-d%c2%92accord\/75494\/#breadcrumb"},"inLanguage":"fr-FR","potentialAction":[{"@type":"ReadAction","target":["https:\/\/batijournal.com\/index.php\/demolition-programmee-d%c2%92une-sucrerie-du-xixe-siecle-tout-le-monde-n%c2%92est-pas-d%c2%92accord\/75494\/"]}]},{"@type":"ImageObject","inLanguage":"fr-FR","@id":"https:\/\/batijournal.com\/index.php\/demolition-programmee-d%c2%92une-sucrerie-du-xixe-siecle-tout-le-monde-n%c2%92est-pas-d%c2%92accord\/75494\/#primaryimage","url":"https:\/\/batijournal.com\/wp-content\/uploads\/2015\/03\/29629915.jpg","contentUrl":"https:\/\/batijournal.com\/wp-content\/uploads\/2015\/03\/29629915.jpg","width":599,"height":338},{"@type":"BreadcrumbList","@id":"https:\/\/batijournal.com\/index.php\/demolition-programmee-d%c2%92une-sucrerie-du-xixe-siecle-tout-le-monde-n%c2%92est-pas-d%c2%92accord\/75494\/#breadcrumb","itemListElement":[{"@type":"ListItem","position":1,"name":"Accueil","item":"https:\/\/batijournal.com\/"},{"@type":"ListItem","position":2,"name":"Actualit\u00e9s","item":"https:\/\/batijournal.com\/index.php\/category\/actualites\/"},{"@type":"ListItem","position":3,"name":"Architecture &amp; Conception","item":"https:\/\/batijournal.com\/index.php\/category\/actualites\/architecture-conception\/"},{"@type":"ListItem","position":4,"name":"D\u00e9molition programm\u00e9e d\u0092&rsquo;une sucrerie du XIXe si\u00e8cle, tout le monde n\u0092&rsquo;est pas d\u0092&rsquo;accord"}]},{"@type":"WebSite","@id":"https:\/\/batijournal.com\/#website","url":"https:\/\/batijournal.com\/","name":"Batijournal","description":"L&#039;actualit\u00e9 du b\u00e2timent","potentialAction":[{"@type":"SearchAction","target":{"@type":"EntryPoint","urlTemplate":"https:\/\/batijournal.com\/?s={search_term_string}"},"query-input":{"@type":"PropertyValueSpecification","valueRequired":true,"valueName":"search_term_string"}}],"inLanguage":"fr-FR"},{"@type":"Person","@id":"https:\/\/batijournal.com\/#\/schema\/person\/6a657e8967569e1b299972574848aa76","name":"Bati-journal","image":{"@type":"ImageObject","inLanguage":"fr-FR","@id":"https:\/\/secure.gravatar.com\/avatar\/a64364ea26392f9b4dd47e017ddaec74ff03aefc073b49e492e847201258f777?s=96&d=mm&r=g","url":"https:\/\/secure.gravatar.com\/avatar\/a64364ea26392f9b4dd47e017ddaec74ff03aefc073b49e492e847201258f777?s=96&d=mm&r=g","contentUrl":"https:\/\/secure.gravatar.com\/avatar\/a64364ea26392f9b4dd47e017ddaec74ff03aefc073b49e492e847201258f777?s=96&d=mm&r=g","caption":"Bati-journal"},"url":"https:\/\/batijournal.com\/index.php\/author\/elodie\/"}]}},"_links":{"self":[{"href":"https:\/\/batijournal.com\/index.php\/wp-json\/wp\/v2\/posts\/75494","targetHints":{"allow":["GET"]}}],"collection":[{"href":"https:\/\/batijournal.com\/index.php\/wp-json\/wp\/v2\/posts"}],"about":[{"href":"https:\/\/batijournal.com\/index.php\/wp-json\/wp\/v2\/types\/post"}],"author":[{"embeddable":true,"href":"https:\/\/batijournal.com\/index.php\/wp-json\/wp\/v2\/users\/1"}],"replies":[{"embeddable":true,"href":"https:\/\/batijournal.com\/index.php\/wp-json\/wp\/v2\/comments?post=75494"}],"version-history":[{"count":0,"href":"https:\/\/batijournal.com\/index.php\/wp-json\/wp\/v2\/posts\/75494\/revisions"}],"wp:featuredmedia":[{"embeddable":true,"href":"https:\/\/batijournal.com\/index.php\/wp-json\/wp\/v2\/media\/75495"}],"wp:attachment":[{"href":"https:\/\/batijournal.com\/index.php\/wp-json\/wp\/v2\/media?parent=75494"}],"wp:term":[{"taxonomy":"category","embeddable":true,"href":"https:\/\/batijournal.com\/index.php\/wp-json\/wp\/v2\/categories?post=75494"},{"taxonomy":"post_tag","embeddable":true,"href":"https:\/\/batijournal.com\/index.php\/wp-json\/wp\/v2\/tags?post=75494"}],"curies":[{"name":"wp","href":"https:\/\/api.w.org\/{rel}","templated":true}]}}