{"id":75526,"date":"2011-09-28T00:00:00","date_gmt":"2011-09-27T22:00:00","guid":{"rendered":"http:\/\/b.bati-journal.com\/commission-nationale-des-secteurs-sauvegardes-cest-reparti\/75526"},"modified":"2019-07-15T11:18:30","modified_gmt":"2019-07-15T09:18:30","slug":"commission-nationale-des-secteurs-sauvegardes-cest-reparti","status":"publish","type":"post","link":"https:\/\/batijournal.com\/index.php\/commission-nationale-des-secteurs-sauvegardes-cest-reparti\/75526\/","title":{"rendered":"Commission nationale des secteurs sauvegard\u00e9s : c&rsquo;est reparti !"},"content":{"rendered":"<p>Fr\u00e9d\u00e9ric Mitterrand, ministre de la Culture et de la Communication, a ouvert la Commission nationale des secteurs sauvegard\u00e9s. Il a rappel\u00e9 l&rsquo;importance de ce dispositif puissant de protection de la qualit\u00e9 architecturale du b\u00e2ti, des paysages et du patrimoine mettant en valeur les centres et quartiers anciens. Cr\u00e9\u00e9s par la loi Malraux de 1962, les secteurs sauvegard\u00e9s (103 aujourd&rsquo;hui) couvrent des typologies de villes tr\u00e8s diff\u00e9rentes, d\u00e9sormais ouverts \u00e0 de v\u00e9ritables \u00ab syst\u00e8mes paysagers \u00bb. Le ministre a soulign\u00e9 la responsabilit\u00e9 de l&rsquo;Etat et l&rsquo;importance des missions confi\u00e9es aux services du Minist\u00e8re de la Culture et de la Communication en tant que garants d&rsquo;un patrimoine urbain d&rsquo;int\u00e9r\u00eat national, voire international dans le cadre des secteurs inscrits au patrimoine mondial de l&rsquo;Unesco (Paris, Bordeaux, Albi). Il a rappel\u00e9 la qualit\u00e9 et la pertinence du dispositif des Secteurs sauvegard\u00e9s afin de promouvoir la mise en valeur du patrimoine, la revitalisation et la qualit\u00e9 de la vie dans le cadre d&rsquo;un v\u00e9ritable projet urbain et d&rsquo;une approche concert\u00e9e avec les \u00e9lus, les habitants et les acteurs \u00e9conomiques. Il a conclu en soulignant combien les normes de protection du patrimoine ont montr\u00e9 leur pertinence et combien le n\u00e9cessaire am\u00e9nagement des territoires passe aussi par le respect de la qualit\u00e9 des paysages et du d\u00e9cor urbain. A l&rsquo;occasion de cette Commission, Fr\u00e9d\u00e9ric Mitterrand a rendu un hommage au s\u00e9nateur Yves Dauge, qui en a \u00e9t\u00e9 le Pr\u00e9sident pendant 10 ans et dont l&rsquo;engagement pour les politiques du Patrimoine dans notre pays a \u00e9t\u00e9 constant et exemplaire.<\/p>\n","protected":false},"excerpt":{"rendered":"<p>Fr\u00e9d\u00e9ric Mitterrand, ministre de la Culture et de la Communication, a ouvert la Commission nationale des secteurs sauvegard\u00e9s. Il a rappel\u00e9 l&rsquo;importance de ce dispositif puissant de protection de la qualit\u00e9 architecturale du b\u00e2ti, des paysages et du patrimoine mettant en valeur les centres et quartiers anciens. Cr\u00e9\u00e9s par la loi Malraux de 1962, les [&hellip;]<\/p>\n","protected":false},"author":1,"featured_media":0,"comment_status":"open","ping_status":"closed","sticky":false,"template":"","format":"standard","meta":{"_et_pb_use_builder":"","_et_pb_old_content":"","_et_gb_content_width":"","footnotes":""},"categories":[6340],"tags":[],"class_list":["post-75526","post","type-post","status-publish","format-standard","hentry","category-architecture-conception"],"yoast_head":"<!-- This site is optimized with the Yoast SEO plugin v27.4 - https:\/\/yoast.com\/product\/yoast-seo-wordpress\/ -->\n<title>Commission nationale des secteurs sauvegard\u00e9s : c&#039;est reparti !<\/title>\n<meta name=\"robots\" content=\"index, follow, max-snippet:-1, max-image-preview:large, max-video-preview:-1\" \/>\n<link rel=\"canonical\" href=\"https:\/\/batijournal.com\/index.php\/commission-nationale-des-secteurs-sauvegardes-cest-reparti\/75526\/\" \/>\n<meta property=\"og:locale\" content=\"fr_FR\" \/>\n<meta property=\"og:type\" content=\"article\" \/>\n<meta property=\"og:title\" content=\"Commission nationale des secteurs sauvegard\u00e9s : c&#039;est reparti !\" \/>\n<meta property=\"og:description\" content=\"Fr\u00e9d\u00e9ric Mitterrand, ministre de la Culture et de la Communication, a ouvert la Commission nationale des secteurs sauvegard\u00e9s. Il a rappel\u00e9 l&rsquo;importance de ce dispositif puissant de protection de la qualit\u00e9 architecturale du b\u00e2ti, des paysages et du patrimoine mettant en valeur les centres et quartiers anciens. Cr\u00e9\u00e9s par la loi Malraux de 1962, les [&hellip;]\" \/>\n<meta property=\"og:url\" content=\"https:\/\/batijournal.com\/index.php\/commission-nationale-des-secteurs-sauvegardes-cest-reparti\/75526\/\" \/>\n<meta property=\"og:site_name\" content=\"Batijournal\" \/>\n<meta property=\"article:published_time\" content=\"2011-09-27T22:00:00+00:00\" \/>\n<meta property=\"article:modified_time\" content=\"2019-07-15T09:18:30+00:00\" \/>\n<meta name=\"author\" content=\"Bati-journal\" \/>\n<meta name=\"twitter:card\" content=\"summary_large_image\" \/>\n<meta name=\"twitter:creator\" content=\"@bati_journal\" \/>\n<meta name=\"twitter:site\" content=\"@bati_journal\" \/>\n<meta name=\"twitter:label1\" content=\"\u00c9crit par\" \/>\n\t<meta name=\"twitter:data1\" content=\"Bati-journal\" \/>\n\t<meta name=\"twitter:label2\" content=\"Dur\u00e9e de lecture estim\u00e9e\" \/>\n\t<meta name=\"twitter:data2\" content=\"1 minute\" \/>\n<script type=\"application\/ld+json\" class=\"yoast-schema-graph\">{\"@context\":\"https:\\\/\\\/schema.org\",\"@graph\":[{\"@type\":\"Article\",\"@id\":\"https:\\\/\\\/batijournal.com\\\/index.php\\\/commission-nationale-des-secteurs-sauvegardes-cest-reparti\\\/75526\\\/#article\",\"isPartOf\":{\"@id\":\"https:\\\/\\\/batijournal.com\\\/index.php\\\/commission-nationale-des-secteurs-sauvegardes-cest-reparti\\\/75526\\\/\"},\"author\":{\"name\":\"Bati-journal\",\"@id\":\"https:\\\/\\\/batijournal.com\\\/#\\\/schema\\\/person\\\/6a657e8967569e1b299972574848aa76\"},\"headline\":\"Commission nationale des secteurs sauvegard\u00e9s : c&rsquo;est reparti !\",\"datePublished\":\"2011-09-27T22:00:00+00:00\",\"dateModified\":\"2019-07-15T09:18:30+00:00\",\"mainEntityOfPage\":{\"@id\":\"https:\\\/\\\/batijournal.com\\\/index.php\\\/commission-nationale-des-secteurs-sauvegardes-cest-reparti\\\/75526\\\/\"},\"wordCount\":290,\"commentCount\":0,\"articleSection\":[\"Architecture &amp; Conception\"],\"inLanguage\":\"fr-FR\",\"potentialAction\":[{\"@type\":\"CommentAction\",\"name\":\"Comment\",\"target\":[\"https:\\\/\\\/batijournal.com\\\/index.php\\\/commission-nationale-des-secteurs-sauvegardes-cest-reparti\\\/75526\\\/#respond\"]}]},{\"@type\":\"WebPage\",\"@id\":\"https:\\\/\\\/batijournal.com\\\/index.php\\\/commission-nationale-des-secteurs-sauvegardes-cest-reparti\\\/75526\\\/\",\"url\":\"https:\\\/\\\/batijournal.com\\\/index.php\\\/commission-nationale-des-secteurs-sauvegardes-cest-reparti\\\/75526\\\/\",\"name\":\"Commission nationale des secteurs sauvegard\u00e9s : c'est reparti !\",\"isPartOf\":{\"@id\":\"https:\\\/\\\/batijournal.com\\\/#website\"},\"datePublished\":\"2011-09-27T22:00:00+00:00\",\"dateModified\":\"2019-07-15T09:18:30+00:00\",\"author\":{\"@id\":\"https:\\\/\\\/batijournal.com\\\/#\\\/schema\\\/person\\\/6a657e8967569e1b299972574848aa76\"},\"breadcrumb\":{\"@id\":\"https:\\\/\\\/batijournal.com\\\/index.php\\\/commission-nationale-des-secteurs-sauvegardes-cest-reparti\\\/75526\\\/#breadcrumb\"},\"inLanguage\":\"fr-FR\",\"potentialAction\":[{\"@type\":\"ReadAction\",\"target\":[\"https:\\\/\\\/batijournal.com\\\/index.php\\\/commission-nationale-des-secteurs-sauvegardes-cest-reparti\\\/75526\\\/\"]}]},{\"@type\":\"BreadcrumbList\",\"@id\":\"https:\\\/\\\/batijournal.com\\\/index.php\\\/commission-nationale-des-secteurs-sauvegardes-cest-reparti\\\/75526\\\/#breadcrumb\",\"itemListElement\":[{\"@type\":\"ListItem\",\"position\":1,\"name\":\"Accueil\",\"item\":\"https:\\\/\\\/batijournal.com\\\/\"},{\"@type\":\"ListItem\",\"position\":2,\"name\":\"Actualit\u00e9s\",\"item\":\"https:\\\/\\\/batijournal.com\\\/index.php\\\/category\\\/actualites\\\/\"},{\"@type\":\"ListItem\",\"position\":3,\"name\":\"Architecture &amp; Conception\",\"item\":\"https:\\\/\\\/batijournal.com\\\/index.php\\\/category\\\/actualites\\\/architecture-conception\\\/\"},{\"@type\":\"ListItem\",\"position\":4,\"name\":\"Commission nationale des secteurs sauvegard\u00e9s : c&rsquo;est reparti !\"}]},{\"@type\":\"WebSite\",\"@id\":\"https:\\\/\\\/batijournal.com\\\/#website\",\"url\":\"https:\\\/\\\/batijournal.com\\\/\",\"name\":\"Batijournal\",\"description\":\"L&#039;actualit\u00e9 du b\u00e2timent\",\"potentialAction\":[{\"@type\":\"SearchAction\",\"target\":{\"@type\":\"EntryPoint\",\"urlTemplate\":\"https:\\\/\\\/batijournal.com\\\/?s={search_term_string}\"},\"query-input\":{\"@type\":\"PropertyValueSpecification\",\"valueRequired\":true,\"valueName\":\"search_term_string\"}}],\"inLanguage\":\"fr-FR\"},{\"@type\":\"Person\",\"@id\":\"https:\\\/\\\/batijournal.com\\\/#\\\/schema\\\/person\\\/6a657e8967569e1b299972574848aa76\",\"name\":\"Bati-journal\",\"image\":{\"@type\":\"ImageObject\",\"inLanguage\":\"fr-FR\",\"@id\":\"https:\\\/\\\/secure.gravatar.com\\\/avatar\\\/a64364ea26392f9b4dd47e017ddaec74ff03aefc073b49e492e847201258f777?s=96&d=mm&r=g\",\"url\":\"https:\\\/\\\/secure.gravatar.com\\\/avatar\\\/a64364ea26392f9b4dd47e017ddaec74ff03aefc073b49e492e847201258f777?s=96&d=mm&r=g\",\"contentUrl\":\"https:\\\/\\\/secure.gravatar.com\\\/avatar\\\/a64364ea26392f9b4dd47e017ddaec74ff03aefc073b49e492e847201258f777?s=96&d=mm&r=g\",\"caption\":\"Bati-journal\"},\"url\":\"https:\\\/\\\/batijournal.com\\\/index.php\\\/author\\\/elodie\\\/\"}]}<\/script>\n<!-- \/ Yoast SEO plugin. -->","yoast_head_json":{"title":"Commission nationale des secteurs sauvegard\u00e9s : c'est reparti !","robots":{"index":"index","follow":"follow","max-snippet":"max-snippet:-1","max-image-preview":"max-image-preview:large","max-video-preview":"max-video-preview:-1"},"canonical":"https:\/\/batijournal.com\/index.php\/commission-nationale-des-secteurs-sauvegardes-cest-reparti\/75526\/","og_locale":"fr_FR","og_type":"article","og_title":"Commission nationale des secteurs sauvegard\u00e9s : c'est reparti !","og_description":"Fr\u00e9d\u00e9ric Mitterrand, ministre de la Culture et de la Communication, a ouvert la Commission nationale des secteurs sauvegard\u00e9s. Il a rappel\u00e9 l&rsquo;importance de ce dispositif puissant de protection de la qualit\u00e9 architecturale du b\u00e2ti, des paysages et du patrimoine mettant en valeur les centres et quartiers anciens. Cr\u00e9\u00e9s par la loi Malraux de 1962, les [&hellip;]","og_url":"https:\/\/batijournal.com\/index.php\/commission-nationale-des-secteurs-sauvegardes-cest-reparti\/75526\/","og_site_name":"Batijournal","article_published_time":"2011-09-27T22:00:00+00:00","article_modified_time":"2019-07-15T09:18:30+00:00","author":"Bati-journal","twitter_card":"summary_large_image","twitter_creator":"@bati_journal","twitter_site":"@bati_journal","twitter_misc":{"\u00c9crit par":"Bati-journal","Dur\u00e9e de lecture estim\u00e9e":"1 minute"},"schema":{"@context":"https:\/\/schema.org","@graph":[{"@type":"Article","@id":"https:\/\/batijournal.com\/index.php\/commission-nationale-des-secteurs-sauvegardes-cest-reparti\/75526\/#article","isPartOf":{"@id":"https:\/\/batijournal.com\/index.php\/commission-nationale-des-secteurs-sauvegardes-cest-reparti\/75526\/"},"author":{"name":"Bati-journal","@id":"https:\/\/batijournal.com\/#\/schema\/person\/6a657e8967569e1b299972574848aa76"},"headline":"Commission nationale des secteurs sauvegard\u00e9s : c&rsquo;est reparti !","datePublished":"2011-09-27T22:00:00+00:00","dateModified":"2019-07-15T09:18:30+00:00","mainEntityOfPage":{"@id":"https:\/\/batijournal.com\/index.php\/commission-nationale-des-secteurs-sauvegardes-cest-reparti\/75526\/"},"wordCount":290,"commentCount":0,"articleSection":["Architecture &amp; Conception"],"inLanguage":"fr-FR","potentialAction":[{"@type":"CommentAction","name":"Comment","target":["https:\/\/batijournal.com\/index.php\/commission-nationale-des-secteurs-sauvegardes-cest-reparti\/75526\/#respond"]}]},{"@type":"WebPage","@id":"https:\/\/batijournal.com\/index.php\/commission-nationale-des-secteurs-sauvegardes-cest-reparti\/75526\/","url":"https:\/\/batijournal.com\/index.php\/commission-nationale-des-secteurs-sauvegardes-cest-reparti\/75526\/","name":"Commission nationale des secteurs sauvegard\u00e9s : c'est reparti !","isPartOf":{"@id":"https:\/\/batijournal.com\/#website"},"datePublished":"2011-09-27T22:00:00+00:00","dateModified":"2019-07-15T09:18:30+00:00","author":{"@id":"https:\/\/batijournal.com\/#\/schema\/person\/6a657e8967569e1b299972574848aa76"},"breadcrumb":{"@id":"https:\/\/batijournal.com\/index.php\/commission-nationale-des-secteurs-sauvegardes-cest-reparti\/75526\/#breadcrumb"},"inLanguage":"fr-FR","potentialAction":[{"@type":"ReadAction","target":["https:\/\/batijournal.com\/index.php\/commission-nationale-des-secteurs-sauvegardes-cest-reparti\/75526\/"]}]},{"@type":"BreadcrumbList","@id":"https:\/\/batijournal.com\/index.php\/commission-nationale-des-secteurs-sauvegardes-cest-reparti\/75526\/#breadcrumb","itemListElement":[{"@type":"ListItem","position":1,"name":"Accueil","item":"https:\/\/batijournal.com\/"},{"@type":"ListItem","position":2,"name":"Actualit\u00e9s","item":"https:\/\/batijournal.com\/index.php\/category\/actualites\/"},{"@type":"ListItem","position":3,"name":"Architecture &amp; Conception","item":"https:\/\/batijournal.com\/index.php\/category\/actualites\/architecture-conception\/"},{"@type":"ListItem","position":4,"name":"Commission nationale des secteurs sauvegard\u00e9s : c&rsquo;est reparti !"}]},{"@type":"WebSite","@id":"https:\/\/batijournal.com\/#website","url":"https:\/\/batijournal.com\/","name":"Batijournal","description":"L&#039;actualit\u00e9 du b\u00e2timent","potentialAction":[{"@type":"SearchAction","target":{"@type":"EntryPoint","urlTemplate":"https:\/\/batijournal.com\/?s={search_term_string}"},"query-input":{"@type":"PropertyValueSpecification","valueRequired":true,"valueName":"search_term_string"}}],"inLanguage":"fr-FR"},{"@type":"Person","@id":"https:\/\/batijournal.com\/#\/schema\/person\/6a657e8967569e1b299972574848aa76","name":"Bati-journal","image":{"@type":"ImageObject","inLanguage":"fr-FR","@id":"https:\/\/secure.gravatar.com\/avatar\/a64364ea26392f9b4dd47e017ddaec74ff03aefc073b49e492e847201258f777?s=96&d=mm&r=g","url":"https:\/\/secure.gravatar.com\/avatar\/a64364ea26392f9b4dd47e017ddaec74ff03aefc073b49e492e847201258f777?s=96&d=mm&r=g","contentUrl":"https:\/\/secure.gravatar.com\/avatar\/a64364ea26392f9b4dd47e017ddaec74ff03aefc073b49e492e847201258f777?s=96&d=mm&r=g","caption":"Bati-journal"},"url":"https:\/\/batijournal.com\/index.php\/author\/elodie\/"}]}},"_links":{"self":[{"href":"https:\/\/batijournal.com\/index.php\/wp-json\/wp\/v2\/posts\/75526","targetHints":{"allow":["GET"]}}],"collection":[{"href":"https:\/\/batijournal.com\/index.php\/wp-json\/wp\/v2\/posts"}],"about":[{"href":"https:\/\/batijournal.com\/index.php\/wp-json\/wp\/v2\/types\/post"}],"author":[{"embeddable":true,"href":"https:\/\/batijournal.com\/index.php\/wp-json\/wp\/v2\/users\/1"}],"replies":[{"embeddable":true,"href":"https:\/\/batijournal.com\/index.php\/wp-json\/wp\/v2\/comments?post=75526"}],"version-history":[{"count":0,"href":"https:\/\/batijournal.com\/index.php\/wp-json\/wp\/v2\/posts\/75526\/revisions"}],"wp:attachment":[{"href":"https:\/\/batijournal.com\/index.php\/wp-json\/wp\/v2\/media?parent=75526"}],"wp:term":[{"taxonomy":"category","embeddable":true,"href":"https:\/\/batijournal.com\/index.php\/wp-json\/wp\/v2\/categories?post=75526"},{"taxonomy":"post_tag","embeddable":true,"href":"https:\/\/batijournal.com\/index.php\/wp-json\/wp\/v2\/tags?post=75526"}],"curies":[{"name":"wp","href":"https:\/\/api.w.org\/{rel}","templated":true}]}}