{"id":75577,"date":"2012-01-04T00:00:00","date_gmt":"2012-01-03T23:00:00","guid":{"rendered":"http:\/\/b.bati-journal.com\/creation-de-la-maison-de-lhistoire-de-france-et-nomination-de-sa-presidente\/75577"},"modified":"2019-07-15T11:18:25","modified_gmt":"2019-07-15T09:18:25","slug":"creation-de-la-maison-de-lhistoire-de-france-et-nomination-de-sa-presidente","status":"publish","type":"post","link":"https:\/\/batijournal.com\/index.php\/creation-de-la-maison-de-lhistoire-de-france-et-nomination-de-sa-presidente\/75577\/","title":{"rendered":"Cr\u00e9ation de la Maison de l&rsquo;histoire de France et nomination de sa pr\u00e9sidente"},"content":{"rendered":"<p>La Maison de l&rsquo;histoire de France est n\u00e9e le 1er janvier 2012 sous la forme d&rsquo;un \u00e9tablissement public administratif (EPA) plac\u00e9 sous la tutelle du Minist\u00e8re de la Culture et de la Communication. L&rsquo;une des premi\u00e8res missions de la Maison de l&rsquo;histoire de France consistera \u00e0 mobiliser ou \u00e0 \u00e9laborer, au service de la connaissance et de la diffusion de l&rsquo;histoire, une large gamme d&rsquo;outils : productions audiovisuelles, colloques, expositions, \u00e9ditions. L&rsquo;ouverture, d\u00e8s le 18 janvier 2012, de l&rsquo;exposition \u00ab La France en relief &#8211; Chefs d&rsquo;oeuvre de la collection des plans-reliefs de Louis XIV \u00e0 Napol\u00e9on III \u00bb, abrit\u00e9e sous la nef du Grand-Palais avec une sc\u00e9nographie et des dispositifs multim\u00e9dia innovants, sera la premi\u00e8re grande op\u00e9ration. L&rsquo;\u00e9tablissement sera \u00e9galement appel\u00e9 \u00e0 concevoir et r\u00e9aliser la Galerie des temps qui sera implant\u00e9e dans le Quadrilat\u00e8re Rohan-Soubise, ainsi que des espaces d&rsquo;exposition temporaire. Madame Maryvonne de Saint-Pulgent, Conseiller d&rsquo;Etat, qui fut directrice du Patrimoine au Minist\u00e8re de la culture et qui pr\u00e9side actuellement le comit\u00e9 d&rsquo;Histoire du minist\u00e8re est nomm\u00e9e pr\u00e9sidente de l&rsquo;\u00e9tablissement public.<\/p>\n","protected":false},"excerpt":{"rendered":"<p>La Maison de l&rsquo;histoire de France est n\u00e9e le 1er janvier 2012 sous la forme d&rsquo;un \u00e9tablissement public administratif (EPA) plac\u00e9 sous la tutelle du Minist\u00e8re de la Culture et de la Communication. L&rsquo;une des premi\u00e8res missions de la Maison de l&rsquo;histoire de France consistera \u00e0 mobiliser ou \u00e0 \u00e9laborer, au service de la connaissance [&hellip;]<\/p>\n","protected":false},"author":1,"featured_media":75578,"comment_status":"open","ping_status":"closed","sticky":false,"template":"","format":"standard","meta":{"_et_pb_use_builder":"","_et_pb_old_content":"","_et_gb_content_width":"","footnotes":""},"categories":[6340],"tags":[8375],"class_list":["post-75577","post","type-post","status-publish","format-standard","has-post-thumbnail","hentry","category-architecture-conception","tag-maison-de-lhistoire-de-france"],"yoast_head":"<!-- This site is optimized with the Yoast SEO plugin v27.4 - https:\/\/yoast.com\/product\/yoast-seo-wordpress\/ -->\n<title>Cr\u00e9ation de la Maison de l&#039;histoire de France et nomination de sa pr\u00e9sidente<\/title>\n<meta name=\"robots\" content=\"index, follow, max-snippet:-1, max-image-preview:large, max-video-preview:-1\" \/>\n<link rel=\"canonical\" href=\"https:\/\/batijournal.com\/index.php\/creation-de-la-maison-de-lhistoire-de-france-et-nomination-de-sa-presidente\/75577\/\" \/>\n<meta property=\"og:locale\" content=\"fr_FR\" \/>\n<meta property=\"og:type\" content=\"article\" \/>\n<meta property=\"og:title\" content=\"Cr\u00e9ation de la Maison de l&#039;histoire de France et nomination de sa pr\u00e9sidente\" \/>\n<meta property=\"og:description\" content=\"La Maison de l&rsquo;histoire de France est n\u00e9e le 1er janvier 2012 sous la forme d&rsquo;un \u00e9tablissement public administratif (EPA) plac\u00e9 sous la tutelle du Minist\u00e8re de la Culture et de la Communication. L&rsquo;une des premi\u00e8res missions de la Maison de l&rsquo;histoire de France consistera \u00e0 mobiliser ou \u00e0 \u00e9laborer, au service de la connaissance [&hellip;]\" \/>\n<meta property=\"og:url\" content=\"https:\/\/batijournal.com\/index.php\/creation-de-la-maison-de-lhistoire-de-france-et-nomination-de-sa-presidente\/75577\/\" \/>\n<meta property=\"og:site_name\" content=\"Batijournal\" \/>\n<meta property=\"article:published_time\" content=\"2012-01-03T23:00:00+00:00\" \/>\n<meta property=\"article:modified_time\" content=\"2019-07-15T09:18:25+00:00\" \/>\n<meta property=\"og:image\" content=\"https:\/\/batijournal.com\/wp-content\/uploads\/2015\/03\/37190337.jpg\" \/>\n\t<meta property=\"og:image:width\" content=\"600\" \/>\n\t<meta property=\"og:image:height\" content=\"398\" \/>\n\t<meta property=\"og:image:type\" content=\"image\/jpeg\" \/>\n<meta name=\"author\" content=\"Bati-journal\" \/>\n<meta name=\"twitter:card\" content=\"summary_large_image\" \/>\n<meta name=\"twitter:creator\" content=\"@bati_journal\" \/>\n<meta name=\"twitter:site\" content=\"@bati_journal\" \/>\n<meta name=\"twitter:label1\" content=\"\u00c9crit par\" \/>\n\t<meta name=\"twitter:data1\" content=\"Bati-journal\" \/>\n\t<meta name=\"twitter:label2\" content=\"Dur\u00e9e de lecture estim\u00e9e\" \/>\n\t<meta name=\"twitter:data2\" content=\"1 minute\" \/>\n<script type=\"application\/ld+json\" class=\"yoast-schema-graph\">{\"@context\":\"https:\\\/\\\/schema.org\",\"@graph\":[{\"@type\":\"Article\",\"@id\":\"https:\\\/\\\/batijournal.com\\\/index.php\\\/creation-de-la-maison-de-lhistoire-de-france-et-nomination-de-sa-presidente\\\/75577\\\/#article\",\"isPartOf\":{\"@id\":\"https:\\\/\\\/batijournal.com\\\/index.php\\\/creation-de-la-maison-de-lhistoire-de-france-et-nomination-de-sa-presidente\\\/75577\\\/\"},\"author\":{\"name\":\"Bati-journal\",\"@id\":\"https:\\\/\\\/batijournal.com\\\/#\\\/schema\\\/person\\\/6a657e8967569e1b299972574848aa76\"},\"headline\":\"Cr\u00e9ation de la Maison de l&rsquo;histoire de France et nomination de sa pr\u00e9sidente\",\"datePublished\":\"2012-01-03T23:00:00+00:00\",\"dateModified\":\"2019-07-15T09:18:25+00:00\",\"mainEntityOfPage\":{\"@id\":\"https:\\\/\\\/batijournal.com\\\/index.php\\\/creation-de-la-maison-de-lhistoire-de-france-et-nomination-de-sa-presidente\\\/75577\\\/\"},\"wordCount\":212,\"commentCount\":0,\"image\":{\"@id\":\"https:\\\/\\\/batijournal.com\\\/index.php\\\/creation-de-la-maison-de-lhistoire-de-france-et-nomination-de-sa-presidente\\\/75577\\\/#primaryimage\"},\"thumbnailUrl\":\"https:\\\/\\\/batijournal.com\\\/wp-content\\\/uploads\\\/2015\\\/03\\\/37190337.jpg\",\"keywords\":[\"maison de lhistoire de france\"],\"articleSection\":[\"Architecture &amp; Conception\"],\"inLanguage\":\"fr-FR\",\"potentialAction\":[{\"@type\":\"CommentAction\",\"name\":\"Comment\",\"target\":[\"https:\\\/\\\/batijournal.com\\\/index.php\\\/creation-de-la-maison-de-lhistoire-de-france-et-nomination-de-sa-presidente\\\/75577\\\/#respond\"]}]},{\"@type\":\"WebPage\",\"@id\":\"https:\\\/\\\/batijournal.com\\\/index.php\\\/creation-de-la-maison-de-lhistoire-de-france-et-nomination-de-sa-presidente\\\/75577\\\/\",\"url\":\"https:\\\/\\\/batijournal.com\\\/index.php\\\/creation-de-la-maison-de-lhistoire-de-france-et-nomination-de-sa-presidente\\\/75577\\\/\",\"name\":\"Cr\u00e9ation de la Maison de l'histoire de France et nomination de sa pr\u00e9sidente\",\"isPartOf\":{\"@id\":\"https:\\\/\\\/batijournal.com\\\/#website\"},\"primaryImageOfPage\":{\"@id\":\"https:\\\/\\\/batijournal.com\\\/index.php\\\/creation-de-la-maison-de-lhistoire-de-france-et-nomination-de-sa-presidente\\\/75577\\\/#primaryimage\"},\"image\":{\"@id\":\"https:\\\/\\\/batijournal.com\\\/index.php\\\/creation-de-la-maison-de-lhistoire-de-france-et-nomination-de-sa-presidente\\\/75577\\\/#primaryimage\"},\"thumbnailUrl\":\"https:\\\/\\\/batijournal.com\\\/wp-content\\\/uploads\\\/2015\\\/03\\\/37190337.jpg\",\"datePublished\":\"2012-01-03T23:00:00+00:00\",\"dateModified\":\"2019-07-15T09:18:25+00:00\",\"author\":{\"@id\":\"https:\\\/\\\/batijournal.com\\\/#\\\/schema\\\/person\\\/6a657e8967569e1b299972574848aa76\"},\"breadcrumb\":{\"@id\":\"https:\\\/\\\/batijournal.com\\\/index.php\\\/creation-de-la-maison-de-lhistoire-de-france-et-nomination-de-sa-presidente\\\/75577\\\/#breadcrumb\"},\"inLanguage\":\"fr-FR\",\"potentialAction\":[{\"@type\":\"ReadAction\",\"target\":[\"https:\\\/\\\/batijournal.com\\\/index.php\\\/creation-de-la-maison-de-lhistoire-de-france-et-nomination-de-sa-presidente\\\/75577\\\/\"]}]},{\"@type\":\"ImageObject\",\"inLanguage\":\"fr-FR\",\"@id\":\"https:\\\/\\\/batijournal.com\\\/index.php\\\/creation-de-la-maison-de-lhistoire-de-france-et-nomination-de-sa-presidente\\\/75577\\\/#primaryimage\",\"url\":\"https:\\\/\\\/batijournal.com\\\/wp-content\\\/uploads\\\/2015\\\/03\\\/37190337.jpg\",\"contentUrl\":\"https:\\\/\\\/batijournal.com\\\/wp-content\\\/uploads\\\/2015\\\/03\\\/37190337.jpg\",\"width\":600,\"height\":398},{\"@type\":\"BreadcrumbList\",\"@id\":\"https:\\\/\\\/batijournal.com\\\/index.php\\\/creation-de-la-maison-de-lhistoire-de-france-et-nomination-de-sa-presidente\\\/75577\\\/#breadcrumb\",\"itemListElement\":[{\"@type\":\"ListItem\",\"position\":1,\"name\":\"Accueil\",\"item\":\"https:\\\/\\\/batijournal.com\\\/\"},{\"@type\":\"ListItem\",\"position\":2,\"name\":\"Actualit\u00e9s\",\"item\":\"https:\\\/\\\/batijournal.com\\\/index.php\\\/category\\\/actualites\\\/\"},{\"@type\":\"ListItem\",\"position\":3,\"name\":\"Architecture &amp; Conception\",\"item\":\"https:\\\/\\\/batijournal.com\\\/index.php\\\/category\\\/actualites\\\/architecture-conception\\\/\"},{\"@type\":\"ListItem\",\"position\":4,\"name\":\"Cr\u00e9ation de la Maison de l&rsquo;histoire de France et nomination de sa pr\u00e9sidente\"}]},{\"@type\":\"WebSite\",\"@id\":\"https:\\\/\\\/batijournal.com\\\/#website\",\"url\":\"https:\\\/\\\/batijournal.com\\\/\",\"name\":\"Batijournal\",\"description\":\"L&#039;actualit\u00e9 du b\u00e2timent\",\"potentialAction\":[{\"@type\":\"SearchAction\",\"target\":{\"@type\":\"EntryPoint\",\"urlTemplate\":\"https:\\\/\\\/batijournal.com\\\/?s={search_term_string}\"},\"query-input\":{\"@type\":\"PropertyValueSpecification\",\"valueRequired\":true,\"valueName\":\"search_term_string\"}}],\"inLanguage\":\"fr-FR\"},{\"@type\":\"Person\",\"@id\":\"https:\\\/\\\/batijournal.com\\\/#\\\/schema\\\/person\\\/6a657e8967569e1b299972574848aa76\",\"name\":\"Bati-journal\",\"image\":{\"@type\":\"ImageObject\",\"inLanguage\":\"fr-FR\",\"@id\":\"https:\\\/\\\/secure.gravatar.com\\\/avatar\\\/a64364ea26392f9b4dd47e017ddaec74ff03aefc073b49e492e847201258f777?s=96&d=mm&r=g\",\"url\":\"https:\\\/\\\/secure.gravatar.com\\\/avatar\\\/a64364ea26392f9b4dd47e017ddaec74ff03aefc073b49e492e847201258f777?s=96&d=mm&r=g\",\"contentUrl\":\"https:\\\/\\\/secure.gravatar.com\\\/avatar\\\/a64364ea26392f9b4dd47e017ddaec74ff03aefc073b49e492e847201258f777?s=96&d=mm&r=g\",\"caption\":\"Bati-journal\"},\"url\":\"https:\\\/\\\/batijournal.com\\\/index.php\\\/author\\\/elodie\\\/\"}]}<\/script>\n<!-- \/ Yoast SEO plugin. -->","yoast_head_json":{"title":"Cr\u00e9ation de la Maison de l'histoire de France et nomination de sa pr\u00e9sidente","robots":{"index":"index","follow":"follow","max-snippet":"max-snippet:-1","max-image-preview":"max-image-preview:large","max-video-preview":"max-video-preview:-1"},"canonical":"https:\/\/batijournal.com\/index.php\/creation-de-la-maison-de-lhistoire-de-france-et-nomination-de-sa-presidente\/75577\/","og_locale":"fr_FR","og_type":"article","og_title":"Cr\u00e9ation de la Maison de l'histoire de France et nomination de sa pr\u00e9sidente","og_description":"La Maison de l&rsquo;histoire de France est n\u00e9e le 1er janvier 2012 sous la forme d&rsquo;un \u00e9tablissement public administratif (EPA) plac\u00e9 sous la tutelle du Minist\u00e8re de la Culture et de la Communication. L&rsquo;une des premi\u00e8res missions de la Maison de l&rsquo;histoire de France consistera \u00e0 mobiliser ou \u00e0 \u00e9laborer, au service de la connaissance [&hellip;]","og_url":"https:\/\/batijournal.com\/index.php\/creation-de-la-maison-de-lhistoire-de-france-et-nomination-de-sa-presidente\/75577\/","og_site_name":"Batijournal","article_published_time":"2012-01-03T23:00:00+00:00","article_modified_time":"2019-07-15T09:18:25+00:00","og_image":[{"width":600,"height":398,"url":"https:\/\/batijournal.com\/wp-content\/uploads\/2015\/03\/37190337.jpg","type":"image\/jpeg"}],"author":"Bati-journal","twitter_card":"summary_large_image","twitter_creator":"@bati_journal","twitter_site":"@bati_journal","twitter_misc":{"\u00c9crit par":"Bati-journal","Dur\u00e9e de lecture estim\u00e9e":"1 minute"},"schema":{"@context":"https:\/\/schema.org","@graph":[{"@type":"Article","@id":"https:\/\/batijournal.com\/index.php\/creation-de-la-maison-de-lhistoire-de-france-et-nomination-de-sa-presidente\/75577\/#article","isPartOf":{"@id":"https:\/\/batijournal.com\/index.php\/creation-de-la-maison-de-lhistoire-de-france-et-nomination-de-sa-presidente\/75577\/"},"author":{"name":"Bati-journal","@id":"https:\/\/batijournal.com\/#\/schema\/person\/6a657e8967569e1b299972574848aa76"},"headline":"Cr\u00e9ation de la Maison de l&rsquo;histoire de France et nomination de sa pr\u00e9sidente","datePublished":"2012-01-03T23:00:00+00:00","dateModified":"2019-07-15T09:18:25+00:00","mainEntityOfPage":{"@id":"https:\/\/batijournal.com\/index.php\/creation-de-la-maison-de-lhistoire-de-france-et-nomination-de-sa-presidente\/75577\/"},"wordCount":212,"commentCount":0,"image":{"@id":"https:\/\/batijournal.com\/index.php\/creation-de-la-maison-de-lhistoire-de-france-et-nomination-de-sa-presidente\/75577\/#primaryimage"},"thumbnailUrl":"https:\/\/batijournal.com\/wp-content\/uploads\/2015\/03\/37190337.jpg","keywords":["maison de lhistoire de france"],"articleSection":["Architecture &amp; Conception"],"inLanguage":"fr-FR","potentialAction":[{"@type":"CommentAction","name":"Comment","target":["https:\/\/batijournal.com\/index.php\/creation-de-la-maison-de-lhistoire-de-france-et-nomination-de-sa-presidente\/75577\/#respond"]}]},{"@type":"WebPage","@id":"https:\/\/batijournal.com\/index.php\/creation-de-la-maison-de-lhistoire-de-france-et-nomination-de-sa-presidente\/75577\/","url":"https:\/\/batijournal.com\/index.php\/creation-de-la-maison-de-lhistoire-de-france-et-nomination-de-sa-presidente\/75577\/","name":"Cr\u00e9ation de la Maison de l'histoire de France et nomination de sa pr\u00e9sidente","isPartOf":{"@id":"https:\/\/batijournal.com\/#website"},"primaryImageOfPage":{"@id":"https:\/\/batijournal.com\/index.php\/creation-de-la-maison-de-lhistoire-de-france-et-nomination-de-sa-presidente\/75577\/#primaryimage"},"image":{"@id":"https:\/\/batijournal.com\/index.php\/creation-de-la-maison-de-lhistoire-de-france-et-nomination-de-sa-presidente\/75577\/#primaryimage"},"thumbnailUrl":"https:\/\/batijournal.com\/wp-content\/uploads\/2015\/03\/37190337.jpg","datePublished":"2012-01-03T23:00:00+00:00","dateModified":"2019-07-15T09:18:25+00:00","author":{"@id":"https:\/\/batijournal.com\/#\/schema\/person\/6a657e8967569e1b299972574848aa76"},"breadcrumb":{"@id":"https:\/\/batijournal.com\/index.php\/creation-de-la-maison-de-lhistoire-de-france-et-nomination-de-sa-presidente\/75577\/#breadcrumb"},"inLanguage":"fr-FR","potentialAction":[{"@type":"ReadAction","target":["https:\/\/batijournal.com\/index.php\/creation-de-la-maison-de-lhistoire-de-france-et-nomination-de-sa-presidente\/75577\/"]}]},{"@type":"ImageObject","inLanguage":"fr-FR","@id":"https:\/\/batijournal.com\/index.php\/creation-de-la-maison-de-lhistoire-de-france-et-nomination-de-sa-presidente\/75577\/#primaryimage","url":"https:\/\/batijournal.com\/wp-content\/uploads\/2015\/03\/37190337.jpg","contentUrl":"https:\/\/batijournal.com\/wp-content\/uploads\/2015\/03\/37190337.jpg","width":600,"height":398},{"@type":"BreadcrumbList","@id":"https:\/\/batijournal.com\/index.php\/creation-de-la-maison-de-lhistoire-de-france-et-nomination-de-sa-presidente\/75577\/#breadcrumb","itemListElement":[{"@type":"ListItem","position":1,"name":"Accueil","item":"https:\/\/batijournal.com\/"},{"@type":"ListItem","position":2,"name":"Actualit\u00e9s","item":"https:\/\/batijournal.com\/index.php\/category\/actualites\/"},{"@type":"ListItem","position":3,"name":"Architecture &amp; Conception","item":"https:\/\/batijournal.com\/index.php\/category\/actualites\/architecture-conception\/"},{"@type":"ListItem","position":4,"name":"Cr\u00e9ation de la Maison de l&rsquo;histoire de France et nomination de sa pr\u00e9sidente"}]},{"@type":"WebSite","@id":"https:\/\/batijournal.com\/#website","url":"https:\/\/batijournal.com\/","name":"Batijournal","description":"L&#039;actualit\u00e9 du b\u00e2timent","potentialAction":[{"@type":"SearchAction","target":{"@type":"EntryPoint","urlTemplate":"https:\/\/batijournal.com\/?s={search_term_string}"},"query-input":{"@type":"PropertyValueSpecification","valueRequired":true,"valueName":"search_term_string"}}],"inLanguage":"fr-FR"},{"@type":"Person","@id":"https:\/\/batijournal.com\/#\/schema\/person\/6a657e8967569e1b299972574848aa76","name":"Bati-journal","image":{"@type":"ImageObject","inLanguage":"fr-FR","@id":"https:\/\/secure.gravatar.com\/avatar\/a64364ea26392f9b4dd47e017ddaec74ff03aefc073b49e492e847201258f777?s=96&d=mm&r=g","url":"https:\/\/secure.gravatar.com\/avatar\/a64364ea26392f9b4dd47e017ddaec74ff03aefc073b49e492e847201258f777?s=96&d=mm&r=g","contentUrl":"https:\/\/secure.gravatar.com\/avatar\/a64364ea26392f9b4dd47e017ddaec74ff03aefc073b49e492e847201258f777?s=96&d=mm&r=g","caption":"Bati-journal"},"url":"https:\/\/batijournal.com\/index.php\/author\/elodie\/"}]}},"_links":{"self":[{"href":"https:\/\/batijournal.com\/index.php\/wp-json\/wp\/v2\/posts\/75577","targetHints":{"allow":["GET"]}}],"collection":[{"href":"https:\/\/batijournal.com\/index.php\/wp-json\/wp\/v2\/posts"}],"about":[{"href":"https:\/\/batijournal.com\/index.php\/wp-json\/wp\/v2\/types\/post"}],"author":[{"embeddable":true,"href":"https:\/\/batijournal.com\/index.php\/wp-json\/wp\/v2\/users\/1"}],"replies":[{"embeddable":true,"href":"https:\/\/batijournal.com\/index.php\/wp-json\/wp\/v2\/comments?post=75577"}],"version-history":[{"count":0,"href":"https:\/\/batijournal.com\/index.php\/wp-json\/wp\/v2\/posts\/75577\/revisions"}],"wp:featuredmedia":[{"embeddable":true,"href":"https:\/\/batijournal.com\/index.php\/wp-json\/wp\/v2\/media\/75578"}],"wp:attachment":[{"href":"https:\/\/batijournal.com\/index.php\/wp-json\/wp\/v2\/media?parent=75577"}],"wp:term":[{"taxonomy":"category","embeddable":true,"href":"https:\/\/batijournal.com\/index.php\/wp-json\/wp\/v2\/categories?post=75577"},{"taxonomy":"post_tag","embeddable":true,"href":"https:\/\/batijournal.com\/index.php\/wp-json\/wp\/v2\/tags?post=75577"}],"curies":[{"name":"wp","href":"https:\/\/api.w.org\/{rel}","templated":true}]}}