{"id":75590,"date":"2012-01-25T00:00:00","date_gmt":"2012-01-24T23:00:00","guid":{"rendered":"http:\/\/b.bati-journal.com\/la-transformation-de-lhotel-de-la-marine-sera-confiee-au-louvre\/75590"},"modified":"2019-07-15T11:18:24","modified_gmt":"2019-07-15T09:18:24","slug":"la-transformation-de-lhotel-de-la-marine-sera-confiee-au-louvre","status":"publish","type":"post","link":"https:\/\/batijournal.com\/index.php\/la-transformation-de-lhotel-de-la-marine-sera-confiee-au-louvre\/75590\/","title":{"rendered":"La transformation de l&rsquo;H\u00f4tel de la Marine sera confi\u00e9e au Louvre"},"content":{"rendered":"<p>Lors de ses v\u0153ux du 24 janvier 2012 au monde de la Culture, le Pr\u00e9sident de la R\u00e9publique Nicolas Sarkozy a indiqu\u00e9 qu&rsquo;il suivait les recommandations de la commission pr\u00e9sid\u00e9e par Val\u00e9ry Giscard d&rsquo;Estaing pour l&rsquo;avenir de l&rsquo;h\u00f4tel de la marine, \u00e9difice parisien du XVIIIe si\u00e8cle occup\u00e9 par l&rsquo;\u00e9tat-major de la Marine, jusqu&rsquo;\u00e0 son d\u00e9m\u00e9nagement sur le site de Balard en 2014. L&rsquo;\u00e9tablissement public du Louvre sera l&rsquo;op\u00e9rateur de r\u00e9f\u00e9rence pour transformer l&rsquo;h\u00f4tel particulier. Les zones patrimoniales seront ouvertes au public, le Louvre y pr\u00e9sentera des pi\u00e8ces de tr\u00e8s grande valeur historique et artistique. Les cours principales seront transform\u00e9es en rues pi\u00e9tonnes et les emplacements au rez-de-chauss\u00e9e seront conc\u00e9d\u00e9s aux m\u00e9tiers d&rsquo;art et de civilisation fran\u00e7aises. C&rsquo;est donc la gestion publique du lieu qui a \u00e9t\u00e9 privil\u00e9gi\u00e9e face au projet du groupe priv\u00e9 Allard qui \u00e9tait pr\u00eat \u00e0 prendre un bail de tr\u00e8s longue dur\u00e9e et \u00e0 cr\u00e9er un centre artistique de prestige avec des suites de luxe pour m\u00e9c\u00e8nes et collectionneurs.<\/p>\n","protected":false},"excerpt":{"rendered":"<p>Lors de ses v\u0153ux du 24 janvier 2012 au monde de la Culture, le Pr\u00e9sident de la R\u00e9publique Nicolas Sarkozy a indiqu\u00e9 qu&rsquo;il suivait les recommandations de la commission pr\u00e9sid\u00e9e par Val\u00e9ry Giscard d&rsquo;Estaing pour l&rsquo;avenir de l&rsquo;h\u00f4tel de la marine, \u00e9difice parisien du XVIIIe si\u00e8cle occup\u00e9 par l&rsquo;\u00e9tat-major de la Marine, jusqu&rsquo;\u00e0 son d\u00e9m\u00e9nagement [&hellip;]<\/p>\n","protected":false},"author":1,"featured_media":75591,"comment_status":"open","ping_status":"closed","sticky":false,"template":"","format":"standard","meta":{"_et_pb_use_builder":"","_et_pb_old_content":"","_et_gb_content_width":"","footnotes":""},"categories":[6340],"tags":[4653],"class_list":["post-75590","post","type-post","status-publish","format-standard","has-post-thumbnail","hentry","category-architecture-conception","tag-hotel-de-la-marine"],"yoast_head":"<!-- This site is optimized with the Yoast SEO plugin v27.4 - https:\/\/yoast.com\/product\/yoast-seo-wordpress\/ -->\n<title>La transformation de l&#039;H\u00f4tel de la Marine sera confi\u00e9e au Louvre<\/title>\n<meta name=\"robots\" content=\"index, follow, max-snippet:-1, max-image-preview:large, max-video-preview:-1\" \/>\n<link rel=\"canonical\" href=\"https:\/\/batijournal.com\/index.php\/la-transformation-de-lhotel-de-la-marine-sera-confiee-au-louvre\/75590\/\" \/>\n<meta property=\"og:locale\" content=\"fr_FR\" \/>\n<meta property=\"og:type\" content=\"article\" \/>\n<meta property=\"og:title\" content=\"La transformation de l&#039;H\u00f4tel de la Marine sera confi\u00e9e au Louvre\" \/>\n<meta property=\"og:description\" content=\"Lors de ses v\u0153ux du 24 janvier 2012 au monde de la Culture, le Pr\u00e9sident de la R\u00e9publique Nicolas Sarkozy a indiqu\u00e9 qu&rsquo;il suivait les recommandations de la commission pr\u00e9sid\u00e9e par Val\u00e9ry Giscard d&rsquo;Estaing pour l&rsquo;avenir de l&rsquo;h\u00f4tel de la marine, \u00e9difice parisien du XVIIIe si\u00e8cle occup\u00e9 par l&rsquo;\u00e9tat-major de la Marine, jusqu&rsquo;\u00e0 son d\u00e9m\u00e9nagement [&hellip;]\" \/>\n<meta property=\"og:url\" content=\"https:\/\/batijournal.com\/index.php\/la-transformation-de-lhotel-de-la-marine-sera-confiee-au-louvre\/75590\/\" \/>\n<meta property=\"og:site_name\" content=\"Batijournal\" \/>\n<meta property=\"article:published_time\" content=\"2012-01-24T23:00:00+00:00\" \/>\n<meta property=\"article:modified_time\" content=\"2019-07-15T09:18:24+00:00\" \/>\n<meta property=\"og:image\" content=\"https:\/\/batijournal.com\/wp-content\/uploads\/2015\/03\/38484947.jpg\" \/>\n\t<meta property=\"og:image:width\" content=\"600\" \/>\n\t<meta property=\"og:image:height\" content=\"360\" \/>\n\t<meta property=\"og:image:type\" content=\"image\/jpeg\" \/>\n<meta name=\"author\" content=\"Bati-journal\" \/>\n<meta name=\"twitter:card\" content=\"summary_large_image\" \/>\n<meta name=\"twitter:creator\" content=\"@bati_journal\" \/>\n<meta name=\"twitter:site\" content=\"@bati_journal\" \/>\n<meta name=\"twitter:label1\" content=\"\u00c9crit par\" \/>\n\t<meta name=\"twitter:data1\" content=\"Bati-journal\" \/>\n\t<meta name=\"twitter:label2\" content=\"Dur\u00e9e de lecture estim\u00e9e\" \/>\n\t<meta name=\"twitter:data2\" content=\"1 minute\" \/>\n<script type=\"application\/ld+json\" class=\"yoast-schema-graph\">{\"@context\":\"https:\\\/\\\/schema.org\",\"@graph\":[{\"@type\":\"Article\",\"@id\":\"https:\\\/\\\/batijournal.com\\\/index.php\\\/la-transformation-de-lhotel-de-la-marine-sera-confiee-au-louvre\\\/75590\\\/#article\",\"isPartOf\":{\"@id\":\"https:\\\/\\\/batijournal.com\\\/index.php\\\/la-transformation-de-lhotel-de-la-marine-sera-confiee-au-louvre\\\/75590\\\/\"},\"author\":{\"name\":\"Bati-journal\",\"@id\":\"https:\\\/\\\/batijournal.com\\\/#\\\/schema\\\/person\\\/6a657e8967569e1b299972574848aa76\"},\"headline\":\"La transformation de l&rsquo;H\u00f4tel de la Marine sera confi\u00e9e au Louvre\",\"datePublished\":\"2012-01-24T23:00:00+00:00\",\"dateModified\":\"2019-07-15T09:18:24+00:00\",\"mainEntityOfPage\":{\"@id\":\"https:\\\/\\\/batijournal.com\\\/index.php\\\/la-transformation-de-lhotel-de-la-marine-sera-confiee-au-louvre\\\/75590\\\/\"},\"wordCount\":213,\"commentCount\":0,\"image\":{\"@id\":\"https:\\\/\\\/batijournal.com\\\/index.php\\\/la-transformation-de-lhotel-de-la-marine-sera-confiee-au-louvre\\\/75590\\\/#primaryimage\"},\"thumbnailUrl\":\"https:\\\/\\\/batijournal.com\\\/wp-content\\\/uploads\\\/2015\\\/03\\\/38484947.jpg\",\"keywords\":[\"hotel de la marine\"],\"articleSection\":[\"Architecture &amp; Conception\"],\"inLanguage\":\"fr-FR\",\"potentialAction\":[{\"@type\":\"CommentAction\",\"name\":\"Comment\",\"target\":[\"https:\\\/\\\/batijournal.com\\\/index.php\\\/la-transformation-de-lhotel-de-la-marine-sera-confiee-au-louvre\\\/75590\\\/#respond\"]}]},{\"@type\":\"WebPage\",\"@id\":\"https:\\\/\\\/batijournal.com\\\/index.php\\\/la-transformation-de-lhotel-de-la-marine-sera-confiee-au-louvre\\\/75590\\\/\",\"url\":\"https:\\\/\\\/batijournal.com\\\/index.php\\\/la-transformation-de-lhotel-de-la-marine-sera-confiee-au-louvre\\\/75590\\\/\",\"name\":\"La transformation de l'H\u00f4tel de la Marine sera confi\u00e9e au Louvre\",\"isPartOf\":{\"@id\":\"https:\\\/\\\/batijournal.com\\\/#website\"},\"primaryImageOfPage\":{\"@id\":\"https:\\\/\\\/batijournal.com\\\/index.php\\\/la-transformation-de-lhotel-de-la-marine-sera-confiee-au-louvre\\\/75590\\\/#primaryimage\"},\"image\":{\"@id\":\"https:\\\/\\\/batijournal.com\\\/index.php\\\/la-transformation-de-lhotel-de-la-marine-sera-confiee-au-louvre\\\/75590\\\/#primaryimage\"},\"thumbnailUrl\":\"https:\\\/\\\/batijournal.com\\\/wp-content\\\/uploads\\\/2015\\\/03\\\/38484947.jpg\",\"datePublished\":\"2012-01-24T23:00:00+00:00\",\"dateModified\":\"2019-07-15T09:18:24+00:00\",\"author\":{\"@id\":\"https:\\\/\\\/batijournal.com\\\/#\\\/schema\\\/person\\\/6a657e8967569e1b299972574848aa76\"},\"breadcrumb\":{\"@id\":\"https:\\\/\\\/batijournal.com\\\/index.php\\\/la-transformation-de-lhotel-de-la-marine-sera-confiee-au-louvre\\\/75590\\\/#breadcrumb\"},\"inLanguage\":\"fr-FR\",\"potentialAction\":[{\"@type\":\"ReadAction\",\"target\":[\"https:\\\/\\\/batijournal.com\\\/index.php\\\/la-transformation-de-lhotel-de-la-marine-sera-confiee-au-louvre\\\/75590\\\/\"]}]},{\"@type\":\"ImageObject\",\"inLanguage\":\"fr-FR\",\"@id\":\"https:\\\/\\\/batijournal.com\\\/index.php\\\/la-transformation-de-lhotel-de-la-marine-sera-confiee-au-louvre\\\/75590\\\/#primaryimage\",\"url\":\"https:\\\/\\\/batijournal.com\\\/wp-content\\\/uploads\\\/2015\\\/03\\\/38484947.jpg\",\"contentUrl\":\"https:\\\/\\\/batijournal.com\\\/wp-content\\\/uploads\\\/2015\\\/03\\\/38484947.jpg\",\"width\":600,\"height\":360},{\"@type\":\"BreadcrumbList\",\"@id\":\"https:\\\/\\\/batijournal.com\\\/index.php\\\/la-transformation-de-lhotel-de-la-marine-sera-confiee-au-louvre\\\/75590\\\/#breadcrumb\",\"itemListElement\":[{\"@type\":\"ListItem\",\"position\":1,\"name\":\"Accueil\",\"item\":\"https:\\\/\\\/batijournal.com\\\/\"},{\"@type\":\"ListItem\",\"position\":2,\"name\":\"Actualit\u00e9s\",\"item\":\"https:\\\/\\\/batijournal.com\\\/index.php\\\/category\\\/actualites\\\/\"},{\"@type\":\"ListItem\",\"position\":3,\"name\":\"Architecture &amp; Conception\",\"item\":\"https:\\\/\\\/batijournal.com\\\/index.php\\\/category\\\/actualites\\\/architecture-conception\\\/\"},{\"@type\":\"ListItem\",\"position\":4,\"name\":\"La transformation de l&rsquo;H\u00f4tel de la Marine sera confi\u00e9e au Louvre\"}]},{\"@type\":\"WebSite\",\"@id\":\"https:\\\/\\\/batijournal.com\\\/#website\",\"url\":\"https:\\\/\\\/batijournal.com\\\/\",\"name\":\"Batijournal\",\"description\":\"L&#039;actualit\u00e9 du b\u00e2timent\",\"potentialAction\":[{\"@type\":\"SearchAction\",\"target\":{\"@type\":\"EntryPoint\",\"urlTemplate\":\"https:\\\/\\\/batijournal.com\\\/?s={search_term_string}\"},\"query-input\":{\"@type\":\"PropertyValueSpecification\",\"valueRequired\":true,\"valueName\":\"search_term_string\"}}],\"inLanguage\":\"fr-FR\"},{\"@type\":\"Person\",\"@id\":\"https:\\\/\\\/batijournal.com\\\/#\\\/schema\\\/person\\\/6a657e8967569e1b299972574848aa76\",\"name\":\"Bati-journal\",\"image\":{\"@type\":\"ImageObject\",\"inLanguage\":\"fr-FR\",\"@id\":\"https:\\\/\\\/secure.gravatar.com\\\/avatar\\\/a64364ea26392f9b4dd47e017ddaec74ff03aefc073b49e492e847201258f777?s=96&d=mm&r=g\",\"url\":\"https:\\\/\\\/secure.gravatar.com\\\/avatar\\\/a64364ea26392f9b4dd47e017ddaec74ff03aefc073b49e492e847201258f777?s=96&d=mm&r=g\",\"contentUrl\":\"https:\\\/\\\/secure.gravatar.com\\\/avatar\\\/a64364ea26392f9b4dd47e017ddaec74ff03aefc073b49e492e847201258f777?s=96&d=mm&r=g\",\"caption\":\"Bati-journal\"},\"url\":\"https:\\\/\\\/batijournal.com\\\/index.php\\\/author\\\/elodie\\\/\"}]}<\/script>\n<!-- \/ Yoast SEO plugin. -->","yoast_head_json":{"title":"La transformation de l'H\u00f4tel de la Marine sera confi\u00e9e au Louvre","robots":{"index":"index","follow":"follow","max-snippet":"max-snippet:-1","max-image-preview":"max-image-preview:large","max-video-preview":"max-video-preview:-1"},"canonical":"https:\/\/batijournal.com\/index.php\/la-transformation-de-lhotel-de-la-marine-sera-confiee-au-louvre\/75590\/","og_locale":"fr_FR","og_type":"article","og_title":"La transformation de l'H\u00f4tel de la Marine sera confi\u00e9e au Louvre","og_description":"Lors de ses v\u0153ux du 24 janvier 2012 au monde de la Culture, le Pr\u00e9sident de la R\u00e9publique Nicolas Sarkozy a indiqu\u00e9 qu&rsquo;il suivait les recommandations de la commission pr\u00e9sid\u00e9e par Val\u00e9ry Giscard d&rsquo;Estaing pour l&rsquo;avenir de l&rsquo;h\u00f4tel de la marine, \u00e9difice parisien du XVIIIe si\u00e8cle occup\u00e9 par l&rsquo;\u00e9tat-major de la Marine, jusqu&rsquo;\u00e0 son d\u00e9m\u00e9nagement [&hellip;]","og_url":"https:\/\/batijournal.com\/index.php\/la-transformation-de-lhotel-de-la-marine-sera-confiee-au-louvre\/75590\/","og_site_name":"Batijournal","article_published_time":"2012-01-24T23:00:00+00:00","article_modified_time":"2019-07-15T09:18:24+00:00","og_image":[{"width":600,"height":360,"url":"https:\/\/batijournal.com\/wp-content\/uploads\/2015\/03\/38484947.jpg","type":"image\/jpeg"}],"author":"Bati-journal","twitter_card":"summary_large_image","twitter_creator":"@bati_journal","twitter_site":"@bati_journal","twitter_misc":{"\u00c9crit par":"Bati-journal","Dur\u00e9e de lecture estim\u00e9e":"1 minute"},"schema":{"@context":"https:\/\/schema.org","@graph":[{"@type":"Article","@id":"https:\/\/batijournal.com\/index.php\/la-transformation-de-lhotel-de-la-marine-sera-confiee-au-louvre\/75590\/#article","isPartOf":{"@id":"https:\/\/batijournal.com\/index.php\/la-transformation-de-lhotel-de-la-marine-sera-confiee-au-louvre\/75590\/"},"author":{"name":"Bati-journal","@id":"https:\/\/batijournal.com\/#\/schema\/person\/6a657e8967569e1b299972574848aa76"},"headline":"La transformation de l&rsquo;H\u00f4tel de la Marine sera confi\u00e9e au Louvre","datePublished":"2012-01-24T23:00:00+00:00","dateModified":"2019-07-15T09:18:24+00:00","mainEntityOfPage":{"@id":"https:\/\/batijournal.com\/index.php\/la-transformation-de-lhotel-de-la-marine-sera-confiee-au-louvre\/75590\/"},"wordCount":213,"commentCount":0,"image":{"@id":"https:\/\/batijournal.com\/index.php\/la-transformation-de-lhotel-de-la-marine-sera-confiee-au-louvre\/75590\/#primaryimage"},"thumbnailUrl":"https:\/\/batijournal.com\/wp-content\/uploads\/2015\/03\/38484947.jpg","keywords":["hotel de la marine"],"articleSection":["Architecture &amp; Conception"],"inLanguage":"fr-FR","potentialAction":[{"@type":"CommentAction","name":"Comment","target":["https:\/\/batijournal.com\/index.php\/la-transformation-de-lhotel-de-la-marine-sera-confiee-au-louvre\/75590\/#respond"]}]},{"@type":"WebPage","@id":"https:\/\/batijournal.com\/index.php\/la-transformation-de-lhotel-de-la-marine-sera-confiee-au-louvre\/75590\/","url":"https:\/\/batijournal.com\/index.php\/la-transformation-de-lhotel-de-la-marine-sera-confiee-au-louvre\/75590\/","name":"La transformation de l'H\u00f4tel de la Marine sera confi\u00e9e au Louvre","isPartOf":{"@id":"https:\/\/batijournal.com\/#website"},"primaryImageOfPage":{"@id":"https:\/\/batijournal.com\/index.php\/la-transformation-de-lhotel-de-la-marine-sera-confiee-au-louvre\/75590\/#primaryimage"},"image":{"@id":"https:\/\/batijournal.com\/index.php\/la-transformation-de-lhotel-de-la-marine-sera-confiee-au-louvre\/75590\/#primaryimage"},"thumbnailUrl":"https:\/\/batijournal.com\/wp-content\/uploads\/2015\/03\/38484947.jpg","datePublished":"2012-01-24T23:00:00+00:00","dateModified":"2019-07-15T09:18:24+00:00","author":{"@id":"https:\/\/batijournal.com\/#\/schema\/person\/6a657e8967569e1b299972574848aa76"},"breadcrumb":{"@id":"https:\/\/batijournal.com\/index.php\/la-transformation-de-lhotel-de-la-marine-sera-confiee-au-louvre\/75590\/#breadcrumb"},"inLanguage":"fr-FR","potentialAction":[{"@type":"ReadAction","target":["https:\/\/batijournal.com\/index.php\/la-transformation-de-lhotel-de-la-marine-sera-confiee-au-louvre\/75590\/"]}]},{"@type":"ImageObject","inLanguage":"fr-FR","@id":"https:\/\/batijournal.com\/index.php\/la-transformation-de-lhotel-de-la-marine-sera-confiee-au-louvre\/75590\/#primaryimage","url":"https:\/\/batijournal.com\/wp-content\/uploads\/2015\/03\/38484947.jpg","contentUrl":"https:\/\/batijournal.com\/wp-content\/uploads\/2015\/03\/38484947.jpg","width":600,"height":360},{"@type":"BreadcrumbList","@id":"https:\/\/batijournal.com\/index.php\/la-transformation-de-lhotel-de-la-marine-sera-confiee-au-louvre\/75590\/#breadcrumb","itemListElement":[{"@type":"ListItem","position":1,"name":"Accueil","item":"https:\/\/batijournal.com\/"},{"@type":"ListItem","position":2,"name":"Actualit\u00e9s","item":"https:\/\/batijournal.com\/index.php\/category\/actualites\/"},{"@type":"ListItem","position":3,"name":"Architecture &amp; Conception","item":"https:\/\/batijournal.com\/index.php\/category\/actualites\/architecture-conception\/"},{"@type":"ListItem","position":4,"name":"La transformation de l&rsquo;H\u00f4tel de la Marine sera confi\u00e9e au Louvre"}]},{"@type":"WebSite","@id":"https:\/\/batijournal.com\/#website","url":"https:\/\/batijournal.com\/","name":"Batijournal","description":"L&#039;actualit\u00e9 du b\u00e2timent","potentialAction":[{"@type":"SearchAction","target":{"@type":"EntryPoint","urlTemplate":"https:\/\/batijournal.com\/?s={search_term_string}"},"query-input":{"@type":"PropertyValueSpecification","valueRequired":true,"valueName":"search_term_string"}}],"inLanguage":"fr-FR"},{"@type":"Person","@id":"https:\/\/batijournal.com\/#\/schema\/person\/6a657e8967569e1b299972574848aa76","name":"Bati-journal","image":{"@type":"ImageObject","inLanguage":"fr-FR","@id":"https:\/\/secure.gravatar.com\/avatar\/a64364ea26392f9b4dd47e017ddaec74ff03aefc073b49e492e847201258f777?s=96&d=mm&r=g","url":"https:\/\/secure.gravatar.com\/avatar\/a64364ea26392f9b4dd47e017ddaec74ff03aefc073b49e492e847201258f777?s=96&d=mm&r=g","contentUrl":"https:\/\/secure.gravatar.com\/avatar\/a64364ea26392f9b4dd47e017ddaec74ff03aefc073b49e492e847201258f777?s=96&d=mm&r=g","caption":"Bati-journal"},"url":"https:\/\/batijournal.com\/index.php\/author\/elodie\/"}]}},"_links":{"self":[{"href":"https:\/\/batijournal.com\/index.php\/wp-json\/wp\/v2\/posts\/75590","targetHints":{"allow":["GET"]}}],"collection":[{"href":"https:\/\/batijournal.com\/index.php\/wp-json\/wp\/v2\/posts"}],"about":[{"href":"https:\/\/batijournal.com\/index.php\/wp-json\/wp\/v2\/types\/post"}],"author":[{"embeddable":true,"href":"https:\/\/batijournal.com\/index.php\/wp-json\/wp\/v2\/users\/1"}],"replies":[{"embeddable":true,"href":"https:\/\/batijournal.com\/index.php\/wp-json\/wp\/v2\/comments?post=75590"}],"version-history":[{"count":0,"href":"https:\/\/batijournal.com\/index.php\/wp-json\/wp\/v2\/posts\/75590\/revisions"}],"wp:featuredmedia":[{"embeddable":true,"href":"https:\/\/batijournal.com\/index.php\/wp-json\/wp\/v2\/media\/75591"}],"wp:attachment":[{"href":"https:\/\/batijournal.com\/index.php\/wp-json\/wp\/v2\/media?parent=75590"}],"wp:term":[{"taxonomy":"category","embeddable":true,"href":"https:\/\/batijournal.com\/index.php\/wp-json\/wp\/v2\/categories?post=75590"},{"taxonomy":"post_tag","embeddable":true,"href":"https:\/\/batijournal.com\/index.php\/wp-json\/wp\/v2\/tags?post=75590"}],"curies":[{"name":"wp","href":"https:\/\/api.w.org\/{rel}","templated":true}]}}