{"id":75602,"date":"2012-02-22T00:00:00","date_gmt":"2012-02-21T23:00:00","guid":{"rendered":"http:\/\/b.bati-journal.com\/la-8e-nuit-europeenne-des-musees-est-annoncee\/75602"},"modified":"2019-07-15T11:18:23","modified_gmt":"2019-07-15T09:18:23","slug":"la-8e-nuit-europeenne-des-musees-est-annoncee","status":"publish","type":"post","link":"https:\/\/batijournal.com\/index.php\/la-8e-nuit-europeenne-des-musees-est-annoncee\/75602\/","title":{"rendered":"La 8e nuit europ\u00e9enne des mus\u00e9es est annonc\u00e9e"},"content":{"rendered":"<p>Le minist\u00e8re de la Culture et de la Communication annonce que la 8e Nuit europ\u00e9enne des mus\u00e9es se d\u00e9roulera samedi 19 mai 2012 et permettra une nouvelle fois aux visiteurs de s&rsquo;approprier les mus\u00e9es et de les red\u00e9couvrir jusque tard dans la nuit, au gr\u00e9 des expositions et des manifestations exceptionnelles organis\u00e9es pour l&rsquo;occasion. En 2011, 3.700 institutions culturelles dans 37 pays europ\u00e9ens s&rsquo;\u00e9taient associ\u00e9es \u00e0 la 7e Nuit des mus\u00e9es. En France, 1.276 organismes avaient ouvert gratuitement leurs portes, accueillant un public de plus en plus nombreux et d\u00e9sormais habitu\u00e9 \u00e0 cette manifestation unique. La Nuit europ\u00e9enne des mus\u00e9es est organis\u00e9e par le minist\u00e8re de la Culture et de la Communication. Elle est plac\u00e9e sous le triple patronage du Conseil de l&rsquo;Europe, de l&rsquo;UNESCO et de l&rsquo;ICOM, et b\u00e9n\u00e9ficie du soutien financier de Neuflize OBC et de Neuflize Vie (pour la r\u00e9alisation du visuel national) et du soutien institutionnel de la F\u00e9d\u00e9ration fran\u00e7aise des soci\u00e9t\u00e9s d&rsquo;amis de mus\u00e9es et de la R\u00e9union des mus\u00e9es nationaux &#8211; Grand Palais.<\/p>\n","protected":false},"excerpt":{"rendered":"<p>Le minist\u00e8re de la Culture et de la Communication annonce que la 8e Nuit europ\u00e9enne des mus\u00e9es se d\u00e9roulera samedi 19 mai 2012 et permettra une nouvelle fois aux visiteurs de s&rsquo;approprier les mus\u00e9es et de les red\u00e9couvrir jusque tard dans la nuit, au gr\u00e9 des expositions et des manifestations exceptionnelles organis\u00e9es pour l&rsquo;occasion. En [&hellip;]<\/p>\n","protected":false},"author":1,"featured_media":0,"comment_status":"open","ping_status":"closed","sticky":false,"template":"","format":"standard","meta":{"_et_pb_use_builder":"","_et_pb_old_content":"","_et_gb_content_width":"","footnotes":""},"categories":[6340],"tags":[6031],"class_list":["post-75602","post","type-post","status-publish","format-standard","hentry","category-architecture-conception","tag-nuit-des-musees"],"yoast_head":"<!-- This site is optimized with the Yoast SEO plugin v27.4 - https:\/\/yoast.com\/product\/yoast-seo-wordpress\/ -->\n<title>La 8e nuit europ\u00e9enne des mus\u00e9es est annonc\u00e9e<\/title>\n<meta name=\"robots\" content=\"index, follow, max-snippet:-1, max-image-preview:large, max-video-preview:-1\" \/>\n<link rel=\"canonical\" href=\"https:\/\/batijournal.com\/index.php\/la-8e-nuit-europeenne-des-musees-est-annoncee\/75602\/\" \/>\n<meta property=\"og:locale\" content=\"fr_FR\" \/>\n<meta property=\"og:type\" content=\"article\" \/>\n<meta property=\"og:title\" content=\"La 8e nuit europ\u00e9enne des mus\u00e9es est annonc\u00e9e\" \/>\n<meta property=\"og:description\" content=\"Le minist\u00e8re de la Culture et de la Communication annonce que la 8e Nuit europ\u00e9enne des mus\u00e9es se d\u00e9roulera samedi 19 mai 2012 et permettra une nouvelle fois aux visiteurs de s&rsquo;approprier les mus\u00e9es et de les red\u00e9couvrir jusque tard dans la nuit, au gr\u00e9 des expositions et des manifestations exceptionnelles organis\u00e9es pour l&rsquo;occasion. En [&hellip;]\" \/>\n<meta property=\"og:url\" content=\"https:\/\/batijournal.com\/index.php\/la-8e-nuit-europeenne-des-musees-est-annoncee\/75602\/\" \/>\n<meta property=\"og:site_name\" content=\"Batijournal\" \/>\n<meta property=\"article:published_time\" content=\"2012-02-21T23:00:00+00:00\" \/>\n<meta property=\"article:modified_time\" content=\"2019-07-15T09:18:23+00:00\" \/>\n<meta name=\"author\" content=\"Bati-journal\" \/>\n<meta name=\"twitter:card\" content=\"summary_large_image\" \/>\n<meta name=\"twitter:creator\" content=\"@bati_journal\" \/>\n<meta name=\"twitter:site\" content=\"@bati_journal\" \/>\n<meta name=\"twitter:label1\" content=\"\u00c9crit par\" \/>\n\t<meta name=\"twitter:data1\" content=\"Bati-journal\" \/>\n\t<meta name=\"twitter:label2\" content=\"Dur\u00e9e de lecture estim\u00e9e\" \/>\n\t<meta name=\"twitter:data2\" content=\"1 minute\" \/>\n<script type=\"application\/ld+json\" class=\"yoast-schema-graph\">{\"@context\":\"https:\\\/\\\/schema.org\",\"@graph\":[{\"@type\":\"Article\",\"@id\":\"https:\\\/\\\/batijournal.com\\\/index.php\\\/la-8e-nuit-europeenne-des-musees-est-annoncee\\\/75602\\\/#article\",\"isPartOf\":{\"@id\":\"https:\\\/\\\/batijournal.com\\\/index.php\\\/la-8e-nuit-europeenne-des-musees-est-annoncee\\\/75602\\\/\"},\"author\":{\"name\":\"Bati-journal\",\"@id\":\"https:\\\/\\\/batijournal.com\\\/#\\\/schema\\\/person\\\/6a657e8967569e1b299972574848aa76\"},\"headline\":\"La 8e nuit europ\u00e9enne des mus\u00e9es est annonc\u00e9e\",\"datePublished\":\"2012-02-21T23:00:00+00:00\",\"dateModified\":\"2019-07-15T09:18:23+00:00\",\"mainEntityOfPage\":{\"@id\":\"https:\\\/\\\/batijournal.com\\\/index.php\\\/la-8e-nuit-europeenne-des-musees-est-annoncee\\\/75602\\\/\"},\"wordCount\":206,\"commentCount\":0,\"keywords\":[\"nuit des mus\u00e9es\"],\"articleSection\":[\"Architecture &amp; Conception\"],\"inLanguage\":\"fr-FR\",\"potentialAction\":[{\"@type\":\"CommentAction\",\"name\":\"Comment\",\"target\":[\"https:\\\/\\\/batijournal.com\\\/index.php\\\/la-8e-nuit-europeenne-des-musees-est-annoncee\\\/75602\\\/#respond\"]}]},{\"@type\":\"WebPage\",\"@id\":\"https:\\\/\\\/batijournal.com\\\/index.php\\\/la-8e-nuit-europeenne-des-musees-est-annoncee\\\/75602\\\/\",\"url\":\"https:\\\/\\\/batijournal.com\\\/index.php\\\/la-8e-nuit-europeenne-des-musees-est-annoncee\\\/75602\\\/\",\"name\":\"La 8e nuit europ\u00e9enne des mus\u00e9es est annonc\u00e9e\",\"isPartOf\":{\"@id\":\"https:\\\/\\\/batijournal.com\\\/#website\"},\"datePublished\":\"2012-02-21T23:00:00+00:00\",\"dateModified\":\"2019-07-15T09:18:23+00:00\",\"author\":{\"@id\":\"https:\\\/\\\/batijournal.com\\\/#\\\/schema\\\/person\\\/6a657e8967569e1b299972574848aa76\"},\"breadcrumb\":{\"@id\":\"https:\\\/\\\/batijournal.com\\\/index.php\\\/la-8e-nuit-europeenne-des-musees-est-annoncee\\\/75602\\\/#breadcrumb\"},\"inLanguage\":\"fr-FR\",\"potentialAction\":[{\"@type\":\"ReadAction\",\"target\":[\"https:\\\/\\\/batijournal.com\\\/index.php\\\/la-8e-nuit-europeenne-des-musees-est-annoncee\\\/75602\\\/\"]}]},{\"@type\":\"BreadcrumbList\",\"@id\":\"https:\\\/\\\/batijournal.com\\\/index.php\\\/la-8e-nuit-europeenne-des-musees-est-annoncee\\\/75602\\\/#breadcrumb\",\"itemListElement\":[{\"@type\":\"ListItem\",\"position\":1,\"name\":\"Accueil\",\"item\":\"https:\\\/\\\/batijournal.com\\\/\"},{\"@type\":\"ListItem\",\"position\":2,\"name\":\"Actualit\u00e9s\",\"item\":\"https:\\\/\\\/batijournal.com\\\/index.php\\\/category\\\/actualites\\\/\"},{\"@type\":\"ListItem\",\"position\":3,\"name\":\"Architecture &amp; Conception\",\"item\":\"https:\\\/\\\/batijournal.com\\\/index.php\\\/category\\\/actualites\\\/architecture-conception\\\/\"},{\"@type\":\"ListItem\",\"position\":4,\"name\":\"La 8e nuit europ\u00e9enne des mus\u00e9es est annonc\u00e9e\"}]},{\"@type\":\"WebSite\",\"@id\":\"https:\\\/\\\/batijournal.com\\\/#website\",\"url\":\"https:\\\/\\\/batijournal.com\\\/\",\"name\":\"Batijournal\",\"description\":\"L&#039;actualit\u00e9 du b\u00e2timent\",\"potentialAction\":[{\"@type\":\"SearchAction\",\"target\":{\"@type\":\"EntryPoint\",\"urlTemplate\":\"https:\\\/\\\/batijournal.com\\\/?s={search_term_string}\"},\"query-input\":{\"@type\":\"PropertyValueSpecification\",\"valueRequired\":true,\"valueName\":\"search_term_string\"}}],\"inLanguage\":\"fr-FR\"},{\"@type\":\"Person\",\"@id\":\"https:\\\/\\\/batijournal.com\\\/#\\\/schema\\\/person\\\/6a657e8967569e1b299972574848aa76\",\"name\":\"Bati-journal\",\"image\":{\"@type\":\"ImageObject\",\"inLanguage\":\"fr-FR\",\"@id\":\"https:\\\/\\\/secure.gravatar.com\\\/avatar\\\/a64364ea26392f9b4dd47e017ddaec74ff03aefc073b49e492e847201258f777?s=96&d=mm&r=g\",\"url\":\"https:\\\/\\\/secure.gravatar.com\\\/avatar\\\/a64364ea26392f9b4dd47e017ddaec74ff03aefc073b49e492e847201258f777?s=96&d=mm&r=g\",\"contentUrl\":\"https:\\\/\\\/secure.gravatar.com\\\/avatar\\\/a64364ea26392f9b4dd47e017ddaec74ff03aefc073b49e492e847201258f777?s=96&d=mm&r=g\",\"caption\":\"Bati-journal\"},\"url\":\"https:\\\/\\\/batijournal.com\\\/index.php\\\/author\\\/elodie\\\/\"}]}<\/script>\n<!-- \/ Yoast SEO plugin. -->","yoast_head_json":{"title":"La 8e nuit europ\u00e9enne des mus\u00e9es est annonc\u00e9e","robots":{"index":"index","follow":"follow","max-snippet":"max-snippet:-1","max-image-preview":"max-image-preview:large","max-video-preview":"max-video-preview:-1"},"canonical":"https:\/\/batijournal.com\/index.php\/la-8e-nuit-europeenne-des-musees-est-annoncee\/75602\/","og_locale":"fr_FR","og_type":"article","og_title":"La 8e nuit europ\u00e9enne des mus\u00e9es est annonc\u00e9e","og_description":"Le minist\u00e8re de la Culture et de la Communication annonce que la 8e Nuit europ\u00e9enne des mus\u00e9es se d\u00e9roulera samedi 19 mai 2012 et permettra une nouvelle fois aux visiteurs de s&rsquo;approprier les mus\u00e9es et de les red\u00e9couvrir jusque tard dans la nuit, au gr\u00e9 des expositions et des manifestations exceptionnelles organis\u00e9es pour l&rsquo;occasion. En [&hellip;]","og_url":"https:\/\/batijournal.com\/index.php\/la-8e-nuit-europeenne-des-musees-est-annoncee\/75602\/","og_site_name":"Batijournal","article_published_time":"2012-02-21T23:00:00+00:00","article_modified_time":"2019-07-15T09:18:23+00:00","author":"Bati-journal","twitter_card":"summary_large_image","twitter_creator":"@bati_journal","twitter_site":"@bati_journal","twitter_misc":{"\u00c9crit par":"Bati-journal","Dur\u00e9e de lecture estim\u00e9e":"1 minute"},"schema":{"@context":"https:\/\/schema.org","@graph":[{"@type":"Article","@id":"https:\/\/batijournal.com\/index.php\/la-8e-nuit-europeenne-des-musees-est-annoncee\/75602\/#article","isPartOf":{"@id":"https:\/\/batijournal.com\/index.php\/la-8e-nuit-europeenne-des-musees-est-annoncee\/75602\/"},"author":{"name":"Bati-journal","@id":"https:\/\/batijournal.com\/#\/schema\/person\/6a657e8967569e1b299972574848aa76"},"headline":"La 8e nuit europ\u00e9enne des mus\u00e9es est annonc\u00e9e","datePublished":"2012-02-21T23:00:00+00:00","dateModified":"2019-07-15T09:18:23+00:00","mainEntityOfPage":{"@id":"https:\/\/batijournal.com\/index.php\/la-8e-nuit-europeenne-des-musees-est-annoncee\/75602\/"},"wordCount":206,"commentCount":0,"keywords":["nuit des mus\u00e9es"],"articleSection":["Architecture &amp; Conception"],"inLanguage":"fr-FR","potentialAction":[{"@type":"CommentAction","name":"Comment","target":["https:\/\/batijournal.com\/index.php\/la-8e-nuit-europeenne-des-musees-est-annoncee\/75602\/#respond"]}]},{"@type":"WebPage","@id":"https:\/\/batijournal.com\/index.php\/la-8e-nuit-europeenne-des-musees-est-annoncee\/75602\/","url":"https:\/\/batijournal.com\/index.php\/la-8e-nuit-europeenne-des-musees-est-annoncee\/75602\/","name":"La 8e nuit europ\u00e9enne des mus\u00e9es est annonc\u00e9e","isPartOf":{"@id":"https:\/\/batijournal.com\/#website"},"datePublished":"2012-02-21T23:00:00+00:00","dateModified":"2019-07-15T09:18:23+00:00","author":{"@id":"https:\/\/batijournal.com\/#\/schema\/person\/6a657e8967569e1b299972574848aa76"},"breadcrumb":{"@id":"https:\/\/batijournal.com\/index.php\/la-8e-nuit-europeenne-des-musees-est-annoncee\/75602\/#breadcrumb"},"inLanguage":"fr-FR","potentialAction":[{"@type":"ReadAction","target":["https:\/\/batijournal.com\/index.php\/la-8e-nuit-europeenne-des-musees-est-annoncee\/75602\/"]}]},{"@type":"BreadcrumbList","@id":"https:\/\/batijournal.com\/index.php\/la-8e-nuit-europeenne-des-musees-est-annoncee\/75602\/#breadcrumb","itemListElement":[{"@type":"ListItem","position":1,"name":"Accueil","item":"https:\/\/batijournal.com\/"},{"@type":"ListItem","position":2,"name":"Actualit\u00e9s","item":"https:\/\/batijournal.com\/index.php\/category\/actualites\/"},{"@type":"ListItem","position":3,"name":"Architecture &amp; Conception","item":"https:\/\/batijournal.com\/index.php\/category\/actualites\/architecture-conception\/"},{"@type":"ListItem","position":4,"name":"La 8e nuit europ\u00e9enne des mus\u00e9es est annonc\u00e9e"}]},{"@type":"WebSite","@id":"https:\/\/batijournal.com\/#website","url":"https:\/\/batijournal.com\/","name":"Batijournal","description":"L&#039;actualit\u00e9 du b\u00e2timent","potentialAction":[{"@type":"SearchAction","target":{"@type":"EntryPoint","urlTemplate":"https:\/\/batijournal.com\/?s={search_term_string}"},"query-input":{"@type":"PropertyValueSpecification","valueRequired":true,"valueName":"search_term_string"}}],"inLanguage":"fr-FR"},{"@type":"Person","@id":"https:\/\/batijournal.com\/#\/schema\/person\/6a657e8967569e1b299972574848aa76","name":"Bati-journal","image":{"@type":"ImageObject","inLanguage":"fr-FR","@id":"https:\/\/secure.gravatar.com\/avatar\/a64364ea26392f9b4dd47e017ddaec74ff03aefc073b49e492e847201258f777?s=96&d=mm&r=g","url":"https:\/\/secure.gravatar.com\/avatar\/a64364ea26392f9b4dd47e017ddaec74ff03aefc073b49e492e847201258f777?s=96&d=mm&r=g","contentUrl":"https:\/\/secure.gravatar.com\/avatar\/a64364ea26392f9b4dd47e017ddaec74ff03aefc073b49e492e847201258f777?s=96&d=mm&r=g","caption":"Bati-journal"},"url":"https:\/\/batijournal.com\/index.php\/author\/elodie\/"}]}},"_links":{"self":[{"href":"https:\/\/batijournal.com\/index.php\/wp-json\/wp\/v2\/posts\/75602","targetHints":{"allow":["GET"]}}],"collection":[{"href":"https:\/\/batijournal.com\/index.php\/wp-json\/wp\/v2\/posts"}],"about":[{"href":"https:\/\/batijournal.com\/index.php\/wp-json\/wp\/v2\/types\/post"}],"author":[{"embeddable":true,"href":"https:\/\/batijournal.com\/index.php\/wp-json\/wp\/v2\/users\/1"}],"replies":[{"embeddable":true,"href":"https:\/\/batijournal.com\/index.php\/wp-json\/wp\/v2\/comments?post=75602"}],"version-history":[{"count":0,"href":"https:\/\/batijournal.com\/index.php\/wp-json\/wp\/v2\/posts\/75602\/revisions"}],"wp:attachment":[{"href":"https:\/\/batijournal.com\/index.php\/wp-json\/wp\/v2\/media?parent=75602"}],"wp:term":[{"taxonomy":"category","embeddable":true,"href":"https:\/\/batijournal.com\/index.php\/wp-json\/wp\/v2\/categories?post=75602"},{"taxonomy":"post_tag","embeddable":true,"href":"https:\/\/batijournal.com\/index.php\/wp-json\/wp\/v2\/tags?post=75602"}],"curies":[{"name":"wp","href":"https:\/\/api.w.org\/{rel}","templated":true}]}}