{"id":75607,"date":"2012-03-07T00:00:00","date_gmt":"2012-03-06T23:00:00","guid":{"rendered":"http:\/\/b.bati-journal.com\/joux-la-ville-a-recu-le-prix-fondation-du-patrimoine-aleonard\/75607"},"modified":"2019-07-15T11:18:22","modified_gmt":"2019-07-15T09:18:22","slug":"joux-la-ville-a-recu-le-prix-fondation-du-patrimoine-aleonard","status":"publish","type":"post","link":"https:\/\/batijournal.com\/index.php\/joux-la-ville-a-recu-le-prix-fondation-du-patrimoine-aleonard\/75607\/","title":{"rendered":"Joux-la-Ville a re\u00e7u le prix Fondation du Patrimoine-Al\u00e9onard"},"content":{"rendered":"<div><b>La pr\u00e9servation des savoir-faire et la promotion des mat\u00e9riaux traditionnels fait partie des priorit\u00e9s de la Fondation du Patrimoine. Elle a ainsi cr\u00e9\u00e9, dans le cadre du Club des Partenaires, le prix Fondation du Patrimoine-Al\u00e9onard, concours annuel organis\u00e9 en partenariat avec la Tuilerie Al\u00e9onard, acteur renomm\u00e9 dans la restauration des toitures en tuiles labellis\u00e9es Monument historique. Dot\u00e9 d&rsquo;un montant de 5 000 \u00bb, il offre chaque ann\u00e9e l&rsquo;opportunit\u00e9 aux porteurs de projets publics et associatifs de pr\u00e9senter leur candidature pour des projets de restauration d&rsquo;\u00e9difices , prot\u00e9g\u00e9s ou non au titre des Monuments historiques, dont la toiture a \u00e9t\u00e9 enti\u00e8rement restaur\u00e9e avec des tuiles Al\u00e9onard.<\/b><\/div>\n<div><\/div>\n<div>La commune de Joux-la-Ville, bas\u00e9e dans l&rsquo;Yonne en Bourgogne, a \u00e9t\u00e9 prim\u00e9e le 23 novembre 2011, lors du Salon des Maires et des Collectivit\u00e9s locales, en vertu de la restauration exemplaire de la toiture de l&rsquo;\u00e9glise Notre-Dame, qui souffrait de graves d\u00e9sordres de charpente et de toiture.<\/div>\n<div><\/div>\n<div>Cette \u00e9glise a \u00e9t\u00e9 construite au XV\u00e8me si\u00e8cle et a \u00e9t\u00e9 agrandie, au d\u00e9but du si\u00e8cle suivant, par la construction d&rsquo;un collat\u00e9ral de cinq trav\u00e9es au nord des deux vaisseaux de l&rsquo;\u00e9glise primitive, et l&rsquo;adjonction d&rsquo;un nouveau choeur de deux trav\u00e9es plus d\u00e9ambulatoires sur cette nouvelle largeur tripartite.<\/div>\n<div>L&rsquo;\u00e9glise est prot\u00e9g\u00e9e dans son ensemble au titre des Monuments historiques depuis 1908. Ce classement d&rsquo;avant-guerre pr\u00e9cise un int\u00e9r\u00eat ancien port\u00e9 sur ce monument, tant du point de vue artistique que proprement historique.<\/div>\n<div>L&rsquo;\u00e9glise, situ\u00e9e au centre de la commune, poss\u00e8de un environnement pr\u00e9serv\u00e9 et des abords soigneusement entretenus.<\/div>\n<div><\/div>\n<div>Quatre types de couvertures sont observables, tant au niveau des mat\u00e9riaux que de leur mise en oeuvre, sur l&rsquo;ensemble des combles de l&rsquo;\u00e9glise.<\/div>\n<div>Ce sont :<\/div>\n<div>&#8211; des tuiles plates qui couvrent la nef et les bas-c\u00f4t\u00e9s du XV\u00e8me si\u00e8cle, ainsi que sur l&rsquo;ensemble du choeur (sanctuaire, d\u00e9ambulatoire, abside) du XVI\u00e8me si\u00e8cle ;<\/div>\n<div>&#8211; des ardoises d&rsquo;Angers uniquement sur le clocher ;<\/div>\n<div>&#8211; des laves de calcaire qui recouvrent d\u00e9sormais la sacristie ;<\/div>\n<div>&#8211; des dalles de calcaire appareill\u00e9es qui sont pos\u00e9es sur la tourelle contenant l&rsquo;escalier \u00e0 vis.<\/div>\n<div>L&rsquo;ensemble des diff\u00e9rentes couvertures pr\u00e9sentait des traces d&rsquo;usure, dont l&rsquo;importance variait en fonction de l&rsquo;\u00e2ge et de l&rsquo;exposition des surfaces et pans de toiture.<\/div>\n<div>Des sondages et un travail sur les archives locales, effectu\u00e9s par Bruno Decaris, architecte en chef des Monuments historiques en charge du projet, ont pu montrer que la toiture \u00e9tait \u00e0 l&rsquo;origine compos\u00e9e d&rsquo;une nef en tuiles plates de Bourgogne et de bas- cot\u00e9s en lave. C&rsquo;est en 1937 que la toiture fut enti\u00e8rement recouverte en tuiles et un changement de pente r\u00e9alis\u00e9 pour accueillir sur les bas-c\u00f4t\u00e9s ce nouveau mat\u00e9riau.<\/div>\n<div>En 2003, Bruno Decaris, par cette \u00e9tude, a d\u00e9montr\u00e9 l&rsquo;urgence \u00e0 effectuer des travaux : les toitures \u00e9taient dans un \u00e9tat de pr\u00e9carit\u00e9 avanc\u00e9, d&rsquo;autant que les tuiles, tr\u00e8s anciennes et s\u00fbrement poreuses avaient tendance \u00e0 se casser ; beaucoup d&rsquo;entre elles \u00e9taient d&rsquo;ailleurs manquantes.<\/div>\n<div>De mani\u00e8re g\u00e9n\u00e9rale, le b\u00e2timent souffrait de graves d\u00e9sordres de charpente et de toitures, qui commen\u00e7aient \u00e0 mettre en p\u00e9ril l&rsquo;\u00e9difice lui-m\u00eame.<\/div>\n<div>Les travaux engag\u00e9s, \u00e0 partir de 2004, sur plusieurs tranches, ont constitu\u00e9 \u00e0 reprendre en totalit\u00e9 la charpente (changement des pi\u00e8ces principales des entr\u00e9es, remplacement des chevrons et autres pi\u00e8ces de bois, reprise totale des arcs de d\u00e9charge ma\u00e7onn\u00e9s, recalage des pierres d&rsquo;encorbellement et changement de toutes les tuiles).<\/div>\n<div>A noter que les anciennes tuiles ont \u00e9t\u00e9 r\u00e9cup\u00e9r\u00e9es et offertes \u00e0 une association locale qui se d\u00e9die au patrimoine rural.<\/div>\n<div><\/div>\n<div>le prix Fondation du Patrimoine-Al\u00e9onard permettra \u00e0 la commune de poursuivre ses efforts en faveur de la restauration du patrimoine communal, en restaurant la grange d&rsquo;Oudun, tr\u00e8s bel ensemble cistercien, qui fait l&rsquo;objet d&rsquo;une campagne de m\u00e9c\u00e9nat populaire et qui, \u00e0 terme, a vocation \u00e0 devenir un espace d\u00e9di\u00e9 \u00e0 accueillir des expositions temporaires et un lieu d&rsquo;information sur les \u00e9nergies renouvelables et les \u00e9conomies d&rsquo;\u00e9nergie.<\/div>\n","protected":false},"excerpt":{"rendered":"<p>La pr\u00e9servation des savoir-faire et la promotion des mat\u00e9riaux traditionnels fait partie des priorit\u00e9s de la Fondation du Patrimoine. Elle a ainsi cr\u00e9\u00e9, dans le cadre du Club des Partenaires, le prix Fondation du Patrimoine-Al\u00e9onard, concours annuel organis\u00e9 en partenariat avec la Tuilerie Al\u00e9onard, acteur renomm\u00e9 dans la restauration des toitures en tuiles labellis\u00e9es Monument [&hellip;]<\/p>\n","protected":false},"author":1,"featured_media":75608,"comment_status":"open","ping_status":"closed","sticky":false,"template":"","format":"standard","meta":{"_et_pb_use_builder":"","_et_pb_old_content":"","_et_gb_content_width":"","footnotes":""},"categories":[6340],"tags":[5905],"class_list":["post-75607","post","type-post","status-publish","format-standard","has-post-thumbnail","hentry","category-architecture-conception","tag-fondation-du-patrimoine"],"yoast_head":"<!-- This site is optimized with the Yoast SEO plugin v27.4 - https:\/\/yoast.com\/product\/yoast-seo-wordpress\/ -->\n<title>Joux-la-Ville a re\u00e7u le prix Fondation du Patrimoine-Al\u00e9onard<\/title>\n<meta name=\"robots\" content=\"index, follow, max-snippet:-1, max-image-preview:large, max-video-preview:-1\" \/>\n<link rel=\"canonical\" href=\"https:\/\/batijournal.com\/index.php\/joux-la-ville-a-recu-le-prix-fondation-du-patrimoine-aleonard\/75607\/\" \/>\n<meta property=\"og:locale\" content=\"fr_FR\" \/>\n<meta property=\"og:type\" content=\"article\" \/>\n<meta property=\"og:title\" content=\"Joux-la-Ville a re\u00e7u le prix Fondation du Patrimoine-Al\u00e9onard\" \/>\n<meta property=\"og:description\" content=\"La pr\u00e9servation des savoir-faire et la promotion des mat\u00e9riaux traditionnels fait partie des priorit\u00e9s de la Fondation du Patrimoine. Elle a ainsi cr\u00e9\u00e9, dans le cadre du Club des Partenaires, le prix Fondation du Patrimoine-Al\u00e9onard, concours annuel organis\u00e9 en partenariat avec la Tuilerie Al\u00e9onard, acteur renomm\u00e9 dans la restauration des toitures en tuiles labellis\u00e9es Monument [&hellip;]\" \/>\n<meta property=\"og:url\" content=\"https:\/\/batijournal.com\/index.php\/joux-la-ville-a-recu-le-prix-fondation-du-patrimoine-aleonard\/75607\/\" \/>\n<meta property=\"og:site_name\" content=\"Batijournal\" \/>\n<meta property=\"article:published_time\" content=\"2012-03-06T23:00:00+00:00\" \/>\n<meta property=\"article:modified_time\" content=\"2019-07-15T09:18:22+00:00\" \/>\n<meta property=\"og:image\" content=\"https:\/\/batijournal.com\/wp-content\/uploads\/2015\/03\/41321327.jpg\" \/>\n\t<meta property=\"og:image:width\" content=\"599\" \/>\n\t<meta property=\"og:image:height\" content=\"339\" \/>\n\t<meta property=\"og:image:type\" content=\"image\/jpeg\" \/>\n<meta name=\"author\" content=\"Bati-journal\" \/>\n<meta name=\"twitter:card\" content=\"summary_large_image\" \/>\n<meta name=\"twitter:creator\" content=\"@bati_journal\" \/>\n<meta name=\"twitter:site\" content=\"@bati_journal\" \/>\n<meta name=\"twitter:label1\" content=\"\u00c9crit par\" \/>\n\t<meta name=\"twitter:data1\" content=\"Bati-journal\" \/>\n\t<meta name=\"twitter:label2\" content=\"Dur\u00e9e de lecture estim\u00e9e\" \/>\n\t<meta name=\"twitter:data2\" content=\"3 minutes\" \/>\n<script type=\"application\/ld+json\" class=\"yoast-schema-graph\">{\"@context\":\"https:\\\/\\\/schema.org\",\"@graph\":[{\"@type\":\"Article\",\"@id\":\"https:\\\/\\\/batijournal.com\\\/index.php\\\/joux-la-ville-a-recu-le-prix-fondation-du-patrimoine-aleonard\\\/75607\\\/#article\",\"isPartOf\":{\"@id\":\"https:\\\/\\\/batijournal.com\\\/index.php\\\/joux-la-ville-a-recu-le-prix-fondation-du-patrimoine-aleonard\\\/75607\\\/\"},\"author\":{\"name\":\"Bati-journal\",\"@id\":\"https:\\\/\\\/batijournal.com\\\/#\\\/schema\\\/person\\\/6a657e8967569e1b299972574848aa76\"},\"headline\":\"Joux-la-Ville a re\u00e7u le prix Fondation du Patrimoine-Al\u00e9onard\",\"datePublished\":\"2012-03-06T23:00:00+00:00\",\"dateModified\":\"2019-07-15T09:18:22+00:00\",\"mainEntityOfPage\":{\"@id\":\"https:\\\/\\\/batijournal.com\\\/index.php\\\/joux-la-ville-a-recu-le-prix-fondation-du-patrimoine-aleonard\\\/75607\\\/\"},\"wordCount\":736,\"commentCount\":0,\"image\":{\"@id\":\"https:\\\/\\\/batijournal.com\\\/index.php\\\/joux-la-ville-a-recu-le-prix-fondation-du-patrimoine-aleonard\\\/75607\\\/#primaryimage\"},\"thumbnailUrl\":\"https:\\\/\\\/batijournal.com\\\/wp-content\\\/uploads\\\/2015\\\/03\\\/41321327.jpg\",\"keywords\":[\"fondation du patrimoine\"],\"articleSection\":[\"Architecture &amp; Conception\"],\"inLanguage\":\"fr-FR\",\"potentialAction\":[{\"@type\":\"CommentAction\",\"name\":\"Comment\",\"target\":[\"https:\\\/\\\/batijournal.com\\\/index.php\\\/joux-la-ville-a-recu-le-prix-fondation-du-patrimoine-aleonard\\\/75607\\\/#respond\"]}]},{\"@type\":\"WebPage\",\"@id\":\"https:\\\/\\\/batijournal.com\\\/index.php\\\/joux-la-ville-a-recu-le-prix-fondation-du-patrimoine-aleonard\\\/75607\\\/\",\"url\":\"https:\\\/\\\/batijournal.com\\\/index.php\\\/joux-la-ville-a-recu-le-prix-fondation-du-patrimoine-aleonard\\\/75607\\\/\",\"name\":\"Joux-la-Ville a re\u00e7u le prix Fondation du Patrimoine-Al\u00e9onard\",\"isPartOf\":{\"@id\":\"https:\\\/\\\/batijournal.com\\\/#website\"},\"primaryImageOfPage\":{\"@id\":\"https:\\\/\\\/batijournal.com\\\/index.php\\\/joux-la-ville-a-recu-le-prix-fondation-du-patrimoine-aleonard\\\/75607\\\/#primaryimage\"},\"image\":{\"@id\":\"https:\\\/\\\/batijournal.com\\\/index.php\\\/joux-la-ville-a-recu-le-prix-fondation-du-patrimoine-aleonard\\\/75607\\\/#primaryimage\"},\"thumbnailUrl\":\"https:\\\/\\\/batijournal.com\\\/wp-content\\\/uploads\\\/2015\\\/03\\\/41321327.jpg\",\"datePublished\":\"2012-03-06T23:00:00+00:00\",\"dateModified\":\"2019-07-15T09:18:22+00:00\",\"author\":{\"@id\":\"https:\\\/\\\/batijournal.com\\\/#\\\/schema\\\/person\\\/6a657e8967569e1b299972574848aa76\"},\"breadcrumb\":{\"@id\":\"https:\\\/\\\/batijournal.com\\\/index.php\\\/joux-la-ville-a-recu-le-prix-fondation-du-patrimoine-aleonard\\\/75607\\\/#breadcrumb\"},\"inLanguage\":\"fr-FR\",\"potentialAction\":[{\"@type\":\"ReadAction\",\"target\":[\"https:\\\/\\\/batijournal.com\\\/index.php\\\/joux-la-ville-a-recu-le-prix-fondation-du-patrimoine-aleonard\\\/75607\\\/\"]}]},{\"@type\":\"ImageObject\",\"inLanguage\":\"fr-FR\",\"@id\":\"https:\\\/\\\/batijournal.com\\\/index.php\\\/joux-la-ville-a-recu-le-prix-fondation-du-patrimoine-aleonard\\\/75607\\\/#primaryimage\",\"url\":\"https:\\\/\\\/batijournal.com\\\/wp-content\\\/uploads\\\/2015\\\/03\\\/41321327.jpg\",\"contentUrl\":\"https:\\\/\\\/batijournal.com\\\/wp-content\\\/uploads\\\/2015\\\/03\\\/41321327.jpg\",\"width\":599,\"height\":339},{\"@type\":\"BreadcrumbList\",\"@id\":\"https:\\\/\\\/batijournal.com\\\/index.php\\\/joux-la-ville-a-recu-le-prix-fondation-du-patrimoine-aleonard\\\/75607\\\/#breadcrumb\",\"itemListElement\":[{\"@type\":\"ListItem\",\"position\":1,\"name\":\"Accueil\",\"item\":\"https:\\\/\\\/batijournal.com\\\/\"},{\"@type\":\"ListItem\",\"position\":2,\"name\":\"Actualit\u00e9s\",\"item\":\"https:\\\/\\\/batijournal.com\\\/index.php\\\/category\\\/actualites\\\/\"},{\"@type\":\"ListItem\",\"position\":3,\"name\":\"Architecture &amp; Conception\",\"item\":\"https:\\\/\\\/batijournal.com\\\/index.php\\\/category\\\/actualites\\\/architecture-conception\\\/\"},{\"@type\":\"ListItem\",\"position\":4,\"name\":\"Joux-la-Ville a re\u00e7u le prix Fondation du Patrimoine-Al\u00e9onard\"}]},{\"@type\":\"WebSite\",\"@id\":\"https:\\\/\\\/batijournal.com\\\/#website\",\"url\":\"https:\\\/\\\/batijournal.com\\\/\",\"name\":\"Batijournal\",\"description\":\"L&#039;actualit\u00e9 du b\u00e2timent\",\"potentialAction\":[{\"@type\":\"SearchAction\",\"target\":{\"@type\":\"EntryPoint\",\"urlTemplate\":\"https:\\\/\\\/batijournal.com\\\/?s={search_term_string}\"},\"query-input\":{\"@type\":\"PropertyValueSpecification\",\"valueRequired\":true,\"valueName\":\"search_term_string\"}}],\"inLanguage\":\"fr-FR\"},{\"@type\":\"Person\",\"@id\":\"https:\\\/\\\/batijournal.com\\\/#\\\/schema\\\/person\\\/6a657e8967569e1b299972574848aa76\",\"name\":\"Bati-journal\",\"image\":{\"@type\":\"ImageObject\",\"inLanguage\":\"fr-FR\",\"@id\":\"https:\\\/\\\/secure.gravatar.com\\\/avatar\\\/a64364ea26392f9b4dd47e017ddaec74ff03aefc073b49e492e847201258f777?s=96&d=mm&r=g\",\"url\":\"https:\\\/\\\/secure.gravatar.com\\\/avatar\\\/a64364ea26392f9b4dd47e017ddaec74ff03aefc073b49e492e847201258f777?s=96&d=mm&r=g\",\"contentUrl\":\"https:\\\/\\\/secure.gravatar.com\\\/avatar\\\/a64364ea26392f9b4dd47e017ddaec74ff03aefc073b49e492e847201258f777?s=96&d=mm&r=g\",\"caption\":\"Bati-journal\"},\"url\":\"https:\\\/\\\/batijournal.com\\\/index.php\\\/author\\\/elodie\\\/\"}]}<\/script>\n<!-- \/ Yoast SEO plugin. -->","yoast_head_json":{"title":"Joux-la-Ville a re\u00e7u le prix Fondation du Patrimoine-Al\u00e9onard","robots":{"index":"index","follow":"follow","max-snippet":"max-snippet:-1","max-image-preview":"max-image-preview:large","max-video-preview":"max-video-preview:-1"},"canonical":"https:\/\/batijournal.com\/index.php\/joux-la-ville-a-recu-le-prix-fondation-du-patrimoine-aleonard\/75607\/","og_locale":"fr_FR","og_type":"article","og_title":"Joux-la-Ville a re\u00e7u le prix Fondation du Patrimoine-Al\u00e9onard","og_description":"La pr\u00e9servation des savoir-faire et la promotion des mat\u00e9riaux traditionnels fait partie des priorit\u00e9s de la Fondation du Patrimoine. Elle a ainsi cr\u00e9\u00e9, dans le cadre du Club des Partenaires, le prix Fondation du Patrimoine-Al\u00e9onard, concours annuel organis\u00e9 en partenariat avec la Tuilerie Al\u00e9onard, acteur renomm\u00e9 dans la restauration des toitures en tuiles labellis\u00e9es Monument [&hellip;]","og_url":"https:\/\/batijournal.com\/index.php\/joux-la-ville-a-recu-le-prix-fondation-du-patrimoine-aleonard\/75607\/","og_site_name":"Batijournal","article_published_time":"2012-03-06T23:00:00+00:00","article_modified_time":"2019-07-15T09:18:22+00:00","og_image":[{"width":599,"height":339,"url":"https:\/\/batijournal.com\/wp-content\/uploads\/2015\/03\/41321327.jpg","type":"image\/jpeg"}],"author":"Bati-journal","twitter_card":"summary_large_image","twitter_creator":"@bati_journal","twitter_site":"@bati_journal","twitter_misc":{"\u00c9crit par":"Bati-journal","Dur\u00e9e de lecture estim\u00e9e":"3 minutes"},"schema":{"@context":"https:\/\/schema.org","@graph":[{"@type":"Article","@id":"https:\/\/batijournal.com\/index.php\/joux-la-ville-a-recu-le-prix-fondation-du-patrimoine-aleonard\/75607\/#article","isPartOf":{"@id":"https:\/\/batijournal.com\/index.php\/joux-la-ville-a-recu-le-prix-fondation-du-patrimoine-aleonard\/75607\/"},"author":{"name":"Bati-journal","@id":"https:\/\/batijournal.com\/#\/schema\/person\/6a657e8967569e1b299972574848aa76"},"headline":"Joux-la-Ville a re\u00e7u le prix Fondation du Patrimoine-Al\u00e9onard","datePublished":"2012-03-06T23:00:00+00:00","dateModified":"2019-07-15T09:18:22+00:00","mainEntityOfPage":{"@id":"https:\/\/batijournal.com\/index.php\/joux-la-ville-a-recu-le-prix-fondation-du-patrimoine-aleonard\/75607\/"},"wordCount":736,"commentCount":0,"image":{"@id":"https:\/\/batijournal.com\/index.php\/joux-la-ville-a-recu-le-prix-fondation-du-patrimoine-aleonard\/75607\/#primaryimage"},"thumbnailUrl":"https:\/\/batijournal.com\/wp-content\/uploads\/2015\/03\/41321327.jpg","keywords":["fondation du patrimoine"],"articleSection":["Architecture &amp; Conception"],"inLanguage":"fr-FR","potentialAction":[{"@type":"CommentAction","name":"Comment","target":["https:\/\/batijournal.com\/index.php\/joux-la-ville-a-recu-le-prix-fondation-du-patrimoine-aleonard\/75607\/#respond"]}]},{"@type":"WebPage","@id":"https:\/\/batijournal.com\/index.php\/joux-la-ville-a-recu-le-prix-fondation-du-patrimoine-aleonard\/75607\/","url":"https:\/\/batijournal.com\/index.php\/joux-la-ville-a-recu-le-prix-fondation-du-patrimoine-aleonard\/75607\/","name":"Joux-la-Ville a re\u00e7u le prix Fondation du Patrimoine-Al\u00e9onard","isPartOf":{"@id":"https:\/\/batijournal.com\/#website"},"primaryImageOfPage":{"@id":"https:\/\/batijournal.com\/index.php\/joux-la-ville-a-recu-le-prix-fondation-du-patrimoine-aleonard\/75607\/#primaryimage"},"image":{"@id":"https:\/\/batijournal.com\/index.php\/joux-la-ville-a-recu-le-prix-fondation-du-patrimoine-aleonard\/75607\/#primaryimage"},"thumbnailUrl":"https:\/\/batijournal.com\/wp-content\/uploads\/2015\/03\/41321327.jpg","datePublished":"2012-03-06T23:00:00+00:00","dateModified":"2019-07-15T09:18:22+00:00","author":{"@id":"https:\/\/batijournal.com\/#\/schema\/person\/6a657e8967569e1b299972574848aa76"},"breadcrumb":{"@id":"https:\/\/batijournal.com\/index.php\/joux-la-ville-a-recu-le-prix-fondation-du-patrimoine-aleonard\/75607\/#breadcrumb"},"inLanguage":"fr-FR","potentialAction":[{"@type":"ReadAction","target":["https:\/\/batijournal.com\/index.php\/joux-la-ville-a-recu-le-prix-fondation-du-patrimoine-aleonard\/75607\/"]}]},{"@type":"ImageObject","inLanguage":"fr-FR","@id":"https:\/\/batijournal.com\/index.php\/joux-la-ville-a-recu-le-prix-fondation-du-patrimoine-aleonard\/75607\/#primaryimage","url":"https:\/\/batijournal.com\/wp-content\/uploads\/2015\/03\/41321327.jpg","contentUrl":"https:\/\/batijournal.com\/wp-content\/uploads\/2015\/03\/41321327.jpg","width":599,"height":339},{"@type":"BreadcrumbList","@id":"https:\/\/batijournal.com\/index.php\/joux-la-ville-a-recu-le-prix-fondation-du-patrimoine-aleonard\/75607\/#breadcrumb","itemListElement":[{"@type":"ListItem","position":1,"name":"Accueil","item":"https:\/\/batijournal.com\/"},{"@type":"ListItem","position":2,"name":"Actualit\u00e9s","item":"https:\/\/batijournal.com\/index.php\/category\/actualites\/"},{"@type":"ListItem","position":3,"name":"Architecture &amp; Conception","item":"https:\/\/batijournal.com\/index.php\/category\/actualites\/architecture-conception\/"},{"@type":"ListItem","position":4,"name":"Joux-la-Ville a re\u00e7u le prix Fondation du Patrimoine-Al\u00e9onard"}]},{"@type":"WebSite","@id":"https:\/\/batijournal.com\/#website","url":"https:\/\/batijournal.com\/","name":"Batijournal","description":"L&#039;actualit\u00e9 du b\u00e2timent","potentialAction":[{"@type":"SearchAction","target":{"@type":"EntryPoint","urlTemplate":"https:\/\/batijournal.com\/?s={search_term_string}"},"query-input":{"@type":"PropertyValueSpecification","valueRequired":true,"valueName":"search_term_string"}}],"inLanguage":"fr-FR"},{"@type":"Person","@id":"https:\/\/batijournal.com\/#\/schema\/person\/6a657e8967569e1b299972574848aa76","name":"Bati-journal","image":{"@type":"ImageObject","inLanguage":"fr-FR","@id":"https:\/\/secure.gravatar.com\/avatar\/a64364ea26392f9b4dd47e017ddaec74ff03aefc073b49e492e847201258f777?s=96&d=mm&r=g","url":"https:\/\/secure.gravatar.com\/avatar\/a64364ea26392f9b4dd47e017ddaec74ff03aefc073b49e492e847201258f777?s=96&d=mm&r=g","contentUrl":"https:\/\/secure.gravatar.com\/avatar\/a64364ea26392f9b4dd47e017ddaec74ff03aefc073b49e492e847201258f777?s=96&d=mm&r=g","caption":"Bati-journal"},"url":"https:\/\/batijournal.com\/index.php\/author\/elodie\/"}]}},"_links":{"self":[{"href":"https:\/\/batijournal.com\/index.php\/wp-json\/wp\/v2\/posts\/75607","targetHints":{"allow":["GET"]}}],"collection":[{"href":"https:\/\/batijournal.com\/index.php\/wp-json\/wp\/v2\/posts"}],"about":[{"href":"https:\/\/batijournal.com\/index.php\/wp-json\/wp\/v2\/types\/post"}],"author":[{"embeddable":true,"href":"https:\/\/batijournal.com\/index.php\/wp-json\/wp\/v2\/users\/1"}],"replies":[{"embeddable":true,"href":"https:\/\/batijournal.com\/index.php\/wp-json\/wp\/v2\/comments?post=75607"}],"version-history":[{"count":0,"href":"https:\/\/batijournal.com\/index.php\/wp-json\/wp\/v2\/posts\/75607\/revisions"}],"wp:featuredmedia":[{"embeddable":true,"href":"https:\/\/batijournal.com\/index.php\/wp-json\/wp\/v2\/media\/75608"}],"wp:attachment":[{"href":"https:\/\/batijournal.com\/index.php\/wp-json\/wp\/v2\/media?parent=75607"}],"wp:term":[{"taxonomy":"category","embeddable":true,"href":"https:\/\/batijournal.com\/index.php\/wp-json\/wp\/v2\/categories?post=75607"},{"taxonomy":"post_tag","embeddable":true,"href":"https:\/\/batijournal.com\/index.php\/wp-json\/wp\/v2\/tags?post=75607"}],"curies":[{"name":"wp","href":"https:\/\/api.w.org\/{rel}","templated":true}]}}