{"id":75612,"date":"2012-03-13T00:00:00","date_gmt":"2012-03-12T23:00:00","guid":{"rendered":"http:\/\/b.bati-journal.com\/emissions-de-co2-minimales-pour-lentretien-des-douves-et-des-remparts-du-chateau-de-caen\/75612"},"modified":"2019-07-15T11:18:21","modified_gmt":"2019-07-15T09:18:21","slug":"emissions-de-co2-minimales-pour-lentretien-des-douves-et-des-remparts-du-chateau-de-caen","status":"publish","type":"post","link":"https:\/\/batijournal.com\/index.php\/emissions-de-co2-minimales-pour-lentretien-des-douves-et-des-remparts-du-chateau-de-caen\/75612\/","title":{"rendered":"Emissions de CO2 minimales pour l&rsquo;entretien des douves et des remparts du ch\u00e2teau de Caen"},"content":{"rendered":"<p>Au ch\u00e2teau de Caen, la configuration des lieux rend difficiles et co\u00fbteuses les op\u00e9rations de nettoyage. La ville a choisi de mettre en place une solution originale, \u00e0 la fois \u00e9cologique et \u00e9conomique, pour entretenir les douves et les remparts. Vendredi 9 mars, deux boucs ont \u00e9t\u00e9 install\u00e9s pour pa\u00eetre dans cet espace et lutter contre la v\u00e9g\u00e9tation spontan\u00e9e. Deux ou trois ch\u00e8vres devraient compl\u00e9ter le dispositif d&rsquo;ici quelques semaines. Les animaux sont d&rsquo;une race locale : la ch\u00e8vres des foss\u00e9s. Les caprins sont couramment utilis\u00e9s dans la lutte contre la v\u00e9g\u00e9tation ligneuse spontan\u00e9e. Leur action permet par un \u00e9cor\u00e7age de ne pas entamer le syst\u00e8me racinaire des v\u00e9g\u00e9taux et donc d&rsquo;\u00e9viter la d\u00e9stabilisation des supports (murs, fondations). Cette technique d&rsquo;entretien naturel est d\u00e9j\u00e0 utilis\u00e9e \u00e0 Caen, sur l&rsquo;\u00eele du plan d&rsquo;eau de la Prairie. En fonction des r\u00e9sultats, la zone pourrait \u00eatre \u00e9tendue \u00e0 l&rsquo;entr\u00e9e des douves (c\u00f4t\u00e9 rue de Ge\u00f4le).<\/p>\n","protected":false},"excerpt":{"rendered":"<p>Au ch\u00e2teau de Caen, la configuration des lieux rend difficiles et co\u00fbteuses les op\u00e9rations de nettoyage. La ville a choisi de mettre en place une solution originale, \u00e0 la fois \u00e9cologique et \u00e9conomique, pour entretenir les douves et les remparts. Vendredi 9 mars, deux boucs ont \u00e9t\u00e9 install\u00e9s pour pa\u00eetre dans cet espace et lutter [&hellip;]<\/p>\n","protected":false},"author":1,"featured_media":0,"comment_status":"open","ping_status":"closed","sticky":false,"template":"","format":"standard","meta":{"_et_pb_use_builder":"","_et_pb_old_content":"","_et_gb_content_width":"","footnotes":""},"categories":[6340],"tags":[8390],"class_list":["post-75612","post","type-post","status-publish","format-standard","hentry","category-architecture-conception","tag-chateau-de-caen"],"yoast_head":"<!-- This site is optimized with the Yoast SEO plugin v27.4 - https:\/\/yoast.com\/product\/yoast-seo-wordpress\/ -->\n<title>Emissions de CO2 minimales pour l&#039;entretien des douves et des remparts du ch\u00e2teau de Caen<\/title>\n<meta name=\"robots\" content=\"index, follow, max-snippet:-1, max-image-preview:large, max-video-preview:-1\" \/>\n<link rel=\"canonical\" href=\"https:\/\/batijournal.com\/index.php\/emissions-de-co2-minimales-pour-lentretien-des-douves-et-des-remparts-du-chateau-de-caen\/75612\/\" \/>\n<meta property=\"og:locale\" content=\"fr_FR\" \/>\n<meta property=\"og:type\" content=\"article\" \/>\n<meta property=\"og:title\" content=\"Emissions de CO2 minimales pour l&#039;entretien des douves et des remparts du ch\u00e2teau de Caen\" \/>\n<meta property=\"og:description\" content=\"Au ch\u00e2teau de Caen, la configuration des lieux rend difficiles et co\u00fbteuses les op\u00e9rations de nettoyage. La ville a choisi de mettre en place une solution originale, \u00e0 la fois \u00e9cologique et \u00e9conomique, pour entretenir les douves et les remparts. Vendredi 9 mars, deux boucs ont \u00e9t\u00e9 install\u00e9s pour pa\u00eetre dans cet espace et lutter [&hellip;]\" \/>\n<meta property=\"og:url\" content=\"https:\/\/batijournal.com\/index.php\/emissions-de-co2-minimales-pour-lentretien-des-douves-et-des-remparts-du-chateau-de-caen\/75612\/\" \/>\n<meta property=\"og:site_name\" content=\"Batijournal\" \/>\n<meta property=\"article:published_time\" content=\"2012-03-12T23:00:00+00:00\" \/>\n<meta property=\"article:modified_time\" content=\"2019-07-15T09:18:21+00:00\" \/>\n<meta name=\"author\" content=\"Bati-journal\" \/>\n<meta name=\"twitter:card\" content=\"summary_large_image\" \/>\n<meta name=\"twitter:creator\" content=\"@bati_journal\" \/>\n<meta name=\"twitter:site\" content=\"@bati_journal\" \/>\n<meta name=\"twitter:label1\" content=\"\u00c9crit par\" \/>\n\t<meta name=\"twitter:data1\" content=\"Bati-journal\" \/>\n\t<meta name=\"twitter:label2\" content=\"Dur\u00e9e de lecture estim\u00e9e\" \/>\n\t<meta name=\"twitter:data2\" content=\"1 minute\" \/>\n<script type=\"application\/ld+json\" class=\"yoast-schema-graph\">{\"@context\":\"https:\\\/\\\/schema.org\",\"@graph\":[{\"@type\":\"Article\",\"@id\":\"https:\\\/\\\/batijournal.com\\\/index.php\\\/emissions-de-co2-minimales-pour-lentretien-des-douves-et-des-remparts-du-chateau-de-caen\\\/75612\\\/#article\",\"isPartOf\":{\"@id\":\"https:\\\/\\\/batijournal.com\\\/index.php\\\/emissions-de-co2-minimales-pour-lentretien-des-douves-et-des-remparts-du-chateau-de-caen\\\/75612\\\/\"},\"author\":{\"name\":\"Bati-journal\",\"@id\":\"https:\\\/\\\/batijournal.com\\\/#\\\/schema\\\/person\\\/6a657e8967569e1b299972574848aa76\"},\"headline\":\"Emissions de CO2 minimales pour l&rsquo;entretien des douves et des remparts du ch\u00e2teau de Caen\",\"datePublished\":\"2012-03-12T23:00:00+00:00\",\"dateModified\":\"2019-07-15T09:18:21+00:00\",\"mainEntityOfPage\":{\"@id\":\"https:\\\/\\\/batijournal.com\\\/index.php\\\/emissions-de-co2-minimales-pour-lentretien-des-douves-et-des-remparts-du-chateau-de-caen\\\/75612\\\/\"},\"wordCount\":198,\"commentCount\":0,\"keywords\":[\"chateau de caen\"],\"articleSection\":[\"Architecture &amp; Conception\"],\"inLanguage\":\"fr-FR\",\"potentialAction\":[{\"@type\":\"CommentAction\",\"name\":\"Comment\",\"target\":[\"https:\\\/\\\/batijournal.com\\\/index.php\\\/emissions-de-co2-minimales-pour-lentretien-des-douves-et-des-remparts-du-chateau-de-caen\\\/75612\\\/#respond\"]}]},{\"@type\":\"WebPage\",\"@id\":\"https:\\\/\\\/batijournal.com\\\/index.php\\\/emissions-de-co2-minimales-pour-lentretien-des-douves-et-des-remparts-du-chateau-de-caen\\\/75612\\\/\",\"url\":\"https:\\\/\\\/batijournal.com\\\/index.php\\\/emissions-de-co2-minimales-pour-lentretien-des-douves-et-des-remparts-du-chateau-de-caen\\\/75612\\\/\",\"name\":\"Emissions de CO2 minimales pour l'entretien des douves et des remparts du ch\u00e2teau de Caen\",\"isPartOf\":{\"@id\":\"https:\\\/\\\/batijournal.com\\\/#website\"},\"datePublished\":\"2012-03-12T23:00:00+00:00\",\"dateModified\":\"2019-07-15T09:18:21+00:00\",\"author\":{\"@id\":\"https:\\\/\\\/batijournal.com\\\/#\\\/schema\\\/person\\\/6a657e8967569e1b299972574848aa76\"},\"breadcrumb\":{\"@id\":\"https:\\\/\\\/batijournal.com\\\/index.php\\\/emissions-de-co2-minimales-pour-lentretien-des-douves-et-des-remparts-du-chateau-de-caen\\\/75612\\\/#breadcrumb\"},\"inLanguage\":\"fr-FR\",\"potentialAction\":[{\"@type\":\"ReadAction\",\"target\":[\"https:\\\/\\\/batijournal.com\\\/index.php\\\/emissions-de-co2-minimales-pour-lentretien-des-douves-et-des-remparts-du-chateau-de-caen\\\/75612\\\/\"]}]},{\"@type\":\"BreadcrumbList\",\"@id\":\"https:\\\/\\\/batijournal.com\\\/index.php\\\/emissions-de-co2-minimales-pour-lentretien-des-douves-et-des-remparts-du-chateau-de-caen\\\/75612\\\/#breadcrumb\",\"itemListElement\":[{\"@type\":\"ListItem\",\"position\":1,\"name\":\"Accueil\",\"item\":\"https:\\\/\\\/batijournal.com\\\/\"},{\"@type\":\"ListItem\",\"position\":2,\"name\":\"Actualit\u00e9s\",\"item\":\"https:\\\/\\\/batijournal.com\\\/index.php\\\/category\\\/actualites\\\/\"},{\"@type\":\"ListItem\",\"position\":3,\"name\":\"Architecture &amp; Conception\",\"item\":\"https:\\\/\\\/batijournal.com\\\/index.php\\\/category\\\/actualites\\\/architecture-conception\\\/\"},{\"@type\":\"ListItem\",\"position\":4,\"name\":\"Emissions de CO2 minimales pour l&rsquo;entretien des douves et des remparts du ch\u00e2teau de Caen\"}]},{\"@type\":\"WebSite\",\"@id\":\"https:\\\/\\\/batijournal.com\\\/#website\",\"url\":\"https:\\\/\\\/batijournal.com\\\/\",\"name\":\"Batijournal\",\"description\":\"L&#039;actualit\u00e9 du b\u00e2timent\",\"potentialAction\":[{\"@type\":\"SearchAction\",\"target\":{\"@type\":\"EntryPoint\",\"urlTemplate\":\"https:\\\/\\\/batijournal.com\\\/?s={search_term_string}\"},\"query-input\":{\"@type\":\"PropertyValueSpecification\",\"valueRequired\":true,\"valueName\":\"search_term_string\"}}],\"inLanguage\":\"fr-FR\"},{\"@type\":\"Person\",\"@id\":\"https:\\\/\\\/batijournal.com\\\/#\\\/schema\\\/person\\\/6a657e8967569e1b299972574848aa76\",\"name\":\"Bati-journal\",\"image\":{\"@type\":\"ImageObject\",\"inLanguage\":\"fr-FR\",\"@id\":\"https:\\\/\\\/secure.gravatar.com\\\/avatar\\\/a64364ea26392f9b4dd47e017ddaec74ff03aefc073b49e492e847201258f777?s=96&d=mm&r=g\",\"url\":\"https:\\\/\\\/secure.gravatar.com\\\/avatar\\\/a64364ea26392f9b4dd47e017ddaec74ff03aefc073b49e492e847201258f777?s=96&d=mm&r=g\",\"contentUrl\":\"https:\\\/\\\/secure.gravatar.com\\\/avatar\\\/a64364ea26392f9b4dd47e017ddaec74ff03aefc073b49e492e847201258f777?s=96&d=mm&r=g\",\"caption\":\"Bati-journal\"},\"url\":\"https:\\\/\\\/batijournal.com\\\/index.php\\\/author\\\/elodie\\\/\"}]}<\/script>\n<!-- \/ Yoast SEO plugin. -->","yoast_head_json":{"title":"Emissions de CO2 minimales pour l'entretien des douves et des remparts du ch\u00e2teau de Caen","robots":{"index":"index","follow":"follow","max-snippet":"max-snippet:-1","max-image-preview":"max-image-preview:large","max-video-preview":"max-video-preview:-1"},"canonical":"https:\/\/batijournal.com\/index.php\/emissions-de-co2-minimales-pour-lentretien-des-douves-et-des-remparts-du-chateau-de-caen\/75612\/","og_locale":"fr_FR","og_type":"article","og_title":"Emissions de CO2 minimales pour l'entretien des douves et des remparts du ch\u00e2teau de Caen","og_description":"Au ch\u00e2teau de Caen, la configuration des lieux rend difficiles et co\u00fbteuses les op\u00e9rations de nettoyage. La ville a choisi de mettre en place une solution originale, \u00e0 la fois \u00e9cologique et \u00e9conomique, pour entretenir les douves et les remparts. Vendredi 9 mars, deux boucs ont \u00e9t\u00e9 install\u00e9s pour pa\u00eetre dans cet espace et lutter [&hellip;]","og_url":"https:\/\/batijournal.com\/index.php\/emissions-de-co2-minimales-pour-lentretien-des-douves-et-des-remparts-du-chateau-de-caen\/75612\/","og_site_name":"Batijournal","article_published_time":"2012-03-12T23:00:00+00:00","article_modified_time":"2019-07-15T09:18:21+00:00","author":"Bati-journal","twitter_card":"summary_large_image","twitter_creator":"@bati_journal","twitter_site":"@bati_journal","twitter_misc":{"\u00c9crit par":"Bati-journal","Dur\u00e9e de lecture estim\u00e9e":"1 minute"},"schema":{"@context":"https:\/\/schema.org","@graph":[{"@type":"Article","@id":"https:\/\/batijournal.com\/index.php\/emissions-de-co2-minimales-pour-lentretien-des-douves-et-des-remparts-du-chateau-de-caen\/75612\/#article","isPartOf":{"@id":"https:\/\/batijournal.com\/index.php\/emissions-de-co2-minimales-pour-lentretien-des-douves-et-des-remparts-du-chateau-de-caen\/75612\/"},"author":{"name":"Bati-journal","@id":"https:\/\/batijournal.com\/#\/schema\/person\/6a657e8967569e1b299972574848aa76"},"headline":"Emissions de CO2 minimales pour l&rsquo;entretien des douves et des remparts du ch\u00e2teau de Caen","datePublished":"2012-03-12T23:00:00+00:00","dateModified":"2019-07-15T09:18:21+00:00","mainEntityOfPage":{"@id":"https:\/\/batijournal.com\/index.php\/emissions-de-co2-minimales-pour-lentretien-des-douves-et-des-remparts-du-chateau-de-caen\/75612\/"},"wordCount":198,"commentCount":0,"keywords":["chateau de caen"],"articleSection":["Architecture &amp; Conception"],"inLanguage":"fr-FR","potentialAction":[{"@type":"CommentAction","name":"Comment","target":["https:\/\/batijournal.com\/index.php\/emissions-de-co2-minimales-pour-lentretien-des-douves-et-des-remparts-du-chateau-de-caen\/75612\/#respond"]}]},{"@type":"WebPage","@id":"https:\/\/batijournal.com\/index.php\/emissions-de-co2-minimales-pour-lentretien-des-douves-et-des-remparts-du-chateau-de-caen\/75612\/","url":"https:\/\/batijournal.com\/index.php\/emissions-de-co2-minimales-pour-lentretien-des-douves-et-des-remparts-du-chateau-de-caen\/75612\/","name":"Emissions de CO2 minimales pour l'entretien des douves et des remparts du ch\u00e2teau de Caen","isPartOf":{"@id":"https:\/\/batijournal.com\/#website"},"datePublished":"2012-03-12T23:00:00+00:00","dateModified":"2019-07-15T09:18:21+00:00","author":{"@id":"https:\/\/batijournal.com\/#\/schema\/person\/6a657e8967569e1b299972574848aa76"},"breadcrumb":{"@id":"https:\/\/batijournal.com\/index.php\/emissions-de-co2-minimales-pour-lentretien-des-douves-et-des-remparts-du-chateau-de-caen\/75612\/#breadcrumb"},"inLanguage":"fr-FR","potentialAction":[{"@type":"ReadAction","target":["https:\/\/batijournal.com\/index.php\/emissions-de-co2-minimales-pour-lentretien-des-douves-et-des-remparts-du-chateau-de-caen\/75612\/"]}]},{"@type":"BreadcrumbList","@id":"https:\/\/batijournal.com\/index.php\/emissions-de-co2-minimales-pour-lentretien-des-douves-et-des-remparts-du-chateau-de-caen\/75612\/#breadcrumb","itemListElement":[{"@type":"ListItem","position":1,"name":"Accueil","item":"https:\/\/batijournal.com\/"},{"@type":"ListItem","position":2,"name":"Actualit\u00e9s","item":"https:\/\/batijournal.com\/index.php\/category\/actualites\/"},{"@type":"ListItem","position":3,"name":"Architecture &amp; Conception","item":"https:\/\/batijournal.com\/index.php\/category\/actualites\/architecture-conception\/"},{"@type":"ListItem","position":4,"name":"Emissions de CO2 minimales pour l&rsquo;entretien des douves et des remparts du ch\u00e2teau de Caen"}]},{"@type":"WebSite","@id":"https:\/\/batijournal.com\/#website","url":"https:\/\/batijournal.com\/","name":"Batijournal","description":"L&#039;actualit\u00e9 du b\u00e2timent","potentialAction":[{"@type":"SearchAction","target":{"@type":"EntryPoint","urlTemplate":"https:\/\/batijournal.com\/?s={search_term_string}"},"query-input":{"@type":"PropertyValueSpecification","valueRequired":true,"valueName":"search_term_string"}}],"inLanguage":"fr-FR"},{"@type":"Person","@id":"https:\/\/batijournal.com\/#\/schema\/person\/6a657e8967569e1b299972574848aa76","name":"Bati-journal","image":{"@type":"ImageObject","inLanguage":"fr-FR","@id":"https:\/\/secure.gravatar.com\/avatar\/a64364ea26392f9b4dd47e017ddaec74ff03aefc073b49e492e847201258f777?s=96&d=mm&r=g","url":"https:\/\/secure.gravatar.com\/avatar\/a64364ea26392f9b4dd47e017ddaec74ff03aefc073b49e492e847201258f777?s=96&d=mm&r=g","contentUrl":"https:\/\/secure.gravatar.com\/avatar\/a64364ea26392f9b4dd47e017ddaec74ff03aefc073b49e492e847201258f777?s=96&d=mm&r=g","caption":"Bati-journal"},"url":"https:\/\/batijournal.com\/index.php\/author\/elodie\/"}]}},"_links":{"self":[{"href":"https:\/\/batijournal.com\/index.php\/wp-json\/wp\/v2\/posts\/75612","targetHints":{"allow":["GET"]}}],"collection":[{"href":"https:\/\/batijournal.com\/index.php\/wp-json\/wp\/v2\/posts"}],"about":[{"href":"https:\/\/batijournal.com\/index.php\/wp-json\/wp\/v2\/types\/post"}],"author":[{"embeddable":true,"href":"https:\/\/batijournal.com\/index.php\/wp-json\/wp\/v2\/users\/1"}],"replies":[{"embeddable":true,"href":"https:\/\/batijournal.com\/index.php\/wp-json\/wp\/v2\/comments?post=75612"}],"version-history":[{"count":0,"href":"https:\/\/batijournal.com\/index.php\/wp-json\/wp\/v2\/posts\/75612\/revisions"}],"wp:attachment":[{"href":"https:\/\/batijournal.com\/index.php\/wp-json\/wp\/v2\/media?parent=75612"}],"wp:term":[{"taxonomy":"category","embeddable":true,"href":"https:\/\/batijournal.com\/index.php\/wp-json\/wp\/v2\/categories?post=75612"},{"taxonomy":"post_tag","embeddable":true,"href":"https:\/\/batijournal.com\/index.php\/wp-json\/wp\/v2\/tags?post=75612"}],"curies":[{"name":"wp","href":"https:\/\/api.w.org\/{rel}","templated":true}]}}