{"id":75619,"date":"2012-03-22T00:00:00","date_gmt":"2012-03-21T23:00:00","guid":{"rendered":"http:\/\/b.bati-journal.com\/la-ville-ancienne-pour-tous-a-la-drac-aquitaine\/75619"},"modified":"2019-07-15T11:18:20","modified_gmt":"2019-07-15T09:18:20","slug":"la-ville-ancienne-pour-tous-a-la-drac-aquitaine","status":"publish","type":"post","link":"https:\/\/batijournal.com\/index.php\/la-ville-ancienne-pour-tous-a-la-drac-aquitaine\/75619\/","title":{"rendered":"La ville ancienne pour tous \u00e0 la DRAC Aquitaine"},"content":{"rendered":"<p>Dans le cadre de ses activit\u00e9s dans l&rsquo;int\u00e9r\u00eat du patrimoine depuis plusieurs d\u00e9cennies, l&rsquo;association Renaissance des cit\u00e9s d&rsquo;Europe d\u00e9veloppe, depuis 2009, un cycle de conf\u00e9rences-d\u00e9bats autour du patrimoine et du d\u00e9veloppement durable. L&rsquo;association souhaite faire d\u00e9couvrir aux habitants et aux professionnels de Bordeaux des r\u00e9flexions et des partages d&rsquo;exp\u00e9riences, ouvrir le d\u00e9bat sur la question du d\u00e9veloppement durable qui se pose de fa\u00e7on sp\u00e9cifique en centre ancien : \u00e9conomie d&rsquo;\u00e9nergie, mixit\u00e9 sociale, apport culturel de la ville historique. La conf\u00e9rence \u201cLa ville ancienne pour tous\u201c, qui se tiendra le 27 mars \u00e0 18 h \u00e0 la DRAC Aquitaine, a pour objectif d&rsquo;aborder le pilier social du d\u00e9veloppement durable, en abordant la question des quartiers anciens, o\u00f9 chacun peut avoir le droit d&rsquo;habiter. Alain Marinos, Inspecteur g\u00e9n\u00e9ral, inspection des patrimoines, et Conservateur g\u00e9n\u00e9ral du patrimoine, pr\u00e9sentera le programme d\u00e9velopp\u00e9 depuis 2007 avec Unesco des quartiers historiques pour tous, une approche sociale et humaine pour une revitalisation durable. L&rsquo;objectif est de mettre l&rsquo;habitant au c\u0153ur de la valorisation du patrimoine. Jo\u00eblle Burle, architecte, pr\u00e9sentera un projet concret de r\u00e9habilitation dans le quartier du panier, pour pr\u00e9senter le label b\u00e2timent durable m\u00e9diterran\u00e9en, qui prend en compte les nouvelles normes \u00e9nerg\u00e9tiques, tout en prenant en compte le contexte naturel et historique du site.<\/p>\n","protected":false},"excerpt":{"rendered":"<p>Dans le cadre de ses activit\u00e9s dans l&rsquo;int\u00e9r\u00eat du patrimoine depuis plusieurs d\u00e9cennies, l&rsquo;association Renaissance des cit\u00e9s d&rsquo;Europe d\u00e9veloppe, depuis 2009, un cycle de conf\u00e9rences-d\u00e9bats autour du patrimoine et du d\u00e9veloppement durable. L&rsquo;association souhaite faire d\u00e9couvrir aux habitants et aux professionnels de Bordeaux des r\u00e9flexions et des partages d&rsquo;exp\u00e9riences, ouvrir le d\u00e9bat sur la question [&hellip;]<\/p>\n","protected":false},"author":1,"featured_media":0,"comment_status":"open","ping_status":"closed","sticky":false,"template":"","format":"standard","meta":{"_et_pb_use_builder":"","_et_pb_old_content":"","_et_gb_content_width":"","footnotes":""},"categories":[6340],"tags":[8325],"class_list":["post-75619","post","type-post","status-publish","format-standard","hentry","category-architecture-conception","tag-drac"],"yoast_head":"<!-- This site is optimized with the Yoast SEO plugin v27.4 - https:\/\/yoast.com\/product\/yoast-seo-wordpress\/ -->\n<title>La ville ancienne pour tous \u00e0 la DRAC Aquitaine<\/title>\n<meta name=\"robots\" content=\"index, follow, max-snippet:-1, max-image-preview:large, max-video-preview:-1\" \/>\n<link rel=\"canonical\" href=\"https:\/\/batijournal.com\/index.php\/la-ville-ancienne-pour-tous-a-la-drac-aquitaine\/75619\/\" \/>\n<meta property=\"og:locale\" content=\"fr_FR\" \/>\n<meta property=\"og:type\" content=\"article\" \/>\n<meta property=\"og:title\" content=\"La ville ancienne pour tous \u00e0 la DRAC Aquitaine\" \/>\n<meta property=\"og:description\" content=\"Dans le cadre de ses activit\u00e9s dans l&rsquo;int\u00e9r\u00eat du patrimoine depuis plusieurs d\u00e9cennies, l&rsquo;association Renaissance des cit\u00e9s d&rsquo;Europe d\u00e9veloppe, depuis 2009, un cycle de conf\u00e9rences-d\u00e9bats autour du patrimoine et du d\u00e9veloppement durable. L&rsquo;association souhaite faire d\u00e9couvrir aux habitants et aux professionnels de Bordeaux des r\u00e9flexions et des partages d&rsquo;exp\u00e9riences, ouvrir le d\u00e9bat sur la question [&hellip;]\" \/>\n<meta property=\"og:url\" content=\"https:\/\/batijournal.com\/index.php\/la-ville-ancienne-pour-tous-a-la-drac-aquitaine\/75619\/\" \/>\n<meta property=\"og:site_name\" content=\"Batijournal\" \/>\n<meta property=\"article:published_time\" content=\"2012-03-21T23:00:00+00:00\" \/>\n<meta property=\"article:modified_time\" content=\"2019-07-15T09:18:20+00:00\" \/>\n<meta name=\"author\" content=\"Bati-journal\" \/>\n<meta name=\"twitter:card\" content=\"summary_large_image\" \/>\n<meta name=\"twitter:creator\" content=\"@bati_journal\" \/>\n<meta name=\"twitter:site\" content=\"@bati_journal\" \/>\n<meta name=\"twitter:label1\" content=\"\u00c9crit par\" \/>\n\t<meta name=\"twitter:data1\" content=\"Bati-journal\" \/>\n\t<meta name=\"twitter:label2\" content=\"Dur\u00e9e de lecture estim\u00e9e\" \/>\n\t<meta name=\"twitter:data2\" content=\"1 minute\" \/>\n<script type=\"application\/ld+json\" class=\"yoast-schema-graph\">{\"@context\":\"https:\\\/\\\/schema.org\",\"@graph\":[{\"@type\":\"Article\",\"@id\":\"https:\\\/\\\/batijournal.com\\\/index.php\\\/la-ville-ancienne-pour-tous-a-la-drac-aquitaine\\\/75619\\\/#article\",\"isPartOf\":{\"@id\":\"https:\\\/\\\/batijournal.com\\\/index.php\\\/la-ville-ancienne-pour-tous-a-la-drac-aquitaine\\\/75619\\\/\"},\"author\":{\"name\":\"Bati-journal\",\"@id\":\"https:\\\/\\\/batijournal.com\\\/#\\\/schema\\\/person\\\/6a657e8967569e1b299972574848aa76\"},\"headline\":\"La ville ancienne pour tous \u00e0 la DRAC Aquitaine\",\"datePublished\":\"2012-03-21T23:00:00+00:00\",\"dateModified\":\"2019-07-15T09:18:20+00:00\",\"mainEntityOfPage\":{\"@id\":\"https:\\\/\\\/batijournal.com\\\/index.php\\\/la-ville-ancienne-pour-tous-a-la-drac-aquitaine\\\/75619\\\/\"},\"wordCount\":253,\"commentCount\":0,\"keywords\":[\"drac\"],\"articleSection\":[\"Architecture &amp; Conception\"],\"inLanguage\":\"fr-FR\",\"potentialAction\":[{\"@type\":\"CommentAction\",\"name\":\"Comment\",\"target\":[\"https:\\\/\\\/batijournal.com\\\/index.php\\\/la-ville-ancienne-pour-tous-a-la-drac-aquitaine\\\/75619\\\/#respond\"]}]},{\"@type\":\"WebPage\",\"@id\":\"https:\\\/\\\/batijournal.com\\\/index.php\\\/la-ville-ancienne-pour-tous-a-la-drac-aquitaine\\\/75619\\\/\",\"url\":\"https:\\\/\\\/batijournal.com\\\/index.php\\\/la-ville-ancienne-pour-tous-a-la-drac-aquitaine\\\/75619\\\/\",\"name\":\"La ville ancienne pour tous \u00e0 la DRAC Aquitaine\",\"isPartOf\":{\"@id\":\"https:\\\/\\\/batijournal.com\\\/#website\"},\"datePublished\":\"2012-03-21T23:00:00+00:00\",\"dateModified\":\"2019-07-15T09:18:20+00:00\",\"author\":{\"@id\":\"https:\\\/\\\/batijournal.com\\\/#\\\/schema\\\/person\\\/6a657e8967569e1b299972574848aa76\"},\"breadcrumb\":{\"@id\":\"https:\\\/\\\/batijournal.com\\\/index.php\\\/la-ville-ancienne-pour-tous-a-la-drac-aquitaine\\\/75619\\\/#breadcrumb\"},\"inLanguage\":\"fr-FR\",\"potentialAction\":[{\"@type\":\"ReadAction\",\"target\":[\"https:\\\/\\\/batijournal.com\\\/index.php\\\/la-ville-ancienne-pour-tous-a-la-drac-aquitaine\\\/75619\\\/\"]}]},{\"@type\":\"BreadcrumbList\",\"@id\":\"https:\\\/\\\/batijournal.com\\\/index.php\\\/la-ville-ancienne-pour-tous-a-la-drac-aquitaine\\\/75619\\\/#breadcrumb\",\"itemListElement\":[{\"@type\":\"ListItem\",\"position\":1,\"name\":\"Accueil\",\"item\":\"https:\\\/\\\/batijournal.com\\\/\"},{\"@type\":\"ListItem\",\"position\":2,\"name\":\"Actualit\u00e9s\",\"item\":\"https:\\\/\\\/batijournal.com\\\/index.php\\\/category\\\/actualites\\\/\"},{\"@type\":\"ListItem\",\"position\":3,\"name\":\"Architecture &amp; Conception\",\"item\":\"https:\\\/\\\/batijournal.com\\\/index.php\\\/category\\\/actualites\\\/architecture-conception\\\/\"},{\"@type\":\"ListItem\",\"position\":4,\"name\":\"La ville ancienne pour tous \u00e0 la DRAC Aquitaine\"}]},{\"@type\":\"WebSite\",\"@id\":\"https:\\\/\\\/batijournal.com\\\/#website\",\"url\":\"https:\\\/\\\/batijournal.com\\\/\",\"name\":\"Batijournal\",\"description\":\"L&#039;actualit\u00e9 du b\u00e2timent\",\"potentialAction\":[{\"@type\":\"SearchAction\",\"target\":{\"@type\":\"EntryPoint\",\"urlTemplate\":\"https:\\\/\\\/batijournal.com\\\/?s={search_term_string}\"},\"query-input\":{\"@type\":\"PropertyValueSpecification\",\"valueRequired\":true,\"valueName\":\"search_term_string\"}}],\"inLanguage\":\"fr-FR\"},{\"@type\":\"Person\",\"@id\":\"https:\\\/\\\/batijournal.com\\\/#\\\/schema\\\/person\\\/6a657e8967569e1b299972574848aa76\",\"name\":\"Bati-journal\",\"image\":{\"@type\":\"ImageObject\",\"inLanguage\":\"fr-FR\",\"@id\":\"https:\\\/\\\/secure.gravatar.com\\\/avatar\\\/a64364ea26392f9b4dd47e017ddaec74ff03aefc073b49e492e847201258f777?s=96&d=mm&r=g\",\"url\":\"https:\\\/\\\/secure.gravatar.com\\\/avatar\\\/a64364ea26392f9b4dd47e017ddaec74ff03aefc073b49e492e847201258f777?s=96&d=mm&r=g\",\"contentUrl\":\"https:\\\/\\\/secure.gravatar.com\\\/avatar\\\/a64364ea26392f9b4dd47e017ddaec74ff03aefc073b49e492e847201258f777?s=96&d=mm&r=g\",\"caption\":\"Bati-journal\"},\"url\":\"https:\\\/\\\/batijournal.com\\\/index.php\\\/author\\\/elodie\\\/\"}]}<\/script>\n<!-- \/ Yoast SEO plugin. -->","yoast_head_json":{"title":"La ville ancienne pour tous \u00e0 la DRAC Aquitaine","robots":{"index":"index","follow":"follow","max-snippet":"max-snippet:-1","max-image-preview":"max-image-preview:large","max-video-preview":"max-video-preview:-1"},"canonical":"https:\/\/batijournal.com\/index.php\/la-ville-ancienne-pour-tous-a-la-drac-aquitaine\/75619\/","og_locale":"fr_FR","og_type":"article","og_title":"La ville ancienne pour tous \u00e0 la DRAC Aquitaine","og_description":"Dans le cadre de ses activit\u00e9s dans l&rsquo;int\u00e9r\u00eat du patrimoine depuis plusieurs d\u00e9cennies, l&rsquo;association Renaissance des cit\u00e9s d&rsquo;Europe d\u00e9veloppe, depuis 2009, un cycle de conf\u00e9rences-d\u00e9bats autour du patrimoine et du d\u00e9veloppement durable. L&rsquo;association souhaite faire d\u00e9couvrir aux habitants et aux professionnels de Bordeaux des r\u00e9flexions et des partages d&rsquo;exp\u00e9riences, ouvrir le d\u00e9bat sur la question [&hellip;]","og_url":"https:\/\/batijournal.com\/index.php\/la-ville-ancienne-pour-tous-a-la-drac-aquitaine\/75619\/","og_site_name":"Batijournal","article_published_time":"2012-03-21T23:00:00+00:00","article_modified_time":"2019-07-15T09:18:20+00:00","author":"Bati-journal","twitter_card":"summary_large_image","twitter_creator":"@bati_journal","twitter_site":"@bati_journal","twitter_misc":{"\u00c9crit par":"Bati-journal","Dur\u00e9e de lecture estim\u00e9e":"1 minute"},"schema":{"@context":"https:\/\/schema.org","@graph":[{"@type":"Article","@id":"https:\/\/batijournal.com\/index.php\/la-ville-ancienne-pour-tous-a-la-drac-aquitaine\/75619\/#article","isPartOf":{"@id":"https:\/\/batijournal.com\/index.php\/la-ville-ancienne-pour-tous-a-la-drac-aquitaine\/75619\/"},"author":{"name":"Bati-journal","@id":"https:\/\/batijournal.com\/#\/schema\/person\/6a657e8967569e1b299972574848aa76"},"headline":"La ville ancienne pour tous \u00e0 la DRAC Aquitaine","datePublished":"2012-03-21T23:00:00+00:00","dateModified":"2019-07-15T09:18:20+00:00","mainEntityOfPage":{"@id":"https:\/\/batijournal.com\/index.php\/la-ville-ancienne-pour-tous-a-la-drac-aquitaine\/75619\/"},"wordCount":253,"commentCount":0,"keywords":["drac"],"articleSection":["Architecture &amp; Conception"],"inLanguage":"fr-FR","potentialAction":[{"@type":"CommentAction","name":"Comment","target":["https:\/\/batijournal.com\/index.php\/la-ville-ancienne-pour-tous-a-la-drac-aquitaine\/75619\/#respond"]}]},{"@type":"WebPage","@id":"https:\/\/batijournal.com\/index.php\/la-ville-ancienne-pour-tous-a-la-drac-aquitaine\/75619\/","url":"https:\/\/batijournal.com\/index.php\/la-ville-ancienne-pour-tous-a-la-drac-aquitaine\/75619\/","name":"La ville ancienne pour tous \u00e0 la DRAC Aquitaine","isPartOf":{"@id":"https:\/\/batijournal.com\/#website"},"datePublished":"2012-03-21T23:00:00+00:00","dateModified":"2019-07-15T09:18:20+00:00","author":{"@id":"https:\/\/batijournal.com\/#\/schema\/person\/6a657e8967569e1b299972574848aa76"},"breadcrumb":{"@id":"https:\/\/batijournal.com\/index.php\/la-ville-ancienne-pour-tous-a-la-drac-aquitaine\/75619\/#breadcrumb"},"inLanguage":"fr-FR","potentialAction":[{"@type":"ReadAction","target":["https:\/\/batijournal.com\/index.php\/la-ville-ancienne-pour-tous-a-la-drac-aquitaine\/75619\/"]}]},{"@type":"BreadcrumbList","@id":"https:\/\/batijournal.com\/index.php\/la-ville-ancienne-pour-tous-a-la-drac-aquitaine\/75619\/#breadcrumb","itemListElement":[{"@type":"ListItem","position":1,"name":"Accueil","item":"https:\/\/batijournal.com\/"},{"@type":"ListItem","position":2,"name":"Actualit\u00e9s","item":"https:\/\/batijournal.com\/index.php\/category\/actualites\/"},{"@type":"ListItem","position":3,"name":"Architecture &amp; Conception","item":"https:\/\/batijournal.com\/index.php\/category\/actualites\/architecture-conception\/"},{"@type":"ListItem","position":4,"name":"La ville ancienne pour tous \u00e0 la DRAC Aquitaine"}]},{"@type":"WebSite","@id":"https:\/\/batijournal.com\/#website","url":"https:\/\/batijournal.com\/","name":"Batijournal","description":"L&#039;actualit\u00e9 du b\u00e2timent","potentialAction":[{"@type":"SearchAction","target":{"@type":"EntryPoint","urlTemplate":"https:\/\/batijournal.com\/?s={search_term_string}"},"query-input":{"@type":"PropertyValueSpecification","valueRequired":true,"valueName":"search_term_string"}}],"inLanguage":"fr-FR"},{"@type":"Person","@id":"https:\/\/batijournal.com\/#\/schema\/person\/6a657e8967569e1b299972574848aa76","name":"Bati-journal","image":{"@type":"ImageObject","inLanguage":"fr-FR","@id":"https:\/\/secure.gravatar.com\/avatar\/a64364ea26392f9b4dd47e017ddaec74ff03aefc073b49e492e847201258f777?s=96&d=mm&r=g","url":"https:\/\/secure.gravatar.com\/avatar\/a64364ea26392f9b4dd47e017ddaec74ff03aefc073b49e492e847201258f777?s=96&d=mm&r=g","contentUrl":"https:\/\/secure.gravatar.com\/avatar\/a64364ea26392f9b4dd47e017ddaec74ff03aefc073b49e492e847201258f777?s=96&d=mm&r=g","caption":"Bati-journal"},"url":"https:\/\/batijournal.com\/index.php\/author\/elodie\/"}]}},"_links":{"self":[{"href":"https:\/\/batijournal.com\/index.php\/wp-json\/wp\/v2\/posts\/75619","targetHints":{"allow":["GET"]}}],"collection":[{"href":"https:\/\/batijournal.com\/index.php\/wp-json\/wp\/v2\/posts"}],"about":[{"href":"https:\/\/batijournal.com\/index.php\/wp-json\/wp\/v2\/types\/post"}],"author":[{"embeddable":true,"href":"https:\/\/batijournal.com\/index.php\/wp-json\/wp\/v2\/users\/1"}],"replies":[{"embeddable":true,"href":"https:\/\/batijournal.com\/index.php\/wp-json\/wp\/v2\/comments?post=75619"}],"version-history":[{"count":0,"href":"https:\/\/batijournal.com\/index.php\/wp-json\/wp\/v2\/posts\/75619\/revisions"}],"wp:attachment":[{"href":"https:\/\/batijournal.com\/index.php\/wp-json\/wp\/v2\/media?parent=75619"}],"wp:term":[{"taxonomy":"category","embeddable":true,"href":"https:\/\/batijournal.com\/index.php\/wp-json\/wp\/v2\/categories?post=75619"},{"taxonomy":"post_tag","embeddable":true,"href":"https:\/\/batijournal.com\/index.php\/wp-json\/wp\/v2\/tags?post=75619"}],"curies":[{"name":"wp","href":"https:\/\/api.w.org\/{rel}","templated":true}]}}